{"id":36404,"date":"2023-11-17T13:27:15","date_gmt":"2023-11-17T13:27:15","guid":{"rendered":"https:\/\/permbledhja.com\/?p=36404"},"modified":"2023-11-17T13:27:15","modified_gmt":"2023-11-17T13:27:15","slug":"gervalla-refuzon-te-pergjigjet-per-draftin-e-publikuar-te-asociacionit-sjam-pergjegjese-per-industrine-e-thashethemeve","status":"publish","type":"post","link":"https:\/\/permbledhja.com\/sq\/gervalla-refuzon-te-pergjigjet-per-draftin-e-publikuar-te-asociacionit-sjam-pergjegjese-per-industrine-e-thashethemeve\/","title":{"rendered":"G\u00ebrvalla refuzon t\u00eb p\u00ebrgjigjet p\u00ebr draftin e publikuar t\u00eb Asociacionit: S\u2019jam p\u00ebrgjegj\u00ebse p\u00ebr industrin\u00eb e thashethemeve"},"content":{"rendered":"<h3>Ministrja e Pun\u00ebve t\u00eb Jashtme dhe Diaspor\u00ebs, Donika G\u00ebrvalla ka refuzuar t\u00eb deklarohet p\u00ebr draft statutin e Asociacionit, pik\u00eb kjo e \u201cnxeht\u00eb\u201d n\u00eb procesin e dialogut mes Kosov\u00ebs dhe Serbis\u00eb.<\/h3>\n<p>Gjat\u00eb mbajtjes s\u00eb Forumit Nd\u00ebrkomb\u00ebtar \u201cUlpiana\u201d, i organizuar nga MPJD, G\u00ebrvalla u pyet p\u00ebr k\u00ebt\u00eb \u00e7\u00ebshtje q\u00eb si\u00e7 duket e nervozoi, raporton Gazeta Sinjali.<\/p>\n<p>G\u00ebrvalla nuk pranoi t\u00eb deklarohej, duke e quajtur industri t\u00eb thashethemeve publikimin e disa drafteve q\u00eb thuhet se jan\u00eb t\u00eb Asociacionit.<\/p>\n<p>\u201cJu t\u00eb mediave e dini m\u00eb mir\u00eb se si i merrni e nga i merrni. Un\u00eb si minist\u00ebr e Pun\u00ebve t\u00eb Jashtme nuk kam publikuar asnj\u00eb draft. G\u00ebzohem n\u00ebse mediat g\u00ebzohen p\u00ebr k\u00ebt\u00eb pjes\u00eb shum\u00eb t\u00eb r\u00ebnd\u00ebsishme t\u00eb qytetar\u00ebve tan\u00eb q\u00eb munden t\u00eb kontribuojn\u00eb. (iu referohet forumit nd\u00ebrkomb\u00ebtar \u201cUlpiana\u201d). Kur dikush nuk thot\u00eb as po, as jo, nuk mundeni t\u00eb interpretoni n\u00eb nj\u00eb drejtim. Nuk \u00ebsht\u00eb fer dhe nuk \u00ebsht\u00eb serioze. Un\u00eb nuk kam publikuar asnj\u00eb draft dhe nuk jam p\u00ebrgjegj\u00ebse p\u00ebr industrin\u00eb e thashethemeve.\u201d- tha G\u00ebrvalla.<\/p>\n<p><iframe loading=\"lazy\" style=\"border: none; overflow: hidden;\" src=\"https:\/\/www.facebook.com\/plugins\/video.php?href=https%3A%2F%2Fwww.facebook.com%2Fsinjali.video%2Fvideos%2F1361423151447909%2F%3Fref%3Dembed_video&amp;show_text=0&amp;width=476\" width=\"476\" height=\"476\" frameborder=\"0\" scrolling=\"no\" allowfullscreen=\"allowfullscreen\"><\/iframe><\/p>\n","protected":false},"excerpt":{"rendered":"<p>Ministrja e Pun\u00ebve t\u00eb Jashtme dhe Diaspor\u00ebs, Donika G\u00ebrvalla ka refuzuar t\u00eb deklarohet p\u00ebr draft statutin e Asociacionit, pik\u00eb kjo e \u201cnxeht\u00eb\u201d n\u00eb procesin e dialogut mes Kosov\u00ebs dhe Serbis\u00eb. Gjat\u00eb mbajtjes s\u00eb Forumit Nd\u00ebrkomb\u00ebtar \u201cUlpiana\u201d, i organizuar nga MPJD, G\u00ebrvalla u pyet p\u00ebr k\u00ebt\u00eb \u00e7\u00ebshtje q\u00eb si\u00e7 duket e nervozoi, raporton Gazeta Sinjali. G\u00ebrvalla [&hellip;]<\/p>\n","protected":false},"author":2,"featured_media":36405,"comment_status":"closed","ping_status":"closed","sticky":false,"template":"","format":"standard","meta":{"_monsterinsights_skip_tracking":false,"_monsterinsights_sitenote_active":false,"_monsterinsights_sitenote_note":"","_monsterinsights_sitenote_category":0,"_uf_show_specific_survey":0,"_uf_disable_surveys":false,"footnotes":""},"categories":[2645],"tags":[259],"yoast_head":"<!-- This site is optimized with the Yoast SEO plugin v21.5 - https:\/\/yoast.com\/wordpress\/plugins\/seo\/ -->\n<title>G\u00ebrvalla refuzon t\u00eb p\u00ebrgjigjet p\u00ebr draftin e publikuar t\u00eb Asociacionit: S\u2019jam p\u00ebrgjegj\u00ebse p\u00ebr industrin\u00eb e thashethemeve<\/title>\n<meta name=\"robots\" content=\"index, follow, max-snippet:-1, max-image-preview:large, max-video-preview:-1\" \/>\n<link rel=\"canonical\" href=\"https:\/\/permbledhja.com\/sq\/gervalla-refuzon-te-pergjigjet-per-draftin-e-publikuar-te-asociacionit-sjam-pergjegjese-per-industrine-e-thashethemeve\/\" \/>\n<meta property=\"og:locale\" content=\"sq_AL\" \/>\n<meta property=\"og:type\" content=\"article\" \/>\n<meta property=\"og:title\" content=\"G\u00ebrvalla refuzon t\u00eb p\u00ebrgjigjet p\u00ebr draftin e publikuar t\u00eb Asociacionit: S\u2019jam p\u00ebrgjegj\u00ebse p\u00ebr industrin\u00eb e thashethemeve\" \/>\n<meta property=\"og:description\" content=\"Ministrja e Pun\u00ebve t\u00eb Jashtme dhe Diaspor\u00ebs, Donika G\u00ebrvalla ka refuzuar t\u00eb deklarohet p\u00ebr draft statutin e Asociacionit, pik\u00eb kjo e \u201cnxeht\u00eb\u201d n\u00eb procesin e dialogut mes Kosov\u00ebs dhe Serbis\u00eb. Gjat\u00eb mbajtjes s\u00eb Forumit Nd\u00ebrkomb\u00ebtar \u201cUlpiana\u201d, i organizuar nga MPJD, G\u00ebrvalla u pyet p\u00ebr k\u00ebt\u00eb \u00e7\u00ebshtje q\u00eb si\u00e7 duket e nervozoi, raporton Gazeta Sinjali. G\u00ebrvalla [&hellip;]\" \/>\n<meta property=\"og:url\" content=\"https:\/\/permbledhja.com\/sq\/gervalla-refuzon-te-pergjigjet-per-draftin-e-publikuar-te-asociacionit-sjam-pergjegjese-per-industrine-e-thashethemeve\/\" \/>\n<meta property=\"og:site_name\" content=\"Ve\u00e7 artikuj p\u00ebrmbledh\u00ebs\" \/>\n<meta property=\"article:publisher\" content=\"https:\/\/www.facebook.com\/press07\/\" \/>\n<meta property=\"article:published_time\" content=\"2023-11-17T13:27:15+00:00\" \/>\n<meta property=\"og:image\" content=\"https:\/\/permbledhja.com\/wp-content\/uploads\/2023\/11\/GERVALLA.png\" \/>\n\t<meta property=\"og:image:width\" content=\"783\" \/>\n\t<meta property=\"og:image:height\" content=\"522\" \/>\n\t<meta property=\"og:image:type\" content=\"image\/png\" \/>\n<meta name=\"author\" content=\"M M\" \/>\n<meta name=\"twitter:card\" content=\"summary_large_image\" \/>\n<meta name=\"twitter:label1\" content=\"Written by\" \/>\n\t<meta name=\"twitter:data1\" content=\"M M\" \/>\n\t<meta name=\"twitter:label2\" content=\"Est. reading time\" \/>\n\t<meta name=\"twitter:data2\" content=\"1 minut\u00eb\" \/>\n<script type=\"application\/ld+json\" class=\"yoast-schema-graph\">{\"@context\":\"https:\/\/schema.org\",\"@graph\":[{\"@type\":\"Article\",\"@id\":\"https:\/\/permbledhja.com\/gervalla-refuzon-te-pergjigjet-per-draftin-e-publikuar-te-asociacionit-sjam-pergjegjese-per-industrine-e-thashethemeve\/#article\",\"isPartOf\":{\"@id\":\"https:\/\/permbledhja.com\/gervalla-refuzon-te-pergjigjet-per-draftin-e-publikuar-te-asociacionit-sjam-pergjegjese-per-industrine-e-thashethemeve\/\"},\"author\":{\"name\":\"M M\",\"@id\":\"https:\/\/permbledhja.com\/#\/schema\/person\/d23f13f59b5722643933d6780783acf3\"},\"headline\":\"G\u00ebrvalla refuzon t\u00eb p\u00ebrgjigjet p\u00ebr draftin e publikuar t\u00eb Asociacionit: S\u2019jam p\u00ebrgjegj\u00ebse p\u00ebr industrin\u00eb e thashethemeve\",\"datePublished\":\"2023-11-17T13:27:15+00:00\",\"dateModified\":\"2023-11-17T13:27:15+00:00\",\"mainEntityOfPage\":{\"@id\":\"https:\/\/permbledhja.com\/gervalla-refuzon-te-pergjigjet-per-draftin-e-publikuar-te-asociacionit-sjam-pergjegjese-per-industrine-e-thashethemeve\/\"},\"wordCount\":213,\"publisher\":{\"@id\":\"https:\/\/permbledhja.com\/#organization\"},\"keywords\":[\"Donika G\u00ebrvalla\"],\"articleSection\":[\"T\u00eb r\u00ebnd\u00ebsishme\"],\"inLanguage\":\"sq\"},{\"@type\":\"WebPage\",\"@id\":\"https:\/\/permbledhja.com\/gervalla-refuzon-te-pergjigjet-per-draftin-e-publikuar-te-asociacionit-sjam-pergjegjese-per-industrine-e-thashethemeve\/\",\"url\":\"https:\/\/permbledhja.com\/gervalla-refuzon-te-pergjigjet-per-draftin-e-publikuar-te-asociacionit-sjam-pergjegjese-per-industrine-e-thashethemeve\/\",\"name\":\"G\u00ebrvalla refuzon t\u00eb p\u00ebrgjigjet p\u00ebr draftin e publikuar t\u00eb Asociacionit: S\u2019jam p\u00ebrgjegj\u00ebse p\u00ebr industrin\u00eb e thashethemeve\",\"isPartOf\":{\"@id\":\"https:\/\/permbledhja.com\/#website\"},\"datePublished\":\"2023-11-17T13:27:15+00:00\",\"dateModified\":\"2023-11-17T13:27:15+00:00\",\"breadcrumb\":{\"@id\":\"https:\/\/permbledhja.com\/gervalla-refuzon-te-pergjigjet-per-draftin-e-publikuar-te-asociacionit-sjam-pergjegjese-per-industrine-e-thashethemeve\/#breadcrumb\"},\"inLanguage\":\"sq\",\"potentialAction\":[{\"@type\":\"ReadAction\",\"target\":[\"https:\/\/permbledhja.com\/gervalla-refuzon-te-pergjigjet-per-draftin-e-publikuar-te-asociacionit-sjam-pergjegjese-per-industrine-e-thashethemeve\/\"]}]},{\"@type\":\"BreadcrumbList\",\"@id\":\"https:\/\/permbledhja.com\/gervalla-refuzon-te-pergjigjet-per-draftin-e-publikuar-te-asociacionit-sjam-pergjegjese-per-industrine-e-thashethemeve\/#breadcrumb\",\"itemListElement\":[{\"@type\":\"ListItem\",\"position\":1,\"name\":\"Ballina\",\"item\":\"https:\/\/permbledhja.com\/sq\/\"},{\"@type\":\"ListItem\",\"position\":2,\"name\":\"G\u00ebrvalla refuzon t\u00eb p\u00ebrgjigjet p\u00ebr draftin e publikuar t\u00eb Asociacionit: S\u2019jam p\u00ebrgjegj\u00ebse p\u00ebr industrin\u00eb e thashethemeve\"}]},{\"@type\":\"WebSite\",\"@id\":\"https:\/\/permbledhja.com\/#website\",\"url\":\"https:\/\/permbledhja.com\/\",\"name\":\"Ve\u00e7 artikuj p\u00ebrmbledh\u00ebs\",\"description\":\"\",\"publisher\":{\"@id\":\"https:\/\/permbledhja.com\/#organization\"},\"potentialAction\":[{\"@type\":\"SearchAction\",\"target\":{\"@type\":\"EntryPoint\",\"urlTemplate\":\"https:\/\/permbledhja.com\/?s={search_term_string}\"},\"query-input\":\"required name=search_term_string\"}],\"inLanguage\":\"sq\"},{\"@type\":\"Organization\",\"@id\":\"https:\/\/permbledhja.com\/#organization\",\"name\":\"MK Media & Pr\",\"url\":\"https:\/\/permbledhja.com\/\",\"logo\":{\"@type\":\"ImageObject\",\"inLanguage\":\"sq\",\"@id\":\"https:\/\/permbledhja.com\/#\/schema\/logo\/image\/\",\"url\":\"https:\/\/permbledhja.com\/wp-content\/uploads\/2021\/12\/07-Press-Logo.jpg\",\"contentUrl\":\"https:\/\/permbledhja.com\/wp-content\/uploads\/2021\/12\/07-Press-Logo.jpg\",\"width\":512,\"height\":512,\"caption\":\"MK Media & Pr\"},\"image\":{\"@id\":\"https:\/\/permbledhja.com\/#\/schema\/logo\/image\/\"},\"sameAs\":[\"https:\/\/www.facebook.com\/press07\/\"]},{\"@type\":\"Person\",\"@id\":\"https:\/\/permbledhja.com\/#\/schema\/person\/d23f13f59b5722643933d6780783acf3\",\"name\":\"M M\",\"image\":{\"@type\":\"ImageObject\",\"inLanguage\":\"sq\",\"@id\":\"https:\/\/permbledhja.com\/#\/schema\/person\/image\/\",\"url\":\"https:\/\/secure.gravatar.com\/avatar\/e2835a76ca7c31a2416b2d51c4ec9a8f?s=96&d=mm&r=g\",\"contentUrl\":\"https:\/\/secure.gravatar.com\/avatar\/e2835a76ca7c31a2416b2d51c4ec9a8f?s=96&d=mm&r=g\",\"caption\":\"M M\"},\"sameAs\":[\"http:\/\/MM\"],\"url\":\"https:\/\/permbledhja.com\/sq\/author\/muhamet\/\"}]}<\/script>\n<!-- \/ Yoast SEO plugin. -->","yoast_head_json":{"title":"G\u00ebrvalla refuzon t\u00eb p\u00ebrgjigjet p\u00ebr draftin e publikuar t\u00eb Asociacionit: S\u2019jam p\u00ebrgjegj\u00ebse p\u00ebr industrin\u00eb e thashethemeve","robots":{"index":"index","follow":"follow","max-snippet":"max-snippet:-1","max-image-preview":"max-image-preview:large","max-video-preview":"max-video-preview:-1"},"canonical":"https:\/\/permbledhja.com\/sq\/gervalla-refuzon-te-pergjigjet-per-draftin-e-publikuar-te-asociacionit-sjam-pergjegjese-per-industrine-e-thashethemeve\/","og_locale":"sq_AL","og_type":"article","og_title":"G\u00ebrvalla refuzon t\u00eb p\u00ebrgjigjet p\u00ebr draftin e publikuar t\u00eb Asociacionit: S\u2019jam p\u00ebrgjegj\u00ebse p\u00ebr industrin\u00eb e thashethemeve","og_description":"Ministrja e Pun\u00ebve t\u00eb Jashtme dhe Diaspor\u00ebs, Donika G\u00ebrvalla ka refuzuar t\u00eb deklarohet p\u00ebr draft statutin e Asociacionit, pik\u00eb kjo e \u201cnxeht\u00eb\u201d n\u00eb procesin e dialogut mes Kosov\u00ebs dhe Serbis\u00eb. Gjat\u00eb mbajtjes s\u00eb Forumit Nd\u00ebrkomb\u00ebtar \u201cUlpiana\u201d, i organizuar nga MPJD, G\u00ebrvalla u pyet p\u00ebr k\u00ebt\u00eb \u00e7\u00ebshtje q\u00eb si\u00e7 duket e nervozoi, raporton Gazeta Sinjali. G\u00ebrvalla [&hellip;]","og_url":"https:\/\/permbledhja.com\/sq\/gervalla-refuzon-te-pergjigjet-per-draftin-e-publikuar-te-asociacionit-sjam-pergjegjese-per-industrine-e-thashethemeve\/","og_site_name":"Ve\u00e7 artikuj p\u00ebrmbledh\u00ebs","article_publisher":"https:\/\/www.facebook.com\/press07\/","article_published_time":"2023-11-17T13:27:15+00:00","og_image":[{"width":783,"height":522,"url":"https:\/\/permbledhja.com\/wp-content\/uploads\/2023\/11\/GERVALLA.png","type":"image\/png"}],"author":"M M","twitter_card":"summary_large_image","twitter_misc":{"Written by":"M M","Est. reading time":"1 minut\u00eb"},"schema":{"@context":"https:\/\/schema.org","@graph":[{"@type":"Article","@id":"https:\/\/permbledhja.com\/gervalla-refuzon-te-pergjigjet-per-draftin-e-publikuar-te-asociacionit-sjam-pergjegjese-per-industrine-e-thashethemeve\/#article","isPartOf":{"@id":"https:\/\/permbledhja.com\/gervalla-refuzon-te-pergjigjet-per-draftin-e-publikuar-te-asociacionit-sjam-pergjegjese-per-industrine-e-thashethemeve\/"},"author":{"name":"M M","@id":"https:\/\/permbledhja.com\/#\/schema\/person\/d23f13f59b5722643933d6780783acf3"},"headline":"G\u00ebrvalla refuzon t\u00eb p\u00ebrgjigjet p\u00ebr draftin e publikuar t\u00eb Asociacionit: S\u2019jam p\u00ebrgjegj\u00ebse p\u00ebr industrin\u00eb e thashethemeve","datePublished":"2023-11-17T13:27:15+00:00","dateModified":"2023-11-17T13:27:15+00:00","mainEntityOfPage":{"@id":"https:\/\/permbledhja.com\/gervalla-refuzon-te-pergjigjet-per-draftin-e-publikuar-te-asociacionit-sjam-pergjegjese-per-industrine-e-thashethemeve\/"},"wordCount":213,"publisher":{"@id":"https:\/\/permbledhja.com\/#organization"},"keywords":["Donika G\u00ebrvalla"],"articleSection":["T\u00eb r\u00ebnd\u00ebsishme"],"inLanguage":"sq"},{"@type":"WebPage","@id":"https:\/\/permbledhja.com\/gervalla-refuzon-te-pergjigjet-per-draftin-e-publikuar-te-asociacionit-sjam-pergjegjese-per-industrine-e-thashethemeve\/","url":"https:\/\/permbledhja.com\/gervalla-refuzon-te-pergjigjet-per-draftin-e-publikuar-te-asociacionit-sjam-pergjegjese-per-industrine-e-thashethemeve\/","name":"G\u00ebrvalla refuzon t\u00eb p\u00ebrgjigjet p\u00ebr draftin e publikuar t\u00eb Asociacionit: S\u2019jam p\u00ebrgjegj\u00ebse p\u00ebr industrin\u00eb e thashethemeve","isPartOf":{"@id":"https:\/\/permbledhja.com\/#website"},"datePublished":"2023-11-17T13:27:15+00:00","dateModified":"2023-11-17T13:27:15+00:00","breadcrumb":{"@id":"https:\/\/permbledhja.com\/gervalla-refuzon-te-pergjigjet-per-draftin-e-publikuar-te-asociacionit-sjam-pergjegjese-per-industrine-e-thashethemeve\/#breadcrumb"},"inLanguage":"sq","potentialAction":[{"@type":"ReadAction","target":["https:\/\/permbledhja.com\/gervalla-refuzon-te-pergjigjet-per-draftin-e-publikuar-te-asociacionit-sjam-pergjegjese-per-industrine-e-thashethemeve\/"]}]},{"@type":"BreadcrumbList","@id":"https:\/\/permbledhja.com\/gervalla-refuzon-te-pergjigjet-per-draftin-e-publikuar-te-asociacionit-sjam-pergjegjese-per-industrine-e-thashethemeve\/#breadcrumb","itemListElement":[{"@type":"ListItem","position":1,"name":"Ballina","item":"https:\/\/permbledhja.com\/sq\/"},{"@type":"ListItem","position":2,"name":"G\u00ebrvalla refuzon t\u00eb p\u00ebrgjigjet p\u00ebr draftin e publikuar t\u00eb Asociacionit: S\u2019jam p\u00ebrgjegj\u00ebse p\u00ebr industrin\u00eb e thashethemeve"}]},{"@type":"WebSite","@id":"https:\/\/permbledhja.com\/#website","url":"https:\/\/permbledhja.com\/","name":"Ve\u00e7 artikuj p\u00ebrmbledh\u00ebs","description":"","publisher":{"@id":"https:\/\/permbledhja.com\/#organization"},"potentialAction":[{"@type":"SearchAction","target":{"@type":"EntryPoint","urlTemplate":"https:\/\/permbledhja.com\/?s={search_term_string}"},"query-input":"required name=search_term_string"}],"inLanguage":"sq"},{"@type":"Organization","@id":"https:\/\/permbledhja.com\/#organization","name":"MK Media & Pr","url":"https:\/\/permbledhja.com\/","logo":{"@type":"ImageObject","inLanguage":"sq","@id":"https:\/\/permbledhja.com\/#\/schema\/logo\/image\/","url":"https:\/\/permbledhja.com\/wp-content\/uploads\/2021\/12\/07-Press-Logo.jpg","contentUrl":"https:\/\/permbledhja.com\/wp-content\/uploads\/2021\/12\/07-Press-Logo.jpg","width":512,"height":512,"caption":"MK Media & Pr"},"image":{"@id":"https:\/\/permbledhja.com\/#\/schema\/logo\/image\/"},"sameAs":["https:\/\/www.facebook.com\/press07\/"]},{"@type":"Person","@id":"https:\/\/permbledhja.com\/#\/schema\/person\/d23f13f59b5722643933d6780783acf3","name":"M M","image":{"@type":"ImageObject","inLanguage":"sq","@id":"https:\/\/permbledhja.com\/#\/schema\/person\/image\/","url":"https:\/\/secure.gravatar.com\/avatar\/e2835a76ca7c31a2416b2d51c4ec9a8f?s=96&d=mm&r=g","contentUrl":"https:\/\/secure.gravatar.com\/avatar\/e2835a76ca7c31a2416b2d51c4ec9a8f?s=96&d=mm&r=g","caption":"M M"},"sameAs":["http:\/\/MM"],"url":"https:\/\/permbledhja.com\/sq\/author\/muhamet\/"}]}},"_links":{"self":[{"href":"https:\/\/permbledhja.com\/sq\/wp-json\/wp\/v2\/posts\/36404"}],"collection":[{"href":"https:\/\/permbledhja.com\/sq\/wp-json\/wp\/v2\/posts"}],"about":[{"href":"https:\/\/permbledhja.com\/sq\/wp-json\/wp\/v2\/types\/post"}],"author":[{"embeddable":true,"href":"https:\/\/permbledhja.com\/sq\/wp-json\/wp\/v2\/users\/2"}],"replies":[{"embeddable":true,"href":"https:\/\/permbledhja.com\/sq\/wp-json\/wp\/v2\/comments?post=36404"}],"version-history":[{"count":1,"href":"https:\/\/permbledhja.com\/sq\/wp-json\/wp\/v2\/posts\/36404\/revisions"}],"predecessor-version":[{"id":36406,"href":"https:\/\/permbledhja.com\/sq\/wp-json\/wp\/v2\/posts\/36404\/revisions\/36406"}],"wp:featuredmedia":[{"embeddable":true,"href":"https:\/\/permbledhja.com\/sq\/wp-json\/wp\/v2\/media\/36405"}],"wp:attachment":[{"href":"https:\/\/permbledhja.com\/sq\/wp-json\/wp\/v2\/media?parent=36404"}],"wp:term":[{"taxonomy":"category","embeddable":true,"href":"https:\/\/permbledhja.com\/sq\/wp-json\/wp\/v2\/categories?post=36404"},{"taxonomy":"post_tag","embeddable":true,"href":"https:\/\/permbledhja.com\/sq\/wp-json\/wp\/v2\/tags?post=36404"}],"curies":[{"name":"wp","href":"https:\/\/api.w.org\/{rel}","templated":true}]}}