{"id":36361,"date":"2023-11-17T09:39:16","date_gmt":"2023-11-17T09:39:16","guid":{"rendered":"https:\/\/permbledhja.com\/?p=36361"},"modified":"2023-11-17T09:39:16","modified_gmt":"2023-11-17T09:39:16","slug":"kearns-paralajmerova-ne-qershor-per-ate-qe-mund-te-shohim-ne-kosove-por-mu-hodhen-poshte","status":"publish","type":"post","link":"https:\/\/permbledhja.com\/sq\/kearns-paralajmerova-ne-qershor-per-ate-qe-mund-te-shohim-ne-kosove-por-mu-hodhen-poshte\/","title":{"rendered":"Kearns: Paralajm\u00ebrova n\u00eb qershor p\u00ebr at\u00eb q\u00eb mund t\u00eb shohim n\u00eb Kosov\u00eb, por mu hodh\u00ebn posht\u00eb"},"content":{"rendered":"<h3>Deputetja britanike, Alicia Kearns, e cila \u00ebsht\u00eb e z\u00ebshme p\u00ebr \u00e7\u00ebshtjen e Kosov\u00ebs, ka folur p\u00ebr paralajm\u00ebrimin e presidentit t\u00eb Ukrain\u00ebs, Volodymyr Zelensky, se Rusia po tenton t\u00eb nis\u00eb nj\u00eb luft\u00eb n\u00eb Ballkan.<\/h3>\n<p>P\u00ebrmes nj\u00eb postimi n\u00eb platform\u00ebn X [-ish-Twitter], Kearns ka th\u00ebn\u00eb se k\u00ebto paralajm\u00ebrime i kishte b\u00ebr\u00eb ajo vet\u00eb muaj m\u00eb par\u00eb, kur tha se serb\u00ebt po i mbushin manastiret dhe kishat ortodokse n\u00eb Kosov\u00eb me arm\u00eb, t\u00eb cilat, sipas saj, po i bartin nga Serbia p\u00ebrmes autoambulancave.<\/p>\n<p>Ajo u shpreh se k\u00ebto paralajm\u00ebrime t\u00eb saj, ishin hedhur posht\u00eb.<\/p>\n<p>\u201cKam paralajm\u00ebruar vazhdimisht se na duhet t\u00eb gjejm\u00eb shtyll\u00ebn ton\u00eb kurrizore n\u00eb Ballkan dhe t\u00eb mos p\u00ebrs\u00ebrisim d\u00ebshtimet e parandalimit. Ballkani \u00ebsht\u00eb oborri jon\u00eb dhe kemi p\u00ebrgjegj\u00ebsi historike. Kam paralajm\u00ebruar n\u00eb qershor p\u00ebr at\u00eb q\u00eb mund t\u00eb shohim n\u00eb Kosov\u00eb, por mu hodh\u00ebn posht\u00eb. Mjerisht shqet\u00ebsimet e mia u realizuan\u201d, shkroi Kearns.<\/p>\n<p>Kujtojm\u00eb se Zelensky tha gjat\u00eb dit\u00ebs s\u00eb djeshme q\u00eb kan\u00eb informacione se Rusia ka nj\u00eb plan t\u00eb gjat\u00eb dhe shp\u00ebrq\u00ebndrimi i dyt\u00eb pas Lindjes s\u00eb Mesme do t\u00eb jet\u00eb Ballkani.<\/p>\n<p>\u201cKushtojini v\u00ebmendje Ballkanit. M\u00eb besoni, ne kemi informacione. Rusia ka nj\u00eb plan t\u00eb gjat\u00eb. Lindja e Mesme, shp\u00ebrqendrimi i dyt\u00eb do t\u00eb jet\u00eb Ballkani. N\u00eb fund t\u00eb fundit, n\u00ebse partner\u00ebt nuk b\u00ebjn\u00eb di\u00e7ka tani, at\u00ebher\u00eb do t\u00eb ket\u00eb nj\u00eb \u2018shp\u00ebrthim\u2019 atje p\u00ebrs\u00ebri, dhe s\u00ebrish \u2013 kjo nuk do t\u00eb jet\u00eb nj\u00eb histori e re. Marr\u00ebdh\u00ebniet e tyre kan\u00eb qen\u00eb n\u00eb kriz\u00eb p\u00ebr nj\u00eb koh\u00eb t\u00eb gjat\u00eb. Prandaj, Rusia do t\u00eb investoj\u00eb sot q\u00eb nj\u00eb vend ballkanik t\u00eb luftoj\u00eb nj\u00eb vend tjet\u00ebr\u201d, deklaroi presidenti ukrainas.<\/p>\n","protected":false},"excerpt":{"rendered":"<p>Deputetja britanike, Alicia Kearns, e cila \u00ebsht\u00eb e z\u00ebshme p\u00ebr \u00e7\u00ebshtjen e Kosov\u00ebs, ka folur p\u00ebr paralajm\u00ebrimin e presidentit t\u00eb Ukrain\u00ebs, Volodymyr Zelensky, se Rusia po tenton t\u00eb nis\u00eb nj\u00eb luft\u00eb n\u00eb Ballkan. P\u00ebrmes nj\u00eb postimi n\u00eb platform\u00ebn X [-ish-Twitter], Kearns ka th\u00ebn\u00eb se k\u00ebto paralajm\u00ebrime i kishte b\u00ebr\u00eb ajo vet\u00eb muaj m\u00eb par\u00eb, kur [&hellip;]<\/p>\n","protected":false},"author":2,"featured_media":36362,"comment_status":"closed","ping_status":"closed","sticky":false,"template":"","format":"standard","meta":{"_monsterinsights_skip_tracking":false,"_monsterinsights_sitenote_active":false,"_monsterinsights_sitenote_note":"","_monsterinsights_sitenote_category":0,"_uf_show_specific_survey":0,"_uf_disable_surveys":false,"footnotes":""},"categories":[2645],"tags":[2305],"yoast_head":"<!-- This site is optimized with the Yoast SEO plugin v21.5 - https:\/\/yoast.com\/wordpress\/plugins\/seo\/ -->\n<title>Kearns: Paralajm\u00ebrova n\u00eb qershor p\u00ebr at\u00eb q\u00eb mund t\u00eb shohim n\u00eb Kosov\u00eb, por mu hodh\u00ebn posht\u00eb<\/title>\n<meta name=\"robots\" content=\"index, follow, max-snippet:-1, max-image-preview:large, max-video-preview:-1\" \/>\n<link rel=\"canonical\" href=\"https:\/\/permbledhja.com\/sq\/kearns-paralajmerova-ne-qershor-per-ate-qe-mund-te-shohim-ne-kosove-por-mu-hodhen-poshte\/\" \/>\n<meta property=\"og:locale\" content=\"sq_AL\" \/>\n<meta property=\"og:type\" content=\"article\" \/>\n<meta property=\"og:title\" content=\"Kearns: Paralajm\u00ebrova n\u00eb qershor p\u00ebr at\u00eb q\u00eb mund t\u00eb shohim n\u00eb Kosov\u00eb, por mu hodh\u00ebn posht\u00eb\" \/>\n<meta property=\"og:description\" content=\"Deputetja britanike, Alicia Kearns, e cila \u00ebsht\u00eb e z\u00ebshme p\u00ebr \u00e7\u00ebshtjen e Kosov\u00ebs, ka folur p\u00ebr paralajm\u00ebrimin e presidentit t\u00eb Ukrain\u00ebs, Volodymyr Zelensky, se Rusia po tenton t\u00eb nis\u00eb nj\u00eb luft\u00eb n\u00eb Ballkan. P\u00ebrmes nj\u00eb postimi n\u00eb platform\u00ebn X [-ish-Twitter], Kearns ka th\u00ebn\u00eb se k\u00ebto paralajm\u00ebrime i kishte b\u00ebr\u00eb ajo vet\u00eb muaj m\u00eb par\u00eb, kur [&hellip;]\" \/>\n<meta property=\"og:url\" content=\"https:\/\/permbledhja.com\/sq\/kearns-paralajmerova-ne-qershor-per-ate-qe-mund-te-shohim-ne-kosove-por-mu-hodhen-poshte\/\" \/>\n<meta property=\"og:site_name\" content=\"Ve\u00e7 artikuj p\u00ebrmbledh\u00ebs\" \/>\n<meta property=\"article:publisher\" content=\"https:\/\/www.facebook.com\/press07\/\" \/>\n<meta property=\"article:published_time\" content=\"2023-11-17T09:39:16+00:00\" \/>\n<meta property=\"og:image\" content=\"https:\/\/permbledhja.com\/wp-content\/uploads\/2023\/11\/alicia-kearns-ustrajno-uz-bih-alicia-kearns_61d7e93e3520e-1130x635-1.jpg\" \/>\n\t<meta property=\"og:image:width\" content=\"1130\" \/>\n\t<meta property=\"og:image:height\" content=\"635\" \/>\n\t<meta property=\"og:image:type\" content=\"image\/jpeg\" \/>\n<meta name=\"author\" content=\"M M\" \/>\n<meta name=\"twitter:card\" content=\"summary_large_image\" \/>\n<meta name=\"twitter:label1\" content=\"Written by\" \/>\n\t<meta name=\"twitter:data1\" content=\"M M\" \/>\n\t<meta name=\"twitter:label2\" content=\"Est. reading time\" \/>\n\t<meta name=\"twitter:data2\" content=\"2 minuta\" \/>\n<script type=\"application\/ld+json\" class=\"yoast-schema-graph\">{\"@context\":\"https:\/\/schema.org\",\"@graph\":[{\"@type\":\"Article\",\"@id\":\"https:\/\/permbledhja.com\/kearns-paralajmerova-ne-qershor-per-ate-qe-mund-te-shohim-ne-kosove-por-mu-hodhen-poshte\/#article\",\"isPartOf\":{\"@id\":\"https:\/\/permbledhja.com\/kearns-paralajmerova-ne-qershor-per-ate-qe-mund-te-shohim-ne-kosove-por-mu-hodhen-poshte\/\"},\"author\":{\"name\":\"M M\",\"@id\":\"https:\/\/permbledhja.com\/#\/schema\/person\/d23f13f59b5722643933d6780783acf3\"},\"headline\":\"Kearns: Paralajm\u00ebrova n\u00eb qershor p\u00ebr at\u00eb q\u00eb mund t\u00eb shohim n\u00eb Kosov\u00eb, por mu hodh\u00ebn posht\u00eb\",\"datePublished\":\"2023-11-17T09:39:16+00:00\",\"dateModified\":\"2023-11-17T09:39:16+00:00\",\"mainEntityOfPage\":{\"@id\":\"https:\/\/permbledhja.com\/kearns-paralajmerova-ne-qershor-per-ate-qe-mund-te-shohim-ne-kosove-por-mu-hodhen-poshte\/\"},\"wordCount\":320,\"publisher\":{\"@id\":\"https:\/\/permbledhja.com\/#organization\"},\"keywords\":[\"Alicia Kearns\"],\"articleSection\":[\"T\u00eb r\u00ebnd\u00ebsishme\"],\"inLanguage\":\"sq\"},{\"@type\":\"WebPage\",\"@id\":\"https:\/\/permbledhja.com\/kearns-paralajmerova-ne-qershor-per-ate-qe-mund-te-shohim-ne-kosove-por-mu-hodhen-poshte\/\",\"url\":\"https:\/\/permbledhja.com\/kearns-paralajmerova-ne-qershor-per-ate-qe-mund-te-shohim-ne-kosove-por-mu-hodhen-poshte\/\",\"name\":\"Kearns: Paralajm\u00ebrova n\u00eb qershor p\u00ebr at\u00eb q\u00eb mund t\u00eb shohim n\u00eb Kosov\u00eb, por mu hodh\u00ebn posht\u00eb\",\"isPartOf\":{\"@id\":\"https:\/\/permbledhja.com\/#website\"},\"datePublished\":\"2023-11-17T09:39:16+00:00\",\"dateModified\":\"2023-11-17T09:39:16+00:00\",\"breadcrumb\":{\"@id\":\"https:\/\/permbledhja.com\/kearns-paralajmerova-ne-qershor-per-ate-qe-mund-te-shohim-ne-kosove-por-mu-hodhen-poshte\/#breadcrumb\"},\"inLanguage\":\"sq\",\"potentialAction\":[{\"@type\":\"ReadAction\",\"target\":[\"https:\/\/permbledhja.com\/kearns-paralajmerova-ne-qershor-per-ate-qe-mund-te-shohim-ne-kosove-por-mu-hodhen-poshte\/\"]}]},{\"@type\":\"BreadcrumbList\",\"@id\":\"https:\/\/permbledhja.com\/kearns-paralajmerova-ne-qershor-per-ate-qe-mund-te-shohim-ne-kosove-por-mu-hodhen-poshte\/#breadcrumb\",\"itemListElement\":[{\"@type\":\"ListItem\",\"position\":1,\"name\":\"Ballina\",\"item\":\"https:\/\/permbledhja.com\/sq\/\"},{\"@type\":\"ListItem\",\"position\":2,\"name\":\"Kearns: Paralajm\u00ebrova n\u00eb qershor p\u00ebr at\u00eb q\u00eb mund t\u00eb shohim n\u00eb Kosov\u00eb, por mu hodh\u00ebn posht\u00eb\"}]},{\"@type\":\"WebSite\",\"@id\":\"https:\/\/permbledhja.com\/#website\",\"url\":\"https:\/\/permbledhja.com\/\",\"name\":\"Ve\u00e7 artikuj p\u00ebrmbledh\u00ebs\",\"description\":\"\",\"publisher\":{\"@id\":\"https:\/\/permbledhja.com\/#organization\"},\"potentialAction\":[{\"@type\":\"SearchAction\",\"target\":{\"@type\":\"EntryPoint\",\"urlTemplate\":\"https:\/\/permbledhja.com\/?s={search_term_string}\"},\"query-input\":\"required name=search_term_string\"}],\"inLanguage\":\"sq\"},{\"@type\":\"Organization\",\"@id\":\"https:\/\/permbledhja.com\/#organization\",\"name\":\"MK Media & Pr\",\"url\":\"https:\/\/permbledhja.com\/\",\"logo\":{\"@type\":\"ImageObject\",\"inLanguage\":\"sq\",\"@id\":\"https:\/\/permbledhja.com\/#\/schema\/logo\/image\/\",\"url\":\"https:\/\/permbledhja.com\/wp-content\/uploads\/2021\/12\/07-Press-Logo.jpg\",\"contentUrl\":\"https:\/\/permbledhja.com\/wp-content\/uploads\/2021\/12\/07-Press-Logo.jpg\",\"width\":512,\"height\":512,\"caption\":\"MK Media & Pr\"},\"image\":{\"@id\":\"https:\/\/permbledhja.com\/#\/schema\/logo\/image\/\"},\"sameAs\":[\"https:\/\/www.facebook.com\/press07\/\"]},{\"@type\":\"Person\",\"@id\":\"https:\/\/permbledhja.com\/#\/schema\/person\/d23f13f59b5722643933d6780783acf3\",\"name\":\"M M\",\"image\":{\"@type\":\"ImageObject\",\"inLanguage\":\"sq\",\"@id\":\"https:\/\/permbledhja.com\/#\/schema\/person\/image\/\",\"url\":\"https:\/\/secure.gravatar.com\/avatar\/e2835a76ca7c31a2416b2d51c4ec9a8f?s=96&d=mm&r=g\",\"contentUrl\":\"https:\/\/secure.gravatar.com\/avatar\/e2835a76ca7c31a2416b2d51c4ec9a8f?s=96&d=mm&r=g\",\"caption\":\"M M\"},\"sameAs\":[\"http:\/\/MM\"],\"url\":\"https:\/\/permbledhja.com\/sq\/author\/muhamet\/\"}]}<\/script>\n<!-- \/ Yoast SEO plugin. -->","yoast_head_json":{"title":"Kearns: Paralajm\u00ebrova n\u00eb qershor p\u00ebr at\u00eb q\u00eb mund t\u00eb shohim n\u00eb Kosov\u00eb, por mu hodh\u00ebn posht\u00eb","robots":{"index":"index","follow":"follow","max-snippet":"max-snippet:-1","max-image-preview":"max-image-preview:large","max-video-preview":"max-video-preview:-1"},"canonical":"https:\/\/permbledhja.com\/sq\/kearns-paralajmerova-ne-qershor-per-ate-qe-mund-te-shohim-ne-kosove-por-mu-hodhen-poshte\/","og_locale":"sq_AL","og_type":"article","og_title":"Kearns: Paralajm\u00ebrova n\u00eb qershor p\u00ebr at\u00eb q\u00eb mund t\u00eb shohim n\u00eb Kosov\u00eb, por mu hodh\u00ebn posht\u00eb","og_description":"Deputetja britanike, Alicia Kearns, e cila \u00ebsht\u00eb e z\u00ebshme p\u00ebr \u00e7\u00ebshtjen e Kosov\u00ebs, ka folur p\u00ebr paralajm\u00ebrimin e presidentit t\u00eb Ukrain\u00ebs, Volodymyr Zelensky, se Rusia po tenton t\u00eb nis\u00eb nj\u00eb luft\u00eb n\u00eb Ballkan. P\u00ebrmes nj\u00eb postimi n\u00eb platform\u00ebn X [-ish-Twitter], Kearns ka th\u00ebn\u00eb se k\u00ebto paralajm\u00ebrime i kishte b\u00ebr\u00eb ajo vet\u00eb muaj m\u00eb par\u00eb, kur [&hellip;]","og_url":"https:\/\/permbledhja.com\/sq\/kearns-paralajmerova-ne-qershor-per-ate-qe-mund-te-shohim-ne-kosove-por-mu-hodhen-poshte\/","og_site_name":"Ve\u00e7 artikuj p\u00ebrmbledh\u00ebs","article_publisher":"https:\/\/www.facebook.com\/press07\/","article_published_time":"2023-11-17T09:39:16+00:00","og_image":[{"width":1130,"height":635,"url":"https:\/\/permbledhja.com\/wp-content\/uploads\/2023\/11\/alicia-kearns-ustrajno-uz-bih-alicia-kearns_61d7e93e3520e-1130x635-1.jpg","type":"image\/jpeg"}],"author":"M M","twitter_card":"summary_large_image","twitter_misc":{"Written by":"M M","Est. reading time":"2 minuta"},"schema":{"@context":"https:\/\/schema.org","@graph":[{"@type":"Article","@id":"https:\/\/permbledhja.com\/kearns-paralajmerova-ne-qershor-per-ate-qe-mund-te-shohim-ne-kosove-por-mu-hodhen-poshte\/#article","isPartOf":{"@id":"https:\/\/permbledhja.com\/kearns-paralajmerova-ne-qershor-per-ate-qe-mund-te-shohim-ne-kosove-por-mu-hodhen-poshte\/"},"author":{"name":"M M","@id":"https:\/\/permbledhja.com\/#\/schema\/person\/d23f13f59b5722643933d6780783acf3"},"headline":"Kearns: Paralajm\u00ebrova n\u00eb qershor p\u00ebr at\u00eb q\u00eb mund t\u00eb shohim n\u00eb Kosov\u00eb, por mu hodh\u00ebn posht\u00eb","datePublished":"2023-11-17T09:39:16+00:00","dateModified":"2023-11-17T09:39:16+00:00","mainEntityOfPage":{"@id":"https:\/\/permbledhja.com\/kearns-paralajmerova-ne-qershor-per-ate-qe-mund-te-shohim-ne-kosove-por-mu-hodhen-poshte\/"},"wordCount":320,"publisher":{"@id":"https:\/\/permbledhja.com\/#organization"},"keywords":["Alicia Kearns"],"articleSection":["T\u00eb r\u00ebnd\u00ebsishme"],"inLanguage":"sq"},{"@type":"WebPage","@id":"https:\/\/permbledhja.com\/kearns-paralajmerova-ne-qershor-per-ate-qe-mund-te-shohim-ne-kosove-por-mu-hodhen-poshte\/","url":"https:\/\/permbledhja.com\/kearns-paralajmerova-ne-qershor-per-ate-qe-mund-te-shohim-ne-kosove-por-mu-hodhen-poshte\/","name":"Kearns: Paralajm\u00ebrova n\u00eb qershor p\u00ebr at\u00eb q\u00eb mund t\u00eb shohim n\u00eb Kosov\u00eb, por mu hodh\u00ebn posht\u00eb","isPartOf":{"@id":"https:\/\/permbledhja.com\/#website"},"datePublished":"2023-11-17T09:39:16+00:00","dateModified":"2023-11-17T09:39:16+00:00","breadcrumb":{"@id":"https:\/\/permbledhja.com\/kearns-paralajmerova-ne-qershor-per-ate-qe-mund-te-shohim-ne-kosove-por-mu-hodhen-poshte\/#breadcrumb"},"inLanguage":"sq","potentialAction":[{"@type":"ReadAction","target":["https:\/\/permbledhja.com\/kearns-paralajmerova-ne-qershor-per-ate-qe-mund-te-shohim-ne-kosove-por-mu-hodhen-poshte\/"]}]},{"@type":"BreadcrumbList","@id":"https:\/\/permbledhja.com\/kearns-paralajmerova-ne-qershor-per-ate-qe-mund-te-shohim-ne-kosove-por-mu-hodhen-poshte\/#breadcrumb","itemListElement":[{"@type":"ListItem","position":1,"name":"Ballina","item":"https:\/\/permbledhja.com\/sq\/"},{"@type":"ListItem","position":2,"name":"Kearns: Paralajm\u00ebrova n\u00eb qershor p\u00ebr at\u00eb q\u00eb mund t\u00eb shohim n\u00eb Kosov\u00eb, por mu hodh\u00ebn posht\u00eb"}]},{"@type":"WebSite","@id":"https:\/\/permbledhja.com\/#website","url":"https:\/\/permbledhja.com\/","name":"Ve\u00e7 artikuj p\u00ebrmbledh\u00ebs","description":"","publisher":{"@id":"https:\/\/permbledhja.com\/#organization"},"potentialAction":[{"@type":"SearchAction","target":{"@type":"EntryPoint","urlTemplate":"https:\/\/permbledhja.com\/?s={search_term_string}"},"query-input":"required name=search_term_string"}],"inLanguage":"sq"},{"@type":"Organization","@id":"https:\/\/permbledhja.com\/#organization","name":"MK Media & Pr","url":"https:\/\/permbledhja.com\/","logo":{"@type":"ImageObject","inLanguage":"sq","@id":"https:\/\/permbledhja.com\/#\/schema\/logo\/image\/","url":"https:\/\/permbledhja.com\/wp-content\/uploads\/2021\/12\/07-Press-Logo.jpg","contentUrl":"https:\/\/permbledhja.com\/wp-content\/uploads\/2021\/12\/07-Press-Logo.jpg","width":512,"height":512,"caption":"MK Media & Pr"},"image":{"@id":"https:\/\/permbledhja.com\/#\/schema\/logo\/image\/"},"sameAs":["https:\/\/www.facebook.com\/press07\/"]},{"@type":"Person","@id":"https:\/\/permbledhja.com\/#\/schema\/person\/d23f13f59b5722643933d6780783acf3","name":"M M","image":{"@type":"ImageObject","inLanguage":"sq","@id":"https:\/\/permbledhja.com\/#\/schema\/person\/image\/","url":"https:\/\/secure.gravatar.com\/avatar\/e2835a76ca7c31a2416b2d51c4ec9a8f?s=96&d=mm&r=g","contentUrl":"https:\/\/secure.gravatar.com\/avatar\/e2835a76ca7c31a2416b2d51c4ec9a8f?s=96&d=mm&r=g","caption":"M M"},"sameAs":["http:\/\/MM"],"url":"https:\/\/permbledhja.com\/sq\/author\/muhamet\/"}]}},"_links":{"self":[{"href":"https:\/\/permbledhja.com\/sq\/wp-json\/wp\/v2\/posts\/36361"}],"collection":[{"href":"https:\/\/permbledhja.com\/sq\/wp-json\/wp\/v2\/posts"}],"about":[{"href":"https:\/\/permbledhja.com\/sq\/wp-json\/wp\/v2\/types\/post"}],"author":[{"embeddable":true,"href":"https:\/\/permbledhja.com\/sq\/wp-json\/wp\/v2\/users\/2"}],"replies":[{"embeddable":true,"href":"https:\/\/permbledhja.com\/sq\/wp-json\/wp\/v2\/comments?post=36361"}],"version-history":[{"count":1,"href":"https:\/\/permbledhja.com\/sq\/wp-json\/wp\/v2\/posts\/36361\/revisions"}],"predecessor-version":[{"id":36363,"href":"https:\/\/permbledhja.com\/sq\/wp-json\/wp\/v2\/posts\/36361\/revisions\/36363"}],"wp:featuredmedia":[{"embeddable":true,"href":"https:\/\/permbledhja.com\/sq\/wp-json\/wp\/v2\/media\/36362"}],"wp:attachment":[{"href":"https:\/\/permbledhja.com\/sq\/wp-json\/wp\/v2\/media?parent=36361"}],"wp:term":[{"taxonomy":"category","embeddable":true,"href":"https:\/\/permbledhja.com\/sq\/wp-json\/wp\/v2\/categories?post=36361"},{"taxonomy":"post_tag","embeddable":true,"href":"https:\/\/permbledhja.com\/sq\/wp-json\/wp\/v2\/tags?post=36361"}],"curies":[{"name":"wp","href":"https:\/\/api.w.org\/{rel}","templated":true}]}}