{"id":36340,"date":"2023-11-17T08:22:45","date_gmt":"2023-11-17T08:22:45","guid":{"rendered":"https:\/\/permbledhja.com\/?p=36340"},"modified":"2023-11-17T08:22:45","modified_gmt":"2023-11-17T08:22:45","slug":"haziri-humbem-rastin-ideal-nuk-u-pranua-raporti-hetimor-i-kosoves-per-sulmin-ne-banjske","status":"publish","type":"post","link":"https:\/\/permbledhja.com\/sq\/haziri-humbem-rastin-ideal-nuk-u-pranua-raporti-hetimor-i-kosoves-per-sulmin-ne-banjske\/","title":{"rendered":"Haziri: Humb\u00ebm rastin ideal, nuk u pranua raporti hetimor i Kosov\u00ebs p\u00ebr sulmin n\u00eb Banjsk\u00eb"},"content":{"rendered":"<h3>N\u00ebnkryetari i LDK-s\u00eb, Lutfi Haziri, ka th\u00ebn\u00eb se raporti hetimor i Kosov\u00ebs p\u00ebr sulmin terrorist n\u00eb Banjks\u00eb t\u00eb Zve\u00e7anit, nuk \u00ebsht\u00eb marr\u00eb seriozisht nga Bashkimi Evropian.<\/h3>\n<p>Haziri, n\u00eb \u201cDebat Plus\u201d, tha se pjesa q\u00eb \u00ebsht\u00eb punuar nga ekspert\u00ebt ligjor\u00eb t\u00eb Policis\u00eb ka qen\u00eb profesionale, por pjesa tjet\u00ebr kur jan\u00eb futur pjes\u00eb politike, ka b\u00ebr\u00eb q\u00eb raporti t\u00eb mos pranohet.<\/p>\n<p>\u201cMe vet\u00eb faktin q\u00eb raporti jon\u00eb \u00ebsht\u00eb n\u00eb tavolin\u00eb, por nuk \u00ebsht\u00eb marr\u00eb seriozisht kur \u00ebsht\u00eb par\u00eb se cfar\u00eb p\u00ebrb\u00ebn. N\u00ebse e merr e lexon pjes\u00ebn Policis\u00eb, ekspertiza \u00ebsht\u00eb profesionale. Kur i kan\u00eb futur raportet politike\u2026\u201d, tha ai.<\/p>\n<p>Ai tha se ka qen\u00eb mund\u00ebsi e art\u00eb e Kosov\u00ebs n\u00ebse do t\u2019i lejonin njer\u00ebzit q\u00eb e kan\u00eb kryer operacionin n\u00eb Banjsk\u00eb, t\u2019i kryenin edhe hetimet dhe ta p\u00ebrpilonin nj\u00eb raport, i cili sipas tij, do t\u00eb pranohej nga nd\u00ebrkomb\u00ebtar\u00ebt.<\/p>\n<p>\u201cKemi pasur rast t\u00eb art\u00eb p\u00ebr t\u2019ia l\u00ebn\u00eb njer\u00ebzve q\u00eb e kan\u00eb b\u00ebr\u00eb aksionin, p\u00ebr t\u2019i kryer hetimet, ta mbyllin raportin me hetime, ishte pranuar si \u00ebsht\u00eb pranuar aksioni i suksessh\u00ebm. Shum\u00eb pak t\u00eb tjer\u00eb kan\u00eb pasur nevoj\u00eb t\u00eb punojn\u00eb raportin e hetimeve. Kjo ka qen\u00eb mund\u00ebsi me kapitalizu shum\u00eb mir\u00eb politikisht, na ka p\u00ebrmir\u00ebsuar imazhin n\u00eb negociata, kemi qen\u00eb p\u00ebr toke. Prap\u00eb deliri na kapi u ekzaltuam, harruam q\u00eb prej t\u00eb diel\u00ebs mundemi me 25 me th\u00ebn\u00eb me kapitalizu, me b\u00eb ofert\u00eb, kjo \u00ebsht\u00eb e jemja, merre ose l\u00ebr\u00eb, sepse Serbia \u00ebsht\u00eb kjo\u201d, ka th\u00ebn\u00eb ai.<\/p>\n<p>Haziri tha se nj\u00eb raport tjet\u00ebr hetimor \u00ebsht\u00eb punuar nga nd\u00ebrkomb\u00ebtar\u00ebt, sipas tij, m\u00eb shum\u00eb p\u00ebr nevoja t\u00eb veta se t\u00eb Kosov\u00ebs. \u201cRaportin e kan\u00eb punuar shtetet t\u00eb m\u00ebdha q\u00eb sigurin\u00eb e kan\u00eb edhe p\u00ebr nevoja t\u00eb veta. Komisioni teknik ka qen\u00eb k\u00ebtu p\u00ebr disa dit\u00eb, dy nivele teknike dhe p\u00ebr hetime. Prej incizimeve n\u00eb terren, kufiri, pozita gjeografike, kisha apo manastiri, policia jon\u00eb, m\u00ebnyr\u00eb si \u00ebsht\u00eb dh\u00ebn\u00eb komanda. NATO nuk mund t\u2019i ik\u00eb hetimit, tha ai.<\/p>\n","protected":false},"excerpt":{"rendered":"<p>N\u00ebnkryetari i LDK-s\u00eb, Lutfi Haziri, ka th\u00ebn\u00eb se raporti hetimor i Kosov\u00ebs p\u00ebr sulmin terrorist n\u00eb Banjks\u00eb t\u00eb Zve\u00e7anit, nuk \u00ebsht\u00eb marr\u00eb seriozisht nga Bashkimi Evropian. Haziri, n\u00eb \u201cDebat Plus\u201d, tha se pjesa q\u00eb \u00ebsht\u00eb punuar nga ekspert\u00ebt ligjor\u00eb t\u00eb Policis\u00eb ka qen\u00eb profesionale, por pjesa tjet\u00ebr kur jan\u00eb futur pjes\u00eb politike, ka b\u00ebr\u00eb q\u00eb [&hellip;]<\/p>\n","protected":false},"author":2,"featured_media":36341,"comment_status":"closed","ping_status":"closed","sticky":false,"template":"","format":"standard","meta":{"_monsterinsights_skip_tracking":false,"_monsterinsights_sitenote_active":false,"_monsterinsights_sitenote_note":"","_monsterinsights_sitenote_category":0,"_uf_show_specific_survey":0,"_uf_disable_surveys":false,"footnotes":""},"categories":[2645],"tags":[649],"yoast_head":"<!-- This site is optimized with the Yoast SEO plugin v21.5 - https:\/\/yoast.com\/wordpress\/plugins\/seo\/ -->\n<title>Haziri: Humb\u00ebm rastin ideal, nuk u pranua raporti hetimor i Kosov\u00ebs p\u00ebr sulmin n\u00eb Banjsk\u00eb<\/title>\n<meta name=\"robots\" content=\"index, follow, max-snippet:-1, max-image-preview:large, max-video-preview:-1\" \/>\n<link rel=\"canonical\" href=\"https:\/\/permbledhja.com\/sq\/haziri-humbem-rastin-ideal-nuk-u-pranua-raporti-hetimor-i-kosoves-per-sulmin-ne-banjske\/\" \/>\n<meta property=\"og:locale\" content=\"sq_AL\" \/>\n<meta property=\"og:type\" content=\"article\" \/>\n<meta property=\"og:title\" content=\"Haziri: Humb\u00ebm rastin ideal, nuk u pranua raporti hetimor i Kosov\u00ebs p\u00ebr sulmin n\u00eb Banjsk\u00eb\" \/>\n<meta property=\"og:description\" content=\"N\u00ebnkryetari i LDK-s\u00eb, Lutfi Haziri, ka th\u00ebn\u00eb se raporti hetimor i Kosov\u00ebs p\u00ebr sulmin terrorist n\u00eb Banjks\u00eb t\u00eb Zve\u00e7anit, nuk \u00ebsht\u00eb marr\u00eb seriozisht nga Bashkimi Evropian. Haziri, n\u00eb \u201cDebat Plus\u201d, tha se pjesa q\u00eb \u00ebsht\u00eb punuar nga ekspert\u00ebt ligjor\u00eb t\u00eb Policis\u00eb ka qen\u00eb profesionale, por pjesa tjet\u00ebr kur jan\u00eb futur pjes\u00eb politike, ka b\u00ebr\u00eb q\u00eb [&hellip;]\" \/>\n<meta property=\"og:url\" content=\"https:\/\/permbledhja.com\/sq\/haziri-humbem-rastin-ideal-nuk-u-pranua-raporti-hetimor-i-kosoves-per-sulmin-ne-banjske\/\" \/>\n<meta property=\"og:site_name\" content=\"Ve\u00e7 artikuj p\u00ebrmbledh\u00ebs\" \/>\n<meta property=\"article:publisher\" content=\"https:\/\/www.facebook.com\/press07\/\" \/>\n<meta property=\"article:published_time\" content=\"2023-11-17T08:22:45+00:00\" \/>\n<meta property=\"og:image\" content=\"https:\/\/permbledhja.com\/wp-content\/uploads\/2023\/11\/Lutfi-Haziri-600x360-1.jpg\" \/>\n\t<meta property=\"og:image:width\" content=\"600\" \/>\n\t<meta property=\"og:image:height\" content=\"360\" \/>\n\t<meta property=\"og:image:type\" content=\"image\/jpeg\" \/>\n<meta name=\"author\" content=\"M M\" \/>\n<meta name=\"twitter:card\" content=\"summary_large_image\" \/>\n<meta name=\"twitter:label1\" content=\"Written by\" \/>\n\t<meta name=\"twitter:data1\" content=\"M M\" \/>\n\t<meta name=\"twitter:label2\" content=\"Est. reading time\" \/>\n\t<meta name=\"twitter:data2\" content=\"2 minuta\" \/>\n<script type=\"application\/ld+json\" class=\"yoast-schema-graph\">{\"@context\":\"https:\/\/schema.org\",\"@graph\":[{\"@type\":\"Article\",\"@id\":\"https:\/\/permbledhja.com\/haziri-humbem-rastin-ideal-nuk-u-pranua-raporti-hetimor-i-kosoves-per-sulmin-ne-banjske\/#article\",\"isPartOf\":{\"@id\":\"https:\/\/permbledhja.com\/haziri-humbem-rastin-ideal-nuk-u-pranua-raporti-hetimor-i-kosoves-per-sulmin-ne-banjske\/\"},\"author\":{\"name\":\"M M\",\"@id\":\"https:\/\/permbledhja.com\/#\/schema\/person\/d23f13f59b5722643933d6780783acf3\"},\"headline\":\"Haziri: Humb\u00ebm rastin ideal, nuk u pranua raporti hetimor i Kosov\u00ebs p\u00ebr sulmin n\u00eb Banjsk\u00eb\",\"datePublished\":\"2023-11-17T08:22:45+00:00\",\"dateModified\":\"2023-11-17T08:22:45+00:00\",\"mainEntityOfPage\":{\"@id\":\"https:\/\/permbledhja.com\/haziri-humbem-rastin-ideal-nuk-u-pranua-raporti-hetimor-i-kosoves-per-sulmin-ne-banjske\/\"},\"wordCount\":380,\"publisher\":{\"@id\":\"https:\/\/permbledhja.com\/#organization\"},\"keywords\":[\"Lutfi Haziri\"],\"articleSection\":[\"T\u00eb r\u00ebnd\u00ebsishme\"],\"inLanguage\":\"sq\"},{\"@type\":\"WebPage\",\"@id\":\"https:\/\/permbledhja.com\/haziri-humbem-rastin-ideal-nuk-u-pranua-raporti-hetimor-i-kosoves-per-sulmin-ne-banjske\/\",\"url\":\"https:\/\/permbledhja.com\/haziri-humbem-rastin-ideal-nuk-u-pranua-raporti-hetimor-i-kosoves-per-sulmin-ne-banjske\/\",\"name\":\"Haziri: Humb\u00ebm rastin ideal, nuk u pranua raporti hetimor i Kosov\u00ebs p\u00ebr sulmin n\u00eb Banjsk\u00eb\",\"isPartOf\":{\"@id\":\"https:\/\/permbledhja.com\/#website\"},\"datePublished\":\"2023-11-17T08:22:45+00:00\",\"dateModified\":\"2023-11-17T08:22:45+00:00\",\"breadcrumb\":{\"@id\":\"https:\/\/permbledhja.com\/haziri-humbem-rastin-ideal-nuk-u-pranua-raporti-hetimor-i-kosoves-per-sulmin-ne-banjske\/#breadcrumb\"},\"inLanguage\":\"sq\",\"potentialAction\":[{\"@type\":\"ReadAction\",\"target\":[\"https:\/\/permbledhja.com\/haziri-humbem-rastin-ideal-nuk-u-pranua-raporti-hetimor-i-kosoves-per-sulmin-ne-banjske\/\"]}]},{\"@type\":\"BreadcrumbList\",\"@id\":\"https:\/\/permbledhja.com\/haziri-humbem-rastin-ideal-nuk-u-pranua-raporti-hetimor-i-kosoves-per-sulmin-ne-banjske\/#breadcrumb\",\"itemListElement\":[{\"@type\":\"ListItem\",\"position\":1,\"name\":\"Ballina\",\"item\":\"https:\/\/permbledhja.com\/sq\/\"},{\"@type\":\"ListItem\",\"position\":2,\"name\":\"Haziri: Humb\u00ebm rastin ideal, nuk u pranua raporti hetimor i Kosov\u00ebs p\u00ebr sulmin n\u00eb Banjsk\u00eb\"}]},{\"@type\":\"WebSite\",\"@id\":\"https:\/\/permbledhja.com\/#website\",\"url\":\"https:\/\/permbledhja.com\/\",\"name\":\"Ve\u00e7 artikuj p\u00ebrmbledh\u00ebs\",\"description\":\"\",\"publisher\":{\"@id\":\"https:\/\/permbledhja.com\/#organization\"},\"potentialAction\":[{\"@type\":\"SearchAction\",\"target\":{\"@type\":\"EntryPoint\",\"urlTemplate\":\"https:\/\/permbledhja.com\/?s={search_term_string}\"},\"query-input\":\"required name=search_term_string\"}],\"inLanguage\":\"sq\"},{\"@type\":\"Organization\",\"@id\":\"https:\/\/permbledhja.com\/#organization\",\"name\":\"MK Media & Pr\",\"url\":\"https:\/\/permbledhja.com\/\",\"logo\":{\"@type\":\"ImageObject\",\"inLanguage\":\"sq\",\"@id\":\"https:\/\/permbledhja.com\/#\/schema\/logo\/image\/\",\"url\":\"https:\/\/permbledhja.com\/wp-content\/uploads\/2021\/12\/07-Press-Logo.jpg\",\"contentUrl\":\"https:\/\/permbledhja.com\/wp-content\/uploads\/2021\/12\/07-Press-Logo.jpg\",\"width\":512,\"height\":512,\"caption\":\"MK Media & Pr\"},\"image\":{\"@id\":\"https:\/\/permbledhja.com\/#\/schema\/logo\/image\/\"},\"sameAs\":[\"https:\/\/www.facebook.com\/press07\/\"]},{\"@type\":\"Person\",\"@id\":\"https:\/\/permbledhja.com\/#\/schema\/person\/d23f13f59b5722643933d6780783acf3\",\"name\":\"M M\",\"image\":{\"@type\":\"ImageObject\",\"inLanguage\":\"sq\",\"@id\":\"https:\/\/permbledhja.com\/#\/schema\/person\/image\/\",\"url\":\"https:\/\/secure.gravatar.com\/avatar\/e2835a76ca7c31a2416b2d51c4ec9a8f?s=96&d=mm&r=g\",\"contentUrl\":\"https:\/\/secure.gravatar.com\/avatar\/e2835a76ca7c31a2416b2d51c4ec9a8f?s=96&d=mm&r=g\",\"caption\":\"M M\"},\"sameAs\":[\"http:\/\/MM\"],\"url\":\"https:\/\/permbledhja.com\/sq\/author\/muhamet\/\"}]}<\/script>\n<!-- \/ Yoast SEO plugin. -->","yoast_head_json":{"title":"Haziri: Humb\u00ebm rastin ideal, nuk u pranua raporti hetimor i Kosov\u00ebs p\u00ebr sulmin n\u00eb Banjsk\u00eb","robots":{"index":"index","follow":"follow","max-snippet":"max-snippet:-1","max-image-preview":"max-image-preview:large","max-video-preview":"max-video-preview:-1"},"canonical":"https:\/\/permbledhja.com\/sq\/haziri-humbem-rastin-ideal-nuk-u-pranua-raporti-hetimor-i-kosoves-per-sulmin-ne-banjske\/","og_locale":"sq_AL","og_type":"article","og_title":"Haziri: Humb\u00ebm rastin ideal, nuk u pranua raporti hetimor i Kosov\u00ebs p\u00ebr sulmin n\u00eb Banjsk\u00eb","og_description":"N\u00ebnkryetari i LDK-s\u00eb, Lutfi Haziri, ka th\u00ebn\u00eb se raporti hetimor i Kosov\u00ebs p\u00ebr sulmin terrorist n\u00eb Banjks\u00eb t\u00eb Zve\u00e7anit, nuk \u00ebsht\u00eb marr\u00eb seriozisht nga Bashkimi Evropian. Haziri, n\u00eb \u201cDebat Plus\u201d, tha se pjesa q\u00eb \u00ebsht\u00eb punuar nga ekspert\u00ebt ligjor\u00eb t\u00eb Policis\u00eb ka qen\u00eb profesionale, por pjesa tjet\u00ebr kur jan\u00eb futur pjes\u00eb politike, ka b\u00ebr\u00eb q\u00eb [&hellip;]","og_url":"https:\/\/permbledhja.com\/sq\/haziri-humbem-rastin-ideal-nuk-u-pranua-raporti-hetimor-i-kosoves-per-sulmin-ne-banjske\/","og_site_name":"Ve\u00e7 artikuj p\u00ebrmbledh\u00ebs","article_publisher":"https:\/\/www.facebook.com\/press07\/","article_published_time":"2023-11-17T08:22:45+00:00","og_image":[{"width":600,"height":360,"url":"https:\/\/permbledhja.com\/wp-content\/uploads\/2023\/11\/Lutfi-Haziri-600x360-1.jpg","type":"image\/jpeg"}],"author":"M M","twitter_card":"summary_large_image","twitter_misc":{"Written by":"M M","Est. reading time":"2 minuta"},"schema":{"@context":"https:\/\/schema.org","@graph":[{"@type":"Article","@id":"https:\/\/permbledhja.com\/haziri-humbem-rastin-ideal-nuk-u-pranua-raporti-hetimor-i-kosoves-per-sulmin-ne-banjske\/#article","isPartOf":{"@id":"https:\/\/permbledhja.com\/haziri-humbem-rastin-ideal-nuk-u-pranua-raporti-hetimor-i-kosoves-per-sulmin-ne-banjske\/"},"author":{"name":"M M","@id":"https:\/\/permbledhja.com\/#\/schema\/person\/d23f13f59b5722643933d6780783acf3"},"headline":"Haziri: Humb\u00ebm rastin ideal, nuk u pranua raporti hetimor i Kosov\u00ebs p\u00ebr sulmin n\u00eb Banjsk\u00eb","datePublished":"2023-11-17T08:22:45+00:00","dateModified":"2023-11-17T08:22:45+00:00","mainEntityOfPage":{"@id":"https:\/\/permbledhja.com\/haziri-humbem-rastin-ideal-nuk-u-pranua-raporti-hetimor-i-kosoves-per-sulmin-ne-banjske\/"},"wordCount":380,"publisher":{"@id":"https:\/\/permbledhja.com\/#organization"},"keywords":["Lutfi Haziri"],"articleSection":["T\u00eb r\u00ebnd\u00ebsishme"],"inLanguage":"sq"},{"@type":"WebPage","@id":"https:\/\/permbledhja.com\/haziri-humbem-rastin-ideal-nuk-u-pranua-raporti-hetimor-i-kosoves-per-sulmin-ne-banjske\/","url":"https:\/\/permbledhja.com\/haziri-humbem-rastin-ideal-nuk-u-pranua-raporti-hetimor-i-kosoves-per-sulmin-ne-banjske\/","name":"Haziri: Humb\u00ebm rastin ideal, nuk u pranua raporti hetimor i Kosov\u00ebs p\u00ebr sulmin n\u00eb Banjsk\u00eb","isPartOf":{"@id":"https:\/\/permbledhja.com\/#website"},"datePublished":"2023-11-17T08:22:45+00:00","dateModified":"2023-11-17T08:22:45+00:00","breadcrumb":{"@id":"https:\/\/permbledhja.com\/haziri-humbem-rastin-ideal-nuk-u-pranua-raporti-hetimor-i-kosoves-per-sulmin-ne-banjske\/#breadcrumb"},"inLanguage":"sq","potentialAction":[{"@type":"ReadAction","target":["https:\/\/permbledhja.com\/haziri-humbem-rastin-ideal-nuk-u-pranua-raporti-hetimor-i-kosoves-per-sulmin-ne-banjske\/"]}]},{"@type":"BreadcrumbList","@id":"https:\/\/permbledhja.com\/haziri-humbem-rastin-ideal-nuk-u-pranua-raporti-hetimor-i-kosoves-per-sulmin-ne-banjske\/#breadcrumb","itemListElement":[{"@type":"ListItem","position":1,"name":"Ballina","item":"https:\/\/permbledhja.com\/sq\/"},{"@type":"ListItem","position":2,"name":"Haziri: Humb\u00ebm rastin ideal, nuk u pranua raporti hetimor i Kosov\u00ebs p\u00ebr sulmin n\u00eb Banjsk\u00eb"}]},{"@type":"WebSite","@id":"https:\/\/permbledhja.com\/#website","url":"https:\/\/permbledhja.com\/","name":"Ve\u00e7 artikuj p\u00ebrmbledh\u00ebs","description":"","publisher":{"@id":"https:\/\/permbledhja.com\/#organization"},"potentialAction":[{"@type":"SearchAction","target":{"@type":"EntryPoint","urlTemplate":"https:\/\/permbledhja.com\/?s={search_term_string}"},"query-input":"required name=search_term_string"}],"inLanguage":"sq"},{"@type":"Organization","@id":"https:\/\/permbledhja.com\/#organization","name":"MK Media & Pr","url":"https:\/\/permbledhja.com\/","logo":{"@type":"ImageObject","inLanguage":"sq","@id":"https:\/\/permbledhja.com\/#\/schema\/logo\/image\/","url":"https:\/\/permbledhja.com\/wp-content\/uploads\/2021\/12\/07-Press-Logo.jpg","contentUrl":"https:\/\/permbledhja.com\/wp-content\/uploads\/2021\/12\/07-Press-Logo.jpg","width":512,"height":512,"caption":"MK Media & Pr"},"image":{"@id":"https:\/\/permbledhja.com\/#\/schema\/logo\/image\/"},"sameAs":["https:\/\/www.facebook.com\/press07\/"]},{"@type":"Person","@id":"https:\/\/permbledhja.com\/#\/schema\/person\/d23f13f59b5722643933d6780783acf3","name":"M M","image":{"@type":"ImageObject","inLanguage":"sq","@id":"https:\/\/permbledhja.com\/#\/schema\/person\/image\/","url":"https:\/\/secure.gravatar.com\/avatar\/e2835a76ca7c31a2416b2d51c4ec9a8f?s=96&d=mm&r=g","contentUrl":"https:\/\/secure.gravatar.com\/avatar\/e2835a76ca7c31a2416b2d51c4ec9a8f?s=96&d=mm&r=g","caption":"M M"},"sameAs":["http:\/\/MM"],"url":"https:\/\/permbledhja.com\/sq\/author\/muhamet\/"}]}},"_links":{"self":[{"href":"https:\/\/permbledhja.com\/sq\/wp-json\/wp\/v2\/posts\/36340"}],"collection":[{"href":"https:\/\/permbledhja.com\/sq\/wp-json\/wp\/v2\/posts"}],"about":[{"href":"https:\/\/permbledhja.com\/sq\/wp-json\/wp\/v2\/types\/post"}],"author":[{"embeddable":true,"href":"https:\/\/permbledhja.com\/sq\/wp-json\/wp\/v2\/users\/2"}],"replies":[{"embeddable":true,"href":"https:\/\/permbledhja.com\/sq\/wp-json\/wp\/v2\/comments?post=36340"}],"version-history":[{"count":1,"href":"https:\/\/permbledhja.com\/sq\/wp-json\/wp\/v2\/posts\/36340\/revisions"}],"predecessor-version":[{"id":36342,"href":"https:\/\/permbledhja.com\/sq\/wp-json\/wp\/v2\/posts\/36340\/revisions\/36342"}],"wp:featuredmedia":[{"embeddable":true,"href":"https:\/\/permbledhja.com\/sq\/wp-json\/wp\/v2\/media\/36341"}],"wp:attachment":[{"href":"https:\/\/permbledhja.com\/sq\/wp-json\/wp\/v2\/media?parent=36340"}],"wp:term":[{"taxonomy":"category","embeddable":true,"href":"https:\/\/permbledhja.com\/sq\/wp-json\/wp\/v2\/categories?post=36340"},{"taxonomy":"post_tag","embeddable":true,"href":"https:\/\/permbledhja.com\/sq\/wp-json\/wp\/v2\/tags?post=36340"}],"curies":[{"name":"wp","href":"https:\/\/api.w.org\/{rel}","templated":true}]}}