{"id":36211,"date":"2023-11-16T14:09:06","date_gmt":"2023-11-16T14:09:06","guid":{"rendered":"https:\/\/permbledhja.com\/?p=36211"},"modified":"2023-11-16T15:26:26","modified_gmt":"2023-11-16T15:26:26","slug":"u-vie-fundi-diskutimeve-ne-bruksel-ska-takim-tripalesh","status":"publish","type":"post","link":"https:\/\/permbledhja.com\/sq\/u-vie-fundi-diskutimeve-ne-bruksel-ska-takim-tripalesh\/","title":{"rendered":"U vie fundi diskutimeve n\u00eb Bruksel, s&#8217;ka takim tripal\u00ebsh"},"content":{"rendered":"<h3>Kryenegociator\u00ebt e Kosov\u00ebs dhe Serbis\u00eb kan\u00eb zhvilluar t\u00eb enjten takime n\u00eb Bruksel p\u00ebr t\u00eb diskutuar rreth zbatimit t\u00eb marr\u00ebveshjeve paraprake, t\u00eb arritura mes dy vendeve.<\/h3>\n<p>I d\u00ebrguari i Bashkimit Evropian p\u00ebr dialogun mes dy vendeve, Mirosllav Laj\u00e7ak, \u00ebsht\u00eb takuar fillimisht me kryenegociatorin e Serbis\u00eb, Petar Petkoviq, nj\u00ebher\u00ebsh shef i Zyr\u00ebs p\u00ebr Kosov\u00ebn n\u00eb Qeverin\u00eb e Serbis\u00eb, e m\u00eb pas me krynegociatorin e Kosov\u00ebs, Besnik Bislimin, z\u00ebvend\u00ebskryeministrin e vendit.<\/p>\n<p>Takim trepal\u00ebsh nuk ka pasur.<\/p>\n<p>BE-ja ka b\u00ebr\u00eb t\u00eb ditur se paralelisht jan\u00eb zhvilluar edhe takime ekspert\u00ebsh p\u00ebr t\u00eb pagjeturit dhe p\u00ebr \u00e7\u00ebshtje t\u00eb energjis\u00eb.<\/p>\n<p>Bislimi ka th\u00ebn\u00eb t\u00eb m\u00ebrkur\u00ebn se takimi i 16 n\u00ebntorit \u00ebsht\u00eb vazhdim\u00ebsi e takimit t\u00eb zhvilluar m\u00eb 26 tetor me lider\u00ebt e Gjermanis\u00eb, Franc\u00ebs, Italis\u00eb dhe bllokut evropian, raporton REL, transmeton Klankosova.tv.<\/p>\n<p>Petkoviq ka th\u00ebn\u00eb dit\u00eb m\u00eb par\u00eb se n\u00eb Bruksel do t\u00eb niset me nj\u00eb \u201cekip ekspert\u00ebsh\u201d.<\/p>\n<p>Sipas burimeve evropiane, n\u00eb agjend\u00eb t\u00eb takimeve ka qen\u00eb diskutimi p\u00ebr draft-statutin e Asociacionit t\u00eb komunave me shumic\u00eb serbe n\u00eb Kosov\u00eb, por edhe p\u00ebr hapat tjer\u00eb n\u00eb zbatimin e obligimeve q\u00eb dalin prej Marr\u00ebveshjes p\u00ebr normalizim t\u00eb marr\u00ebdh\u00ebnieve mes dy vendeve.<\/p>\n<p>Pal\u00ebt kan\u00eb arritur pajtueshm\u00ebri p\u00ebr k\u00ebt\u00eb marr\u00ebveshje n\u00eb shkurt n\u00eb Bruksel, nd\u00ebrsa p\u00ebr aneksin e zbatimit, n\u00eb mars n\u00eb Oh\u00ebr.<\/p>\n<p>&nbsp;<\/p>\n","protected":false},"excerpt":{"rendered":"<p>Kryenegociator\u00ebt e Kosov\u00ebs dhe Serbis\u00eb kan\u00eb zhvilluar t\u00eb enjten takime n\u00eb Bruksel p\u00ebr t\u00eb diskutuar rreth zbatimit t\u00eb marr\u00ebveshjeve paraprake, t\u00eb arritura mes dy vendeve. I d\u00ebrguari i Bashkimit Evropian p\u00ebr dialogun mes dy vendeve, Mirosllav Laj\u00e7ak, \u00ebsht\u00eb takuar fillimisht me kryenegociatorin e Serbis\u00eb, Petar Petkoviq, nj\u00ebher\u00ebsh shef i Zyr\u00ebs p\u00ebr Kosov\u00ebn n\u00eb Qeverin\u00eb e [&hellip;]<\/p>\n","protected":false},"author":2,"featured_media":36212,"comment_status":"closed","ping_status":"closed","sticky":false,"template":"","format":"standard","meta":{"_monsterinsights_skip_tracking":false,"_monsterinsights_sitenote_active":false,"_monsterinsights_sitenote_note":"","_monsterinsights_sitenote_category":0,"_uf_show_specific_survey":0,"_uf_disable_surveys":false,"footnotes":""},"categories":[2645],"tags":[],"yoast_head":"<!-- This site is optimized with the Yoast SEO plugin v21.5 - https:\/\/yoast.com\/wordpress\/plugins\/seo\/ -->\n<title>U vie fundi diskutimeve n\u00eb Bruksel, s&#039;ka takim tripal\u00ebsh<\/title>\n<meta name=\"robots\" content=\"index, follow, max-snippet:-1, max-image-preview:large, max-video-preview:-1\" \/>\n<link rel=\"canonical\" href=\"https:\/\/permbledhja.com\/sq\/u-vie-fundi-diskutimeve-ne-bruksel-ska-takim-tripalesh\/\" \/>\n<meta property=\"og:locale\" content=\"sq_AL\" \/>\n<meta property=\"og:type\" content=\"article\" \/>\n<meta property=\"og:title\" content=\"U vie fundi diskutimeve n\u00eb Bruksel, s&#039;ka takim tripal\u00ebsh\" \/>\n<meta property=\"og:description\" content=\"Kryenegociator\u00ebt e Kosov\u00ebs dhe Serbis\u00eb kan\u00eb zhvilluar t\u00eb enjten takime n\u00eb Bruksel p\u00ebr t\u00eb diskutuar rreth zbatimit t\u00eb marr\u00ebveshjeve paraprake, t\u00eb arritura mes dy vendeve. I d\u00ebrguari i Bashkimit Evropian p\u00ebr dialogun mes dy vendeve, Mirosllav Laj\u00e7ak, \u00ebsht\u00eb takuar fillimisht me kryenegociatorin e Serbis\u00eb, Petar Petkoviq, nj\u00ebher\u00ebsh shef i Zyr\u00ebs p\u00ebr Kosov\u00ebn n\u00eb Qeverin\u00eb e [&hellip;]\" \/>\n<meta property=\"og:url\" content=\"https:\/\/permbledhja.com\/sq\/u-vie-fundi-diskutimeve-ne-bruksel-ska-takim-tripalesh\/\" \/>\n<meta property=\"og:site_name\" content=\"Ve\u00e7 artikuj p\u00ebrmbledh\u00ebs\" \/>\n<meta property=\"article:publisher\" content=\"https:\/\/www.facebook.com\/press07\/\" \/>\n<meta property=\"article:published_time\" content=\"2023-11-16T14:09:06+00:00\" \/>\n<meta property=\"article:modified_time\" content=\"2023-11-16T15:26:26+00:00\" \/>\n<meta property=\"og:image\" content=\"https:\/\/permbledhja.com\/wp-content\/uploads\/2023\/11\/lajcak-bislimi-1068x564-1.jpg\" \/>\n\t<meta property=\"og:image:width\" content=\"1068\" \/>\n\t<meta property=\"og:image:height\" content=\"564\" \/>\n\t<meta property=\"og:image:type\" content=\"image\/jpeg\" \/>\n<meta name=\"author\" content=\"M M\" \/>\n<meta name=\"twitter:card\" content=\"summary_large_image\" \/>\n<meta name=\"twitter:label1\" content=\"Written by\" \/>\n\t<meta name=\"twitter:data1\" content=\"M M\" \/>\n\t<meta name=\"twitter:label2\" content=\"Est. reading time\" \/>\n\t<meta name=\"twitter:data2\" content=\"2 minuta\" \/>\n<script type=\"application\/ld+json\" class=\"yoast-schema-graph\">{\"@context\":\"https:\/\/schema.org\",\"@graph\":[{\"@type\":\"Article\",\"@id\":\"https:\/\/permbledhja.com\/u-vie-fundi-diskutimeve-ne-bruksel-ska-takim-tripalesh\/#article\",\"isPartOf\":{\"@id\":\"https:\/\/permbledhja.com\/u-vie-fundi-diskutimeve-ne-bruksel-ska-takim-tripalesh\/\"},\"author\":{\"name\":\"M M\",\"@id\":\"https:\/\/permbledhja.com\/#\/schema\/person\/d23f13f59b5722643933d6780783acf3\"},\"headline\":\"U vie fundi diskutimeve n\u00eb Bruksel, s&#8217;ka takim tripal\u00ebsh\",\"datePublished\":\"2023-11-16T14:09:06+00:00\",\"dateModified\":\"2023-11-16T15:26:26+00:00\",\"mainEntityOfPage\":{\"@id\":\"https:\/\/permbledhja.com\/u-vie-fundi-diskutimeve-ne-bruksel-ska-takim-tripalesh\/\"},\"wordCount\":255,\"publisher\":{\"@id\":\"https:\/\/permbledhja.com\/#organization\"},\"articleSection\":[\"T\u00eb r\u00ebnd\u00ebsishme\"],\"inLanguage\":\"sq\"},{\"@type\":\"WebPage\",\"@id\":\"https:\/\/permbledhja.com\/u-vie-fundi-diskutimeve-ne-bruksel-ska-takim-tripalesh\/\",\"url\":\"https:\/\/permbledhja.com\/u-vie-fundi-diskutimeve-ne-bruksel-ska-takim-tripalesh\/\",\"name\":\"U vie fundi diskutimeve n\u00eb Bruksel, s'ka takim tripal\u00ebsh\",\"isPartOf\":{\"@id\":\"https:\/\/permbledhja.com\/#website\"},\"datePublished\":\"2023-11-16T14:09:06+00:00\",\"dateModified\":\"2023-11-16T15:26:26+00:00\",\"breadcrumb\":{\"@id\":\"https:\/\/permbledhja.com\/u-vie-fundi-diskutimeve-ne-bruksel-ska-takim-tripalesh\/#breadcrumb\"},\"inLanguage\":\"sq\",\"potentialAction\":[{\"@type\":\"ReadAction\",\"target\":[\"https:\/\/permbledhja.com\/u-vie-fundi-diskutimeve-ne-bruksel-ska-takim-tripalesh\/\"]}]},{\"@type\":\"BreadcrumbList\",\"@id\":\"https:\/\/permbledhja.com\/u-vie-fundi-diskutimeve-ne-bruksel-ska-takim-tripalesh\/#breadcrumb\",\"itemListElement\":[{\"@type\":\"ListItem\",\"position\":1,\"name\":\"Ballina\",\"item\":\"https:\/\/permbledhja.com\/sq\/\"},{\"@type\":\"ListItem\",\"position\":2,\"name\":\"U vie fundi diskutimeve n\u00eb Bruksel, s&#8217;ka takim tripal\u00ebsh\"}]},{\"@type\":\"WebSite\",\"@id\":\"https:\/\/permbledhja.com\/#website\",\"url\":\"https:\/\/permbledhja.com\/\",\"name\":\"Ve\u00e7 artikuj p\u00ebrmbledh\u00ebs\",\"description\":\"\",\"publisher\":{\"@id\":\"https:\/\/permbledhja.com\/#organization\"},\"potentialAction\":[{\"@type\":\"SearchAction\",\"target\":{\"@type\":\"EntryPoint\",\"urlTemplate\":\"https:\/\/permbledhja.com\/?s={search_term_string}\"},\"query-input\":\"required name=search_term_string\"}],\"inLanguage\":\"sq\"},{\"@type\":\"Organization\",\"@id\":\"https:\/\/permbledhja.com\/#organization\",\"name\":\"MK Media & Pr\",\"url\":\"https:\/\/permbledhja.com\/\",\"logo\":{\"@type\":\"ImageObject\",\"inLanguage\":\"sq\",\"@id\":\"https:\/\/permbledhja.com\/#\/schema\/logo\/image\/\",\"url\":\"https:\/\/permbledhja.com\/wp-content\/uploads\/2021\/12\/07-Press-Logo.jpg\",\"contentUrl\":\"https:\/\/permbledhja.com\/wp-content\/uploads\/2021\/12\/07-Press-Logo.jpg\",\"width\":512,\"height\":512,\"caption\":\"MK Media & Pr\"},\"image\":{\"@id\":\"https:\/\/permbledhja.com\/#\/schema\/logo\/image\/\"},\"sameAs\":[\"https:\/\/www.facebook.com\/press07\/\"]},{\"@type\":\"Person\",\"@id\":\"https:\/\/permbledhja.com\/#\/schema\/person\/d23f13f59b5722643933d6780783acf3\",\"name\":\"M M\",\"image\":{\"@type\":\"ImageObject\",\"inLanguage\":\"sq\",\"@id\":\"https:\/\/permbledhja.com\/#\/schema\/person\/image\/\",\"url\":\"https:\/\/secure.gravatar.com\/avatar\/e2835a76ca7c31a2416b2d51c4ec9a8f?s=96&d=mm&r=g\",\"contentUrl\":\"https:\/\/secure.gravatar.com\/avatar\/e2835a76ca7c31a2416b2d51c4ec9a8f?s=96&d=mm&r=g\",\"caption\":\"M M\"},\"sameAs\":[\"http:\/\/MM\"],\"url\":\"https:\/\/permbledhja.com\/sq\/author\/muhamet\/\"}]}<\/script>\n<!-- \/ Yoast SEO plugin. -->","yoast_head_json":{"title":"U vie fundi diskutimeve n\u00eb Bruksel, s'ka takim tripal\u00ebsh","robots":{"index":"index","follow":"follow","max-snippet":"max-snippet:-1","max-image-preview":"max-image-preview:large","max-video-preview":"max-video-preview:-1"},"canonical":"https:\/\/permbledhja.com\/sq\/u-vie-fundi-diskutimeve-ne-bruksel-ska-takim-tripalesh\/","og_locale":"sq_AL","og_type":"article","og_title":"U vie fundi diskutimeve n\u00eb Bruksel, s'ka takim tripal\u00ebsh","og_description":"Kryenegociator\u00ebt e Kosov\u00ebs dhe Serbis\u00eb kan\u00eb zhvilluar t\u00eb enjten takime n\u00eb Bruksel p\u00ebr t\u00eb diskutuar rreth zbatimit t\u00eb marr\u00ebveshjeve paraprake, t\u00eb arritura mes dy vendeve. I d\u00ebrguari i Bashkimit Evropian p\u00ebr dialogun mes dy vendeve, Mirosllav Laj\u00e7ak, \u00ebsht\u00eb takuar fillimisht me kryenegociatorin e Serbis\u00eb, Petar Petkoviq, nj\u00ebher\u00ebsh shef i Zyr\u00ebs p\u00ebr Kosov\u00ebn n\u00eb Qeverin\u00eb e [&hellip;]","og_url":"https:\/\/permbledhja.com\/sq\/u-vie-fundi-diskutimeve-ne-bruksel-ska-takim-tripalesh\/","og_site_name":"Ve\u00e7 artikuj p\u00ebrmbledh\u00ebs","article_publisher":"https:\/\/www.facebook.com\/press07\/","article_published_time":"2023-11-16T14:09:06+00:00","article_modified_time":"2023-11-16T15:26:26+00:00","og_image":[{"width":1068,"height":564,"url":"https:\/\/permbledhja.com\/wp-content\/uploads\/2023\/11\/lajcak-bislimi-1068x564-1.jpg","type":"image\/jpeg"}],"author":"M M","twitter_card":"summary_large_image","twitter_misc":{"Written by":"M M","Est. reading time":"2 minuta"},"schema":{"@context":"https:\/\/schema.org","@graph":[{"@type":"Article","@id":"https:\/\/permbledhja.com\/u-vie-fundi-diskutimeve-ne-bruksel-ska-takim-tripalesh\/#article","isPartOf":{"@id":"https:\/\/permbledhja.com\/u-vie-fundi-diskutimeve-ne-bruksel-ska-takim-tripalesh\/"},"author":{"name":"M M","@id":"https:\/\/permbledhja.com\/#\/schema\/person\/d23f13f59b5722643933d6780783acf3"},"headline":"U vie fundi diskutimeve n\u00eb Bruksel, s&#8217;ka takim tripal\u00ebsh","datePublished":"2023-11-16T14:09:06+00:00","dateModified":"2023-11-16T15:26:26+00:00","mainEntityOfPage":{"@id":"https:\/\/permbledhja.com\/u-vie-fundi-diskutimeve-ne-bruksel-ska-takim-tripalesh\/"},"wordCount":255,"publisher":{"@id":"https:\/\/permbledhja.com\/#organization"},"articleSection":["T\u00eb r\u00ebnd\u00ebsishme"],"inLanguage":"sq"},{"@type":"WebPage","@id":"https:\/\/permbledhja.com\/u-vie-fundi-diskutimeve-ne-bruksel-ska-takim-tripalesh\/","url":"https:\/\/permbledhja.com\/u-vie-fundi-diskutimeve-ne-bruksel-ska-takim-tripalesh\/","name":"U vie fundi diskutimeve n\u00eb Bruksel, s'ka takim tripal\u00ebsh","isPartOf":{"@id":"https:\/\/permbledhja.com\/#website"},"datePublished":"2023-11-16T14:09:06+00:00","dateModified":"2023-11-16T15:26:26+00:00","breadcrumb":{"@id":"https:\/\/permbledhja.com\/u-vie-fundi-diskutimeve-ne-bruksel-ska-takim-tripalesh\/#breadcrumb"},"inLanguage":"sq","potentialAction":[{"@type":"ReadAction","target":["https:\/\/permbledhja.com\/u-vie-fundi-diskutimeve-ne-bruksel-ska-takim-tripalesh\/"]}]},{"@type":"BreadcrumbList","@id":"https:\/\/permbledhja.com\/u-vie-fundi-diskutimeve-ne-bruksel-ska-takim-tripalesh\/#breadcrumb","itemListElement":[{"@type":"ListItem","position":1,"name":"Ballina","item":"https:\/\/permbledhja.com\/sq\/"},{"@type":"ListItem","position":2,"name":"U vie fundi diskutimeve n\u00eb Bruksel, s&#8217;ka takim tripal\u00ebsh"}]},{"@type":"WebSite","@id":"https:\/\/permbledhja.com\/#website","url":"https:\/\/permbledhja.com\/","name":"Ve\u00e7 artikuj p\u00ebrmbledh\u00ebs","description":"","publisher":{"@id":"https:\/\/permbledhja.com\/#organization"},"potentialAction":[{"@type":"SearchAction","target":{"@type":"EntryPoint","urlTemplate":"https:\/\/permbledhja.com\/?s={search_term_string}"},"query-input":"required name=search_term_string"}],"inLanguage":"sq"},{"@type":"Organization","@id":"https:\/\/permbledhja.com\/#organization","name":"MK Media & Pr","url":"https:\/\/permbledhja.com\/","logo":{"@type":"ImageObject","inLanguage":"sq","@id":"https:\/\/permbledhja.com\/#\/schema\/logo\/image\/","url":"https:\/\/permbledhja.com\/wp-content\/uploads\/2021\/12\/07-Press-Logo.jpg","contentUrl":"https:\/\/permbledhja.com\/wp-content\/uploads\/2021\/12\/07-Press-Logo.jpg","width":512,"height":512,"caption":"MK Media & Pr"},"image":{"@id":"https:\/\/permbledhja.com\/#\/schema\/logo\/image\/"},"sameAs":["https:\/\/www.facebook.com\/press07\/"]},{"@type":"Person","@id":"https:\/\/permbledhja.com\/#\/schema\/person\/d23f13f59b5722643933d6780783acf3","name":"M M","image":{"@type":"ImageObject","inLanguage":"sq","@id":"https:\/\/permbledhja.com\/#\/schema\/person\/image\/","url":"https:\/\/secure.gravatar.com\/avatar\/e2835a76ca7c31a2416b2d51c4ec9a8f?s=96&d=mm&r=g","contentUrl":"https:\/\/secure.gravatar.com\/avatar\/e2835a76ca7c31a2416b2d51c4ec9a8f?s=96&d=mm&r=g","caption":"M M"},"sameAs":["http:\/\/MM"],"url":"https:\/\/permbledhja.com\/sq\/author\/muhamet\/"}]}},"_links":{"self":[{"href":"https:\/\/permbledhja.com\/sq\/wp-json\/wp\/v2\/posts\/36211"}],"collection":[{"href":"https:\/\/permbledhja.com\/sq\/wp-json\/wp\/v2\/posts"}],"about":[{"href":"https:\/\/permbledhja.com\/sq\/wp-json\/wp\/v2\/types\/post"}],"author":[{"embeddable":true,"href":"https:\/\/permbledhja.com\/sq\/wp-json\/wp\/v2\/users\/2"}],"replies":[{"embeddable":true,"href":"https:\/\/permbledhja.com\/sq\/wp-json\/wp\/v2\/comments?post=36211"}],"version-history":[{"count":1,"href":"https:\/\/permbledhja.com\/sq\/wp-json\/wp\/v2\/posts\/36211\/revisions"}],"predecessor-version":[{"id":36213,"href":"https:\/\/permbledhja.com\/sq\/wp-json\/wp\/v2\/posts\/36211\/revisions\/36213"}],"wp:featuredmedia":[{"embeddable":true,"href":"https:\/\/permbledhja.com\/sq\/wp-json\/wp\/v2\/media\/36212"}],"wp:attachment":[{"href":"https:\/\/permbledhja.com\/sq\/wp-json\/wp\/v2\/media?parent=36211"}],"wp:term":[{"taxonomy":"category","embeddable":true,"href":"https:\/\/permbledhja.com\/sq\/wp-json\/wp\/v2\/categories?post=36211"},{"taxonomy":"post_tag","embeddable":true,"href":"https:\/\/permbledhja.com\/sq\/wp-json\/wp\/v2\/tags?post=36211"}],"curies":[{"name":"wp","href":"https:\/\/api.w.org\/{rel}","templated":true}]}}