{"id":36207,"date":"2023-11-16T13:50:33","date_gmt":"2023-11-16T13:50:33","guid":{"rendered":"https:\/\/permbledhja.com\/?p=36207"},"modified":"2023-11-16T13:55:52","modified_gmt":"2023-11-16T13:55:52","slug":"collaku-draft-statuti-mund-te-cenoje-pavaresine-e-kosoves","status":"publish","type":"post","link":"https:\/\/permbledhja.com\/sq\/collaku-draft-statuti-mund-te-cenoje-pavaresine-e-kosoves\/","title":{"rendered":"\u00c7ollaku: Draft-statuti mund t\u00eb cenoj\u00eb pavar\u00ebsin\u00eb e Kosov\u00ebs"},"content":{"rendered":"<h3>Ish-ministri i Integrimit Europian t\u00eb Kosov\u00ebs , Bekim \u00c7ollaku, ishte i ftuar m\u00ebngjesin e k\u00ebsaj t\u00eb enjteje n\u00eb Euronews Albania, ku komentoi draft-statutin e publikuar p\u00ebr themelimin e Asocacionit t\u00eb Komunave me Shumic\u00eb Serbe.<\/h3>\n<p>\u00c7ollaku tha se p\u00ebr sa koh\u00eb qeveria e Kosov\u00ebs nuk e p\u00ebrg\u00ebnjeshtron q\u00eb ai \u00ebsht\u00eb drafti q\u00eb u \u00ebsht\u00eb paraqitur, l\u00eb t\u00eb kuptohet se kemi t\u00eb b\u00ebjm\u00eb me draftin real.<\/p>\n<p>Duke cituar ekspert\u00ebt e konstitucionalizmit n\u00eb Kosov\u00eb, \u00c7ollaku tha se drafti i propozuar minon shtetin e Kosov\u00ebs dhe krijon nj\u00eb pushtet t\u00eb tret\u00eb paralel n\u00eb Kosov\u00eb, me nj\u00eb Kushtetut\u00eb t\u00eb re.<\/p>\n<p>\u201cKoha do t\u00eb tregoj\u00eb se \u00e7far\u00eb do t\u00eb ndodh\u00eb n\u00eb rast se do t\u00eb themelohet Asocacioni i Komunave me Shumic\u00eb Serbe n\u00eb p\u00ebrputhje me draft-statutin e publikuar, autor\u00ebsin\u00eb e t\u00eb cilit ende nuk e ka konfirmuar qeveria e Republik\u00ebs s\u00eb Kosov\u00ebs. Mir\u00ebpo duke mos e mohuar nj\u00eb gj\u00eb t\u00eb till\u00eb ka l\u00ebn\u00eb t\u00eb kuptohet se ai draft-statut u \u00ebsht\u00eb dh\u00ebn\u00eb pal\u00ebs kosovare dhe asaj serbe nga Bashkimi Evropian dhe nga Shtete e Bashkuara t\u00eb Amerik\u00ebs. A do ta minoj\u00eb shtetin e Kosov\u00ebs? Kjo mbetet p\u00ebr t\u2019u par\u00eb. Mir\u00ebpo duke cituar ekspert\u00ebt m\u00eb t\u00eb mir\u00eb t\u00eb Kushtetut\u00ebs s\u00eb Republik\u00ebs s\u00eb Kosov\u00ebs dhe ata q\u00eb kan\u00eb udh\u00ebhequr Gjykat\u00ebn Kushtetuese, n\u00eb k\u00ebt\u00eb rast prof. dr Hasani, i cili ka qen\u00eb kryetar i k\u00ebsaj gjykate, p\u00ebrfundimi \u00ebsht\u00eb i tmerrsh\u00ebm. Ai mendon q\u00eb nj\u00eb draft-statut i till\u00eb q\u00eb \u00ebsht\u00eb prezantuar dhe po qarkullon n\u00eb publik do ta minoj\u00eb p\u00ebrfundimisht shtet\u00ebsin\u00eb e Kosov\u00ebs. Draft-statuti krijon nj\u00eb nivel t\u00eb tret\u00eb t\u00eb pushtetit n\u00eb Kosov\u00eb, m\u00eb sakt\u00eb thot\u00eb se do t\u00eb themeloj\u00eb nj\u00eb Kushtetut\u00eb t\u00eb vet\u00ebm pasi kushtetuta e Kosov\u00ebs nuk mund t\u00eb jap\u00eb mendime p\u00ebr at\u00eb draft-statut\u201d, tha \u00c7ollaku.<\/p>\n<p>&nbsp;<\/p>\n","protected":false},"excerpt":{"rendered":"<p>Ish-ministri i Integrimit Europian t\u00eb Kosov\u00ebs , Bekim \u00c7ollaku, ishte i ftuar m\u00ebngjesin e k\u00ebsaj t\u00eb enjteje n\u00eb Euronews Albania, ku komentoi draft-statutin e publikuar p\u00ebr themelimin e Asocacionit t\u00eb Komunave me Shumic\u00eb Serbe. \u00c7ollaku tha se p\u00ebr sa koh\u00eb qeveria e Kosov\u00ebs nuk e p\u00ebrg\u00ebnjeshtron q\u00eb ai \u00ebsht\u00eb drafti q\u00eb u \u00ebsht\u00eb paraqitur, l\u00eb [&hellip;]<\/p>\n","protected":false},"author":2,"featured_media":36208,"comment_status":"closed","ping_status":"closed","sticky":false,"template":"","format":"standard","meta":{"_monsterinsights_skip_tracking":false,"_monsterinsights_sitenote_active":false,"_monsterinsights_sitenote_note":"","_monsterinsights_sitenote_category":0,"_uf_show_specific_survey":0,"_uf_disable_surveys":false,"footnotes":""},"categories":[2645],"tags":[],"yoast_head":"<!-- This site is optimized with the Yoast SEO plugin v21.5 - https:\/\/yoast.com\/wordpress\/plugins\/seo\/ -->\n<title>\u00c7ollaku: Draft-statuti mund t\u00eb cenoj\u00eb pavar\u00ebsin\u00eb e Kosov\u00ebs<\/title>\n<meta name=\"robots\" content=\"index, follow, max-snippet:-1, max-image-preview:large, max-video-preview:-1\" \/>\n<link rel=\"canonical\" href=\"https:\/\/permbledhja.com\/sq\/collaku-draft-statuti-mund-te-cenoje-pavaresine-e-kosoves\/\" \/>\n<meta property=\"og:locale\" content=\"sq_AL\" \/>\n<meta property=\"og:type\" content=\"article\" \/>\n<meta property=\"og:title\" content=\"\u00c7ollaku: Draft-statuti mund t\u00eb cenoj\u00eb pavar\u00ebsin\u00eb e Kosov\u00ebs\" \/>\n<meta property=\"og:description\" content=\"Ish-ministri i Integrimit Europian t\u00eb Kosov\u00ebs , Bekim \u00c7ollaku, ishte i ftuar m\u00ebngjesin e k\u00ebsaj t\u00eb enjteje n\u00eb Euronews Albania, ku komentoi draft-statutin e publikuar p\u00ebr themelimin e Asocacionit t\u00eb Komunave me Shumic\u00eb Serbe. \u00c7ollaku tha se p\u00ebr sa koh\u00eb qeveria e Kosov\u00ebs nuk e p\u00ebrg\u00ebnjeshtron q\u00eb ai \u00ebsht\u00eb drafti q\u00eb u \u00ebsht\u00eb paraqitur, l\u00eb [&hellip;]\" \/>\n<meta property=\"og:url\" content=\"https:\/\/permbledhja.com\/sq\/collaku-draft-statuti-mund-te-cenoje-pavaresine-e-kosoves\/\" \/>\n<meta property=\"og:site_name\" content=\"Ve\u00e7 artikuj p\u00ebrmbledh\u00ebs\" \/>\n<meta property=\"article:publisher\" content=\"https:\/\/www.facebook.com\/press07\/\" \/>\n<meta property=\"article:published_time\" content=\"2023-11-16T13:50:33+00:00\" \/>\n<meta property=\"article:modified_time\" content=\"2023-11-16T13:55:52+00:00\" \/>\n<meta property=\"og:image\" content=\"https:\/\/permbledhja.com\/wp-content\/uploads\/2023\/11\/Bekim-Collaku.jpg\" \/>\n\t<meta property=\"og:image:width\" content=\"898\" \/>\n\t<meta property=\"og:image:height\" content=\"474\" \/>\n\t<meta property=\"og:image:type\" content=\"image\/jpeg\" \/>\n<meta name=\"author\" content=\"M M\" \/>\n<meta name=\"twitter:card\" content=\"summary_large_image\" \/>\n<meta name=\"twitter:label1\" content=\"Written by\" \/>\n\t<meta name=\"twitter:data1\" content=\"M M\" \/>\n\t<meta name=\"twitter:label2\" content=\"Est. reading time\" \/>\n\t<meta name=\"twitter:data2\" content=\"2 minuta\" \/>\n<script type=\"application\/ld+json\" class=\"yoast-schema-graph\">{\"@context\":\"https:\/\/schema.org\",\"@graph\":[{\"@type\":\"Article\",\"@id\":\"https:\/\/permbledhja.com\/collaku-draft-statuti-mund-te-cenoje-pavaresine-e-kosoves\/#article\",\"isPartOf\":{\"@id\":\"https:\/\/permbledhja.com\/collaku-draft-statuti-mund-te-cenoje-pavaresine-e-kosoves\/\"},\"author\":{\"name\":\"M M\",\"@id\":\"https:\/\/permbledhja.com\/#\/schema\/person\/d23f13f59b5722643933d6780783acf3\"},\"headline\":\"\u00c7ollaku: Draft-statuti mund t\u00eb cenoj\u00eb pavar\u00ebsin\u00eb e Kosov\u00ebs\",\"datePublished\":\"2023-11-16T13:50:33+00:00\",\"dateModified\":\"2023-11-16T13:55:52+00:00\",\"mainEntityOfPage\":{\"@id\":\"https:\/\/permbledhja.com\/collaku-draft-statuti-mund-te-cenoje-pavaresine-e-kosoves\/\"},\"wordCount\":327,\"publisher\":{\"@id\":\"https:\/\/permbledhja.com\/#organization\"},\"articleSection\":[\"T\u00eb r\u00ebnd\u00ebsishme\"],\"inLanguage\":\"sq\"},{\"@type\":\"WebPage\",\"@id\":\"https:\/\/permbledhja.com\/collaku-draft-statuti-mund-te-cenoje-pavaresine-e-kosoves\/\",\"url\":\"https:\/\/permbledhja.com\/collaku-draft-statuti-mund-te-cenoje-pavaresine-e-kosoves\/\",\"name\":\"\u00c7ollaku: Draft-statuti mund t\u00eb cenoj\u00eb pavar\u00ebsin\u00eb e Kosov\u00ebs\",\"isPartOf\":{\"@id\":\"https:\/\/permbledhja.com\/#website\"},\"datePublished\":\"2023-11-16T13:50:33+00:00\",\"dateModified\":\"2023-11-16T13:55:52+00:00\",\"breadcrumb\":{\"@id\":\"https:\/\/permbledhja.com\/collaku-draft-statuti-mund-te-cenoje-pavaresine-e-kosoves\/#breadcrumb\"},\"inLanguage\":\"sq\",\"potentialAction\":[{\"@type\":\"ReadAction\",\"target\":[\"https:\/\/permbledhja.com\/collaku-draft-statuti-mund-te-cenoje-pavaresine-e-kosoves\/\"]}]},{\"@type\":\"BreadcrumbList\",\"@id\":\"https:\/\/permbledhja.com\/collaku-draft-statuti-mund-te-cenoje-pavaresine-e-kosoves\/#breadcrumb\",\"itemListElement\":[{\"@type\":\"ListItem\",\"position\":1,\"name\":\"Ballina\",\"item\":\"https:\/\/permbledhja.com\/sq\/\"},{\"@type\":\"ListItem\",\"position\":2,\"name\":\"\u00c7ollaku: Draft-statuti mund t\u00eb cenoj\u00eb pavar\u00ebsin\u00eb e Kosov\u00ebs\"}]},{\"@type\":\"WebSite\",\"@id\":\"https:\/\/permbledhja.com\/#website\",\"url\":\"https:\/\/permbledhja.com\/\",\"name\":\"Ve\u00e7 artikuj p\u00ebrmbledh\u00ebs\",\"description\":\"\",\"publisher\":{\"@id\":\"https:\/\/permbledhja.com\/#organization\"},\"potentialAction\":[{\"@type\":\"SearchAction\",\"target\":{\"@type\":\"EntryPoint\",\"urlTemplate\":\"https:\/\/permbledhja.com\/?s={search_term_string}\"},\"query-input\":\"required name=search_term_string\"}],\"inLanguage\":\"sq\"},{\"@type\":\"Organization\",\"@id\":\"https:\/\/permbledhja.com\/#organization\",\"name\":\"MK Media & Pr\",\"url\":\"https:\/\/permbledhja.com\/\",\"logo\":{\"@type\":\"ImageObject\",\"inLanguage\":\"sq\",\"@id\":\"https:\/\/permbledhja.com\/#\/schema\/logo\/image\/\",\"url\":\"https:\/\/permbledhja.com\/wp-content\/uploads\/2021\/12\/07-Press-Logo.jpg\",\"contentUrl\":\"https:\/\/permbledhja.com\/wp-content\/uploads\/2021\/12\/07-Press-Logo.jpg\",\"width\":512,\"height\":512,\"caption\":\"MK Media & Pr\"},\"image\":{\"@id\":\"https:\/\/permbledhja.com\/#\/schema\/logo\/image\/\"},\"sameAs\":[\"https:\/\/www.facebook.com\/press07\/\"]},{\"@type\":\"Person\",\"@id\":\"https:\/\/permbledhja.com\/#\/schema\/person\/d23f13f59b5722643933d6780783acf3\",\"name\":\"M M\",\"image\":{\"@type\":\"ImageObject\",\"inLanguage\":\"sq\",\"@id\":\"https:\/\/permbledhja.com\/#\/schema\/person\/image\/\",\"url\":\"https:\/\/secure.gravatar.com\/avatar\/e2835a76ca7c31a2416b2d51c4ec9a8f?s=96&d=mm&r=g\",\"contentUrl\":\"https:\/\/secure.gravatar.com\/avatar\/e2835a76ca7c31a2416b2d51c4ec9a8f?s=96&d=mm&r=g\",\"caption\":\"M M\"},\"sameAs\":[\"http:\/\/MM\"],\"url\":\"https:\/\/permbledhja.com\/sq\/author\/muhamet\/\"}]}<\/script>\n<!-- \/ Yoast SEO plugin. -->","yoast_head_json":{"title":"\u00c7ollaku: Draft-statuti mund t\u00eb cenoj\u00eb pavar\u00ebsin\u00eb e Kosov\u00ebs","robots":{"index":"index","follow":"follow","max-snippet":"max-snippet:-1","max-image-preview":"max-image-preview:large","max-video-preview":"max-video-preview:-1"},"canonical":"https:\/\/permbledhja.com\/sq\/collaku-draft-statuti-mund-te-cenoje-pavaresine-e-kosoves\/","og_locale":"sq_AL","og_type":"article","og_title":"\u00c7ollaku: Draft-statuti mund t\u00eb cenoj\u00eb pavar\u00ebsin\u00eb e Kosov\u00ebs","og_description":"Ish-ministri i Integrimit Europian t\u00eb Kosov\u00ebs , Bekim \u00c7ollaku, ishte i ftuar m\u00ebngjesin e k\u00ebsaj t\u00eb enjteje n\u00eb Euronews Albania, ku komentoi draft-statutin e publikuar p\u00ebr themelimin e Asocacionit t\u00eb Komunave me Shumic\u00eb Serbe. \u00c7ollaku tha se p\u00ebr sa koh\u00eb qeveria e Kosov\u00ebs nuk e p\u00ebrg\u00ebnjeshtron q\u00eb ai \u00ebsht\u00eb drafti q\u00eb u \u00ebsht\u00eb paraqitur, l\u00eb [&hellip;]","og_url":"https:\/\/permbledhja.com\/sq\/collaku-draft-statuti-mund-te-cenoje-pavaresine-e-kosoves\/","og_site_name":"Ve\u00e7 artikuj p\u00ebrmbledh\u00ebs","article_publisher":"https:\/\/www.facebook.com\/press07\/","article_published_time":"2023-11-16T13:50:33+00:00","article_modified_time":"2023-11-16T13:55:52+00:00","og_image":[{"width":898,"height":474,"url":"https:\/\/permbledhja.com\/wp-content\/uploads\/2023\/11\/Bekim-Collaku.jpg","type":"image\/jpeg"}],"author":"M M","twitter_card":"summary_large_image","twitter_misc":{"Written by":"M M","Est. reading time":"2 minuta"},"schema":{"@context":"https:\/\/schema.org","@graph":[{"@type":"Article","@id":"https:\/\/permbledhja.com\/collaku-draft-statuti-mund-te-cenoje-pavaresine-e-kosoves\/#article","isPartOf":{"@id":"https:\/\/permbledhja.com\/collaku-draft-statuti-mund-te-cenoje-pavaresine-e-kosoves\/"},"author":{"name":"M M","@id":"https:\/\/permbledhja.com\/#\/schema\/person\/d23f13f59b5722643933d6780783acf3"},"headline":"\u00c7ollaku: Draft-statuti mund t\u00eb cenoj\u00eb pavar\u00ebsin\u00eb e Kosov\u00ebs","datePublished":"2023-11-16T13:50:33+00:00","dateModified":"2023-11-16T13:55:52+00:00","mainEntityOfPage":{"@id":"https:\/\/permbledhja.com\/collaku-draft-statuti-mund-te-cenoje-pavaresine-e-kosoves\/"},"wordCount":327,"publisher":{"@id":"https:\/\/permbledhja.com\/#organization"},"articleSection":["T\u00eb r\u00ebnd\u00ebsishme"],"inLanguage":"sq"},{"@type":"WebPage","@id":"https:\/\/permbledhja.com\/collaku-draft-statuti-mund-te-cenoje-pavaresine-e-kosoves\/","url":"https:\/\/permbledhja.com\/collaku-draft-statuti-mund-te-cenoje-pavaresine-e-kosoves\/","name":"\u00c7ollaku: Draft-statuti mund t\u00eb cenoj\u00eb pavar\u00ebsin\u00eb e Kosov\u00ebs","isPartOf":{"@id":"https:\/\/permbledhja.com\/#website"},"datePublished":"2023-11-16T13:50:33+00:00","dateModified":"2023-11-16T13:55:52+00:00","breadcrumb":{"@id":"https:\/\/permbledhja.com\/collaku-draft-statuti-mund-te-cenoje-pavaresine-e-kosoves\/#breadcrumb"},"inLanguage":"sq","potentialAction":[{"@type":"ReadAction","target":["https:\/\/permbledhja.com\/collaku-draft-statuti-mund-te-cenoje-pavaresine-e-kosoves\/"]}]},{"@type":"BreadcrumbList","@id":"https:\/\/permbledhja.com\/collaku-draft-statuti-mund-te-cenoje-pavaresine-e-kosoves\/#breadcrumb","itemListElement":[{"@type":"ListItem","position":1,"name":"Ballina","item":"https:\/\/permbledhja.com\/sq\/"},{"@type":"ListItem","position":2,"name":"\u00c7ollaku: Draft-statuti mund t\u00eb cenoj\u00eb pavar\u00ebsin\u00eb e Kosov\u00ebs"}]},{"@type":"WebSite","@id":"https:\/\/permbledhja.com\/#website","url":"https:\/\/permbledhja.com\/","name":"Ve\u00e7 artikuj p\u00ebrmbledh\u00ebs","description":"","publisher":{"@id":"https:\/\/permbledhja.com\/#organization"},"potentialAction":[{"@type":"SearchAction","target":{"@type":"EntryPoint","urlTemplate":"https:\/\/permbledhja.com\/?s={search_term_string}"},"query-input":"required name=search_term_string"}],"inLanguage":"sq"},{"@type":"Organization","@id":"https:\/\/permbledhja.com\/#organization","name":"MK Media & Pr","url":"https:\/\/permbledhja.com\/","logo":{"@type":"ImageObject","inLanguage":"sq","@id":"https:\/\/permbledhja.com\/#\/schema\/logo\/image\/","url":"https:\/\/permbledhja.com\/wp-content\/uploads\/2021\/12\/07-Press-Logo.jpg","contentUrl":"https:\/\/permbledhja.com\/wp-content\/uploads\/2021\/12\/07-Press-Logo.jpg","width":512,"height":512,"caption":"MK Media & Pr"},"image":{"@id":"https:\/\/permbledhja.com\/#\/schema\/logo\/image\/"},"sameAs":["https:\/\/www.facebook.com\/press07\/"]},{"@type":"Person","@id":"https:\/\/permbledhja.com\/#\/schema\/person\/d23f13f59b5722643933d6780783acf3","name":"M M","image":{"@type":"ImageObject","inLanguage":"sq","@id":"https:\/\/permbledhja.com\/#\/schema\/person\/image\/","url":"https:\/\/secure.gravatar.com\/avatar\/e2835a76ca7c31a2416b2d51c4ec9a8f?s=96&d=mm&r=g","contentUrl":"https:\/\/secure.gravatar.com\/avatar\/e2835a76ca7c31a2416b2d51c4ec9a8f?s=96&d=mm&r=g","caption":"M M"},"sameAs":["http:\/\/MM"],"url":"https:\/\/permbledhja.com\/sq\/author\/muhamet\/"}]}},"_links":{"self":[{"href":"https:\/\/permbledhja.com\/sq\/wp-json\/wp\/v2\/posts\/36207"}],"collection":[{"href":"https:\/\/permbledhja.com\/sq\/wp-json\/wp\/v2\/posts"}],"about":[{"href":"https:\/\/permbledhja.com\/sq\/wp-json\/wp\/v2\/types\/post"}],"author":[{"embeddable":true,"href":"https:\/\/permbledhja.com\/sq\/wp-json\/wp\/v2\/users\/2"}],"replies":[{"embeddable":true,"href":"https:\/\/permbledhja.com\/sq\/wp-json\/wp\/v2\/comments?post=36207"}],"version-history":[{"count":2,"href":"https:\/\/permbledhja.com\/sq\/wp-json\/wp\/v2\/posts\/36207\/revisions"}],"predecessor-version":[{"id":36210,"href":"https:\/\/permbledhja.com\/sq\/wp-json\/wp\/v2\/posts\/36207\/revisions\/36210"}],"wp:featuredmedia":[{"embeddable":true,"href":"https:\/\/permbledhja.com\/sq\/wp-json\/wp\/v2\/media\/36208"}],"wp:attachment":[{"href":"https:\/\/permbledhja.com\/sq\/wp-json\/wp\/v2\/media?parent=36207"}],"wp:term":[{"taxonomy":"category","embeddable":true,"href":"https:\/\/permbledhja.com\/sq\/wp-json\/wp\/v2\/categories?post=36207"},{"taxonomy":"post_tag","embeddable":true,"href":"https:\/\/permbledhja.com\/sq\/wp-json\/wp\/v2\/tags?post=36207"}],"curies":[{"name":"wp","href":"https:\/\/api.w.org\/{rel}","templated":true}]}}