{"id":36204,"date":"2023-11-16T13:42:31","date_gmt":"2023-11-16T13:42:31","guid":{"rendered":"https:\/\/permbledhja.com\/?p=36204"},"modified":"2023-11-16T13:42:31","modified_gmt":"2023-11-16T13:42:31","slug":"ministria-e-liburn-aliut-e-rehaton-me-pozite-te-re-baben-e-tendereve-i-sanksionuar-nga-shba-ja","status":"publish","type":"post","link":"https:\/\/permbledhja.com\/sq\/ministria-e-liburn-aliut-e-rehaton-me-pozite-te-re-baben-e-tendereve-i-sanksionuar-nga-shba-ja\/","title":{"rendered":"Ministria e Liburn Aliut e rehaton me pozit\u00eb t\u00eb re \u201cbab\u00ebn e tender\u00ebve\u201d, i sanksionuar nga ShBA-ja"},"content":{"rendered":"<h3>Nexhat Krasniqi, i njohur edhe si \u201cbaba i tender\u00ebve\u201d, i cili dy jav\u00eb m\u00eb par\u00eb u pezullua nga pozita e Drejtorit t\u00eb Divizionit t\u00eb Prokurimit, pas sanksionimit nga ShBA-ja \u201cp\u00ebr shkak t\u00eb p\u00ebrfshirjes n\u00eb korrupsion t\u00eb madh\u201d, tani ka \u201cgjetur rehati\u201d s\u00ebrish n\u00eb Ministrin\u00eb e drejtuar nga Liburn Aliu, shkruan Reporteri.net.<\/h3>\n<p>Sipas nj\u00eb vendimi t\u00eb publikuar nga gazetari Mentor Buzhala, thuhet se Nexhat Krasniqi \u00ebsht\u00eb em\u00ebruar p\u00ebrkoh\u00ebsisht Drejtor i Departamentit t\u00eb Infrastruktur\u00ebs Rrugore, n\u00eb Ministrin\u00eb e Mjedisit, Planifikimit Hap\u00ebsinor dhe Infrastruktur\u00ebs.<\/p>\n<p>Sipas dokumentit vendimi ka hyr\u00eb n\u00eb fuqi dit\u00ebn e djeshme (e m\u00ebrkur\u00eb, 15 n\u00ebntor).<\/p>\n<p><img loading=\"lazy\" decoding=\"async\" class=\"alignnone size-full wp-image-882230\" src=\"https:\/\/reporteri.net\/wp-content\/uploads\/2023\/11\/401351689_10227754091411310_6329037572132036858_n.jpg\" sizes=\"(max-width: 1040px) 100vw, 1040px\" srcset=\"https:\/\/reporteri.net\/wp-content\/uploads\/2023\/11\/401351689_10227754091411310_6329037572132036858_n.jpg 1040w, https:\/\/reporteri.net\/wp-content\/uploads\/2023\/11\/401351689_10227754091411310_6329037572132036858_n-229x300.jpg 229w, https:\/\/reporteri.net\/wp-content\/uploads\/2023\/11\/401351689_10227754091411310_6329037572132036858_n-782x1024.jpg 782w, https:\/\/reporteri.net\/wp-content\/uploads\/2023\/11\/401351689_10227754091411310_6329037572132036858_n-768x1006.jpg 768w\" alt=\"\" width=\"1040\" height=\"1362\" \/><\/p>\n<p><a href=\"https:\/\/reporteri.net\/lajme\/baba-i-tendereve-qe-i-mbijetoi-cdo-pushteti-ne-kosove-shba-e-futi-ne-liste-te-zeze\/?fbclid=IwAR2GNt5-PdmOJBStmJbQ2zm4BtHzK37NZe5sTI--mdmpo37Ladz-NNTk_5s\">T\u00eb premt\u00ebn e 3 n\u00ebntorit, Nexhat Krasniqi u sanksionua nga Departamenti Amerikan i Shtetit. DASh n\u00eb vendimin e saj e ka caktuar si \u201ct\u00eb pap\u00ebrshtatsh\u00ebm p\u00ebr hyrje n\u00eb Shtetet e Bashkuara, p\u00ebr shkak t\u00eb p\u00ebrfshirjes s\u00eb tij n\u00eb korrupsion t\u00eb madh\u201d.<\/a><\/p>\n<p>\u201cShtetet e Bashkuara e sanksionojn\u00eb Nexhat Krasniqin, ish-drejtorin e Prokurimit n\u00eb Ministrin\u00eb e Tregtis\u00eb dhe Industris\u00eb s\u00eb Kosov\u00ebs, si p\u00ebrgjith\u00ebsisht t\u00eb pap\u00ebrshtatsh\u00ebm p\u00ebr hyrje n\u00eb Shtetet e Bashkuara, p\u00ebr shkak t\u00eb p\u00ebrfshirjes s\u00eb tij n\u00eb korrupsion t\u00eb madh. Si zyrtar publik p\u00ebrgjegj\u00ebs p\u00ebr mbik\u00ebqyrjen e kontratave t\u00eb prokurimit, Krasniqi ka keqp\u00ebrdorur pozit\u00ebn e tij publike duke pranuar ryshfet n\u00eb k\u00ebmbim t\u00eb dh\u00ebnies s\u00eb kontrat\u00ebs p\u00ebr lejimin e nd\u00ebrtimit t\u00eb parkut industrial n\u00eb komun\u00ebn e Drenasit nga kompania operuese Eltoni\u201d, thuhej n\u00eb vendimin e DASh-it.<\/p>\n<p><strong>Por kush \u00ebsht\u00eb \u201cBaba i tender\u00ebve\u201d?<\/strong><\/p>\n<p>Nexhat Krasniqi i cili i mbijetoi \u00e7do pushteti n\u00eb Kosov\u00eb, vite m\u00eb par\u00eb ishte d\u00ebnuar p\u00ebr keqp\u00ebrdorim t\u00eb detyr\u00ebs brenda Ministris\u00eb, por m\u00eb von\u00eb me vendim t\u00eb K\u00ebshillit t\u00eb Pavarur Mbik\u00ebqyr\u00ebs p\u00ebr Sh\u00ebrbimin Civil (KPMSHCK), ishte kthyer n\u00eb detyr\u00eb.<\/p>\n<div class=\"des-adv\"><ins id=\"revive-0-0\" data-revive-zoneid=\"18\" data-revive-id=\"a018272a477b6c0e5217bb1672e1bdb9\" data-revive-seq=\"0\" data-revive-loaded=\"1\"><\/p>\n<div id=\"beacon_34b5ea18bf\"><img loading=\"lazy\" decoding=\"async\" src=\"https:\/\/reporteri.net\/reklamap\/www\/delivery\/lg.php?bannerid=89&amp;campaignid=4&amp;zoneid=18&amp;loc=https%3A%2F%2Freporteri.net%2Flajme%2Fministria-e-liburn-aliut-e-rehaton-me-pozite-te-re-baben-e-tendereve-i-sanksionuar-nga-shba-ja%2F%3Ffbclid%3DIwAR261PcHXyvONhkF6OXC-HCkGLCWdQaEUrZ19und25mACceVy-KHiDTCQR8&amp;referer=https%3A%2F%2Fl.facebook.com%2F&amp;cb=34b5ea18bf\" alt=\"\" width=\"0\" height=\"0\" \/><span style=\"background-color: #ffffff;\">Ai ishte i p\u00ebrfshir\u00eb edhe n\u00eb nj\u00eb rrahje n\u00eb MMPHI n\u00eb vitin 2022.<\/span><\/div>\n<p><\/ins><\/div>\n<p>Ndon\u00ebse, nga secila parti opozitare ishte p\u00ebrmendur si \u201cnjeri i korrupsionit\u201d, kur vinin n\u00eb pushtet secila e p\u00ebrdorte Krasniqin.<\/p>\n<p>Edhe partia n\u00eb pushtet, L\u00ebvizja Vet\u00ebvendosje, sa ishte n\u00eb opozit\u00eb e quante si \u201ckupola e krimit\u201d, por kur erdh\u00ebn n\u00eb pushtet, e \u201clustruan\u201d figur\u00ebn e tij dhe punojn\u00eb me t\u00eb.<\/p>\n<p>Ministrja aktuale e Drejt\u00ebsis\u00eb, Albulena Haxhiu, vite m\u00eb par\u00eb n\u00eb cil\u00ebsin\u00eb e deputetes s\u00eb L\u00ebvizjes Vet\u00ebvendosje, kishte shtruar n\u00eb Kuvend pyetje lidhur me rastin e Nexhat Krasniqit, i cili ndon\u00ebse i d\u00ebnuar me burgim efektiv, ka vazhduar pun\u00ebn e tij si drejtor i prokurimit publik n\u00eb Ministrin\u00eb e Infrastruktur\u00ebs.<\/p>\n<p>Ajo gjat\u00eb seanc\u00ebs n\u00eb Kuvendin e Kosov\u00ebs, kishte pyetur ministrin e at\u00ebhersh\u00ebm, Pal Lekaj, se pse ka lejuar rikthimin n\u00eb pozit\u00ebn e drejtorit t\u00eb prokurimit n\u00eb Ministrin\u00eb e Infrastruktur\u00ebs personin i cili \u00ebsht\u00eb d\u00ebnuar me vendim nga Gjykata Themelore, \u00ebsht\u00eb v\u00ebrtetuar nga Gjykata e Apelit, Supreme e madje edhe nga Gjykata Kushtetuese, shkruan Reporteri.net.<\/p>\n<p>Nexhat Krasniqi, i njohur si \u2018Baba i tender\u00ebve\u2019, shef i prokurorimit n\u00eb Ministrin\u00eb e Infrastruktur\u00ebs, i d\u00ebnuar p\u00ebr korrupsion, me vendim t\u00eb plotfuqish\u00ebm nga gjykata, jo rrall\u00eb her\u00eb \u00ebsht\u00eb p\u00ebrmendur n\u00eb media p\u00ebr afera t\u00eb ndryshme brenda Ministris\u00eb s\u00eb Infrastruktur\u00ebs.<\/p>\n<p>Vitin e kaluar, Krasniqi ishte rrahur nga disa persona t\u00eb maskuar gjat\u00eb daljes nga nj\u00eb lokal n\u00eb Brezovic\u00eb. Detaje p\u00ebr gjith\u00eb k\u00ebt\u00eb ngjarje, i kishte dh\u00ebn\u00eb kryeprokurori i Prokuroris\u00eb s\u00eb Ferizajt, Shukri Jashari.<\/p>\n<p>\u201cHetimet jan\u00eb duke u b\u00ebr\u00eb. Personat jan\u00eb t\u00eb paidentifikuar p\u00ebr momentin. Po shpresojm\u00eb q\u00eb dit\u00ebve n\u00eb vijim do t\u2019i identifikojm\u00eb\u2026..Rasti ka ndodhur t\u00eb premten para m\u00ebngjesit derisa kishte shkuar n\u00eb Brezovic\u00eb p\u00ebr t\u2019a kaluar vikendin. Kur ka dal\u00eb prej lokalit e kan\u00eb godit\u00eb nga prapa t\u00eb maskuar dy persona. Dhe kan\u00eb ik\u00eb nga vendi i ngjarjes. Hetuesit e Sht\u00ebrpc\u00ebs nes\u00ebr do t\u00eb dalin s\u00ebrish n\u00eb vendin e ngjarjes. Ai \u00ebsht\u00eb goditur n\u00eb kok\u00eb me mjet t\u00eb preht\u00eb\u201d, thot\u00eb Jashari.<\/p>\n<div class=\"des-adv\"><ins id=\"revive-0-2\" data-revive-zoneid=\"29\" data-revive-id=\"a018272a477b6c0e5217bb1672e1bdb9\" data-revive-seq=\"2\" data-revive-loaded=\"1\"><\/p>\n<div id=\"beacon_5354ce74cc\"><img loading=\"lazy\" decoding=\"async\" src=\"https:\/\/reporteri.net\/reklamap\/www\/delivery\/lg.php?bannerid=0&amp;campaignid=0&amp;zoneid=29&amp;loc=https%3A%2F%2Freporteri.net%2Flajme%2Fministria-e-liburn-aliut-e-rehaton-me-pozite-te-re-baben-e-tendereve-i-sanksionuar-nga-shba-ja%2F%3Ffbclid%3DIwAR261PcHXyvONhkF6OXC-HCkGLCWdQaEUrZ19und25mACceVy-KHiDTCQR8&amp;referer=https%3A%2F%2Fl.facebook.com%2F&amp;cb=5354ce74cc\" alt=\"\" width=\"0\" height=\"0\" \/><\/div>\n<p><\/ins><\/div>\n<p>Gazeta Online Reporteri.net n\u00eb vazhdim\u00ebsi ka raportuar p\u00ebr p\u00ebrfshirjen e Krasniqit n\u00eb dh\u00ebnien e tender\u00ebve dhe dyshimet p\u00ebr manipulimet.<\/p>\n","protected":false},"excerpt":{"rendered":"<p>Nexhat Krasniqi, i njohur edhe si \u201cbaba i tender\u00ebve\u201d, i cili dy jav\u00eb m\u00eb par\u00eb u pezullua nga pozita e Drejtorit t\u00eb Divizionit t\u00eb Prokurimit, pas sanksionimit nga ShBA-ja \u201cp\u00ebr shkak t\u00eb p\u00ebrfshirjes n\u00eb korrupsion t\u00eb madh\u201d, tani ka \u201cgjetur rehati\u201d s\u00ebrish n\u00eb Ministrin\u00eb e drejtuar nga Liburn Aliu, shkruan Reporteri.net. Sipas nj\u00eb vendimi t\u00eb [&hellip;]<\/p>\n","protected":false},"author":2,"featured_media":36205,"comment_status":"closed","ping_status":"closed","sticky":false,"template":"","format":"standard","meta":{"_monsterinsights_skip_tracking":false,"_monsterinsights_sitenote_active":false,"_monsterinsights_sitenote_note":"","_monsterinsights_sitenote_category":0,"_uf_show_specific_survey":0,"_uf_disable_surveys":false,"footnotes":""},"categories":[15],"tags":[],"yoast_head":"<!-- This site is optimized with the Yoast SEO plugin v21.5 - https:\/\/yoast.com\/wordpress\/plugins\/seo\/ -->\n<title>Ministria e Liburn Aliut e rehaton me pozit\u00eb t\u00eb re \u201cbab\u00ebn e tender\u00ebve\u201d, i sanksionuar nga ShBA-ja<\/title>\n<meta name=\"robots\" content=\"index, follow, max-snippet:-1, max-image-preview:large, max-video-preview:-1\" \/>\n<link rel=\"canonical\" href=\"https:\/\/permbledhja.com\/sq\/ministria-e-liburn-aliut-e-rehaton-me-pozite-te-re-baben-e-tendereve-i-sanksionuar-nga-shba-ja\/\" \/>\n<meta property=\"og:locale\" content=\"sq_AL\" \/>\n<meta property=\"og:type\" content=\"article\" \/>\n<meta property=\"og:title\" content=\"Ministria e Liburn Aliut e rehaton me pozit\u00eb t\u00eb re \u201cbab\u00ebn e tender\u00ebve\u201d, i sanksionuar nga ShBA-ja\" \/>\n<meta property=\"og:description\" content=\"Nexhat Krasniqi, i njohur edhe si \u201cbaba i tender\u00ebve\u201d, i cili dy jav\u00eb m\u00eb par\u00eb u pezullua nga pozita e Drejtorit t\u00eb Divizionit t\u00eb Prokurimit, pas sanksionimit nga ShBA-ja \u201cp\u00ebr shkak t\u00eb p\u00ebrfshirjes n\u00eb korrupsion t\u00eb madh\u201d, tani ka \u201cgjetur rehati\u201d s\u00ebrish n\u00eb Ministrin\u00eb e drejtuar nga Liburn Aliu, shkruan Reporteri.net. Sipas nj\u00eb vendimi t\u00eb [&hellip;]\" \/>\n<meta property=\"og:url\" content=\"https:\/\/permbledhja.com\/sq\/ministria-e-liburn-aliut-e-rehaton-me-pozite-te-re-baben-e-tendereve-i-sanksionuar-nga-shba-ja\/\" \/>\n<meta property=\"og:site_name\" content=\"Ve\u00e7 artikuj p\u00ebrmbledh\u00ebs\" \/>\n<meta property=\"article:publisher\" content=\"https:\/\/www.facebook.com\/press07\/\" \/>\n<meta property=\"article:published_time\" content=\"2023-11-16T13:42:31+00:00\" \/>\n<meta property=\"og:image\" content=\"https:\/\/permbledhja.com\/wp-content\/uploads\/2023\/11\/alarm-2.jpg\" \/>\n\t<meta property=\"og:image:width\" content=\"1920\" \/>\n\t<meta property=\"og:image:height\" content=\"1080\" \/>\n\t<meta property=\"og:image:type\" content=\"image\/jpeg\" \/>\n<meta name=\"author\" content=\"M M\" \/>\n<meta name=\"twitter:card\" content=\"summary_large_image\" \/>\n<meta name=\"twitter:label1\" content=\"Written by\" \/>\n\t<meta name=\"twitter:data1\" content=\"M M\" \/>\n\t<meta name=\"twitter:label2\" content=\"Est. reading time\" \/>\n\t<meta name=\"twitter:data2\" content=\"4 minuta\" \/>\n<script type=\"application\/ld+json\" class=\"yoast-schema-graph\">{\"@context\":\"https:\/\/schema.org\",\"@graph\":[{\"@type\":\"Article\",\"@id\":\"https:\/\/permbledhja.com\/ministria-e-liburn-aliut-e-rehaton-me-pozite-te-re-baben-e-tendereve-i-sanksionuar-nga-shba-ja\/#article\",\"isPartOf\":{\"@id\":\"https:\/\/permbledhja.com\/ministria-e-liburn-aliut-e-rehaton-me-pozite-te-re-baben-e-tendereve-i-sanksionuar-nga-shba-ja\/\"},\"author\":{\"name\":\"M M\",\"@id\":\"https:\/\/permbledhja.com\/#\/schema\/person\/d23f13f59b5722643933d6780783acf3\"},\"headline\":\"Ministria e Liburn Aliut e rehaton me pozit\u00eb t\u00eb re \u201cbab\u00ebn e tender\u00ebve\u201d, i sanksionuar nga ShBA-ja\",\"datePublished\":\"2023-11-16T13:42:31+00:00\",\"dateModified\":\"2023-11-16T13:42:31+00:00\",\"mainEntityOfPage\":{\"@id\":\"https:\/\/permbledhja.com\/ministria-e-liburn-aliut-e-rehaton-me-pozite-te-re-baben-e-tendereve-i-sanksionuar-nga-shba-ja\/\"},\"wordCount\":723,\"publisher\":{\"@id\":\"https:\/\/permbledhja.com\/#organization\"},\"articleSection\":[\"Lajme\"],\"inLanguage\":\"sq\"},{\"@type\":\"WebPage\",\"@id\":\"https:\/\/permbledhja.com\/ministria-e-liburn-aliut-e-rehaton-me-pozite-te-re-baben-e-tendereve-i-sanksionuar-nga-shba-ja\/\",\"url\":\"https:\/\/permbledhja.com\/ministria-e-liburn-aliut-e-rehaton-me-pozite-te-re-baben-e-tendereve-i-sanksionuar-nga-shba-ja\/\",\"name\":\"Ministria e Liburn Aliut e rehaton me pozit\u00eb t\u00eb re \u201cbab\u00ebn e tender\u00ebve\u201d, i sanksionuar nga ShBA-ja\",\"isPartOf\":{\"@id\":\"https:\/\/permbledhja.com\/#website\"},\"datePublished\":\"2023-11-16T13:42:31+00:00\",\"dateModified\":\"2023-11-16T13:42:31+00:00\",\"breadcrumb\":{\"@id\":\"https:\/\/permbledhja.com\/ministria-e-liburn-aliut-e-rehaton-me-pozite-te-re-baben-e-tendereve-i-sanksionuar-nga-shba-ja\/#breadcrumb\"},\"inLanguage\":\"sq\",\"potentialAction\":[{\"@type\":\"ReadAction\",\"target\":[\"https:\/\/permbledhja.com\/ministria-e-liburn-aliut-e-rehaton-me-pozite-te-re-baben-e-tendereve-i-sanksionuar-nga-shba-ja\/\"]}]},{\"@type\":\"BreadcrumbList\",\"@id\":\"https:\/\/permbledhja.com\/ministria-e-liburn-aliut-e-rehaton-me-pozite-te-re-baben-e-tendereve-i-sanksionuar-nga-shba-ja\/#breadcrumb\",\"itemListElement\":[{\"@type\":\"ListItem\",\"position\":1,\"name\":\"Ballina\",\"item\":\"https:\/\/permbledhja.com\/sq\/\"},{\"@type\":\"ListItem\",\"position\":2,\"name\":\"Ministria e Liburn Aliut e rehaton me pozit\u00eb t\u00eb re \u201cbab\u00ebn e tender\u00ebve\u201d, i sanksionuar nga ShBA-ja\"}]},{\"@type\":\"WebSite\",\"@id\":\"https:\/\/permbledhja.com\/#website\",\"url\":\"https:\/\/permbledhja.com\/\",\"name\":\"Ve\u00e7 artikuj p\u00ebrmbledh\u00ebs\",\"description\":\"\",\"publisher\":{\"@id\":\"https:\/\/permbledhja.com\/#organization\"},\"potentialAction\":[{\"@type\":\"SearchAction\",\"target\":{\"@type\":\"EntryPoint\",\"urlTemplate\":\"https:\/\/permbledhja.com\/?s={search_term_string}\"},\"query-input\":\"required name=search_term_string\"}],\"inLanguage\":\"sq\"},{\"@type\":\"Organization\",\"@id\":\"https:\/\/permbledhja.com\/#organization\",\"name\":\"MK Media & Pr\",\"url\":\"https:\/\/permbledhja.com\/\",\"logo\":{\"@type\":\"ImageObject\",\"inLanguage\":\"sq\",\"@id\":\"https:\/\/permbledhja.com\/#\/schema\/logo\/image\/\",\"url\":\"https:\/\/permbledhja.com\/wp-content\/uploads\/2021\/12\/07-Press-Logo.jpg\",\"contentUrl\":\"https:\/\/permbledhja.com\/wp-content\/uploads\/2021\/12\/07-Press-Logo.jpg\",\"width\":512,\"height\":512,\"caption\":\"MK Media & Pr\"},\"image\":{\"@id\":\"https:\/\/permbledhja.com\/#\/schema\/logo\/image\/\"},\"sameAs\":[\"https:\/\/www.facebook.com\/press07\/\"]},{\"@type\":\"Person\",\"@id\":\"https:\/\/permbledhja.com\/#\/schema\/person\/d23f13f59b5722643933d6780783acf3\",\"name\":\"M M\",\"image\":{\"@type\":\"ImageObject\",\"inLanguage\":\"sq\",\"@id\":\"https:\/\/permbledhja.com\/#\/schema\/person\/image\/\",\"url\":\"https:\/\/secure.gravatar.com\/avatar\/e2835a76ca7c31a2416b2d51c4ec9a8f?s=96&d=mm&r=g\",\"contentUrl\":\"https:\/\/secure.gravatar.com\/avatar\/e2835a76ca7c31a2416b2d51c4ec9a8f?s=96&d=mm&r=g\",\"caption\":\"M M\"},\"sameAs\":[\"http:\/\/MM\"],\"url\":\"https:\/\/permbledhja.com\/sq\/author\/muhamet\/\"}]}<\/script>\n<!-- \/ Yoast SEO plugin. -->","yoast_head_json":{"title":"Ministria e Liburn Aliut e rehaton me pozit\u00eb t\u00eb re \u201cbab\u00ebn e tender\u00ebve\u201d, i sanksionuar nga ShBA-ja","robots":{"index":"index","follow":"follow","max-snippet":"max-snippet:-1","max-image-preview":"max-image-preview:large","max-video-preview":"max-video-preview:-1"},"canonical":"https:\/\/permbledhja.com\/sq\/ministria-e-liburn-aliut-e-rehaton-me-pozite-te-re-baben-e-tendereve-i-sanksionuar-nga-shba-ja\/","og_locale":"sq_AL","og_type":"article","og_title":"Ministria e Liburn Aliut e rehaton me pozit\u00eb t\u00eb re \u201cbab\u00ebn e tender\u00ebve\u201d, i sanksionuar nga ShBA-ja","og_description":"Nexhat Krasniqi, i njohur edhe si \u201cbaba i tender\u00ebve\u201d, i cili dy jav\u00eb m\u00eb par\u00eb u pezullua nga pozita e Drejtorit t\u00eb Divizionit t\u00eb Prokurimit, pas sanksionimit nga ShBA-ja \u201cp\u00ebr shkak t\u00eb p\u00ebrfshirjes n\u00eb korrupsion t\u00eb madh\u201d, tani ka \u201cgjetur rehati\u201d s\u00ebrish n\u00eb Ministrin\u00eb e drejtuar nga Liburn Aliu, shkruan Reporteri.net. Sipas nj\u00eb vendimi t\u00eb [&hellip;]","og_url":"https:\/\/permbledhja.com\/sq\/ministria-e-liburn-aliut-e-rehaton-me-pozite-te-re-baben-e-tendereve-i-sanksionuar-nga-shba-ja\/","og_site_name":"Ve\u00e7 artikuj p\u00ebrmbledh\u00ebs","article_publisher":"https:\/\/www.facebook.com\/press07\/","article_published_time":"2023-11-16T13:42:31+00:00","og_image":[{"width":1920,"height":1080,"url":"https:\/\/permbledhja.com\/wp-content\/uploads\/2023\/11\/alarm-2.jpg","type":"image\/jpeg"}],"author":"M M","twitter_card":"summary_large_image","twitter_misc":{"Written by":"M M","Est. reading time":"4 minuta"},"schema":{"@context":"https:\/\/schema.org","@graph":[{"@type":"Article","@id":"https:\/\/permbledhja.com\/ministria-e-liburn-aliut-e-rehaton-me-pozite-te-re-baben-e-tendereve-i-sanksionuar-nga-shba-ja\/#article","isPartOf":{"@id":"https:\/\/permbledhja.com\/ministria-e-liburn-aliut-e-rehaton-me-pozite-te-re-baben-e-tendereve-i-sanksionuar-nga-shba-ja\/"},"author":{"name":"M M","@id":"https:\/\/permbledhja.com\/#\/schema\/person\/d23f13f59b5722643933d6780783acf3"},"headline":"Ministria e Liburn Aliut e rehaton me pozit\u00eb t\u00eb re \u201cbab\u00ebn e tender\u00ebve\u201d, i sanksionuar nga ShBA-ja","datePublished":"2023-11-16T13:42:31+00:00","dateModified":"2023-11-16T13:42:31+00:00","mainEntityOfPage":{"@id":"https:\/\/permbledhja.com\/ministria-e-liburn-aliut-e-rehaton-me-pozite-te-re-baben-e-tendereve-i-sanksionuar-nga-shba-ja\/"},"wordCount":723,"publisher":{"@id":"https:\/\/permbledhja.com\/#organization"},"articleSection":["Lajme"],"inLanguage":"sq"},{"@type":"WebPage","@id":"https:\/\/permbledhja.com\/ministria-e-liburn-aliut-e-rehaton-me-pozite-te-re-baben-e-tendereve-i-sanksionuar-nga-shba-ja\/","url":"https:\/\/permbledhja.com\/ministria-e-liburn-aliut-e-rehaton-me-pozite-te-re-baben-e-tendereve-i-sanksionuar-nga-shba-ja\/","name":"Ministria e Liburn Aliut e rehaton me pozit\u00eb t\u00eb re \u201cbab\u00ebn e tender\u00ebve\u201d, i sanksionuar nga ShBA-ja","isPartOf":{"@id":"https:\/\/permbledhja.com\/#website"},"datePublished":"2023-11-16T13:42:31+00:00","dateModified":"2023-11-16T13:42:31+00:00","breadcrumb":{"@id":"https:\/\/permbledhja.com\/ministria-e-liburn-aliut-e-rehaton-me-pozite-te-re-baben-e-tendereve-i-sanksionuar-nga-shba-ja\/#breadcrumb"},"inLanguage":"sq","potentialAction":[{"@type":"ReadAction","target":["https:\/\/permbledhja.com\/ministria-e-liburn-aliut-e-rehaton-me-pozite-te-re-baben-e-tendereve-i-sanksionuar-nga-shba-ja\/"]}]},{"@type":"BreadcrumbList","@id":"https:\/\/permbledhja.com\/ministria-e-liburn-aliut-e-rehaton-me-pozite-te-re-baben-e-tendereve-i-sanksionuar-nga-shba-ja\/#breadcrumb","itemListElement":[{"@type":"ListItem","position":1,"name":"Ballina","item":"https:\/\/permbledhja.com\/sq\/"},{"@type":"ListItem","position":2,"name":"Ministria e Liburn Aliut e rehaton me pozit\u00eb t\u00eb re \u201cbab\u00ebn e tender\u00ebve\u201d, i sanksionuar nga ShBA-ja"}]},{"@type":"WebSite","@id":"https:\/\/permbledhja.com\/#website","url":"https:\/\/permbledhja.com\/","name":"Ve\u00e7 artikuj p\u00ebrmbledh\u00ebs","description":"","publisher":{"@id":"https:\/\/permbledhja.com\/#organization"},"potentialAction":[{"@type":"SearchAction","target":{"@type":"EntryPoint","urlTemplate":"https:\/\/permbledhja.com\/?s={search_term_string}"},"query-input":"required name=search_term_string"}],"inLanguage":"sq"},{"@type":"Organization","@id":"https:\/\/permbledhja.com\/#organization","name":"MK Media & Pr","url":"https:\/\/permbledhja.com\/","logo":{"@type":"ImageObject","inLanguage":"sq","@id":"https:\/\/permbledhja.com\/#\/schema\/logo\/image\/","url":"https:\/\/permbledhja.com\/wp-content\/uploads\/2021\/12\/07-Press-Logo.jpg","contentUrl":"https:\/\/permbledhja.com\/wp-content\/uploads\/2021\/12\/07-Press-Logo.jpg","width":512,"height":512,"caption":"MK Media & Pr"},"image":{"@id":"https:\/\/permbledhja.com\/#\/schema\/logo\/image\/"},"sameAs":["https:\/\/www.facebook.com\/press07\/"]},{"@type":"Person","@id":"https:\/\/permbledhja.com\/#\/schema\/person\/d23f13f59b5722643933d6780783acf3","name":"M M","image":{"@type":"ImageObject","inLanguage":"sq","@id":"https:\/\/permbledhja.com\/#\/schema\/person\/image\/","url":"https:\/\/secure.gravatar.com\/avatar\/e2835a76ca7c31a2416b2d51c4ec9a8f?s=96&d=mm&r=g","contentUrl":"https:\/\/secure.gravatar.com\/avatar\/e2835a76ca7c31a2416b2d51c4ec9a8f?s=96&d=mm&r=g","caption":"M M"},"sameAs":["http:\/\/MM"],"url":"https:\/\/permbledhja.com\/sq\/author\/muhamet\/"}]}},"_links":{"self":[{"href":"https:\/\/permbledhja.com\/sq\/wp-json\/wp\/v2\/posts\/36204"}],"collection":[{"href":"https:\/\/permbledhja.com\/sq\/wp-json\/wp\/v2\/posts"}],"about":[{"href":"https:\/\/permbledhja.com\/sq\/wp-json\/wp\/v2\/types\/post"}],"author":[{"embeddable":true,"href":"https:\/\/permbledhja.com\/sq\/wp-json\/wp\/v2\/users\/2"}],"replies":[{"embeddable":true,"href":"https:\/\/permbledhja.com\/sq\/wp-json\/wp\/v2\/comments?post=36204"}],"version-history":[{"count":1,"href":"https:\/\/permbledhja.com\/sq\/wp-json\/wp\/v2\/posts\/36204\/revisions"}],"predecessor-version":[{"id":36206,"href":"https:\/\/permbledhja.com\/sq\/wp-json\/wp\/v2\/posts\/36204\/revisions\/36206"}],"wp:featuredmedia":[{"embeddable":true,"href":"https:\/\/permbledhja.com\/sq\/wp-json\/wp\/v2\/media\/36205"}],"wp:attachment":[{"href":"https:\/\/permbledhja.com\/sq\/wp-json\/wp\/v2\/media?parent=36204"}],"wp:term":[{"taxonomy":"category","embeddable":true,"href":"https:\/\/permbledhja.com\/sq\/wp-json\/wp\/v2\/categories?post=36204"},{"taxonomy":"post_tag","embeddable":true,"href":"https:\/\/permbledhja.com\/sq\/wp-json\/wp\/v2\/tags?post=36204"}],"curies":[{"name":"wp","href":"https:\/\/api.w.org\/{rel}","templated":true}]}}