{"id":36194,"date":"2023-11-16T13:19:31","date_gmt":"2023-11-16T13:19:31","guid":{"rendered":"https:\/\/permbledhja.com\/?p=36194"},"modified":"2023-11-16T13:42:58","modified_gmt":"2023-11-16T13:42:58","slug":"policia-kerkon-ndihme-per-identifikimin-dhe-arrestimin-e-dy-grave-qe-dyshohen-per-vjedhje-ua-publikon-fotot","status":"publish","type":"post","link":"https:\/\/permbledhja.com\/sq\/policia-kerkon-ndihme-per-identifikimin-dhe-arrestimin-e-dy-grave-qe-dyshohen-per-vjedhje-ua-publikon-fotot\/","title":{"rendered":"Policia k\u00ebrkon ndihm\u00eb p\u00ebr identifikimin dhe arrestimin e dy grave q\u00eb dyshohen p\u00ebr vjedhje, ua publikon fotot"},"content":{"rendered":"<h3>Policia e Kosov\u00ebs ka k\u00ebrkuar ndihm\u00eb nga qytetar\u00ebt p\u00ebr ofrimin e informatave q\u00eb do t\u00eb ndihmonin n\u00eb identifikimin dhe arrestimin e dy grave, t\u00eb cil\u00ebt po k\u00ebrkohen p\u00ebr p\u00ebrfshirje n\u00eb nj\u00eb rast vjedhjeje q\u00eb ka ndodhur n\u00eb prill t\u00eb k\u00ebtij viti.<\/h3>\n<p>Duke publikuar fotografi ku shihen, Policia ka k\u00ebrkuar te ata q\u00eb kan\u00eb informata q\u00eb mund t\u00eb cojn\u00eb n\u00eb identifikimin e personave apo vendodhjes s\u00eb tyre, t\u00eb kontaktojn\u00eb policin\u00eb n\u00eb numrin e telefonit: 192.<\/p>\n<p>\u201cNj\u00ebsiti i hetimeve t\u00eb stacionit policor Qendra n\u00eb Prishtin\u00eb, me autorizim nga prokuroria kompetente, k\u00ebrkon ndihm\u00eb nga qytetar\u00ebt n\u00eb ofrimin e informatave, t\u00eb cilat do t\u00eb ndihmonin n\u00eb identifikimin dhe arrestimin e personave q\u00eb shihen n\u00eb fotografi. \u00a0Personat e dyshuar k\u00ebrkohen p\u00ebr p\u00ebrfshirje n\u00eb nj\u00eb rast, Vjedhje, q\u00eb ka ndodhur me dat\u00ebn 01.04.2023, n\u00eb nj\u00eb market n\u00eb Prishtin\u00eb.<\/p>\n<p>T\u00eb nderuar, p\u00ebr \u00e7do informat\u00eb q\u00eb mund t\u00eb \u00e7oj\u00eb n\u00eb identifikimin e personave apo vendodhjes s\u00eb tyre, kontaktoni policin\u00eb n\u00eb numrin e telefonit: 192\u201d, thuhet n\u00eb k\u00ebrkes\u00eb.<\/p>\n<p><iframe loading=\"lazy\" style=\"border: none; overflow: hidden;\" src=\"https:\/\/www.facebook.com\/plugins\/post.php?href=https%3A%2F%2Fwww.facebook.com%2FKosovoPolice%2Fposts%2Fpfbid0g2xo68kqsor3CNonmm7mty9CrK4yhhxF7yXpogoQaSBC8j36Ka5PdKYKbfxZ93sjl&amp;show_text=true&amp;width=500\" width=\"500\" height=\"250\" frameborder=\"0\" scrolling=\"no\" allowfullscreen=\"allowfullscreen\"><\/iframe><\/p>\n","protected":false},"excerpt":{"rendered":"<p>Policia e Kosov\u00ebs ka k\u00ebrkuar ndihm\u00eb nga qytetar\u00ebt p\u00ebr ofrimin e informatave q\u00eb do t\u00eb ndihmonin n\u00eb identifikimin dhe arrestimin e dy grave, t\u00eb cil\u00ebt po k\u00ebrkohen p\u00ebr p\u00ebrfshirje n\u00eb nj\u00eb rast vjedhjeje q\u00eb ka ndodhur n\u00eb prill t\u00eb k\u00ebtij viti. Duke publikuar fotografi ku shihen, Policia ka k\u00ebrkuar te ata q\u00eb kan\u00eb informata q\u00eb [&hellip;]<\/p>\n","protected":false},"author":2,"featured_media":36195,"comment_status":"closed","ping_status":"closed","sticky":false,"template":"","format":"standard","meta":{"_monsterinsights_skip_tracking":false,"_monsterinsights_sitenote_active":false,"_monsterinsights_sitenote_note":"","_monsterinsights_sitenote_category":0,"_uf_show_specific_survey":0,"_uf_disable_surveys":false,"footnotes":""},"categories":[15],"tags":[],"yoast_head":"<!-- This site is optimized with the Yoast SEO plugin v21.5 - https:\/\/yoast.com\/wordpress\/plugins\/seo\/ -->\n<title>Policia k\u00ebrkon ndihm\u00eb p\u00ebr identifikimin dhe arrestimin e dy grave q\u00eb dyshohen p\u00ebr vjedhje, ua publikon fotot<\/title>\n<meta name=\"robots\" content=\"index, follow, max-snippet:-1, max-image-preview:large, max-video-preview:-1\" \/>\n<link rel=\"canonical\" href=\"https:\/\/permbledhja.com\/sq\/policia-kerkon-ndihme-per-identifikimin-dhe-arrestimin-e-dy-grave-qe-dyshohen-per-vjedhje-ua-publikon-fotot\/\" \/>\n<meta property=\"og:locale\" content=\"sq_AL\" \/>\n<meta property=\"og:type\" content=\"article\" \/>\n<meta property=\"og:title\" content=\"Policia k\u00ebrkon ndihm\u00eb p\u00ebr identifikimin dhe arrestimin e dy grave q\u00eb dyshohen p\u00ebr vjedhje, ua publikon fotot\" \/>\n<meta property=\"og:description\" content=\"Policia e Kosov\u00ebs ka k\u00ebrkuar ndihm\u00eb nga qytetar\u00ebt p\u00ebr ofrimin e informatave q\u00eb do t\u00eb ndihmonin n\u00eb identifikimin dhe arrestimin e dy grave, t\u00eb cil\u00ebt po k\u00ebrkohen p\u00ebr p\u00ebrfshirje n\u00eb nj\u00eb rast vjedhjeje q\u00eb ka ndodhur n\u00eb prill t\u00eb k\u00ebtij viti. Duke publikuar fotografi ku shihen, Policia ka k\u00ebrkuar te ata q\u00eb kan\u00eb informata q\u00eb [&hellip;]\" \/>\n<meta property=\"og:url\" content=\"https:\/\/permbledhja.com\/sq\/policia-kerkon-ndihme-per-identifikimin-dhe-arrestimin-e-dy-grave-qe-dyshohen-per-vjedhje-ua-publikon-fotot\/\" \/>\n<meta property=\"og:site_name\" content=\"Ve\u00e7 artikuj p\u00ebrmbledh\u00ebs\" \/>\n<meta property=\"article:publisher\" content=\"https:\/\/www.facebook.com\/press07\/\" \/>\n<meta property=\"article:published_time\" content=\"2023-11-16T13:19:31+00:00\" \/>\n<meta property=\"article:modified_time\" content=\"2023-11-16T13:42:58+00:00\" \/>\n<meta property=\"og:image\" content=\"https:\/\/permbledhja.com\/wp-content\/uploads\/2023\/11\/policia-e-kosoves-600x360-2.png\" \/>\n\t<meta property=\"og:image:width\" content=\"600\" \/>\n\t<meta property=\"og:image:height\" content=\"360\" \/>\n\t<meta property=\"og:image:type\" content=\"image\/png\" \/>\n<meta name=\"author\" content=\"M M\" \/>\n<meta name=\"twitter:card\" content=\"summary_large_image\" \/>\n<meta name=\"twitter:label1\" content=\"Written by\" \/>\n\t<meta name=\"twitter:data1\" content=\"M M\" \/>\n\t<meta name=\"twitter:label2\" content=\"Est. reading time\" \/>\n\t<meta name=\"twitter:data2\" content=\"1 minut\u00eb\" \/>\n<script type=\"application\/ld+json\" class=\"yoast-schema-graph\">{\"@context\":\"https:\/\/schema.org\",\"@graph\":[{\"@type\":\"Article\",\"@id\":\"https:\/\/permbledhja.com\/policia-kerkon-ndihme-per-identifikimin-dhe-arrestimin-e-dy-grave-qe-dyshohen-per-vjedhje-ua-publikon-fotot\/#article\",\"isPartOf\":{\"@id\":\"https:\/\/permbledhja.com\/policia-kerkon-ndihme-per-identifikimin-dhe-arrestimin-e-dy-grave-qe-dyshohen-per-vjedhje-ua-publikon-fotot\/\"},\"author\":{\"name\":\"M M\",\"@id\":\"https:\/\/permbledhja.com\/#\/schema\/person\/d23f13f59b5722643933d6780783acf3\"},\"headline\":\"Policia k\u00ebrkon ndihm\u00eb p\u00ebr identifikimin dhe arrestimin e dy grave q\u00eb dyshohen p\u00ebr vjedhje, ua publikon fotot\",\"datePublished\":\"2023-11-16T13:19:31+00:00\",\"dateModified\":\"2023-11-16T13:42:58+00:00\",\"mainEntityOfPage\":{\"@id\":\"https:\/\/permbledhja.com\/policia-kerkon-ndihme-per-identifikimin-dhe-arrestimin-e-dy-grave-qe-dyshohen-per-vjedhje-ua-publikon-fotot\/\"},\"wordCount\":195,\"publisher\":{\"@id\":\"https:\/\/permbledhja.com\/#organization\"},\"articleSection\":[\"Lajme\"],\"inLanguage\":\"sq\"},{\"@type\":\"WebPage\",\"@id\":\"https:\/\/permbledhja.com\/policia-kerkon-ndihme-per-identifikimin-dhe-arrestimin-e-dy-grave-qe-dyshohen-per-vjedhje-ua-publikon-fotot\/\",\"url\":\"https:\/\/permbledhja.com\/policia-kerkon-ndihme-per-identifikimin-dhe-arrestimin-e-dy-grave-qe-dyshohen-per-vjedhje-ua-publikon-fotot\/\",\"name\":\"Policia k\u00ebrkon ndihm\u00eb p\u00ebr identifikimin dhe arrestimin e dy grave q\u00eb dyshohen p\u00ebr vjedhje, ua publikon fotot\",\"isPartOf\":{\"@id\":\"https:\/\/permbledhja.com\/#website\"},\"datePublished\":\"2023-11-16T13:19:31+00:00\",\"dateModified\":\"2023-11-16T13:42:58+00:00\",\"breadcrumb\":{\"@id\":\"https:\/\/permbledhja.com\/policia-kerkon-ndihme-per-identifikimin-dhe-arrestimin-e-dy-grave-qe-dyshohen-per-vjedhje-ua-publikon-fotot\/#breadcrumb\"},\"inLanguage\":\"sq\",\"potentialAction\":[{\"@type\":\"ReadAction\",\"target\":[\"https:\/\/permbledhja.com\/policia-kerkon-ndihme-per-identifikimin-dhe-arrestimin-e-dy-grave-qe-dyshohen-per-vjedhje-ua-publikon-fotot\/\"]}]},{\"@type\":\"BreadcrumbList\",\"@id\":\"https:\/\/permbledhja.com\/policia-kerkon-ndihme-per-identifikimin-dhe-arrestimin-e-dy-grave-qe-dyshohen-per-vjedhje-ua-publikon-fotot\/#breadcrumb\",\"itemListElement\":[{\"@type\":\"ListItem\",\"position\":1,\"name\":\"Ballina\",\"item\":\"https:\/\/permbledhja.com\/sq\/\"},{\"@type\":\"ListItem\",\"position\":2,\"name\":\"Policia k\u00ebrkon ndihm\u00eb p\u00ebr identifikimin dhe arrestimin e dy grave q\u00eb dyshohen p\u00ebr vjedhje, ua publikon fotot\"}]},{\"@type\":\"WebSite\",\"@id\":\"https:\/\/permbledhja.com\/#website\",\"url\":\"https:\/\/permbledhja.com\/\",\"name\":\"Ve\u00e7 artikuj p\u00ebrmbledh\u00ebs\",\"description\":\"\",\"publisher\":{\"@id\":\"https:\/\/permbledhja.com\/#organization\"},\"potentialAction\":[{\"@type\":\"SearchAction\",\"target\":{\"@type\":\"EntryPoint\",\"urlTemplate\":\"https:\/\/permbledhja.com\/?s={search_term_string}\"},\"query-input\":\"required name=search_term_string\"}],\"inLanguage\":\"sq\"},{\"@type\":\"Organization\",\"@id\":\"https:\/\/permbledhja.com\/#organization\",\"name\":\"MK Media & Pr\",\"url\":\"https:\/\/permbledhja.com\/\",\"logo\":{\"@type\":\"ImageObject\",\"inLanguage\":\"sq\",\"@id\":\"https:\/\/permbledhja.com\/#\/schema\/logo\/image\/\",\"url\":\"https:\/\/permbledhja.com\/wp-content\/uploads\/2021\/12\/07-Press-Logo.jpg\",\"contentUrl\":\"https:\/\/permbledhja.com\/wp-content\/uploads\/2021\/12\/07-Press-Logo.jpg\",\"width\":512,\"height\":512,\"caption\":\"MK Media & Pr\"},\"image\":{\"@id\":\"https:\/\/permbledhja.com\/#\/schema\/logo\/image\/\"},\"sameAs\":[\"https:\/\/www.facebook.com\/press07\/\"]},{\"@type\":\"Person\",\"@id\":\"https:\/\/permbledhja.com\/#\/schema\/person\/d23f13f59b5722643933d6780783acf3\",\"name\":\"M M\",\"image\":{\"@type\":\"ImageObject\",\"inLanguage\":\"sq\",\"@id\":\"https:\/\/permbledhja.com\/#\/schema\/person\/image\/\",\"url\":\"https:\/\/secure.gravatar.com\/avatar\/e2835a76ca7c31a2416b2d51c4ec9a8f?s=96&d=mm&r=g\",\"contentUrl\":\"https:\/\/secure.gravatar.com\/avatar\/e2835a76ca7c31a2416b2d51c4ec9a8f?s=96&d=mm&r=g\",\"caption\":\"M M\"},\"sameAs\":[\"http:\/\/MM\"],\"url\":\"https:\/\/permbledhja.com\/sq\/author\/muhamet\/\"}]}<\/script>\n<!-- \/ Yoast SEO plugin. -->","yoast_head_json":{"title":"Policia k\u00ebrkon ndihm\u00eb p\u00ebr identifikimin dhe arrestimin e dy grave q\u00eb dyshohen p\u00ebr vjedhje, ua publikon fotot","robots":{"index":"index","follow":"follow","max-snippet":"max-snippet:-1","max-image-preview":"max-image-preview:large","max-video-preview":"max-video-preview:-1"},"canonical":"https:\/\/permbledhja.com\/sq\/policia-kerkon-ndihme-per-identifikimin-dhe-arrestimin-e-dy-grave-qe-dyshohen-per-vjedhje-ua-publikon-fotot\/","og_locale":"sq_AL","og_type":"article","og_title":"Policia k\u00ebrkon ndihm\u00eb p\u00ebr identifikimin dhe arrestimin e dy grave q\u00eb dyshohen p\u00ebr vjedhje, ua publikon fotot","og_description":"Policia e Kosov\u00ebs ka k\u00ebrkuar ndihm\u00eb nga qytetar\u00ebt p\u00ebr ofrimin e informatave q\u00eb do t\u00eb ndihmonin n\u00eb identifikimin dhe arrestimin e dy grave, t\u00eb cil\u00ebt po k\u00ebrkohen p\u00ebr p\u00ebrfshirje n\u00eb nj\u00eb rast vjedhjeje q\u00eb ka ndodhur n\u00eb prill t\u00eb k\u00ebtij viti. Duke publikuar fotografi ku shihen, Policia ka k\u00ebrkuar te ata q\u00eb kan\u00eb informata q\u00eb [&hellip;]","og_url":"https:\/\/permbledhja.com\/sq\/policia-kerkon-ndihme-per-identifikimin-dhe-arrestimin-e-dy-grave-qe-dyshohen-per-vjedhje-ua-publikon-fotot\/","og_site_name":"Ve\u00e7 artikuj p\u00ebrmbledh\u00ebs","article_publisher":"https:\/\/www.facebook.com\/press07\/","article_published_time":"2023-11-16T13:19:31+00:00","article_modified_time":"2023-11-16T13:42:58+00:00","og_image":[{"width":600,"height":360,"url":"https:\/\/permbledhja.com\/wp-content\/uploads\/2023\/11\/policia-e-kosoves-600x360-2.png","type":"image\/png"}],"author":"M M","twitter_card":"summary_large_image","twitter_misc":{"Written by":"M M","Est. reading time":"1 minut\u00eb"},"schema":{"@context":"https:\/\/schema.org","@graph":[{"@type":"Article","@id":"https:\/\/permbledhja.com\/policia-kerkon-ndihme-per-identifikimin-dhe-arrestimin-e-dy-grave-qe-dyshohen-per-vjedhje-ua-publikon-fotot\/#article","isPartOf":{"@id":"https:\/\/permbledhja.com\/policia-kerkon-ndihme-per-identifikimin-dhe-arrestimin-e-dy-grave-qe-dyshohen-per-vjedhje-ua-publikon-fotot\/"},"author":{"name":"M M","@id":"https:\/\/permbledhja.com\/#\/schema\/person\/d23f13f59b5722643933d6780783acf3"},"headline":"Policia k\u00ebrkon ndihm\u00eb p\u00ebr identifikimin dhe arrestimin e dy grave q\u00eb dyshohen p\u00ebr vjedhje, ua publikon fotot","datePublished":"2023-11-16T13:19:31+00:00","dateModified":"2023-11-16T13:42:58+00:00","mainEntityOfPage":{"@id":"https:\/\/permbledhja.com\/policia-kerkon-ndihme-per-identifikimin-dhe-arrestimin-e-dy-grave-qe-dyshohen-per-vjedhje-ua-publikon-fotot\/"},"wordCount":195,"publisher":{"@id":"https:\/\/permbledhja.com\/#organization"},"articleSection":["Lajme"],"inLanguage":"sq"},{"@type":"WebPage","@id":"https:\/\/permbledhja.com\/policia-kerkon-ndihme-per-identifikimin-dhe-arrestimin-e-dy-grave-qe-dyshohen-per-vjedhje-ua-publikon-fotot\/","url":"https:\/\/permbledhja.com\/policia-kerkon-ndihme-per-identifikimin-dhe-arrestimin-e-dy-grave-qe-dyshohen-per-vjedhje-ua-publikon-fotot\/","name":"Policia k\u00ebrkon ndihm\u00eb p\u00ebr identifikimin dhe arrestimin e dy grave q\u00eb dyshohen p\u00ebr vjedhje, ua publikon fotot","isPartOf":{"@id":"https:\/\/permbledhja.com\/#website"},"datePublished":"2023-11-16T13:19:31+00:00","dateModified":"2023-11-16T13:42:58+00:00","breadcrumb":{"@id":"https:\/\/permbledhja.com\/policia-kerkon-ndihme-per-identifikimin-dhe-arrestimin-e-dy-grave-qe-dyshohen-per-vjedhje-ua-publikon-fotot\/#breadcrumb"},"inLanguage":"sq","potentialAction":[{"@type":"ReadAction","target":["https:\/\/permbledhja.com\/policia-kerkon-ndihme-per-identifikimin-dhe-arrestimin-e-dy-grave-qe-dyshohen-per-vjedhje-ua-publikon-fotot\/"]}]},{"@type":"BreadcrumbList","@id":"https:\/\/permbledhja.com\/policia-kerkon-ndihme-per-identifikimin-dhe-arrestimin-e-dy-grave-qe-dyshohen-per-vjedhje-ua-publikon-fotot\/#breadcrumb","itemListElement":[{"@type":"ListItem","position":1,"name":"Ballina","item":"https:\/\/permbledhja.com\/sq\/"},{"@type":"ListItem","position":2,"name":"Policia k\u00ebrkon ndihm\u00eb p\u00ebr identifikimin dhe arrestimin e dy grave q\u00eb dyshohen p\u00ebr vjedhje, ua publikon fotot"}]},{"@type":"WebSite","@id":"https:\/\/permbledhja.com\/#website","url":"https:\/\/permbledhja.com\/","name":"Ve\u00e7 artikuj p\u00ebrmbledh\u00ebs","description":"","publisher":{"@id":"https:\/\/permbledhja.com\/#organization"},"potentialAction":[{"@type":"SearchAction","target":{"@type":"EntryPoint","urlTemplate":"https:\/\/permbledhja.com\/?s={search_term_string}"},"query-input":"required name=search_term_string"}],"inLanguage":"sq"},{"@type":"Organization","@id":"https:\/\/permbledhja.com\/#organization","name":"MK Media & Pr","url":"https:\/\/permbledhja.com\/","logo":{"@type":"ImageObject","inLanguage":"sq","@id":"https:\/\/permbledhja.com\/#\/schema\/logo\/image\/","url":"https:\/\/permbledhja.com\/wp-content\/uploads\/2021\/12\/07-Press-Logo.jpg","contentUrl":"https:\/\/permbledhja.com\/wp-content\/uploads\/2021\/12\/07-Press-Logo.jpg","width":512,"height":512,"caption":"MK Media & Pr"},"image":{"@id":"https:\/\/permbledhja.com\/#\/schema\/logo\/image\/"},"sameAs":["https:\/\/www.facebook.com\/press07\/"]},{"@type":"Person","@id":"https:\/\/permbledhja.com\/#\/schema\/person\/d23f13f59b5722643933d6780783acf3","name":"M M","image":{"@type":"ImageObject","inLanguage":"sq","@id":"https:\/\/permbledhja.com\/#\/schema\/person\/image\/","url":"https:\/\/secure.gravatar.com\/avatar\/e2835a76ca7c31a2416b2d51c4ec9a8f?s=96&d=mm&r=g","contentUrl":"https:\/\/secure.gravatar.com\/avatar\/e2835a76ca7c31a2416b2d51c4ec9a8f?s=96&d=mm&r=g","caption":"M M"},"sameAs":["http:\/\/MM"],"url":"https:\/\/permbledhja.com\/sq\/author\/muhamet\/"}]}},"_links":{"self":[{"href":"https:\/\/permbledhja.com\/sq\/wp-json\/wp\/v2\/posts\/36194"}],"collection":[{"href":"https:\/\/permbledhja.com\/sq\/wp-json\/wp\/v2\/posts"}],"about":[{"href":"https:\/\/permbledhja.com\/sq\/wp-json\/wp\/v2\/types\/post"}],"author":[{"embeddable":true,"href":"https:\/\/permbledhja.com\/sq\/wp-json\/wp\/v2\/users\/2"}],"replies":[{"embeddable":true,"href":"https:\/\/permbledhja.com\/sq\/wp-json\/wp\/v2\/comments?post=36194"}],"version-history":[{"count":1,"href":"https:\/\/permbledhja.com\/sq\/wp-json\/wp\/v2\/posts\/36194\/revisions"}],"predecessor-version":[{"id":36196,"href":"https:\/\/permbledhja.com\/sq\/wp-json\/wp\/v2\/posts\/36194\/revisions\/36196"}],"wp:featuredmedia":[{"embeddable":true,"href":"https:\/\/permbledhja.com\/sq\/wp-json\/wp\/v2\/media\/36195"}],"wp:attachment":[{"href":"https:\/\/permbledhja.com\/sq\/wp-json\/wp\/v2\/media?parent=36194"}],"wp:term":[{"taxonomy":"category","embeddable":true,"href":"https:\/\/permbledhja.com\/sq\/wp-json\/wp\/v2\/categories?post=36194"},{"taxonomy":"post_tag","embeddable":true,"href":"https:\/\/permbledhja.com\/sq\/wp-json\/wp\/v2\/tags?post=36194"}],"curies":[{"name":"wp","href":"https:\/\/api.w.org\/{rel}","templated":true}]}}