{"id":36082,"date":"2023-11-16T10:47:50","date_gmt":"2023-11-16T10:47:50","guid":{"rendered":"https:\/\/permbledhja.com\/?p=36082"},"modified":"2023-11-16T11:47:48","modified_gmt":"2023-11-16T11:47:48","slug":"kurti-per-buxhetin-2024-do-te-jete-i-mbrojtjes-dhe-sigurise-ndame-para-me-shume-se-kurre-per-luginen","status":"publish","type":"post","link":"https:\/\/permbledhja.com\/sq\/kurti-per-buxhetin-2024-do-te-jete-i-mbrojtjes-dhe-sigurise-ndame-para-me-shume-se-kurre-per-luginen\/","title":{"rendered":"Kurti p\u00ebr buxhetin 2024: Do t\u00eb jet\u00eb i mbrojtjes dhe siguris\u00eb \u2013 ndam\u00eb para m\u00eb shum\u00eb se kurr\u00eb p\u00ebr Lugin\u00ebn"},"content":{"rendered":"<h3>Kryeministri i vendit, Albin Kurti, ka th\u00ebn\u00eb se buxheti i Kosov\u00ebs p\u00ebr vitin 2024 do t\u00eb jet\u00eb buxhet i mbrojtjes dhe siguris\u00eb.<\/h3>\n<p>P\u00ebr k\u00ebt\u00eb fush\u00eb, Kurti tha se nga 3.3 miliard\u00eb euro jan\u00eb ndar\u00eb 370 milion\u00eb euro, ku ministris\u00eb s\u00eb Pun\u00ebve t\u00eb Brendshme i takojn\u00eb 216 milion\u00eb euro nd\u00ebrsa ministris\u00eb s\u00eb Mbrojtjes 153 milion\u00eb.<\/p>\n<p>\u201cUshtris\u00eb son\u00eb, t\u00eb cil\u00ebs ia kemi rritur buxhetin m\u00eb shum\u00eb se dyfish prej q\u00eb kemi ardhur dhe numrin e ushtar\u00ebve p\u00ebr m\u00eb shum\u00eb se 2\/3 do t\u2019ia shtojm\u00eb 600 ushtar\u00eb m\u00eb shum\u00eb n\u00eb vitin 2024. Kurse, policia do t\u2019i ket\u00eb edhe 500 rekrut\u00eb t\u00eb tjer\u00eb dhe 21.7 milion\u00eb euro p\u00ebr investime kapitale, ose 9 milion\u00eb euro m\u00eb shum\u00eb sesa k\u00ebt\u00eb vit\u201d, tha Kurti, njofton Klankosova.tv.<\/p>\n<p>M\u00eb tej, ai tha se buxheti i vitit tjet\u00ebr do t\u00eb jet\u00eb prioritet p\u00ebr sa i p\u00ebrket nevojave t\u00eb qytetar\u00ebve p\u00ebr ekonomi t\u00eb fort\u00eb, me m\u00eb shum\u00eb vende pune, p\u00ebr sh\u00ebndet\u00ebsi gjith\u00ebp\u00ebrfshir\u00ebse, arsim t\u00eb zhvilluar me cil\u00ebsi m\u00eb t\u00eb lart\u00eb e sundim t\u00eb ligjit me drejt\u00ebsi t\u00eb reformuar.<\/p>\n<p>\u201cP\u00ebrgjat\u00eb gati 32 muajve t\u00eb mandatit ton\u00eb, ekonomis\u00eb iu shtuan 60 mij\u00eb vende, ku gjysma e t\u00eb pun\u00ebsuarve jan\u00eb t\u00eb rinj e t\u00eb reja n\u00ebn mosh\u00ebn 25-vje\u00e7are. Vet\u00ebm p\u00ebrmes platform\u00ebs \u2018Superpuna\u2019, p\u00ebr 8 muaj jan\u00eb pun\u00ebsuar mbi 7 mij\u00eb e 700 t\u00eb rinj, q\u00eb i bie p\u00ebraf\u00ebrsisht mbi 1 mij\u00eb t\u00eb pun\u00ebsuar p\u00ebr muaj\u201d.<\/p>\n<p>\u201cP\u00ebr t\u00eb vazhduar me nxitjen e pun\u00ebsimit n\u00eb sektorin privat, n\u00eb buxhetin e vitit t\u00eb ardhsh\u00ebm kemi ndar\u00eb 29 milion\u00eb euro p\u00ebr masat e pun\u00ebsimit. Nd\u00ebrkaq sa i p\u00ebrket sektorit publik, si\u00e7 kemi th\u00ebn\u00eb edhe n\u00eb shkurt, koeficienti i pagave p\u00ebr vitin 2024 do t\u00eb jet\u00eb 110 euro\u201d.<\/p>\n<p>\u201cDo t\u00eb vazhdojm\u00eb t\u00eb investojm\u00eb n\u00eb renovimin e spitaleve, p\u00ebrmir\u00ebsimin e sh\u00ebrbimeve dhe blerjen e pajisjeve t\u00eb teknologjis\u00eb s\u00eb fundit, ashtu q\u00eb m\u00eb t\u00eb dashurve tan\u00eb n\u00eb momentet m\u00eb t\u00eb v\u00ebshtira t\u2019iu mund\u00ebsohet kujdesi i duhur. P\u00ebr vitin 2024, ShSKUK-s\u00eb i \u00ebsht\u00eb shtuar buxheti p\u00ebr 25 p\u00ebr qind, kurse p\u00ebr sh\u00ebndet\u00ebsin\u00eb \u00a0si sektor n\u00eb t\u00ebr\u00ebsi kemi ndar\u00eb mbi 340 milion\u00eb euro, p\u00ebrfshir\u00eb grantin p\u00ebr komunat\u201d, tha m\u00eb tej Kurti, njofton Klankosova.tv.<\/p>\n<p>Kreu i qeveris\u00eb tutje tha se p\u00ebr nd\u00ebrtimin e \u00e7erdheve, zbatimin e reformave dhe mb\u00ebshtetjen e t\u00eb rejave edhe t\u00eb rinjve me bursa, bashk\u00eb me grantin q\u00eb u ndahet komunave, sektori i arsimit do t\u00eb mb\u00ebshtetet me 370 milion\u00eb euro.<\/p>\n<p>\u201cMinistris\u00eb s\u00eb Drejt\u00ebsis\u00eb ia kemi ndar\u00eb 31% m\u00eb shum\u00eb buxhet, ashtu q\u00eb t\u00eb zbatohen deri n\u00eb fund reformat e nisura n\u00eb drejt\u00ebsi, sepse edhe zotimi yn\u00eb p\u00ebr k\u00ebt\u00eb mandat qeveris\u00ebs ishte pun\u00eb dhe drejt\u00ebsi\u201d.<\/p>\n<p>\u201c95 milion\u00eb euro i kemi parapar\u00eb p\u00ebr n\u00ebnat lehona dhe f\u00ebmij\u00ebt n\u00ebn 16-vje\u00e7, nga e cila deri m\u00eb tani kan\u00eb p\u00ebrfituar mbi 40 mij\u00eb gra, n\u00ebna t\u00eb reja dhe 373 mij\u00eb f\u00ebmij\u00eb\u201d.<\/p>\n<p>\u201cP\u00ebr vitin tjet\u00ebr, gjithashtu ndam\u00eb 14 milion\u00eb euro p\u00ebr banimin social, 11 milion\u00eb p\u00ebr blerjen e objekteve t\u00eb ambasadave t\u00eb Kosov\u00ebs n\u00ebp\u00ebr bot\u00eb dhe 65 milion\u00eb euro p\u00ebr bujq\u00ebsi\u201d, tha Kurti.<\/p>\n<p>Kurti, p\u00ebr vitin 2024 paralajm\u00ebroi investime t\u00eb reja kapitale n\u00eb infrastruktur\u00eb rrugore, hekurudhore, n\u00eb zona t\u00eb reja ekonomike, diga e rrjete t\u00eb uj\u00ebsjell\u00ebsit dhe kapacitete t\u00eb reja energjetike, p\u00ebr t\u00eb cilat tha se \u00ebsht\u00eb parapar\u00eb buxhet prej 860 milion\u00eb euro.<\/p>\n<p>\u201cVet\u00ebm p\u00ebr MKRS-n\u00eb kemi 58 milion\u00eb euro p\u00ebr investime kapitale n\u00eb sport e infrastruktur\u00eb p\u00ebr vitin q\u00eb po vjen, sepse fest\u00ebn dhe g\u00ebzimin p\u00ebr kandidatur\u00ebn e suksesshme p\u00ebr Loj\u00ebrat Mesdhetare 2030 duhet ta p\u00ebrcjellim me investime t\u00eb menj\u00ebhershme dhe p\u00ebrgatitje t\u00eb hershme p\u00ebr nj\u00eb organizim t\u00eb suksessh\u00ebm\u201d.<\/p>\n<p>\u201cE trendi i nj\u00ebjt\u00eb do t\u00eb vazhdoj\u00eb edhe n\u00eb vitet pasuese deri n\u00eb p\u00ebrmbushjen e planeve investuese deri n\u00eb vitin 2030, q\u00eb pritet t\u00eb kapin vler\u00ebn prej 250 milion\u00eb euro\u201d.<\/p>\n<p>\u201cBuxheti i komunave n\u00eb vitin 2021 ishte 547 milion\u00eb euro, e sivjet \u00ebsht\u00eb 654 milion\u00eb euro, e n\u00eb vitin 2024 ai do t\u00eb jet\u00eb gati 200 milion\u00eb m\u00eb shum\u00eb sesa n\u00eb vitin e par\u00eb t\u00eb qeverisjes son\u00eb, ose 742 milion\u00eb euro. Prej t\u00eb cilave 635 milion\u00eb euro jan\u00eb grant p\u00ebr komunat nga qeveria, kurse pjesa tjet\u00ebr jan\u00eb t\u00eb hyra vetanake t\u00eb komunave. Ky buxhet i qeveris\u00eb \u00ebsht\u00eb edhe buxhet i komunave\u201d, tha Kurti.<\/p>\n<p>Nga buxheti i Kosov\u00ebs, qeveria ka ndar\u00eb 3 milion\u00eb euro edhe p\u00ebr shqiptar\u00ebt e Lugin\u00ebs s\u00eb Preshev\u00ebs, Bujanocit e Medvegj\u00ebs, p\u00ebr t\u00eb cilat sipas Kurtit, \u00ebsht\u00eb mb\u00ebshtetja m\u00eb e lart\u00eb ndonj\u00ebher\u00eb .<\/p>\n<p>\u201cP\u00ebr m\u00eb tep\u00ebr, buxheti i vitit t\u00eb ardhsh\u00ebm do t\u00eb jet\u00eb p\u00ebrs\u00ebri buxhet p\u00ebr shqiptar\u00ebt e Lugin\u00ebs, atij po ia shtojm\u00eb edhe 1 milion, krahasuar me vitin aktual, pra nga 2 n\u00eb 3 milion\u00eb euro p\u00ebr vitin 2024. Kjo mb\u00ebshtetje \u00ebsht\u00eb m\u00eb e larta ndonj\u00ebher\u00eb dhe \u00ebsht\u00eb m\u00eb shum\u00eb sesa t\u00eb gjitha qeverit\u00eb paraprake marr\u00eb s\u00eb bashku\u201d, tha ai.<\/p>\n","protected":false},"excerpt":{"rendered":"<p>Kryeministri i vendit, Albin Kurti, ka th\u00ebn\u00eb se buxheti i Kosov\u00ebs p\u00ebr vitin 2024 do t\u00eb jet\u00eb buxhet i mbrojtjes dhe siguris\u00eb. P\u00ebr k\u00ebt\u00eb fush\u00eb, Kurti tha se nga 3.3 miliard\u00eb euro jan\u00eb ndar\u00eb 370 milion\u00eb euro, ku ministris\u00eb s\u00eb Pun\u00ebve t\u00eb Brendshme i takojn\u00eb 216 milion\u00eb euro nd\u00ebrsa ministris\u00eb s\u00eb Mbrojtjes 153 milion\u00eb. \u201cUshtris\u00eb [&hellip;]<\/p>\n","protected":false},"author":2,"featured_media":36083,"comment_status":"closed","ping_status":"closed","sticky":false,"template":"","format":"standard","meta":{"_monsterinsights_skip_tracking":false,"_monsterinsights_sitenote_active":false,"_monsterinsights_sitenote_note":"","_monsterinsights_sitenote_category":0,"_uf_show_specific_survey":0,"_uf_disable_surveys":false,"footnotes":""},"categories":[1],"tags":[86],"yoast_head":"<!-- This site is optimized with the Yoast SEO plugin v21.5 - https:\/\/yoast.com\/wordpress\/plugins\/seo\/ -->\n<title>Kurti p\u00ebr buxhetin 2024: Do t\u00eb jet\u00eb i mbrojtjes dhe siguris\u00eb \u2013 ndam\u00eb para m\u00eb shum\u00eb se kurr\u00eb p\u00ebr Lugin\u00ebn<\/title>\n<meta name=\"robots\" content=\"index, follow, max-snippet:-1, max-image-preview:large, max-video-preview:-1\" \/>\n<link rel=\"canonical\" href=\"https:\/\/permbledhja.com\/sq\/kurti-per-buxhetin-2024-do-te-jete-i-mbrojtjes-dhe-sigurise-ndame-para-me-shume-se-kurre-per-luginen\/\" \/>\n<meta property=\"og:locale\" content=\"sq_AL\" \/>\n<meta property=\"og:type\" content=\"article\" \/>\n<meta property=\"og:title\" content=\"Kurti p\u00ebr buxhetin 2024: Do t\u00eb jet\u00eb i mbrojtjes dhe siguris\u00eb \u2013 ndam\u00eb para m\u00eb shum\u00eb se kurr\u00eb p\u00ebr Lugin\u00ebn\" \/>\n<meta property=\"og:description\" content=\"Kryeministri i vendit, Albin Kurti, ka th\u00ebn\u00eb se buxheti i Kosov\u00ebs p\u00ebr vitin 2024 do t\u00eb jet\u00eb buxhet i mbrojtjes dhe siguris\u00eb. P\u00ebr k\u00ebt\u00eb fush\u00eb, Kurti tha se nga 3.3 miliard\u00eb euro jan\u00eb ndar\u00eb 370 milion\u00eb euro, ku ministris\u00eb s\u00eb Pun\u00ebve t\u00eb Brendshme i takojn\u00eb 216 milion\u00eb euro nd\u00ebrsa ministris\u00eb s\u00eb Mbrojtjes 153 milion\u00eb. \u201cUshtris\u00eb [&hellip;]\" \/>\n<meta property=\"og:url\" content=\"https:\/\/permbledhja.com\/sq\/kurti-per-buxhetin-2024-do-te-jete-i-mbrojtjes-dhe-sigurise-ndame-para-me-shume-se-kurre-per-luginen\/\" \/>\n<meta property=\"og:site_name\" content=\"Ve\u00e7 artikuj p\u00ebrmbledh\u00ebs\" \/>\n<meta property=\"article:publisher\" content=\"https:\/\/www.facebook.com\/press07\/\" \/>\n<meta property=\"article:published_time\" content=\"2023-11-16T10:47:50+00:00\" \/>\n<meta property=\"article:modified_time\" content=\"2023-11-16T11:47:48+00:00\" \/>\n<meta property=\"og:image\" content=\"https:\/\/permbledhja.com\/wp-content\/uploads\/2023\/11\/Kurti-2.png\" \/>\n\t<meta property=\"og:image:width\" content=\"1240\" \/>\n\t<meta property=\"og:image:height\" content=\"671\" \/>\n\t<meta property=\"og:image:type\" content=\"image\/png\" \/>\n<meta name=\"author\" content=\"M M\" \/>\n<meta name=\"twitter:card\" content=\"summary_large_image\" \/>\n<meta name=\"twitter:label1\" content=\"Written by\" \/>\n\t<meta name=\"twitter:data1\" content=\"M M\" \/>\n\t<meta name=\"twitter:label2\" content=\"Est. reading time\" \/>\n\t<meta name=\"twitter:data2\" content=\"5 minuta\" \/>\n<script type=\"application\/ld+json\" class=\"yoast-schema-graph\">{\"@context\":\"https:\/\/schema.org\",\"@graph\":[{\"@type\":\"Article\",\"@id\":\"https:\/\/permbledhja.com\/kurti-per-buxhetin-2024-do-te-jete-i-mbrojtjes-dhe-sigurise-ndame-para-me-shume-se-kurre-per-luginen\/#article\",\"isPartOf\":{\"@id\":\"https:\/\/permbledhja.com\/kurti-per-buxhetin-2024-do-te-jete-i-mbrojtjes-dhe-sigurise-ndame-para-me-shume-se-kurre-per-luginen\/\"},\"author\":{\"name\":\"M M\",\"@id\":\"https:\/\/permbledhja.com\/#\/schema\/person\/d23f13f59b5722643933d6780783acf3\"},\"headline\":\"Kurti p\u00ebr buxhetin 2024: Do t\u00eb jet\u00eb i mbrojtjes dhe siguris\u00eb \u2013 ndam\u00eb para m\u00eb shum\u00eb se kurr\u00eb p\u00ebr Lugin\u00ebn\",\"datePublished\":\"2023-11-16T10:47:50+00:00\",\"dateModified\":\"2023-11-16T11:47:48+00:00\",\"mainEntityOfPage\":{\"@id\":\"https:\/\/permbledhja.com\/kurti-per-buxhetin-2024-do-te-jete-i-mbrojtjes-dhe-sigurise-ndame-para-me-shume-se-kurre-per-luginen\/\"},\"wordCount\":869,\"publisher\":{\"@id\":\"https:\/\/permbledhja.com\/#organization\"},\"keywords\":[\"Albin Kurti\"],\"articleSection\":[\"Breaking News\"],\"inLanguage\":\"sq\"},{\"@type\":\"WebPage\",\"@id\":\"https:\/\/permbledhja.com\/kurti-per-buxhetin-2024-do-te-jete-i-mbrojtjes-dhe-sigurise-ndame-para-me-shume-se-kurre-per-luginen\/\",\"url\":\"https:\/\/permbledhja.com\/kurti-per-buxhetin-2024-do-te-jete-i-mbrojtjes-dhe-sigurise-ndame-para-me-shume-se-kurre-per-luginen\/\",\"name\":\"Kurti p\u00ebr buxhetin 2024: Do t\u00eb jet\u00eb i mbrojtjes dhe siguris\u00eb \u2013 ndam\u00eb para m\u00eb shum\u00eb se kurr\u00eb p\u00ebr Lugin\u00ebn\",\"isPartOf\":{\"@id\":\"https:\/\/permbledhja.com\/#website\"},\"datePublished\":\"2023-11-16T10:47:50+00:00\",\"dateModified\":\"2023-11-16T11:47:48+00:00\",\"breadcrumb\":{\"@id\":\"https:\/\/permbledhja.com\/kurti-per-buxhetin-2024-do-te-jete-i-mbrojtjes-dhe-sigurise-ndame-para-me-shume-se-kurre-per-luginen\/#breadcrumb\"},\"inLanguage\":\"sq\",\"potentialAction\":[{\"@type\":\"ReadAction\",\"target\":[\"https:\/\/permbledhja.com\/kurti-per-buxhetin-2024-do-te-jete-i-mbrojtjes-dhe-sigurise-ndame-para-me-shume-se-kurre-per-luginen\/\"]}]},{\"@type\":\"BreadcrumbList\",\"@id\":\"https:\/\/permbledhja.com\/kurti-per-buxhetin-2024-do-te-jete-i-mbrojtjes-dhe-sigurise-ndame-para-me-shume-se-kurre-per-luginen\/#breadcrumb\",\"itemListElement\":[{\"@type\":\"ListItem\",\"position\":1,\"name\":\"Ballina\",\"item\":\"https:\/\/permbledhja.com\/sq\/\"},{\"@type\":\"ListItem\",\"position\":2,\"name\":\"Kurti p\u00ebr buxhetin 2024: Do t\u00eb jet\u00eb i mbrojtjes dhe siguris\u00eb \u2013 ndam\u00eb para m\u00eb shum\u00eb se kurr\u00eb p\u00ebr Lugin\u00ebn\"}]},{\"@type\":\"WebSite\",\"@id\":\"https:\/\/permbledhja.com\/#website\",\"url\":\"https:\/\/permbledhja.com\/\",\"name\":\"Ve\u00e7 artikuj p\u00ebrmbledh\u00ebs\",\"description\":\"\",\"publisher\":{\"@id\":\"https:\/\/permbledhja.com\/#organization\"},\"potentialAction\":[{\"@type\":\"SearchAction\",\"target\":{\"@type\":\"EntryPoint\",\"urlTemplate\":\"https:\/\/permbledhja.com\/?s={search_term_string}\"},\"query-input\":\"required name=search_term_string\"}],\"inLanguage\":\"sq\"},{\"@type\":\"Organization\",\"@id\":\"https:\/\/permbledhja.com\/#organization\",\"name\":\"MK Media & Pr\",\"url\":\"https:\/\/permbledhja.com\/\",\"logo\":{\"@type\":\"ImageObject\",\"inLanguage\":\"sq\",\"@id\":\"https:\/\/permbledhja.com\/#\/schema\/logo\/image\/\",\"url\":\"https:\/\/permbledhja.com\/wp-content\/uploads\/2021\/12\/07-Press-Logo.jpg\",\"contentUrl\":\"https:\/\/permbledhja.com\/wp-content\/uploads\/2021\/12\/07-Press-Logo.jpg\",\"width\":512,\"height\":512,\"caption\":\"MK Media & Pr\"},\"image\":{\"@id\":\"https:\/\/permbledhja.com\/#\/schema\/logo\/image\/\"},\"sameAs\":[\"https:\/\/www.facebook.com\/press07\/\"]},{\"@type\":\"Person\",\"@id\":\"https:\/\/permbledhja.com\/#\/schema\/person\/d23f13f59b5722643933d6780783acf3\",\"name\":\"M M\",\"image\":{\"@type\":\"ImageObject\",\"inLanguage\":\"sq\",\"@id\":\"https:\/\/permbledhja.com\/#\/schema\/person\/image\/\",\"url\":\"https:\/\/secure.gravatar.com\/avatar\/e2835a76ca7c31a2416b2d51c4ec9a8f?s=96&d=mm&r=g\",\"contentUrl\":\"https:\/\/secure.gravatar.com\/avatar\/e2835a76ca7c31a2416b2d51c4ec9a8f?s=96&d=mm&r=g\",\"caption\":\"M M\"},\"sameAs\":[\"http:\/\/MM\"],\"url\":\"https:\/\/permbledhja.com\/sq\/author\/muhamet\/\"}]}<\/script>\n<!-- \/ Yoast SEO plugin. -->","yoast_head_json":{"title":"Kurti p\u00ebr buxhetin 2024: Do t\u00eb jet\u00eb i mbrojtjes dhe siguris\u00eb \u2013 ndam\u00eb para m\u00eb shum\u00eb se kurr\u00eb p\u00ebr Lugin\u00ebn","robots":{"index":"index","follow":"follow","max-snippet":"max-snippet:-1","max-image-preview":"max-image-preview:large","max-video-preview":"max-video-preview:-1"},"canonical":"https:\/\/permbledhja.com\/sq\/kurti-per-buxhetin-2024-do-te-jete-i-mbrojtjes-dhe-sigurise-ndame-para-me-shume-se-kurre-per-luginen\/","og_locale":"sq_AL","og_type":"article","og_title":"Kurti p\u00ebr buxhetin 2024: Do t\u00eb jet\u00eb i mbrojtjes dhe siguris\u00eb \u2013 ndam\u00eb para m\u00eb shum\u00eb se kurr\u00eb p\u00ebr Lugin\u00ebn","og_description":"Kryeministri i vendit, Albin Kurti, ka th\u00ebn\u00eb se buxheti i Kosov\u00ebs p\u00ebr vitin 2024 do t\u00eb jet\u00eb buxhet i mbrojtjes dhe siguris\u00eb. P\u00ebr k\u00ebt\u00eb fush\u00eb, Kurti tha se nga 3.3 miliard\u00eb euro jan\u00eb ndar\u00eb 370 milion\u00eb euro, ku ministris\u00eb s\u00eb Pun\u00ebve t\u00eb Brendshme i takojn\u00eb 216 milion\u00eb euro nd\u00ebrsa ministris\u00eb s\u00eb Mbrojtjes 153 milion\u00eb. \u201cUshtris\u00eb [&hellip;]","og_url":"https:\/\/permbledhja.com\/sq\/kurti-per-buxhetin-2024-do-te-jete-i-mbrojtjes-dhe-sigurise-ndame-para-me-shume-se-kurre-per-luginen\/","og_site_name":"Ve\u00e7 artikuj p\u00ebrmbledh\u00ebs","article_publisher":"https:\/\/www.facebook.com\/press07\/","article_published_time":"2023-11-16T10:47:50+00:00","article_modified_time":"2023-11-16T11:47:48+00:00","og_image":[{"width":1240,"height":671,"url":"https:\/\/permbledhja.com\/wp-content\/uploads\/2023\/11\/Kurti-2.png","type":"image\/png"}],"author":"M M","twitter_card":"summary_large_image","twitter_misc":{"Written by":"M M","Est. reading time":"5 minuta"},"schema":{"@context":"https:\/\/schema.org","@graph":[{"@type":"Article","@id":"https:\/\/permbledhja.com\/kurti-per-buxhetin-2024-do-te-jete-i-mbrojtjes-dhe-sigurise-ndame-para-me-shume-se-kurre-per-luginen\/#article","isPartOf":{"@id":"https:\/\/permbledhja.com\/kurti-per-buxhetin-2024-do-te-jete-i-mbrojtjes-dhe-sigurise-ndame-para-me-shume-se-kurre-per-luginen\/"},"author":{"name":"M M","@id":"https:\/\/permbledhja.com\/#\/schema\/person\/d23f13f59b5722643933d6780783acf3"},"headline":"Kurti p\u00ebr buxhetin 2024: Do t\u00eb jet\u00eb i mbrojtjes dhe siguris\u00eb \u2013 ndam\u00eb para m\u00eb shum\u00eb se kurr\u00eb p\u00ebr Lugin\u00ebn","datePublished":"2023-11-16T10:47:50+00:00","dateModified":"2023-11-16T11:47:48+00:00","mainEntityOfPage":{"@id":"https:\/\/permbledhja.com\/kurti-per-buxhetin-2024-do-te-jete-i-mbrojtjes-dhe-sigurise-ndame-para-me-shume-se-kurre-per-luginen\/"},"wordCount":869,"publisher":{"@id":"https:\/\/permbledhja.com\/#organization"},"keywords":["Albin Kurti"],"articleSection":["Breaking News"],"inLanguage":"sq"},{"@type":"WebPage","@id":"https:\/\/permbledhja.com\/kurti-per-buxhetin-2024-do-te-jete-i-mbrojtjes-dhe-sigurise-ndame-para-me-shume-se-kurre-per-luginen\/","url":"https:\/\/permbledhja.com\/kurti-per-buxhetin-2024-do-te-jete-i-mbrojtjes-dhe-sigurise-ndame-para-me-shume-se-kurre-per-luginen\/","name":"Kurti p\u00ebr buxhetin 2024: Do t\u00eb jet\u00eb i mbrojtjes dhe siguris\u00eb \u2013 ndam\u00eb para m\u00eb shum\u00eb se kurr\u00eb p\u00ebr Lugin\u00ebn","isPartOf":{"@id":"https:\/\/permbledhja.com\/#website"},"datePublished":"2023-11-16T10:47:50+00:00","dateModified":"2023-11-16T11:47:48+00:00","breadcrumb":{"@id":"https:\/\/permbledhja.com\/kurti-per-buxhetin-2024-do-te-jete-i-mbrojtjes-dhe-sigurise-ndame-para-me-shume-se-kurre-per-luginen\/#breadcrumb"},"inLanguage":"sq","potentialAction":[{"@type":"ReadAction","target":["https:\/\/permbledhja.com\/kurti-per-buxhetin-2024-do-te-jete-i-mbrojtjes-dhe-sigurise-ndame-para-me-shume-se-kurre-per-luginen\/"]}]},{"@type":"BreadcrumbList","@id":"https:\/\/permbledhja.com\/kurti-per-buxhetin-2024-do-te-jete-i-mbrojtjes-dhe-sigurise-ndame-para-me-shume-se-kurre-per-luginen\/#breadcrumb","itemListElement":[{"@type":"ListItem","position":1,"name":"Ballina","item":"https:\/\/permbledhja.com\/sq\/"},{"@type":"ListItem","position":2,"name":"Kurti p\u00ebr buxhetin 2024: Do t\u00eb jet\u00eb i mbrojtjes dhe siguris\u00eb \u2013 ndam\u00eb para m\u00eb shum\u00eb se kurr\u00eb p\u00ebr Lugin\u00ebn"}]},{"@type":"WebSite","@id":"https:\/\/permbledhja.com\/#website","url":"https:\/\/permbledhja.com\/","name":"Ve\u00e7 artikuj p\u00ebrmbledh\u00ebs","description":"","publisher":{"@id":"https:\/\/permbledhja.com\/#organization"},"potentialAction":[{"@type":"SearchAction","target":{"@type":"EntryPoint","urlTemplate":"https:\/\/permbledhja.com\/?s={search_term_string}"},"query-input":"required name=search_term_string"}],"inLanguage":"sq"},{"@type":"Organization","@id":"https:\/\/permbledhja.com\/#organization","name":"MK Media & Pr","url":"https:\/\/permbledhja.com\/","logo":{"@type":"ImageObject","inLanguage":"sq","@id":"https:\/\/permbledhja.com\/#\/schema\/logo\/image\/","url":"https:\/\/permbledhja.com\/wp-content\/uploads\/2021\/12\/07-Press-Logo.jpg","contentUrl":"https:\/\/permbledhja.com\/wp-content\/uploads\/2021\/12\/07-Press-Logo.jpg","width":512,"height":512,"caption":"MK Media & Pr"},"image":{"@id":"https:\/\/permbledhja.com\/#\/schema\/logo\/image\/"},"sameAs":["https:\/\/www.facebook.com\/press07\/"]},{"@type":"Person","@id":"https:\/\/permbledhja.com\/#\/schema\/person\/d23f13f59b5722643933d6780783acf3","name":"M M","image":{"@type":"ImageObject","inLanguage":"sq","@id":"https:\/\/permbledhja.com\/#\/schema\/person\/image\/","url":"https:\/\/secure.gravatar.com\/avatar\/e2835a76ca7c31a2416b2d51c4ec9a8f?s=96&d=mm&r=g","contentUrl":"https:\/\/secure.gravatar.com\/avatar\/e2835a76ca7c31a2416b2d51c4ec9a8f?s=96&d=mm&r=g","caption":"M M"},"sameAs":["http:\/\/MM"],"url":"https:\/\/permbledhja.com\/sq\/author\/muhamet\/"}]}},"_links":{"self":[{"href":"https:\/\/permbledhja.com\/sq\/wp-json\/wp\/v2\/posts\/36082"}],"collection":[{"href":"https:\/\/permbledhja.com\/sq\/wp-json\/wp\/v2\/posts"}],"about":[{"href":"https:\/\/permbledhja.com\/sq\/wp-json\/wp\/v2\/types\/post"}],"author":[{"embeddable":true,"href":"https:\/\/permbledhja.com\/sq\/wp-json\/wp\/v2\/users\/2"}],"replies":[{"embeddable":true,"href":"https:\/\/permbledhja.com\/sq\/wp-json\/wp\/v2\/comments?post=36082"}],"version-history":[{"count":1,"href":"https:\/\/permbledhja.com\/sq\/wp-json\/wp\/v2\/posts\/36082\/revisions"}],"predecessor-version":[{"id":36084,"href":"https:\/\/permbledhja.com\/sq\/wp-json\/wp\/v2\/posts\/36082\/revisions\/36084"}],"wp:featuredmedia":[{"embeddable":true,"href":"https:\/\/permbledhja.com\/sq\/wp-json\/wp\/v2\/media\/36083"}],"wp:attachment":[{"href":"https:\/\/permbledhja.com\/sq\/wp-json\/wp\/v2\/media?parent=36082"}],"wp:term":[{"taxonomy":"category","embeddable":true,"href":"https:\/\/permbledhja.com\/sq\/wp-json\/wp\/v2\/categories?post=36082"},{"taxonomy":"post_tag","embeddable":true,"href":"https:\/\/permbledhja.com\/sq\/wp-json\/wp\/v2\/tags?post=36082"}],"curies":[{"name":"wp","href":"https:\/\/api.w.org\/{rel}","templated":true}]}}