{"id":36038,"date":"2023-11-16T08:09:43","date_gmt":"2023-11-16T08:09:43","guid":{"rendered":"https:\/\/permbledhja.com\/?p=36038"},"modified":"2023-11-16T08:09:43","modified_gmt":"2023-11-16T08:09:43","slug":"tahiri-qeverise-me-buxhetin-per-vitin-2024-keni-goditur-shtyllat-vitale-te-ekonomise","status":"publish","type":"post","link":"https:\/\/permbledhja.com\/sq\/tahiri-qeverise-me-buxhetin-per-vitin-2024-keni-goditur-shtyllat-vitale-te-ekonomise\/","title":{"rendered":"Tahiri, qeveris\u00eb: Me buxhetin p\u00ebr vitin 2024 keni goditur shtyllat vitale t\u00eb ekonomis\u00eb"},"content":{"rendered":"<h3>Kryetari i grupit parlamentar t\u00eb AAK-s\u00eb, Besnik Tahiri, ka reaguar p\u00ebr seanc\u00ebn e sotme t\u00eb kuvendit, ku do t\u00eb diskutohet buxheti p\u00ebr vitin 2024.<\/h3>\n<p>Tahiri tha se me nj\u00eb lexim t\u00eb kujdessh\u00ebm, shihet qart\u00eb se sipas tij, qeveria ka goditur shtyllat vitale t\u00eb ekonomis\u00eb.<\/p>\n<p>\u201cE ka kthyer buxhetin n\u00eb skema sociale, jo p\u00ebr t\u00eb p\u00ebrmir\u00ebsuar jet\u00ebn e pensionist\u00ebve e as t\u00eb pun\u00ebsuar\u00ebve n\u00eb institucione shtet\u00ebrore, por duke e \u00e7kepur paran\u00eb publike p\u00ebr q\u00ebllime elektorale\u201d.<\/p>\n<p>\u201cShpejt ju vije fundi edhe juve, ju shkuan 3 vjet e kryhet edhe viti 2024. Turp\u201d, shkroi Tahiri, transmeton Klankosova.tv.<\/p>\n<p>Kujtojm\u00eb se sot, qeveria do t\u00eb sjell\u00eb n\u00eb kuvend projektbuxhetin e vitit 2024, i cili pritet t\u00eb jet\u00eb 3.3 miliard\u00eb euro.<\/p>\n","protected":false},"excerpt":{"rendered":"<p>Kryetari i grupit parlamentar t\u00eb AAK-s\u00eb, Besnik Tahiri, ka reaguar p\u00ebr seanc\u00ebn e sotme t\u00eb kuvendit, ku do t\u00eb diskutohet buxheti p\u00ebr vitin 2024. Tahiri tha se me nj\u00eb lexim t\u00eb kujdessh\u00ebm, shihet qart\u00eb se sipas tij, qeveria ka goditur shtyllat vitale t\u00eb ekonomis\u00eb. \u201cE ka kthyer buxhetin n\u00eb skema sociale, jo p\u00ebr t\u00eb p\u00ebrmir\u00ebsuar [&hellip;]<\/p>\n","protected":false},"author":2,"featured_media":36039,"comment_status":"closed","ping_status":"closed","sticky":false,"template":"","format":"standard","meta":{"_monsterinsights_skip_tracking":false,"_monsterinsights_sitenote_active":false,"_monsterinsights_sitenote_note":"","_monsterinsights_sitenote_category":0,"_uf_show_specific_survey":0,"_uf_disable_surveys":false,"footnotes":""},"categories":[2645],"tags":[922],"yoast_head":"<!-- This site is optimized with the Yoast SEO plugin v21.5 - https:\/\/yoast.com\/wordpress\/plugins\/seo\/ -->\n<title>Tahiri, qeveris\u00eb: Me buxhetin p\u00ebr vitin 2024 keni goditur shtyllat vitale t\u00eb ekonomis\u00eb<\/title>\n<meta name=\"robots\" content=\"index, follow, max-snippet:-1, max-image-preview:large, max-video-preview:-1\" \/>\n<link rel=\"canonical\" href=\"https:\/\/permbledhja.com\/sq\/tahiri-qeverise-me-buxhetin-per-vitin-2024-keni-goditur-shtyllat-vitale-te-ekonomise\/\" \/>\n<meta property=\"og:locale\" content=\"sq_AL\" \/>\n<meta property=\"og:type\" content=\"article\" \/>\n<meta property=\"og:title\" content=\"Tahiri, qeveris\u00eb: Me buxhetin p\u00ebr vitin 2024 keni goditur shtyllat vitale t\u00eb ekonomis\u00eb\" \/>\n<meta property=\"og:description\" content=\"Kryetari i grupit parlamentar t\u00eb AAK-s\u00eb, Besnik Tahiri, ka reaguar p\u00ebr seanc\u00ebn e sotme t\u00eb kuvendit, ku do t\u00eb diskutohet buxheti p\u00ebr vitin 2024. Tahiri tha se me nj\u00eb lexim t\u00eb kujdessh\u00ebm, shihet qart\u00eb se sipas tij, qeveria ka goditur shtyllat vitale t\u00eb ekonomis\u00eb. \u201cE ka kthyer buxhetin n\u00eb skema sociale, jo p\u00ebr t\u00eb p\u00ebrmir\u00ebsuar [&hellip;]\" \/>\n<meta property=\"og:url\" content=\"https:\/\/permbledhja.com\/sq\/tahiri-qeverise-me-buxhetin-per-vitin-2024-keni-goditur-shtyllat-vitale-te-ekonomise\/\" \/>\n<meta property=\"og:site_name\" content=\"Ve\u00e7 artikuj p\u00ebrmbledh\u00ebs\" \/>\n<meta property=\"article:publisher\" content=\"https:\/\/www.facebook.com\/press07\/\" \/>\n<meta property=\"article:published_time\" content=\"2023-11-16T08:09:43+00:00\" \/>\n<meta property=\"og:image\" content=\"https:\/\/permbledhja.com\/wp-content\/uploads\/2023\/11\/besnik-tahiri-kuvend.png\" \/>\n\t<meta property=\"og:image:width\" content=\"696\" \/>\n\t<meta property=\"og:image:height\" content=\"385\" \/>\n\t<meta property=\"og:image:type\" content=\"image\/png\" \/>\n<meta name=\"author\" content=\"M M\" \/>\n<meta name=\"twitter:card\" content=\"summary_large_image\" \/>\n<meta name=\"twitter:label1\" content=\"Written by\" \/>\n\t<meta name=\"twitter:data1\" content=\"M M\" \/>\n\t<meta name=\"twitter:label2\" content=\"Est. reading time\" \/>\n\t<meta name=\"twitter:data2\" content=\"1 minut\u00eb\" \/>\n<script type=\"application\/ld+json\" class=\"yoast-schema-graph\">{\"@context\":\"https:\/\/schema.org\",\"@graph\":[{\"@type\":\"Article\",\"@id\":\"https:\/\/permbledhja.com\/tahiri-qeverise-me-buxhetin-per-vitin-2024-keni-goditur-shtyllat-vitale-te-ekonomise\/#article\",\"isPartOf\":{\"@id\":\"https:\/\/permbledhja.com\/tahiri-qeverise-me-buxhetin-per-vitin-2024-keni-goditur-shtyllat-vitale-te-ekonomise\/\"},\"author\":{\"name\":\"M M\",\"@id\":\"https:\/\/permbledhja.com\/#\/schema\/person\/d23f13f59b5722643933d6780783acf3\"},\"headline\":\"Tahiri, qeveris\u00eb: Me buxhetin p\u00ebr vitin 2024 keni goditur shtyllat vitale t\u00eb ekonomis\u00eb\",\"datePublished\":\"2023-11-16T08:09:43+00:00\",\"dateModified\":\"2023-11-16T08:09:43+00:00\",\"mainEntityOfPage\":{\"@id\":\"https:\/\/permbledhja.com\/tahiri-qeverise-me-buxhetin-per-vitin-2024-keni-goditur-shtyllat-vitale-te-ekonomise\/\"},\"wordCount\":138,\"publisher\":{\"@id\":\"https:\/\/permbledhja.com\/#organization\"},\"keywords\":[\"Besnik Tahiri\"],\"articleSection\":[\"T\u00eb r\u00ebnd\u00ebsishme\"],\"inLanguage\":\"sq\"},{\"@type\":\"WebPage\",\"@id\":\"https:\/\/permbledhja.com\/tahiri-qeverise-me-buxhetin-per-vitin-2024-keni-goditur-shtyllat-vitale-te-ekonomise\/\",\"url\":\"https:\/\/permbledhja.com\/tahiri-qeverise-me-buxhetin-per-vitin-2024-keni-goditur-shtyllat-vitale-te-ekonomise\/\",\"name\":\"Tahiri, qeveris\u00eb: Me buxhetin p\u00ebr vitin 2024 keni goditur shtyllat vitale t\u00eb ekonomis\u00eb\",\"isPartOf\":{\"@id\":\"https:\/\/permbledhja.com\/#website\"},\"datePublished\":\"2023-11-16T08:09:43+00:00\",\"dateModified\":\"2023-11-16T08:09:43+00:00\",\"breadcrumb\":{\"@id\":\"https:\/\/permbledhja.com\/tahiri-qeverise-me-buxhetin-per-vitin-2024-keni-goditur-shtyllat-vitale-te-ekonomise\/#breadcrumb\"},\"inLanguage\":\"sq\",\"potentialAction\":[{\"@type\":\"ReadAction\",\"target\":[\"https:\/\/permbledhja.com\/tahiri-qeverise-me-buxhetin-per-vitin-2024-keni-goditur-shtyllat-vitale-te-ekonomise\/\"]}]},{\"@type\":\"BreadcrumbList\",\"@id\":\"https:\/\/permbledhja.com\/tahiri-qeverise-me-buxhetin-per-vitin-2024-keni-goditur-shtyllat-vitale-te-ekonomise\/#breadcrumb\",\"itemListElement\":[{\"@type\":\"ListItem\",\"position\":1,\"name\":\"Ballina\",\"item\":\"https:\/\/permbledhja.com\/sq\/\"},{\"@type\":\"ListItem\",\"position\":2,\"name\":\"Tahiri, qeveris\u00eb: Me buxhetin p\u00ebr vitin 2024 keni goditur shtyllat vitale t\u00eb ekonomis\u00eb\"}]},{\"@type\":\"WebSite\",\"@id\":\"https:\/\/permbledhja.com\/#website\",\"url\":\"https:\/\/permbledhja.com\/\",\"name\":\"Ve\u00e7 artikuj p\u00ebrmbledh\u00ebs\",\"description\":\"\",\"publisher\":{\"@id\":\"https:\/\/permbledhja.com\/#organization\"},\"potentialAction\":[{\"@type\":\"SearchAction\",\"target\":{\"@type\":\"EntryPoint\",\"urlTemplate\":\"https:\/\/permbledhja.com\/?s={search_term_string}\"},\"query-input\":\"required name=search_term_string\"}],\"inLanguage\":\"sq\"},{\"@type\":\"Organization\",\"@id\":\"https:\/\/permbledhja.com\/#organization\",\"name\":\"MK Media & Pr\",\"url\":\"https:\/\/permbledhja.com\/\",\"logo\":{\"@type\":\"ImageObject\",\"inLanguage\":\"sq\",\"@id\":\"https:\/\/permbledhja.com\/#\/schema\/logo\/image\/\",\"url\":\"https:\/\/permbledhja.com\/wp-content\/uploads\/2021\/12\/07-Press-Logo.jpg\",\"contentUrl\":\"https:\/\/permbledhja.com\/wp-content\/uploads\/2021\/12\/07-Press-Logo.jpg\",\"width\":512,\"height\":512,\"caption\":\"MK Media & Pr\"},\"image\":{\"@id\":\"https:\/\/permbledhja.com\/#\/schema\/logo\/image\/\"},\"sameAs\":[\"https:\/\/www.facebook.com\/press07\/\"]},{\"@type\":\"Person\",\"@id\":\"https:\/\/permbledhja.com\/#\/schema\/person\/d23f13f59b5722643933d6780783acf3\",\"name\":\"M M\",\"image\":{\"@type\":\"ImageObject\",\"inLanguage\":\"sq\",\"@id\":\"https:\/\/permbledhja.com\/#\/schema\/person\/image\/\",\"url\":\"https:\/\/secure.gravatar.com\/avatar\/e2835a76ca7c31a2416b2d51c4ec9a8f?s=96&d=mm&r=g\",\"contentUrl\":\"https:\/\/secure.gravatar.com\/avatar\/e2835a76ca7c31a2416b2d51c4ec9a8f?s=96&d=mm&r=g\",\"caption\":\"M M\"},\"sameAs\":[\"http:\/\/MM\"],\"url\":\"https:\/\/permbledhja.com\/sq\/author\/muhamet\/\"}]}<\/script>\n<!-- \/ Yoast SEO plugin. -->","yoast_head_json":{"title":"Tahiri, qeveris\u00eb: Me buxhetin p\u00ebr vitin 2024 keni goditur shtyllat vitale t\u00eb ekonomis\u00eb","robots":{"index":"index","follow":"follow","max-snippet":"max-snippet:-1","max-image-preview":"max-image-preview:large","max-video-preview":"max-video-preview:-1"},"canonical":"https:\/\/permbledhja.com\/sq\/tahiri-qeverise-me-buxhetin-per-vitin-2024-keni-goditur-shtyllat-vitale-te-ekonomise\/","og_locale":"sq_AL","og_type":"article","og_title":"Tahiri, qeveris\u00eb: Me buxhetin p\u00ebr vitin 2024 keni goditur shtyllat vitale t\u00eb ekonomis\u00eb","og_description":"Kryetari i grupit parlamentar t\u00eb AAK-s\u00eb, Besnik Tahiri, ka reaguar p\u00ebr seanc\u00ebn e sotme t\u00eb kuvendit, ku do t\u00eb diskutohet buxheti p\u00ebr vitin 2024. Tahiri tha se me nj\u00eb lexim t\u00eb kujdessh\u00ebm, shihet qart\u00eb se sipas tij, qeveria ka goditur shtyllat vitale t\u00eb ekonomis\u00eb. \u201cE ka kthyer buxhetin n\u00eb skema sociale, jo p\u00ebr t\u00eb p\u00ebrmir\u00ebsuar [&hellip;]","og_url":"https:\/\/permbledhja.com\/sq\/tahiri-qeverise-me-buxhetin-per-vitin-2024-keni-goditur-shtyllat-vitale-te-ekonomise\/","og_site_name":"Ve\u00e7 artikuj p\u00ebrmbledh\u00ebs","article_publisher":"https:\/\/www.facebook.com\/press07\/","article_published_time":"2023-11-16T08:09:43+00:00","og_image":[{"width":696,"height":385,"url":"https:\/\/permbledhja.com\/wp-content\/uploads\/2023\/11\/besnik-tahiri-kuvend.png","type":"image\/png"}],"author":"M M","twitter_card":"summary_large_image","twitter_misc":{"Written by":"M M","Est. reading time":"1 minut\u00eb"},"schema":{"@context":"https:\/\/schema.org","@graph":[{"@type":"Article","@id":"https:\/\/permbledhja.com\/tahiri-qeverise-me-buxhetin-per-vitin-2024-keni-goditur-shtyllat-vitale-te-ekonomise\/#article","isPartOf":{"@id":"https:\/\/permbledhja.com\/tahiri-qeverise-me-buxhetin-per-vitin-2024-keni-goditur-shtyllat-vitale-te-ekonomise\/"},"author":{"name":"M M","@id":"https:\/\/permbledhja.com\/#\/schema\/person\/d23f13f59b5722643933d6780783acf3"},"headline":"Tahiri, qeveris\u00eb: Me buxhetin p\u00ebr vitin 2024 keni goditur shtyllat vitale t\u00eb ekonomis\u00eb","datePublished":"2023-11-16T08:09:43+00:00","dateModified":"2023-11-16T08:09:43+00:00","mainEntityOfPage":{"@id":"https:\/\/permbledhja.com\/tahiri-qeverise-me-buxhetin-per-vitin-2024-keni-goditur-shtyllat-vitale-te-ekonomise\/"},"wordCount":138,"publisher":{"@id":"https:\/\/permbledhja.com\/#organization"},"keywords":["Besnik Tahiri"],"articleSection":["T\u00eb r\u00ebnd\u00ebsishme"],"inLanguage":"sq"},{"@type":"WebPage","@id":"https:\/\/permbledhja.com\/tahiri-qeverise-me-buxhetin-per-vitin-2024-keni-goditur-shtyllat-vitale-te-ekonomise\/","url":"https:\/\/permbledhja.com\/tahiri-qeverise-me-buxhetin-per-vitin-2024-keni-goditur-shtyllat-vitale-te-ekonomise\/","name":"Tahiri, qeveris\u00eb: Me buxhetin p\u00ebr vitin 2024 keni goditur shtyllat vitale t\u00eb ekonomis\u00eb","isPartOf":{"@id":"https:\/\/permbledhja.com\/#website"},"datePublished":"2023-11-16T08:09:43+00:00","dateModified":"2023-11-16T08:09:43+00:00","breadcrumb":{"@id":"https:\/\/permbledhja.com\/tahiri-qeverise-me-buxhetin-per-vitin-2024-keni-goditur-shtyllat-vitale-te-ekonomise\/#breadcrumb"},"inLanguage":"sq","potentialAction":[{"@type":"ReadAction","target":["https:\/\/permbledhja.com\/tahiri-qeverise-me-buxhetin-per-vitin-2024-keni-goditur-shtyllat-vitale-te-ekonomise\/"]}]},{"@type":"BreadcrumbList","@id":"https:\/\/permbledhja.com\/tahiri-qeverise-me-buxhetin-per-vitin-2024-keni-goditur-shtyllat-vitale-te-ekonomise\/#breadcrumb","itemListElement":[{"@type":"ListItem","position":1,"name":"Ballina","item":"https:\/\/permbledhja.com\/sq\/"},{"@type":"ListItem","position":2,"name":"Tahiri, qeveris\u00eb: Me buxhetin p\u00ebr vitin 2024 keni goditur shtyllat vitale t\u00eb ekonomis\u00eb"}]},{"@type":"WebSite","@id":"https:\/\/permbledhja.com\/#website","url":"https:\/\/permbledhja.com\/","name":"Ve\u00e7 artikuj p\u00ebrmbledh\u00ebs","description":"","publisher":{"@id":"https:\/\/permbledhja.com\/#organization"},"potentialAction":[{"@type":"SearchAction","target":{"@type":"EntryPoint","urlTemplate":"https:\/\/permbledhja.com\/?s={search_term_string}"},"query-input":"required name=search_term_string"}],"inLanguage":"sq"},{"@type":"Organization","@id":"https:\/\/permbledhja.com\/#organization","name":"MK Media & Pr","url":"https:\/\/permbledhja.com\/","logo":{"@type":"ImageObject","inLanguage":"sq","@id":"https:\/\/permbledhja.com\/#\/schema\/logo\/image\/","url":"https:\/\/permbledhja.com\/wp-content\/uploads\/2021\/12\/07-Press-Logo.jpg","contentUrl":"https:\/\/permbledhja.com\/wp-content\/uploads\/2021\/12\/07-Press-Logo.jpg","width":512,"height":512,"caption":"MK Media & Pr"},"image":{"@id":"https:\/\/permbledhja.com\/#\/schema\/logo\/image\/"},"sameAs":["https:\/\/www.facebook.com\/press07\/"]},{"@type":"Person","@id":"https:\/\/permbledhja.com\/#\/schema\/person\/d23f13f59b5722643933d6780783acf3","name":"M M","image":{"@type":"ImageObject","inLanguage":"sq","@id":"https:\/\/permbledhja.com\/#\/schema\/person\/image\/","url":"https:\/\/secure.gravatar.com\/avatar\/e2835a76ca7c31a2416b2d51c4ec9a8f?s=96&d=mm&r=g","contentUrl":"https:\/\/secure.gravatar.com\/avatar\/e2835a76ca7c31a2416b2d51c4ec9a8f?s=96&d=mm&r=g","caption":"M M"},"sameAs":["http:\/\/MM"],"url":"https:\/\/permbledhja.com\/sq\/author\/muhamet\/"}]}},"_links":{"self":[{"href":"https:\/\/permbledhja.com\/sq\/wp-json\/wp\/v2\/posts\/36038"}],"collection":[{"href":"https:\/\/permbledhja.com\/sq\/wp-json\/wp\/v2\/posts"}],"about":[{"href":"https:\/\/permbledhja.com\/sq\/wp-json\/wp\/v2\/types\/post"}],"author":[{"embeddable":true,"href":"https:\/\/permbledhja.com\/sq\/wp-json\/wp\/v2\/users\/2"}],"replies":[{"embeddable":true,"href":"https:\/\/permbledhja.com\/sq\/wp-json\/wp\/v2\/comments?post=36038"}],"version-history":[{"count":1,"href":"https:\/\/permbledhja.com\/sq\/wp-json\/wp\/v2\/posts\/36038\/revisions"}],"predecessor-version":[{"id":36040,"href":"https:\/\/permbledhja.com\/sq\/wp-json\/wp\/v2\/posts\/36038\/revisions\/36040"}],"wp:featuredmedia":[{"embeddable":true,"href":"https:\/\/permbledhja.com\/sq\/wp-json\/wp\/v2\/media\/36039"}],"wp:attachment":[{"href":"https:\/\/permbledhja.com\/sq\/wp-json\/wp\/v2\/media?parent=36038"}],"wp:term":[{"taxonomy":"category","embeddable":true,"href":"https:\/\/permbledhja.com\/sq\/wp-json\/wp\/v2\/categories?post=36038"},{"taxonomy":"post_tag","embeddable":true,"href":"https:\/\/permbledhja.com\/sq\/wp-json\/wp\/v2\/tags?post=36038"}],"curies":[{"name":"wp","href":"https:\/\/api.w.org\/{rel}","templated":true}]}}