{"id":35608,"date":"2023-11-13T09:52:17","date_gmt":"2023-11-13T09:52:17","guid":{"rendered":"https:\/\/permbledhja.com\/?p=35608"},"modified":"2023-11-13T09:52:17","modified_gmt":"2023-11-13T09:52:17","slug":"kryediplomatja-gjermane-me-porosi-te-qarte-per-perspektiven-e-anetaresimit-te-kosoves-ne-be","status":"publish","type":"post","link":"https:\/\/permbledhja.com\/sq\/kryediplomatja-gjermane-me-porosi-te-qarte-per-perspektiven-e-anetaresimit-te-kosoves-ne-be\/","title":{"rendered":"Kryediplomatja gjermane me porosi t\u00eb qart\u00eb p\u00ebr perspektiv\u00ebn e an\u00ebtar\u00ebsimit t\u00eb Kosov\u00ebs n\u00eb BE"},"content":{"rendered":"<h3>Ministrja e pun\u00ebve t\u00eb Jashtme t\u00eb Gjermanis\u00eb, Annalena Baerbock, ka dh\u00ebn\u00eb porosi t\u00eb qarta p\u00ebr perspektiv\u00ebn e an\u00ebtar\u00ebsimit t\u00eb Kosov\u00ebs, Shqip\u00ebris\u00eb, Malit t\u00eb Zi, Maqedonis\u00eb s\u00eb Veriut, Bosnj\u00ebs e Serbis\u00eb n\u00eb Bashkim Evropian.<\/h3>\n<p>Kur foli para gazetar\u00ebve n\u00eb nisje t\u00eb takimit t\u00eb shefave e shefeve t\u00eb diplomacis\u00eb s\u00eb 27 vendeve an\u00ebtare t\u00eb BE-s\u00eb q\u00eb po mbahet k\u00ebt\u00eb t\u00eb h\u00ebn\u00eb n\u00eb Bruksel, diplomatja gjermane, gjithashtu potencoi r\u00ebnd\u00ebsin\u00eb e pjes\u00ebmarrjes s\u00eb gjasht\u00eb ministrave t\u00eb jasht\u00ebm nga per\u00ebndimi i Ballkanit t\u00eb cil\u00ebt do takohen me evropian\u00ebt, n\u00eb nj\u00eb sesion pas mbledhjes s\u00eb K\u00ebshillit t\u00eb Ministrave, njofton Klankosova.tv.<\/p>\n<p>\u201cOferta e paqes dhe siguris\u00eb n\u00eb Bashkimin Evropian \u00ebsht\u00eb mburoja mbrojt\u00ebse m\u00eb e r\u00ebnd\u00ebsishme tani edhe p\u00ebr partner\u00ebt dhe miqt\u00eb tan\u00eb n\u00eb Ballkanin Per\u00ebndimor. Prandaj \u00ebsht\u00eb kaq qendrore ,q\u00eb ne n\u00eb k\u00ebto koh\u00ebra ta kuptojm\u00eb q\u00eb zgjerimi \u00ebsht\u00eb nj\u00eb \u00e7\u00ebshtje gjeopolitike, dhe q\u00eb p\u00ebr paqe e siguri n\u00eb Evrop\u00eb, nuk duhet t\u00eb ket\u00eb \u201czona gri\u201d. Me vjen mir\u00eb q\u00eb sot ministrat e ministret e gjasht\u00eb shteteve t\u00eb Ballkanit Per\u00ebndimor, s\u00ebrish jan\u00eb n\u00eb takim me ne\u201d, tha Baerbock.<\/p>\n<p>Kryediplomatja nga Berlini, shtoi se BE-ja forcohet me zgjerimin q\u00eb pritet t\u00eb b\u00ebhet me shtete t\u00eb reja an\u00ebtare<\/p>\n","protected":false},"excerpt":{"rendered":"<p>Ministrja e pun\u00ebve t\u00eb Jashtme t\u00eb Gjermanis\u00eb, Annalena Baerbock, ka dh\u00ebn\u00eb porosi t\u00eb qarta p\u00ebr perspektiv\u00ebn e an\u00ebtar\u00ebsimit t\u00eb Kosov\u00ebs, Shqip\u00ebris\u00eb, Malit t\u00eb Zi, Maqedonis\u00eb s\u00eb Veriut, Bosnj\u00ebs e Serbis\u00eb n\u00eb Bashkim Evropian. Kur foli para gazetar\u00ebve n\u00eb nisje t\u00eb takimit t\u00eb shefave e shefeve t\u00eb diplomacis\u00eb s\u00eb 27 vendeve an\u00ebtare t\u00eb BE-s\u00eb q\u00eb po [&hellip;]<\/p>\n","protected":false},"author":2,"featured_media":35609,"comment_status":"closed","ping_status":"closed","sticky":false,"template":"","format":"standard","meta":{"_monsterinsights_skip_tracking":false,"_monsterinsights_sitenote_active":false,"_monsterinsights_sitenote_note":"","_monsterinsights_sitenote_category":0,"_uf_show_specific_survey":0,"_uf_disable_surveys":false,"footnotes":""},"categories":[23,15],"tags":[],"yoast_head":"<!-- This site is optimized with the Yoast SEO plugin v21.5 - https:\/\/yoast.com\/wordpress\/plugins\/seo\/ -->\n<title>Kryediplomatja gjermane me porosi t\u00eb qart\u00eb p\u00ebr perspektiv\u00ebn e an\u00ebtar\u00ebsimit t\u00eb Kosov\u00ebs n\u00eb BE<\/title>\n<meta name=\"robots\" content=\"index, follow, max-snippet:-1, max-image-preview:large, max-video-preview:-1\" \/>\n<link rel=\"canonical\" href=\"https:\/\/permbledhja.com\/sq\/kryediplomatja-gjermane-me-porosi-te-qarte-per-perspektiven-e-anetaresimit-te-kosoves-ne-be\/\" \/>\n<meta property=\"og:locale\" content=\"sq_AL\" \/>\n<meta property=\"og:type\" content=\"article\" \/>\n<meta property=\"og:title\" content=\"Kryediplomatja gjermane me porosi t\u00eb qart\u00eb p\u00ebr perspektiv\u00ebn e an\u00ebtar\u00ebsimit t\u00eb Kosov\u00ebs n\u00eb BE\" \/>\n<meta property=\"og:description\" content=\"Ministrja e pun\u00ebve t\u00eb Jashtme t\u00eb Gjermanis\u00eb, Annalena Baerbock, ka dh\u00ebn\u00eb porosi t\u00eb qarta p\u00ebr perspektiv\u00ebn e an\u00ebtar\u00ebsimit t\u00eb Kosov\u00ebs, Shqip\u00ebris\u00eb, Malit t\u00eb Zi, Maqedonis\u00eb s\u00eb Veriut, Bosnj\u00ebs e Serbis\u00eb n\u00eb Bashkim Evropian. Kur foli para gazetar\u00ebve n\u00eb nisje t\u00eb takimit t\u00eb shefave e shefeve t\u00eb diplomacis\u00eb s\u00eb 27 vendeve an\u00ebtare t\u00eb BE-s\u00eb q\u00eb po [&hellip;]\" \/>\n<meta property=\"og:url\" content=\"https:\/\/permbledhja.com\/sq\/kryediplomatja-gjermane-me-porosi-te-qarte-per-perspektiven-e-anetaresimit-te-kosoves-ne-be\/\" \/>\n<meta property=\"og:site_name\" content=\"Ve\u00e7 artikuj p\u00ebrmbledh\u00ebs\" \/>\n<meta property=\"article:publisher\" content=\"https:\/\/www.facebook.com\/press07\/\" \/>\n<meta property=\"article:published_time\" content=\"2023-11-13T09:52:17+00:00\" \/>\n<meta property=\"og:image\" content=\"https:\/\/permbledhja.com\/wp-content\/uploads\/2023\/11\/Gjermanja.jpg\" \/>\n\t<meta property=\"og:image:width\" content=\"1040\" \/>\n\t<meta property=\"og:image:height\" content=\"801\" \/>\n\t<meta property=\"og:image:type\" content=\"image\/jpeg\" \/>\n<meta name=\"author\" content=\"M M\" \/>\n<meta name=\"twitter:card\" content=\"summary_large_image\" \/>\n<meta name=\"twitter:label1\" content=\"Written by\" \/>\n\t<meta name=\"twitter:data1\" content=\"M M\" \/>\n\t<meta name=\"twitter:label2\" content=\"Est. reading time\" \/>\n\t<meta name=\"twitter:data2\" content=\"2 minuta\" \/>\n<script type=\"application\/ld+json\" class=\"yoast-schema-graph\">{\"@context\":\"https:\/\/schema.org\",\"@graph\":[{\"@type\":\"Article\",\"@id\":\"https:\/\/permbledhja.com\/kryediplomatja-gjermane-me-porosi-te-qarte-per-perspektiven-e-anetaresimit-te-kosoves-ne-be\/#article\",\"isPartOf\":{\"@id\":\"https:\/\/permbledhja.com\/kryediplomatja-gjermane-me-porosi-te-qarte-per-perspektiven-e-anetaresimit-te-kosoves-ne-be\/\"},\"author\":{\"name\":\"M M\",\"@id\":\"https:\/\/permbledhja.com\/#\/schema\/person\/d23f13f59b5722643933d6780783acf3\"},\"headline\":\"Kryediplomatja gjermane me porosi t\u00eb qart\u00eb p\u00ebr perspektiv\u00ebn e an\u00ebtar\u00ebsimit t\u00eb Kosov\u00ebs n\u00eb BE\",\"datePublished\":\"2023-11-13T09:52:17+00:00\",\"dateModified\":\"2023-11-13T09:52:17+00:00\",\"mainEntityOfPage\":{\"@id\":\"https:\/\/permbledhja.com\/kryediplomatja-gjermane-me-porosi-te-qarte-per-perspektiven-e-anetaresimit-te-kosoves-ne-be\/\"},\"wordCount\":242,\"publisher\":{\"@id\":\"https:\/\/permbledhja.com\/#organization\"},\"articleSection\":[\"Komb\u00ebtare\",\"Lajme\"],\"inLanguage\":\"sq\"},{\"@type\":\"WebPage\",\"@id\":\"https:\/\/permbledhja.com\/kryediplomatja-gjermane-me-porosi-te-qarte-per-perspektiven-e-anetaresimit-te-kosoves-ne-be\/\",\"url\":\"https:\/\/permbledhja.com\/kryediplomatja-gjermane-me-porosi-te-qarte-per-perspektiven-e-anetaresimit-te-kosoves-ne-be\/\",\"name\":\"Kryediplomatja gjermane me porosi t\u00eb qart\u00eb p\u00ebr perspektiv\u00ebn e an\u00ebtar\u00ebsimit t\u00eb Kosov\u00ebs n\u00eb BE\",\"isPartOf\":{\"@id\":\"https:\/\/permbledhja.com\/#website\"},\"datePublished\":\"2023-11-13T09:52:17+00:00\",\"dateModified\":\"2023-11-13T09:52:17+00:00\",\"breadcrumb\":{\"@id\":\"https:\/\/permbledhja.com\/kryediplomatja-gjermane-me-porosi-te-qarte-per-perspektiven-e-anetaresimit-te-kosoves-ne-be\/#breadcrumb\"},\"inLanguage\":\"sq\",\"potentialAction\":[{\"@type\":\"ReadAction\",\"target\":[\"https:\/\/permbledhja.com\/kryediplomatja-gjermane-me-porosi-te-qarte-per-perspektiven-e-anetaresimit-te-kosoves-ne-be\/\"]}]},{\"@type\":\"BreadcrumbList\",\"@id\":\"https:\/\/permbledhja.com\/kryediplomatja-gjermane-me-porosi-te-qarte-per-perspektiven-e-anetaresimit-te-kosoves-ne-be\/#breadcrumb\",\"itemListElement\":[{\"@type\":\"ListItem\",\"position\":1,\"name\":\"Ballina\",\"item\":\"https:\/\/permbledhja.com\/sq\/\"},{\"@type\":\"ListItem\",\"position\":2,\"name\":\"Kryediplomatja gjermane me porosi t\u00eb qart\u00eb p\u00ebr perspektiv\u00ebn e an\u00ebtar\u00ebsimit t\u00eb Kosov\u00ebs n\u00eb BE\"}]},{\"@type\":\"WebSite\",\"@id\":\"https:\/\/permbledhja.com\/#website\",\"url\":\"https:\/\/permbledhja.com\/\",\"name\":\"Ve\u00e7 artikuj p\u00ebrmbledh\u00ebs\",\"description\":\"\",\"publisher\":{\"@id\":\"https:\/\/permbledhja.com\/#organization\"},\"potentialAction\":[{\"@type\":\"SearchAction\",\"target\":{\"@type\":\"EntryPoint\",\"urlTemplate\":\"https:\/\/permbledhja.com\/?s={search_term_string}\"},\"query-input\":\"required name=search_term_string\"}],\"inLanguage\":\"sq\"},{\"@type\":\"Organization\",\"@id\":\"https:\/\/permbledhja.com\/#organization\",\"name\":\"MK Media & Pr\",\"url\":\"https:\/\/permbledhja.com\/\",\"logo\":{\"@type\":\"ImageObject\",\"inLanguage\":\"sq\",\"@id\":\"https:\/\/permbledhja.com\/#\/schema\/logo\/image\/\",\"url\":\"https:\/\/permbledhja.com\/wp-content\/uploads\/2021\/12\/07-Press-Logo.jpg\",\"contentUrl\":\"https:\/\/permbledhja.com\/wp-content\/uploads\/2021\/12\/07-Press-Logo.jpg\",\"width\":512,\"height\":512,\"caption\":\"MK Media & Pr\"},\"image\":{\"@id\":\"https:\/\/permbledhja.com\/#\/schema\/logo\/image\/\"},\"sameAs\":[\"https:\/\/www.facebook.com\/press07\/\"]},{\"@type\":\"Person\",\"@id\":\"https:\/\/permbledhja.com\/#\/schema\/person\/d23f13f59b5722643933d6780783acf3\",\"name\":\"M M\",\"image\":{\"@type\":\"ImageObject\",\"inLanguage\":\"sq\",\"@id\":\"https:\/\/permbledhja.com\/#\/schema\/person\/image\/\",\"url\":\"https:\/\/secure.gravatar.com\/avatar\/e2835a76ca7c31a2416b2d51c4ec9a8f?s=96&d=mm&r=g\",\"contentUrl\":\"https:\/\/secure.gravatar.com\/avatar\/e2835a76ca7c31a2416b2d51c4ec9a8f?s=96&d=mm&r=g\",\"caption\":\"M M\"},\"sameAs\":[\"http:\/\/MM\"],\"url\":\"https:\/\/permbledhja.com\/sq\/author\/muhamet\/\"}]}<\/script>\n<!-- \/ Yoast SEO plugin. -->","yoast_head_json":{"title":"Kryediplomatja gjermane me porosi t\u00eb qart\u00eb p\u00ebr perspektiv\u00ebn e an\u00ebtar\u00ebsimit t\u00eb Kosov\u00ebs n\u00eb BE","robots":{"index":"index","follow":"follow","max-snippet":"max-snippet:-1","max-image-preview":"max-image-preview:large","max-video-preview":"max-video-preview:-1"},"canonical":"https:\/\/permbledhja.com\/sq\/kryediplomatja-gjermane-me-porosi-te-qarte-per-perspektiven-e-anetaresimit-te-kosoves-ne-be\/","og_locale":"sq_AL","og_type":"article","og_title":"Kryediplomatja gjermane me porosi t\u00eb qart\u00eb p\u00ebr perspektiv\u00ebn e an\u00ebtar\u00ebsimit t\u00eb Kosov\u00ebs n\u00eb BE","og_description":"Ministrja e pun\u00ebve t\u00eb Jashtme t\u00eb Gjermanis\u00eb, Annalena Baerbock, ka dh\u00ebn\u00eb porosi t\u00eb qarta p\u00ebr perspektiv\u00ebn e an\u00ebtar\u00ebsimit t\u00eb Kosov\u00ebs, Shqip\u00ebris\u00eb, Malit t\u00eb Zi, Maqedonis\u00eb s\u00eb Veriut, Bosnj\u00ebs e Serbis\u00eb n\u00eb Bashkim Evropian. Kur foli para gazetar\u00ebve n\u00eb nisje t\u00eb takimit t\u00eb shefave e shefeve t\u00eb diplomacis\u00eb s\u00eb 27 vendeve an\u00ebtare t\u00eb BE-s\u00eb q\u00eb po [&hellip;]","og_url":"https:\/\/permbledhja.com\/sq\/kryediplomatja-gjermane-me-porosi-te-qarte-per-perspektiven-e-anetaresimit-te-kosoves-ne-be\/","og_site_name":"Ve\u00e7 artikuj p\u00ebrmbledh\u00ebs","article_publisher":"https:\/\/www.facebook.com\/press07\/","article_published_time":"2023-11-13T09:52:17+00:00","og_image":[{"width":1040,"height":801,"url":"https:\/\/permbledhja.com\/wp-content\/uploads\/2023\/11\/Gjermanja.jpg","type":"image\/jpeg"}],"author":"M M","twitter_card":"summary_large_image","twitter_misc":{"Written by":"M M","Est. reading time":"2 minuta"},"schema":{"@context":"https:\/\/schema.org","@graph":[{"@type":"Article","@id":"https:\/\/permbledhja.com\/kryediplomatja-gjermane-me-porosi-te-qarte-per-perspektiven-e-anetaresimit-te-kosoves-ne-be\/#article","isPartOf":{"@id":"https:\/\/permbledhja.com\/kryediplomatja-gjermane-me-porosi-te-qarte-per-perspektiven-e-anetaresimit-te-kosoves-ne-be\/"},"author":{"name":"M M","@id":"https:\/\/permbledhja.com\/#\/schema\/person\/d23f13f59b5722643933d6780783acf3"},"headline":"Kryediplomatja gjermane me porosi t\u00eb qart\u00eb p\u00ebr perspektiv\u00ebn e an\u00ebtar\u00ebsimit t\u00eb Kosov\u00ebs n\u00eb BE","datePublished":"2023-11-13T09:52:17+00:00","dateModified":"2023-11-13T09:52:17+00:00","mainEntityOfPage":{"@id":"https:\/\/permbledhja.com\/kryediplomatja-gjermane-me-porosi-te-qarte-per-perspektiven-e-anetaresimit-te-kosoves-ne-be\/"},"wordCount":242,"publisher":{"@id":"https:\/\/permbledhja.com\/#organization"},"articleSection":["Komb\u00ebtare","Lajme"],"inLanguage":"sq"},{"@type":"WebPage","@id":"https:\/\/permbledhja.com\/kryediplomatja-gjermane-me-porosi-te-qarte-per-perspektiven-e-anetaresimit-te-kosoves-ne-be\/","url":"https:\/\/permbledhja.com\/kryediplomatja-gjermane-me-porosi-te-qarte-per-perspektiven-e-anetaresimit-te-kosoves-ne-be\/","name":"Kryediplomatja gjermane me porosi t\u00eb qart\u00eb p\u00ebr perspektiv\u00ebn e an\u00ebtar\u00ebsimit t\u00eb Kosov\u00ebs n\u00eb BE","isPartOf":{"@id":"https:\/\/permbledhja.com\/#website"},"datePublished":"2023-11-13T09:52:17+00:00","dateModified":"2023-11-13T09:52:17+00:00","breadcrumb":{"@id":"https:\/\/permbledhja.com\/kryediplomatja-gjermane-me-porosi-te-qarte-per-perspektiven-e-anetaresimit-te-kosoves-ne-be\/#breadcrumb"},"inLanguage":"sq","potentialAction":[{"@type":"ReadAction","target":["https:\/\/permbledhja.com\/kryediplomatja-gjermane-me-porosi-te-qarte-per-perspektiven-e-anetaresimit-te-kosoves-ne-be\/"]}]},{"@type":"BreadcrumbList","@id":"https:\/\/permbledhja.com\/kryediplomatja-gjermane-me-porosi-te-qarte-per-perspektiven-e-anetaresimit-te-kosoves-ne-be\/#breadcrumb","itemListElement":[{"@type":"ListItem","position":1,"name":"Ballina","item":"https:\/\/permbledhja.com\/sq\/"},{"@type":"ListItem","position":2,"name":"Kryediplomatja gjermane me porosi t\u00eb qart\u00eb p\u00ebr perspektiv\u00ebn e an\u00ebtar\u00ebsimit t\u00eb Kosov\u00ebs n\u00eb BE"}]},{"@type":"WebSite","@id":"https:\/\/permbledhja.com\/#website","url":"https:\/\/permbledhja.com\/","name":"Ve\u00e7 artikuj p\u00ebrmbledh\u00ebs","description":"","publisher":{"@id":"https:\/\/permbledhja.com\/#organization"},"potentialAction":[{"@type":"SearchAction","target":{"@type":"EntryPoint","urlTemplate":"https:\/\/permbledhja.com\/?s={search_term_string}"},"query-input":"required name=search_term_string"}],"inLanguage":"sq"},{"@type":"Organization","@id":"https:\/\/permbledhja.com\/#organization","name":"MK Media & Pr","url":"https:\/\/permbledhja.com\/","logo":{"@type":"ImageObject","inLanguage":"sq","@id":"https:\/\/permbledhja.com\/#\/schema\/logo\/image\/","url":"https:\/\/permbledhja.com\/wp-content\/uploads\/2021\/12\/07-Press-Logo.jpg","contentUrl":"https:\/\/permbledhja.com\/wp-content\/uploads\/2021\/12\/07-Press-Logo.jpg","width":512,"height":512,"caption":"MK Media & Pr"},"image":{"@id":"https:\/\/permbledhja.com\/#\/schema\/logo\/image\/"},"sameAs":["https:\/\/www.facebook.com\/press07\/"]},{"@type":"Person","@id":"https:\/\/permbledhja.com\/#\/schema\/person\/d23f13f59b5722643933d6780783acf3","name":"M M","image":{"@type":"ImageObject","inLanguage":"sq","@id":"https:\/\/permbledhja.com\/#\/schema\/person\/image\/","url":"https:\/\/secure.gravatar.com\/avatar\/e2835a76ca7c31a2416b2d51c4ec9a8f?s=96&d=mm&r=g","contentUrl":"https:\/\/secure.gravatar.com\/avatar\/e2835a76ca7c31a2416b2d51c4ec9a8f?s=96&d=mm&r=g","caption":"M M"},"sameAs":["http:\/\/MM"],"url":"https:\/\/permbledhja.com\/sq\/author\/muhamet\/"}]}},"_links":{"self":[{"href":"https:\/\/permbledhja.com\/sq\/wp-json\/wp\/v2\/posts\/35608"}],"collection":[{"href":"https:\/\/permbledhja.com\/sq\/wp-json\/wp\/v2\/posts"}],"about":[{"href":"https:\/\/permbledhja.com\/sq\/wp-json\/wp\/v2\/types\/post"}],"author":[{"embeddable":true,"href":"https:\/\/permbledhja.com\/sq\/wp-json\/wp\/v2\/users\/2"}],"replies":[{"embeddable":true,"href":"https:\/\/permbledhja.com\/sq\/wp-json\/wp\/v2\/comments?post=35608"}],"version-history":[{"count":1,"href":"https:\/\/permbledhja.com\/sq\/wp-json\/wp\/v2\/posts\/35608\/revisions"}],"predecessor-version":[{"id":35610,"href":"https:\/\/permbledhja.com\/sq\/wp-json\/wp\/v2\/posts\/35608\/revisions\/35610"}],"wp:featuredmedia":[{"embeddable":true,"href":"https:\/\/permbledhja.com\/sq\/wp-json\/wp\/v2\/media\/35609"}],"wp:attachment":[{"href":"https:\/\/permbledhja.com\/sq\/wp-json\/wp\/v2\/media?parent=35608"}],"wp:term":[{"taxonomy":"category","embeddable":true,"href":"https:\/\/permbledhja.com\/sq\/wp-json\/wp\/v2\/categories?post=35608"},{"taxonomy":"post_tag","embeddable":true,"href":"https:\/\/permbledhja.com\/sq\/wp-json\/wp\/v2\/tags?post=35608"}],"curies":[{"name":"wp","href":"https:\/\/api.w.org\/{rel}","templated":true}]}}