{"id":35515,"date":"2023-11-11T14:18:51","date_gmt":"2023-11-11T14:18:51","guid":{"rendered":"https:\/\/permbledhja.com\/?p=35515"},"modified":"2023-11-11T14:18:51","modified_gmt":"2023-11-11T14:18:51","slug":"mesuesi-shqiptar-hero-ecen-3-ore-ne-kembe-per-te-mesuar-nxenesin-e-vetem-te-shkolles","status":"publish","type":"post","link":"https:\/\/permbledhja.com\/sq\/mesuesi-shqiptar-hero-ecen-3-ore-ne-kembe-per-te-mesuar-nxenesin-e-vetem-te-shkolles\/","title":{"rendered":"M\u00ebsuesi shqiptar hero &#8211; Ec\u00ebn 3 or\u00eb n\u00eb k\u00ebmb\u00eb p\u00ebr t\u00eb m\u00ebsuar nx\u00ebn\u00ebsin e vet\u00ebm t\u00eb shkoll\u00ebs"},"content":{"rendered":"<h3>Kastriot Aliko b\u00ebn 7 km rrug\u00eb \u00e7do dit\u00eb n\u00eb k\u00ebmb\u00eb. Ai \u00ebsht\u00eb n\u00eb m\u00ebsues n\u00eb fshatin Vodic\u00eb t\u00eb Ersek\u00ebs.<\/h3>\n<p>Kastrioti e b\u00ebn\u00eb k\u00ebt\u00eb sakrific\u00eb jo p\u00ebr shum\u00eb nx\u00ebn\u00ebs por p\u00ebr nj\u00eb t\u00eb vet\u00ebm. Fshati \u00ebsht\u00eb shpopulluar dhe i vetmi f\u00ebmij\u00eb n\u00eb shkoll\u00eb \u00ebsht\u00eb nj\u00eb 9-vje\u00e7ar.<\/p>\n<p>\u00c7do dit\u00eb i thuhet t\u00eb b\u00ebj\u00eb 3 or\u00eb n\u00eb k\u00ebmb\u00eb p\u00ebr t\u00eb mb\u00ebrritur n\u00eb shkoll\u00eb, pasi rruga drejt fshatit nuk ka sh\u00ebrbim transporti.<\/p>\n<p>M\u00ebsuesi nuk e ka l\u00ebn\u00eb asnj\u00eb dit\u00eb shkoll\u00ebn pa hapur edhe pse n\u00eb koridoret e saj l\u00ebviz vet\u00ebm Thomai, i cili \u00ebsht\u00eb n\u00eb klas\u00ebn e dyt\u00eb. Familjar\u00ebt e f\u00ebmij\u00ebs thon\u00eb se ai ka pasur probleme me t\u00eb folur\u00ebn, pasi fjal\u00ebt e para i ka th\u00ebn\u00eb n\u00eb mosh\u00ebn 6-vje\u00e7are. Kastriot Aliko ka q\u00ebn\u00eb prind i dyt\u00eb p\u00ebr t\u00eb voglin, i cili tashm\u00eb po p\u00ebrpiqet t\u00eb m\u00ebsoj si normalisht.<\/p>\n<p>\u201c<em>Nx\u00ebn\u00ebsi im quhet Thoma \u00ebsht\u00eb n\u00eb klas\u00ebn e dyt\u00eb, \u00ebsht\u00eb nj\u00eb nx\u00ebn\u00ebs shum\u00eb i mir\u00eb. M\u00eb jep shum\u00eb dashuri dhe i jap shum\u00eb dashuri. Un\u00eb p\u00ebrpiqem q\u00eb ai t\u00eb zhvillohet dhe t\u00eb m\u00ebsoj\u00eb nj\u00ebsoj si f\u00ebmij\u00ebt e tjer\u00eb n\u00eb Kor\u00eb\u00eb apo Tiran\u00eb. Profesioni nuk \u00ebsht\u00eb i v\u00ebshtir\u00eb p\u00ebr mua, kam 35 viet eksperienc\u00eb. Gjith\u00eb v\u00ebshtir\u00ebsia \u00ebsht\u00eb rruga. Nga rruga automobilistike, derisa t\u00eb vij\u00eb n\u00eb fshat \u00ebsht\u00eb 7 kilometra eci n\u00eb k\u00ebmb\u00eb, e b\u00ebj\u00eb 1 or\u00eb e gjysm\u00eb p\u00ebr t\u00eb ardhur e po kaq p\u00ebr t\u00eb kthyer, 3 or\u00eb rrug\u00eb \u00ebdo dit\u00eb\u201d<\/em> \u2013 thot\u00eb m\u00ebsuesi p\u00ebr Report TV.<\/p>\n","protected":false},"excerpt":{"rendered":"<p>Kastriot Aliko b\u00ebn 7 km rrug\u00eb \u00e7do dit\u00eb n\u00eb k\u00ebmb\u00eb. Ai \u00ebsht\u00eb n\u00eb m\u00ebsues n\u00eb fshatin Vodic\u00eb t\u00eb Ersek\u00ebs. Kastrioti e b\u00ebn\u00eb k\u00ebt\u00eb sakrific\u00eb jo p\u00ebr shum\u00eb nx\u00ebn\u00ebs por p\u00ebr nj\u00eb t\u00eb vet\u00ebm. Fshati \u00ebsht\u00eb shpopulluar dhe i vetmi f\u00ebmij\u00eb n\u00eb shkoll\u00eb \u00ebsht\u00eb nj\u00eb 9-vje\u00e7ar. \u00c7do dit\u00eb i thuhet t\u00eb b\u00ebj\u00eb 3 or\u00eb n\u00eb k\u00ebmb\u00eb [&hellip;]<\/p>\n","protected":false},"author":1,"featured_media":35516,"comment_status":"closed","ping_status":"closed","sticky":false,"template":"","format":"standard","meta":{"_monsterinsights_skip_tracking":false,"_monsterinsights_sitenote_active":false,"_monsterinsights_sitenote_note":"","_monsterinsights_sitenote_category":0,"_uf_show_specific_survey":0,"_uf_disable_surveys":false,"footnotes":""},"categories":[1],"tags":[874],"yoast_head":"<!-- This site is optimized with the Yoast SEO plugin v21.5 - https:\/\/yoast.com\/wordpress\/plugins\/seo\/ -->\n<title>M\u00ebsuesi shqiptar hero - Ec\u00ebn 3 or\u00eb n\u00eb k\u00ebmb\u00eb p\u00ebr t\u00eb m\u00ebsuar nx\u00ebn\u00ebsin e vet\u00ebm t\u00eb shkoll\u00ebs<\/title>\n<meta name=\"robots\" content=\"index, follow, max-snippet:-1, max-image-preview:large, max-video-preview:-1\" \/>\n<link rel=\"canonical\" href=\"https:\/\/permbledhja.com\/sq\/mesuesi-shqiptar-hero-ecen-3-ore-ne-kembe-per-te-mesuar-nxenesin-e-vetem-te-shkolles\/\" \/>\n<meta property=\"og:locale\" content=\"sq_AL\" \/>\n<meta property=\"og:type\" content=\"article\" \/>\n<meta property=\"og:title\" content=\"M\u00ebsuesi shqiptar hero - Ec\u00ebn 3 or\u00eb n\u00eb k\u00ebmb\u00eb p\u00ebr t\u00eb m\u00ebsuar nx\u00ebn\u00ebsin e vet\u00ebm t\u00eb shkoll\u00ebs\" \/>\n<meta property=\"og:description\" content=\"Kastriot Aliko b\u00ebn 7 km rrug\u00eb \u00e7do dit\u00eb n\u00eb k\u00ebmb\u00eb. Ai \u00ebsht\u00eb n\u00eb m\u00ebsues n\u00eb fshatin Vodic\u00eb t\u00eb Ersek\u00ebs. Kastrioti e b\u00ebn\u00eb k\u00ebt\u00eb sakrific\u00eb jo p\u00ebr shum\u00eb nx\u00ebn\u00ebs por p\u00ebr nj\u00eb t\u00eb vet\u00ebm. Fshati \u00ebsht\u00eb shpopulluar dhe i vetmi f\u00ebmij\u00eb n\u00eb shkoll\u00eb \u00ebsht\u00eb nj\u00eb 9-vje\u00e7ar. \u00c7do dit\u00eb i thuhet t\u00eb b\u00ebj\u00eb 3 or\u00eb n\u00eb k\u00ebmb\u00eb [&hellip;]\" \/>\n<meta property=\"og:url\" content=\"https:\/\/permbledhja.com\/sq\/mesuesi-shqiptar-hero-ecen-3-ore-ne-kembe-per-te-mesuar-nxenesin-e-vetem-te-shkolles\/\" \/>\n<meta property=\"og:site_name\" content=\"Ve\u00e7 artikuj p\u00ebrmbledh\u00ebs\" \/>\n<meta property=\"article:publisher\" content=\"https:\/\/www.facebook.com\/press07\/\" \/>\n<meta property=\"article:author\" content=\"https:\/\/www.facebook.com\/kafexhiu.muharrem\/\" \/>\n<meta property=\"article:published_time\" content=\"2023-11-11T14:18:51+00:00\" \/>\n<meta property=\"og:image\" content=\"https:\/\/permbledhja.com\/wp-content\/uploads\/2023\/11\/9F2A666C-B004-43DE-8ADC-82704464C0AB.webp\" \/>\n\t<meta property=\"og:image:width\" content=\"780\" \/>\n\t<meta property=\"og:image:height\" content=\"440\" \/>\n\t<meta property=\"og:image:type\" content=\"image\/webp\" \/>\n<meta name=\"author\" content=\"P\u00ebrmbledhja\" \/>\n<meta name=\"twitter:card\" content=\"summary_large_image\" \/>\n<meta name=\"twitter:label1\" content=\"Written by\" \/>\n\t<meta name=\"twitter:data1\" content=\"P\u00ebrmbledhja\" \/>\n\t<meta name=\"twitter:label2\" content=\"Est. reading time\" \/>\n\t<meta name=\"twitter:data2\" content=\"1 minut\u00eb\" \/>\n<script type=\"application\/ld+json\" class=\"yoast-schema-graph\">{\"@context\":\"https:\/\/schema.org\",\"@graph\":[{\"@type\":\"Article\",\"@id\":\"https:\/\/permbledhja.com\/sq\/mesuesi-shqiptar-hero-ecen-3-ore-ne-kembe-per-te-mesuar-nxenesin-e-vetem-te-shkolles\/#article\",\"isPartOf\":{\"@id\":\"https:\/\/permbledhja.com\/sq\/mesuesi-shqiptar-hero-ecen-3-ore-ne-kembe-per-te-mesuar-nxenesin-e-vetem-te-shkolles\/\"},\"author\":{\"name\":\"P\u00ebrmbledhja\",\"@id\":\"https:\/\/permbledhja.com\/#\/schema\/person\/0d064377258d3221e50693947b9eb4fe\"},\"headline\":\"M\u00ebsuesi shqiptar hero &#8211; Ec\u00ebn 3 or\u00eb n\u00eb k\u00ebmb\u00eb p\u00ebr t\u00eb m\u00ebsuar nx\u00ebn\u00ebsin e vet\u00ebm t\u00eb shkoll\u00ebs\",\"datePublished\":\"2023-11-11T14:18:51+00:00\",\"dateModified\":\"2023-11-11T14:18:51+00:00\",\"mainEntityOfPage\":{\"@id\":\"https:\/\/permbledhja.com\/sq\/mesuesi-shqiptar-hero-ecen-3-ore-ne-kembe-per-te-mesuar-nxenesin-e-vetem-te-shkolles\/\"},\"wordCount\":306,\"publisher\":{\"@id\":\"https:\/\/permbledhja.com\/#organization\"},\"keywords\":[\"M\u00ebsimi\"],\"articleSection\":[\"Breaking News\"],\"inLanguage\":\"sq\"},{\"@type\":\"WebPage\",\"@id\":\"https:\/\/permbledhja.com\/sq\/mesuesi-shqiptar-hero-ecen-3-ore-ne-kembe-per-te-mesuar-nxenesin-e-vetem-te-shkolles\/\",\"url\":\"https:\/\/permbledhja.com\/sq\/mesuesi-shqiptar-hero-ecen-3-ore-ne-kembe-per-te-mesuar-nxenesin-e-vetem-te-shkolles\/\",\"name\":\"M\u00ebsuesi shqiptar hero - Ec\u00ebn 3 or\u00eb n\u00eb k\u00ebmb\u00eb p\u00ebr t\u00eb m\u00ebsuar nx\u00ebn\u00ebsin e vet\u00ebm t\u00eb shkoll\u00ebs\",\"isPartOf\":{\"@id\":\"https:\/\/permbledhja.com\/#website\"},\"datePublished\":\"2023-11-11T14:18:51+00:00\",\"dateModified\":\"2023-11-11T14:18:51+00:00\",\"breadcrumb\":{\"@id\":\"https:\/\/permbledhja.com\/sq\/mesuesi-shqiptar-hero-ecen-3-ore-ne-kembe-per-te-mesuar-nxenesin-e-vetem-te-shkolles\/#breadcrumb\"},\"inLanguage\":\"sq\",\"potentialAction\":[{\"@type\":\"ReadAction\",\"target\":[\"https:\/\/permbledhja.com\/sq\/mesuesi-shqiptar-hero-ecen-3-ore-ne-kembe-per-te-mesuar-nxenesin-e-vetem-te-shkolles\/\"]}]},{\"@type\":\"BreadcrumbList\",\"@id\":\"https:\/\/permbledhja.com\/sq\/mesuesi-shqiptar-hero-ecen-3-ore-ne-kembe-per-te-mesuar-nxenesin-e-vetem-te-shkolles\/#breadcrumb\",\"itemListElement\":[{\"@type\":\"ListItem\",\"position\":1,\"name\":\"Ballina\",\"item\":\"https:\/\/permbledhja.com\/sq\/\"},{\"@type\":\"ListItem\",\"position\":2,\"name\":\"M\u00ebsuesi shqiptar hero &#8211; Ec\u00ebn 3 or\u00eb n\u00eb k\u00ebmb\u00eb p\u00ebr t\u00eb m\u00ebsuar nx\u00ebn\u00ebsin e vet\u00ebm t\u00eb shkoll\u00ebs\"}]},{\"@type\":\"WebSite\",\"@id\":\"https:\/\/permbledhja.com\/#website\",\"url\":\"https:\/\/permbledhja.com\/\",\"name\":\"Ve\u00e7 artikuj p\u00ebrmbledh\u00ebs\",\"description\":\"\",\"publisher\":{\"@id\":\"https:\/\/permbledhja.com\/#organization\"},\"potentialAction\":[{\"@type\":\"SearchAction\",\"target\":{\"@type\":\"EntryPoint\",\"urlTemplate\":\"https:\/\/permbledhja.com\/?s={search_term_string}\"},\"query-input\":\"required name=search_term_string\"}],\"inLanguage\":\"sq\"},{\"@type\":\"Organization\",\"@id\":\"https:\/\/permbledhja.com\/#organization\",\"name\":\"MK Media & Pr\",\"url\":\"https:\/\/permbledhja.com\/\",\"logo\":{\"@type\":\"ImageObject\",\"inLanguage\":\"sq\",\"@id\":\"https:\/\/permbledhja.com\/#\/schema\/logo\/image\/\",\"url\":\"https:\/\/permbledhja.com\/wp-content\/uploads\/2021\/12\/07-Press-Logo.jpg\",\"contentUrl\":\"https:\/\/permbledhja.com\/wp-content\/uploads\/2021\/12\/07-Press-Logo.jpg\",\"width\":512,\"height\":512,\"caption\":\"MK Media & Pr\"},\"image\":{\"@id\":\"https:\/\/permbledhja.com\/#\/schema\/logo\/image\/\"},\"sameAs\":[\"https:\/\/www.facebook.com\/press07\/\"]},{\"@type\":\"Person\",\"@id\":\"https:\/\/permbledhja.com\/#\/schema\/person\/0d064377258d3221e50693947b9eb4fe\",\"name\":\"P\u00ebrmbledhja\",\"image\":{\"@type\":\"ImageObject\",\"inLanguage\":\"sq\",\"@id\":\"https:\/\/permbledhja.com\/#\/schema\/person\/image\/\",\"url\":\"https:\/\/permbledhja.com\/wp-content\/uploads\/2026\/01\/452004717_1040944174702970_8932037511805513407_n-96x96.jpg\",\"contentUrl\":\"https:\/\/permbledhja.com\/wp-content\/uploads\/2026\/01\/452004717_1040944174702970_8932037511805513407_n-96x96.jpg\",\"caption\":\"P\u00ebrmbledhja\"},\"sameAs\":[\"https:\/\/www.facebook.com\/kafexhiu.muharrem\/\",\"https:\/\/www.instagram.com\/muharrem_kafexhiu\/\"],\"url\":\"https:\/\/permbledhja.com\/sq\/author\/admin\/\"}]}<\/script>\n<!-- \/ Yoast SEO plugin. -->","yoast_head_json":{"title":"M\u00ebsuesi shqiptar hero - Ec\u00ebn 3 or\u00eb n\u00eb k\u00ebmb\u00eb p\u00ebr t\u00eb m\u00ebsuar nx\u00ebn\u00ebsin e vet\u00ebm t\u00eb shkoll\u00ebs","robots":{"index":"index","follow":"follow","max-snippet":"max-snippet:-1","max-image-preview":"max-image-preview:large","max-video-preview":"max-video-preview:-1"},"canonical":"https:\/\/permbledhja.com\/sq\/mesuesi-shqiptar-hero-ecen-3-ore-ne-kembe-per-te-mesuar-nxenesin-e-vetem-te-shkolles\/","og_locale":"sq_AL","og_type":"article","og_title":"M\u00ebsuesi shqiptar hero - Ec\u00ebn 3 or\u00eb n\u00eb k\u00ebmb\u00eb p\u00ebr t\u00eb m\u00ebsuar nx\u00ebn\u00ebsin e vet\u00ebm t\u00eb shkoll\u00ebs","og_description":"Kastriot Aliko b\u00ebn 7 km rrug\u00eb \u00e7do dit\u00eb n\u00eb k\u00ebmb\u00eb. Ai \u00ebsht\u00eb n\u00eb m\u00ebsues n\u00eb fshatin Vodic\u00eb t\u00eb Ersek\u00ebs. Kastrioti e b\u00ebn\u00eb k\u00ebt\u00eb sakrific\u00eb jo p\u00ebr shum\u00eb nx\u00ebn\u00ebs por p\u00ebr nj\u00eb t\u00eb vet\u00ebm. Fshati \u00ebsht\u00eb shpopulluar dhe i vetmi f\u00ebmij\u00eb n\u00eb shkoll\u00eb \u00ebsht\u00eb nj\u00eb 9-vje\u00e7ar. \u00c7do dit\u00eb i thuhet t\u00eb b\u00ebj\u00eb 3 or\u00eb n\u00eb k\u00ebmb\u00eb [&hellip;]","og_url":"https:\/\/permbledhja.com\/sq\/mesuesi-shqiptar-hero-ecen-3-ore-ne-kembe-per-te-mesuar-nxenesin-e-vetem-te-shkolles\/","og_site_name":"Ve\u00e7 artikuj p\u00ebrmbledh\u00ebs","article_publisher":"https:\/\/www.facebook.com\/press07\/","article_author":"https:\/\/www.facebook.com\/kafexhiu.muharrem\/","article_published_time":"2023-11-11T14:18:51+00:00","og_image":[{"width":780,"height":440,"url":"https:\/\/permbledhja.com\/wp-content\/uploads\/2023\/11\/9F2A666C-B004-43DE-8ADC-82704464C0AB.webp","type":"image\/webp"}],"author":"P\u00ebrmbledhja","twitter_card":"summary_large_image","twitter_misc":{"Written by":"P\u00ebrmbledhja","Est. reading time":"1 minut\u00eb"},"schema":{"@context":"https:\/\/schema.org","@graph":[{"@type":"Article","@id":"https:\/\/permbledhja.com\/sq\/mesuesi-shqiptar-hero-ecen-3-ore-ne-kembe-per-te-mesuar-nxenesin-e-vetem-te-shkolles\/#article","isPartOf":{"@id":"https:\/\/permbledhja.com\/sq\/mesuesi-shqiptar-hero-ecen-3-ore-ne-kembe-per-te-mesuar-nxenesin-e-vetem-te-shkolles\/"},"author":{"name":"P\u00ebrmbledhja","@id":"https:\/\/permbledhja.com\/#\/schema\/person\/0d064377258d3221e50693947b9eb4fe"},"headline":"M\u00ebsuesi shqiptar hero &#8211; Ec\u00ebn 3 or\u00eb n\u00eb k\u00ebmb\u00eb p\u00ebr t\u00eb m\u00ebsuar nx\u00ebn\u00ebsin e vet\u00ebm t\u00eb shkoll\u00ebs","datePublished":"2023-11-11T14:18:51+00:00","dateModified":"2023-11-11T14:18:51+00:00","mainEntityOfPage":{"@id":"https:\/\/permbledhja.com\/sq\/mesuesi-shqiptar-hero-ecen-3-ore-ne-kembe-per-te-mesuar-nxenesin-e-vetem-te-shkolles\/"},"wordCount":306,"publisher":{"@id":"https:\/\/permbledhja.com\/#organization"},"keywords":["M\u00ebsimi"],"articleSection":["Breaking News"],"inLanguage":"sq"},{"@type":"WebPage","@id":"https:\/\/permbledhja.com\/sq\/mesuesi-shqiptar-hero-ecen-3-ore-ne-kembe-per-te-mesuar-nxenesin-e-vetem-te-shkolles\/","url":"https:\/\/permbledhja.com\/sq\/mesuesi-shqiptar-hero-ecen-3-ore-ne-kembe-per-te-mesuar-nxenesin-e-vetem-te-shkolles\/","name":"M\u00ebsuesi shqiptar hero - Ec\u00ebn 3 or\u00eb n\u00eb k\u00ebmb\u00eb p\u00ebr t\u00eb m\u00ebsuar nx\u00ebn\u00ebsin e vet\u00ebm t\u00eb shkoll\u00ebs","isPartOf":{"@id":"https:\/\/permbledhja.com\/#website"},"datePublished":"2023-11-11T14:18:51+00:00","dateModified":"2023-11-11T14:18:51+00:00","breadcrumb":{"@id":"https:\/\/permbledhja.com\/sq\/mesuesi-shqiptar-hero-ecen-3-ore-ne-kembe-per-te-mesuar-nxenesin-e-vetem-te-shkolles\/#breadcrumb"},"inLanguage":"sq","potentialAction":[{"@type":"ReadAction","target":["https:\/\/permbledhja.com\/sq\/mesuesi-shqiptar-hero-ecen-3-ore-ne-kembe-per-te-mesuar-nxenesin-e-vetem-te-shkolles\/"]}]},{"@type":"BreadcrumbList","@id":"https:\/\/permbledhja.com\/sq\/mesuesi-shqiptar-hero-ecen-3-ore-ne-kembe-per-te-mesuar-nxenesin-e-vetem-te-shkolles\/#breadcrumb","itemListElement":[{"@type":"ListItem","position":1,"name":"Ballina","item":"https:\/\/permbledhja.com\/sq\/"},{"@type":"ListItem","position":2,"name":"M\u00ebsuesi shqiptar hero &#8211; Ec\u00ebn 3 or\u00eb n\u00eb k\u00ebmb\u00eb p\u00ebr t\u00eb m\u00ebsuar nx\u00ebn\u00ebsin e vet\u00ebm t\u00eb shkoll\u00ebs"}]},{"@type":"WebSite","@id":"https:\/\/permbledhja.com\/#website","url":"https:\/\/permbledhja.com\/","name":"Ve\u00e7 artikuj p\u00ebrmbledh\u00ebs","description":"","publisher":{"@id":"https:\/\/permbledhja.com\/#organization"},"potentialAction":[{"@type":"SearchAction","target":{"@type":"EntryPoint","urlTemplate":"https:\/\/permbledhja.com\/?s={search_term_string}"},"query-input":"required name=search_term_string"}],"inLanguage":"sq"},{"@type":"Organization","@id":"https:\/\/permbledhja.com\/#organization","name":"MK Media & Pr","url":"https:\/\/permbledhja.com\/","logo":{"@type":"ImageObject","inLanguage":"sq","@id":"https:\/\/permbledhja.com\/#\/schema\/logo\/image\/","url":"https:\/\/permbledhja.com\/wp-content\/uploads\/2021\/12\/07-Press-Logo.jpg","contentUrl":"https:\/\/permbledhja.com\/wp-content\/uploads\/2021\/12\/07-Press-Logo.jpg","width":512,"height":512,"caption":"MK Media & Pr"},"image":{"@id":"https:\/\/permbledhja.com\/#\/schema\/logo\/image\/"},"sameAs":["https:\/\/www.facebook.com\/press07\/"]},{"@type":"Person","@id":"https:\/\/permbledhja.com\/#\/schema\/person\/0d064377258d3221e50693947b9eb4fe","name":"P\u00ebrmbledhja","image":{"@type":"ImageObject","inLanguage":"sq","@id":"https:\/\/permbledhja.com\/#\/schema\/person\/image\/","url":"https:\/\/permbledhja.com\/wp-content\/uploads\/2026\/01\/452004717_1040944174702970_8932037511805513407_n-96x96.jpg","contentUrl":"https:\/\/permbledhja.com\/wp-content\/uploads\/2026\/01\/452004717_1040944174702970_8932037511805513407_n-96x96.jpg","caption":"P\u00ebrmbledhja"},"sameAs":["https:\/\/www.facebook.com\/kafexhiu.muharrem\/","https:\/\/www.instagram.com\/muharrem_kafexhiu\/"],"url":"https:\/\/permbledhja.com\/sq\/author\/admin\/"}]}},"_links":{"self":[{"href":"https:\/\/permbledhja.com\/sq\/wp-json\/wp\/v2\/posts\/35515"}],"collection":[{"href":"https:\/\/permbledhja.com\/sq\/wp-json\/wp\/v2\/posts"}],"about":[{"href":"https:\/\/permbledhja.com\/sq\/wp-json\/wp\/v2\/types\/post"}],"author":[{"embeddable":true,"href":"https:\/\/permbledhja.com\/sq\/wp-json\/wp\/v2\/users\/1"}],"replies":[{"embeddable":true,"href":"https:\/\/permbledhja.com\/sq\/wp-json\/wp\/v2\/comments?post=35515"}],"version-history":[{"count":1,"href":"https:\/\/permbledhja.com\/sq\/wp-json\/wp\/v2\/posts\/35515\/revisions"}],"predecessor-version":[{"id":35517,"href":"https:\/\/permbledhja.com\/sq\/wp-json\/wp\/v2\/posts\/35515\/revisions\/35517"}],"wp:featuredmedia":[{"embeddable":true,"href":"https:\/\/permbledhja.com\/sq\/wp-json\/wp\/v2\/media\/35516"}],"wp:attachment":[{"href":"https:\/\/permbledhja.com\/sq\/wp-json\/wp\/v2\/media?parent=35515"}],"wp:term":[{"taxonomy":"category","embeddable":true,"href":"https:\/\/permbledhja.com\/sq\/wp-json\/wp\/v2\/categories?post=35515"},{"taxonomy":"post_tag","embeddable":true,"href":"https:\/\/permbledhja.com\/sq\/wp-json\/wp\/v2\/tags?post=35515"}],"curies":[{"name":"wp","href":"https:\/\/api.w.org\/{rel}","templated":true}]}}