{"id":35374,"date":"2023-11-09T09:46:43","date_gmt":"2023-11-09T09:46:43","guid":{"rendered":"https:\/\/permbledhja.com\/?p=35374"},"modified":"2023-11-09T09:46:43","modified_gmt":"2023-11-09T09:46:43","slug":"hovenier-draft-statuti-i-asociacionit-ska-fuqi-ekzekutive-te-shqyrtohet-nga-kushtetuesja","status":"publish","type":"post","link":"https:\/\/permbledhja.com\/sq\/hovenier-draft-statuti-i-asociacionit-ska-fuqi-ekzekutive-te-shqyrtohet-nga-kushtetuesja\/","title":{"rendered":"Hovenier: Draft-statuti i Asociacionit s\u2019ka fuqi ekzekutive, t\u00eb shqyrtohet nga Kushtetuesja"},"content":{"rendered":"<h3>Ambasadori i Shteteve t\u00eb Bashkuara t\u00eb Amerik\u00ebs n\u00eb Kosov\u00eb, Jeffrey Hovenier, ka mbajtur sot nj\u00eb konferenc\u00eb p\u00ebr media, me \u00e7\u2019rast ka folur rreth draft-statutit t\u00eb Asociacionit t\u00eb Komunave me Shumic\u00eb Serbe.<\/h3>\n<p>Sipas tij, draft-statuti i Asociacionit nuk ka autoritet ekzekutiv dhe \u00ebsht\u00eb n\u00eb p\u00ebrputhje t\u00eb plot\u00eb me Kushtetut\u00ebn e Kosov\u00ebs, raporton Klan Kosova.<\/p>\n<p>\u201cDraft-statuti \u00ebsht\u00eb prezantuar nga Bashkimi Evropian. \u00cbsht\u00eb konsideruar q\u00eb \u00ebsht\u00eb n\u00eb respektim t\u00eb plot\u00eb m\u00eb Kushtetut\u00ebn e Kosov\u00ebs. Q\u00ebndrimi yn\u00eb \u00ebsht\u00eb q\u00eb duhet t\u00eb jet\u00eb konsistent me Kushtetut\u00ebn e Kosov\u00ebs, nuk duhet t\u00eb k\u00ebrkohet ndryshmi i Kushtetut\u00ebs, nuk do t\u00eb ket\u00eb autoritet ekzekutiv. Ne besojm\u00eb se ky draft-statut i p\u00ebrmbush t\u00eb gjitha k\u00ebto kritere\u201d, ka thwnw ambasadori amerikan.<\/p>\n<p>\u201cNe besojm\u00eb se \u00ebsht\u00eb n\u00eb p\u00ebrputhje me kushtetut\u00ebn. Por \u00ebsht\u00eb vet\u00ebm nj\u00eb entitet q\u00eb mund ta b\u00ebj\u00eb vler\u00ebsimin e plot\u00eb dhe ajo \u00ebsht\u00eb Gjykata Kushtetuese. Si\u00e7 ka th\u00ebn\u00eb edhe kryeministri Albin Kurti n\u00eb Kuvend, kjo duhet t\u00eb shqyrtohet nga Gjykata Kushtetuese para se t\u00eb hyj\u00eb n\u00eb fuqi\u201d, ka potencuar ambasadori Jeffrey Hovenier.<\/p>\n","protected":false},"excerpt":{"rendered":"<p>Ambasadori i Shteteve t\u00eb Bashkuara t\u00eb Amerik\u00ebs n\u00eb Kosov\u00eb, Jeffrey Hovenier, ka mbajtur sot nj\u00eb konferenc\u00eb p\u00ebr media, me \u00e7\u2019rast ka folur rreth draft-statutit t\u00eb Asociacionit t\u00eb Komunave me Shumic\u00eb Serbe. Sipas tij, draft-statuti i Asociacionit nuk ka autoritet ekzekutiv dhe \u00ebsht\u00eb n\u00eb p\u00ebrputhje t\u00eb plot\u00eb me Kushtetut\u00ebn e Kosov\u00ebs, raporton Klan Kosova. \u201cDraft-statuti \u00ebsht\u00eb [&hellip;]<\/p>\n","protected":false},"author":2,"featured_media":35375,"comment_status":"closed","ping_status":"closed","sticky":false,"template":"","format":"standard","meta":{"_monsterinsights_skip_tracking":false,"_monsterinsights_sitenote_active":false,"_monsterinsights_sitenote_note":"","_monsterinsights_sitenote_category":0,"_uf_show_specific_survey":0,"_uf_disable_surveys":false,"footnotes":""},"categories":[23,15],"tags":[1516],"yoast_head":"<!-- This site is optimized with the Yoast SEO plugin v21.5 - https:\/\/yoast.com\/wordpress\/plugins\/seo\/ -->\n<title>Hovenier: Draft-statuti i Asociacionit s\u2019ka fuqi ekzekutive, t\u00eb shqyrtohet nga Kushtetuesja<\/title>\n<meta name=\"robots\" content=\"index, follow, max-snippet:-1, max-image-preview:large, max-video-preview:-1\" \/>\n<link rel=\"canonical\" href=\"https:\/\/permbledhja.com\/sq\/hovenier-draft-statuti-i-asociacionit-ska-fuqi-ekzekutive-te-shqyrtohet-nga-kushtetuesja\/\" \/>\n<meta property=\"og:locale\" content=\"sq_AL\" \/>\n<meta property=\"og:type\" content=\"article\" \/>\n<meta property=\"og:title\" content=\"Hovenier: Draft-statuti i Asociacionit s\u2019ka fuqi ekzekutive, t\u00eb shqyrtohet nga Kushtetuesja\" \/>\n<meta property=\"og:description\" content=\"Ambasadori i Shteteve t\u00eb Bashkuara t\u00eb Amerik\u00ebs n\u00eb Kosov\u00eb, Jeffrey Hovenier, ka mbajtur sot nj\u00eb konferenc\u00eb p\u00ebr media, me \u00e7\u2019rast ka folur rreth draft-statutit t\u00eb Asociacionit t\u00eb Komunave me Shumic\u00eb Serbe. Sipas tij, draft-statuti i Asociacionit nuk ka autoritet ekzekutiv dhe \u00ebsht\u00eb n\u00eb p\u00ebrputhje t\u00eb plot\u00eb me Kushtetut\u00ebn e Kosov\u00ebs, raporton Klan Kosova. \u201cDraft-statuti \u00ebsht\u00eb [&hellip;]\" \/>\n<meta property=\"og:url\" content=\"https:\/\/permbledhja.com\/sq\/hovenier-draft-statuti-i-asociacionit-ska-fuqi-ekzekutive-te-shqyrtohet-nga-kushtetuesja\/\" \/>\n<meta property=\"og:site_name\" content=\"Ve\u00e7 artikuj p\u00ebrmbledh\u00ebs\" \/>\n<meta property=\"article:publisher\" content=\"https:\/\/www.facebook.com\/press07\/\" \/>\n<meta property=\"article:published_time\" content=\"2023-11-09T09:46:43+00:00\" \/>\n<meta property=\"og:image\" content=\"https:\/\/permbledhja.com\/wp-content\/uploads\/2023\/11\/Jeff-Hovenier.png\" \/>\n\t<meta property=\"og:image:width\" content=\"873\" \/>\n\t<meta property=\"og:image:height\" content=\"521\" \/>\n\t<meta property=\"og:image:type\" content=\"image\/png\" \/>\n<meta name=\"author\" content=\"M M\" \/>\n<meta name=\"twitter:card\" content=\"summary_large_image\" \/>\n<meta name=\"twitter:label1\" content=\"Written by\" \/>\n\t<meta name=\"twitter:data1\" content=\"M M\" \/>\n\t<meta name=\"twitter:label2\" content=\"Est. reading time\" \/>\n\t<meta name=\"twitter:data2\" content=\"1 minut\u00eb\" \/>\n<script type=\"application\/ld+json\" class=\"yoast-schema-graph\">{\"@context\":\"https:\/\/schema.org\",\"@graph\":[{\"@type\":\"Article\",\"@id\":\"https:\/\/permbledhja.com\/sq\/hovenier-draft-statuti-i-asociacionit-ska-fuqi-ekzekutive-te-shqyrtohet-nga-kushtetuesja\/#article\",\"isPartOf\":{\"@id\":\"https:\/\/permbledhja.com\/sq\/hovenier-draft-statuti-i-asociacionit-ska-fuqi-ekzekutive-te-shqyrtohet-nga-kushtetuesja\/\"},\"author\":{\"name\":\"M M\",\"@id\":\"https:\/\/permbledhja.com\/#\/schema\/person\/d23f13f59b5722643933d6780783acf3\"},\"headline\":\"Hovenier: Draft-statuti i Asociacionit s\u2019ka fuqi ekzekutive, t\u00eb shqyrtohet nga Kushtetuesja\",\"datePublished\":\"2023-11-09T09:46:43+00:00\",\"dateModified\":\"2023-11-09T09:46:43+00:00\",\"mainEntityOfPage\":{\"@id\":\"https:\/\/permbledhja.com\/sq\/hovenier-draft-statuti-i-asociacionit-ska-fuqi-ekzekutive-te-shqyrtohet-nga-kushtetuesja\/\"},\"wordCount\":195,\"publisher\":{\"@id\":\"https:\/\/permbledhja.com\/#organization\"},\"keywords\":[\"Jeff Hovenier\"],\"articleSection\":[\"Komb\u00ebtare\",\"Lajme\"],\"inLanguage\":\"sq\"},{\"@type\":\"WebPage\",\"@id\":\"https:\/\/permbledhja.com\/sq\/hovenier-draft-statuti-i-asociacionit-ska-fuqi-ekzekutive-te-shqyrtohet-nga-kushtetuesja\/\",\"url\":\"https:\/\/permbledhja.com\/sq\/hovenier-draft-statuti-i-asociacionit-ska-fuqi-ekzekutive-te-shqyrtohet-nga-kushtetuesja\/\",\"name\":\"Hovenier: Draft-statuti i Asociacionit s\u2019ka fuqi ekzekutive, t\u00eb shqyrtohet nga Kushtetuesja\",\"isPartOf\":{\"@id\":\"https:\/\/permbledhja.com\/#website\"},\"datePublished\":\"2023-11-09T09:46:43+00:00\",\"dateModified\":\"2023-11-09T09:46:43+00:00\",\"breadcrumb\":{\"@id\":\"https:\/\/permbledhja.com\/sq\/hovenier-draft-statuti-i-asociacionit-ska-fuqi-ekzekutive-te-shqyrtohet-nga-kushtetuesja\/#breadcrumb\"},\"inLanguage\":\"sq\",\"potentialAction\":[{\"@type\":\"ReadAction\",\"target\":[\"https:\/\/permbledhja.com\/sq\/hovenier-draft-statuti-i-asociacionit-ska-fuqi-ekzekutive-te-shqyrtohet-nga-kushtetuesja\/\"]}]},{\"@type\":\"BreadcrumbList\",\"@id\":\"https:\/\/permbledhja.com\/sq\/hovenier-draft-statuti-i-asociacionit-ska-fuqi-ekzekutive-te-shqyrtohet-nga-kushtetuesja\/#breadcrumb\",\"itemListElement\":[{\"@type\":\"ListItem\",\"position\":1,\"name\":\"Ballina\",\"item\":\"https:\/\/permbledhja.com\/sq\/\"},{\"@type\":\"ListItem\",\"position\":2,\"name\":\"Hovenier: Draft-statuti i Asociacionit s\u2019ka fuqi ekzekutive, t\u00eb shqyrtohet nga Kushtetuesja\"}]},{\"@type\":\"WebSite\",\"@id\":\"https:\/\/permbledhja.com\/#website\",\"url\":\"https:\/\/permbledhja.com\/\",\"name\":\"Ve\u00e7 artikuj p\u00ebrmbledh\u00ebs\",\"description\":\"\",\"publisher\":{\"@id\":\"https:\/\/permbledhja.com\/#organization\"},\"potentialAction\":[{\"@type\":\"SearchAction\",\"target\":{\"@type\":\"EntryPoint\",\"urlTemplate\":\"https:\/\/permbledhja.com\/?s={search_term_string}\"},\"query-input\":\"required name=search_term_string\"}],\"inLanguage\":\"sq\"},{\"@type\":\"Organization\",\"@id\":\"https:\/\/permbledhja.com\/#organization\",\"name\":\"MK Media & Pr\",\"url\":\"https:\/\/permbledhja.com\/\",\"logo\":{\"@type\":\"ImageObject\",\"inLanguage\":\"sq\",\"@id\":\"https:\/\/permbledhja.com\/#\/schema\/logo\/image\/\",\"url\":\"https:\/\/permbledhja.com\/wp-content\/uploads\/2021\/12\/07-Press-Logo.jpg\",\"contentUrl\":\"https:\/\/permbledhja.com\/wp-content\/uploads\/2021\/12\/07-Press-Logo.jpg\",\"width\":512,\"height\":512,\"caption\":\"MK Media & Pr\"},\"image\":{\"@id\":\"https:\/\/permbledhja.com\/#\/schema\/logo\/image\/\"},\"sameAs\":[\"https:\/\/www.facebook.com\/press07\/\"]},{\"@type\":\"Person\",\"@id\":\"https:\/\/permbledhja.com\/#\/schema\/person\/d23f13f59b5722643933d6780783acf3\",\"name\":\"M M\",\"image\":{\"@type\":\"ImageObject\",\"inLanguage\":\"sq\",\"@id\":\"https:\/\/permbledhja.com\/#\/schema\/person\/image\/\",\"url\":\"https:\/\/secure.gravatar.com\/avatar\/e2835a76ca7c31a2416b2d51c4ec9a8f?s=96&d=mm&r=g\",\"contentUrl\":\"https:\/\/secure.gravatar.com\/avatar\/e2835a76ca7c31a2416b2d51c4ec9a8f?s=96&d=mm&r=g\",\"caption\":\"M M\"},\"sameAs\":[\"http:\/\/MM\"],\"url\":\"https:\/\/permbledhja.com\/sq\/author\/muhamet\/\"}]}<\/script>\n<!-- \/ Yoast SEO plugin. -->","yoast_head_json":{"title":"Hovenier: Draft-statuti i Asociacionit s\u2019ka fuqi ekzekutive, t\u00eb shqyrtohet nga Kushtetuesja","robots":{"index":"index","follow":"follow","max-snippet":"max-snippet:-1","max-image-preview":"max-image-preview:large","max-video-preview":"max-video-preview:-1"},"canonical":"https:\/\/permbledhja.com\/sq\/hovenier-draft-statuti-i-asociacionit-ska-fuqi-ekzekutive-te-shqyrtohet-nga-kushtetuesja\/","og_locale":"sq_AL","og_type":"article","og_title":"Hovenier: Draft-statuti i Asociacionit s\u2019ka fuqi ekzekutive, t\u00eb shqyrtohet nga Kushtetuesja","og_description":"Ambasadori i Shteteve t\u00eb Bashkuara t\u00eb Amerik\u00ebs n\u00eb Kosov\u00eb, Jeffrey Hovenier, ka mbajtur sot nj\u00eb konferenc\u00eb p\u00ebr media, me \u00e7\u2019rast ka folur rreth draft-statutit t\u00eb Asociacionit t\u00eb Komunave me Shumic\u00eb Serbe. Sipas tij, draft-statuti i Asociacionit nuk ka autoritet ekzekutiv dhe \u00ebsht\u00eb n\u00eb p\u00ebrputhje t\u00eb plot\u00eb me Kushtetut\u00ebn e Kosov\u00ebs, raporton Klan Kosova. \u201cDraft-statuti \u00ebsht\u00eb [&hellip;]","og_url":"https:\/\/permbledhja.com\/sq\/hovenier-draft-statuti-i-asociacionit-ska-fuqi-ekzekutive-te-shqyrtohet-nga-kushtetuesja\/","og_site_name":"Ve\u00e7 artikuj p\u00ebrmbledh\u00ebs","article_publisher":"https:\/\/www.facebook.com\/press07\/","article_published_time":"2023-11-09T09:46:43+00:00","og_image":[{"width":873,"height":521,"url":"https:\/\/permbledhja.com\/wp-content\/uploads\/2023\/11\/Jeff-Hovenier.png","type":"image\/png"}],"author":"M M","twitter_card":"summary_large_image","twitter_misc":{"Written by":"M M","Est. reading time":"1 minut\u00eb"},"schema":{"@context":"https:\/\/schema.org","@graph":[{"@type":"Article","@id":"https:\/\/permbledhja.com\/sq\/hovenier-draft-statuti-i-asociacionit-ska-fuqi-ekzekutive-te-shqyrtohet-nga-kushtetuesja\/#article","isPartOf":{"@id":"https:\/\/permbledhja.com\/sq\/hovenier-draft-statuti-i-asociacionit-ska-fuqi-ekzekutive-te-shqyrtohet-nga-kushtetuesja\/"},"author":{"name":"M M","@id":"https:\/\/permbledhja.com\/#\/schema\/person\/d23f13f59b5722643933d6780783acf3"},"headline":"Hovenier: Draft-statuti i Asociacionit s\u2019ka fuqi ekzekutive, t\u00eb shqyrtohet nga Kushtetuesja","datePublished":"2023-11-09T09:46:43+00:00","dateModified":"2023-11-09T09:46:43+00:00","mainEntityOfPage":{"@id":"https:\/\/permbledhja.com\/sq\/hovenier-draft-statuti-i-asociacionit-ska-fuqi-ekzekutive-te-shqyrtohet-nga-kushtetuesja\/"},"wordCount":195,"publisher":{"@id":"https:\/\/permbledhja.com\/#organization"},"keywords":["Jeff Hovenier"],"articleSection":["Komb\u00ebtare","Lajme"],"inLanguage":"sq"},{"@type":"WebPage","@id":"https:\/\/permbledhja.com\/sq\/hovenier-draft-statuti-i-asociacionit-ska-fuqi-ekzekutive-te-shqyrtohet-nga-kushtetuesja\/","url":"https:\/\/permbledhja.com\/sq\/hovenier-draft-statuti-i-asociacionit-ska-fuqi-ekzekutive-te-shqyrtohet-nga-kushtetuesja\/","name":"Hovenier: Draft-statuti i Asociacionit s\u2019ka fuqi ekzekutive, t\u00eb shqyrtohet nga Kushtetuesja","isPartOf":{"@id":"https:\/\/permbledhja.com\/#website"},"datePublished":"2023-11-09T09:46:43+00:00","dateModified":"2023-11-09T09:46:43+00:00","breadcrumb":{"@id":"https:\/\/permbledhja.com\/sq\/hovenier-draft-statuti-i-asociacionit-ska-fuqi-ekzekutive-te-shqyrtohet-nga-kushtetuesja\/#breadcrumb"},"inLanguage":"sq","potentialAction":[{"@type":"ReadAction","target":["https:\/\/permbledhja.com\/sq\/hovenier-draft-statuti-i-asociacionit-ska-fuqi-ekzekutive-te-shqyrtohet-nga-kushtetuesja\/"]}]},{"@type":"BreadcrumbList","@id":"https:\/\/permbledhja.com\/sq\/hovenier-draft-statuti-i-asociacionit-ska-fuqi-ekzekutive-te-shqyrtohet-nga-kushtetuesja\/#breadcrumb","itemListElement":[{"@type":"ListItem","position":1,"name":"Ballina","item":"https:\/\/permbledhja.com\/sq\/"},{"@type":"ListItem","position":2,"name":"Hovenier: Draft-statuti i Asociacionit s\u2019ka fuqi ekzekutive, t\u00eb shqyrtohet nga Kushtetuesja"}]},{"@type":"WebSite","@id":"https:\/\/permbledhja.com\/#website","url":"https:\/\/permbledhja.com\/","name":"Ve\u00e7 artikuj p\u00ebrmbledh\u00ebs","description":"","publisher":{"@id":"https:\/\/permbledhja.com\/#organization"},"potentialAction":[{"@type":"SearchAction","target":{"@type":"EntryPoint","urlTemplate":"https:\/\/permbledhja.com\/?s={search_term_string}"},"query-input":"required name=search_term_string"}],"inLanguage":"sq"},{"@type":"Organization","@id":"https:\/\/permbledhja.com\/#organization","name":"MK Media & Pr","url":"https:\/\/permbledhja.com\/","logo":{"@type":"ImageObject","inLanguage":"sq","@id":"https:\/\/permbledhja.com\/#\/schema\/logo\/image\/","url":"https:\/\/permbledhja.com\/wp-content\/uploads\/2021\/12\/07-Press-Logo.jpg","contentUrl":"https:\/\/permbledhja.com\/wp-content\/uploads\/2021\/12\/07-Press-Logo.jpg","width":512,"height":512,"caption":"MK Media & Pr"},"image":{"@id":"https:\/\/permbledhja.com\/#\/schema\/logo\/image\/"},"sameAs":["https:\/\/www.facebook.com\/press07\/"]},{"@type":"Person","@id":"https:\/\/permbledhja.com\/#\/schema\/person\/d23f13f59b5722643933d6780783acf3","name":"M M","image":{"@type":"ImageObject","inLanguage":"sq","@id":"https:\/\/permbledhja.com\/#\/schema\/person\/image\/","url":"https:\/\/secure.gravatar.com\/avatar\/e2835a76ca7c31a2416b2d51c4ec9a8f?s=96&d=mm&r=g","contentUrl":"https:\/\/secure.gravatar.com\/avatar\/e2835a76ca7c31a2416b2d51c4ec9a8f?s=96&d=mm&r=g","caption":"M M"},"sameAs":["http:\/\/MM"],"url":"https:\/\/permbledhja.com\/sq\/author\/muhamet\/"}]}},"_links":{"self":[{"href":"https:\/\/permbledhja.com\/sq\/wp-json\/wp\/v2\/posts\/35374"}],"collection":[{"href":"https:\/\/permbledhja.com\/sq\/wp-json\/wp\/v2\/posts"}],"about":[{"href":"https:\/\/permbledhja.com\/sq\/wp-json\/wp\/v2\/types\/post"}],"author":[{"embeddable":true,"href":"https:\/\/permbledhja.com\/sq\/wp-json\/wp\/v2\/users\/2"}],"replies":[{"embeddable":true,"href":"https:\/\/permbledhja.com\/sq\/wp-json\/wp\/v2\/comments?post=35374"}],"version-history":[{"count":1,"href":"https:\/\/permbledhja.com\/sq\/wp-json\/wp\/v2\/posts\/35374\/revisions"}],"predecessor-version":[{"id":35376,"href":"https:\/\/permbledhja.com\/sq\/wp-json\/wp\/v2\/posts\/35374\/revisions\/35376"}],"wp:featuredmedia":[{"embeddable":true,"href":"https:\/\/permbledhja.com\/sq\/wp-json\/wp\/v2\/media\/35375"}],"wp:attachment":[{"href":"https:\/\/permbledhja.com\/sq\/wp-json\/wp\/v2\/media?parent=35374"}],"wp:term":[{"taxonomy":"category","embeddable":true,"href":"https:\/\/permbledhja.com\/sq\/wp-json\/wp\/v2\/categories?post=35374"},{"taxonomy":"post_tag","embeddable":true,"href":"https:\/\/permbledhja.com\/sq\/wp-json\/wp\/v2\/tags?post=35374"}],"curies":[{"name":"wp","href":"https:\/\/api.w.org\/{rel}","templated":true}]}}