{"id":35208,"date":"2023-11-08T09:02:41","date_gmt":"2023-11-08T09:02:41","guid":{"rendered":"https:\/\/permbledhja.com\/?p=35208"},"modified":"2023-11-08T09:02:41","modified_gmt":"2023-11-08T09:02:41","slug":"konfirmohet-raportimi-i-ap-se-kurti-me-10-dhe-11-nentor-ne-france","status":"publish","type":"post","link":"https:\/\/permbledhja.com\/sq\/konfirmohet-raportimi-i-ap-se-kurti-me-10-dhe-11-nentor-ne-france\/","title":{"rendered":"Konfirmohet raportimi i AP-s\u00eb \u2013 Kurti me 10 dhe 11 n\u00ebntor n\u00eb Franc\u00eb"},"content":{"rendered":"<h3>Kryeministri i Kosov\u00ebs, Albin Kurti, gjat\u00eb jav\u00ebs, do t\u00eb udh\u00ebtoj\u00eb p\u00ebr n\u00eb Paris t\u00eb Franc\u00ebs, p\u00ebr t\u00eb marr\u00eb pjes\u00eb n\u00eb Forumin e Paqes ku lider\u00ebt bot\u00ebror\u00eb, krer\u00ebt e organizatave nd\u00ebrkomb\u00ebtare, personalitete t\u00eb shoq\u00ebrive civile mblidhen p\u00ebr t\u00eb diskutuar format e veprimeve kolektive.<\/h3>\n<p>Edicioni i pest\u00eb i k\u00ebtij forumi do t\u00eb organizohet me 10 dhe 11 n\u00ebntor.<\/p>\n<p>Shqip\u00ebria n\u00eb k\u00ebt\u00eb forum do t\u00eb p\u00ebrfaq\u00ebsohet nga kryeministri i Shqip\u00ebris\u00eb, Edi Rama.<\/p>\n<p>Nd\u00ebrsa autoritetet serbe ende nuk e kan\u00eb konfirmuar pjes\u00ebmarrjen.<\/p>\n<div class=\"ads square\">\n<p><strong>\u00c7far\u00eb pritet t\u00eb ndodh\u00eb?<\/strong><\/p>\n<p>Albanian Post, nga burime nd\u00ebrkomb\u00ebtare, kishte kuptuar se si Kurti ashtu edhe Vu\u00e7i\u00e7 gjat\u00eb n\u00ebntorit do t\u00eb ken\u00eb nj\u00eb varg takimesh m\u00eb intensive se sa n\u00eb muajit e fundit, kjo pas dakord\u00ebsimeve t\u00eb arritura p\u00ebr rrug\u00ebn p\u00ebrpara drejt zbatimit t\u00eb Marr\u00ebveshjes s\u00eb Brukselit\/Ohrit dhe pas pranimit t\u00eb draft-statutit t\u00eb Asociacionit t\u00eb Komunave me Shumic\u00eb Serbe nga ana e Kosov\u00ebs, draft ky i p\u00ebrgatitur nga komuniteti nd\u00ebrkomb\u00ebtar\u00eb.<\/p>\n<p>Por takimi m\u00eb i r\u00ebnd\u00ebsishmi, q\u00eb Kurti e Vu\u00e7i\u00e7, do t\u00eb zhvillojn\u00eb gjat\u00eb k\u00ebtij muaji, si\u00e7 kishte kuptuar Albanian Post, do t\u00eb jet\u00eb ai me 10 dhe 11 n\u00ebntor n\u00eb Forumin e Paqes n\u00eb Paris.<\/p>\n<p>Forumi i parvjetsh\u00ebm adreson nevojat e bashk\u00ebpunimit t\u00eb shteteve p\u00ebr \u00e7\u00ebshtje t\u00eb nd\u00ebrvarura, duke theksuar munges\u00ebn e aksionit t\u00eb p\u00ebrbashk\u00ebt n\u00eb koh\u00ebra t\u00eb turbulencave nd\u00ebrkomb\u00ebtare, por k\u00ebt\u00eb radh\u00eb, buz\u00eb k\u00ebsaj, rrumbullakson edhe pajtimin dy-pal\u00ebsh Kosov\u00eb \u2013 Serbi p\u00ebr t\u00eb vazhduar me zbatimin e pikave t\u00eb tjera t\u00eb dala nga Marr\u00ebveshja e Brukselit e aneksuar n\u00eb Oh\u00ebr.<\/p>\n<p>Gjithashtu, nga ky Forum i Paqes, p\u00ebr shkak t\u00eb akordit t\u00eb plot\u00eb n\u00eb rrug\u00ebn p\u00ebrpara, Kosov\u00ebs do t\u2019i hiqen masat shtr\u00ebnguese, duke dh\u00ebn\u00eb shenj\u00ebn k\u00ebshtu t\u00eb respektimit t\u00eb k\u00ebrkesave nga nd\u00ebrkomb\u00ebtar\u00ebt.<\/p>\n<p>Pajtimi dhe heqja e sanksioneve ndaj Kosov\u00ebs n\u00eb nj\u00ebr\u00ebn an\u00eb, do t\u00eb p\u00ebrcjellet edhe me zhvillime t\u00eb tjera, si kthim i serb\u00ebve t\u00eb Kosov\u00ebs n\u00eb institucione, t\u00eb pakt\u00ebn n\u00eb disa nivele, n\u00eb m\u00ebnyr\u00eb q\u00eb t\u00eb mund\u00ebsohet shpallja e zgjedhjeve.<\/p>\n<div class=\"ads square\"><\/div>\n<\/div>\n<div class=\"ads square\"><\/div>\n","protected":false},"excerpt":{"rendered":"<p>Kryeministri i Kosov\u00ebs, Albin Kurti, gjat\u00eb jav\u00ebs, do t\u00eb udh\u00ebtoj\u00eb p\u00ebr n\u00eb Paris t\u00eb Franc\u00ebs, p\u00ebr t\u00eb marr\u00eb pjes\u00eb n\u00eb Forumin e Paqes ku lider\u00ebt bot\u00ebror\u00eb, krer\u00ebt e organizatave nd\u00ebrkomb\u00ebtare, personalitete t\u00eb shoq\u00ebrive civile mblidhen p\u00ebr t\u00eb diskutuar format e veprimeve kolektive. Edicioni i pest\u00eb i k\u00ebtij forumi do t\u00eb organizohet me 10 dhe 11 [&hellip;]<\/p>\n","protected":false},"author":2,"featured_media":35209,"comment_status":"closed","ping_status":"closed","sticky":false,"template":"","format":"standard","meta":{"_monsterinsights_skip_tracking":false,"_monsterinsights_sitenote_active":false,"_monsterinsights_sitenote_note":"","_monsterinsights_sitenote_category":0,"_uf_show_specific_survey":0,"_uf_disable_surveys":false,"footnotes":""},"categories":[1146,15],"tags":[86],"yoast_head":"<!-- This site is optimized with the Yoast SEO plugin v21.5 - https:\/\/yoast.com\/wordpress\/plugins\/seo\/ -->\n<title>Konfirmohet raportimi i AP-s\u00eb \u2013 Kurti me 10 dhe 11 n\u00ebntor n\u00eb Franc\u00eb<\/title>\n<meta name=\"robots\" content=\"index, follow, max-snippet:-1, max-image-preview:large, max-video-preview:-1\" \/>\n<link rel=\"canonical\" href=\"https:\/\/permbledhja.com\/sq\/konfirmohet-raportimi-i-ap-se-kurti-me-10-dhe-11-nentor-ne-france\/\" \/>\n<meta property=\"og:locale\" content=\"sq_AL\" \/>\n<meta property=\"og:type\" content=\"article\" \/>\n<meta property=\"og:title\" content=\"Konfirmohet raportimi i AP-s\u00eb \u2013 Kurti me 10 dhe 11 n\u00ebntor n\u00eb Franc\u00eb\" \/>\n<meta property=\"og:description\" content=\"Kryeministri i Kosov\u00ebs, Albin Kurti, gjat\u00eb jav\u00ebs, do t\u00eb udh\u00ebtoj\u00eb p\u00ebr n\u00eb Paris t\u00eb Franc\u00ebs, p\u00ebr t\u00eb marr\u00eb pjes\u00eb n\u00eb Forumin e Paqes ku lider\u00ebt bot\u00ebror\u00eb, krer\u00ebt e organizatave nd\u00ebrkomb\u00ebtare, personalitete t\u00eb shoq\u00ebrive civile mblidhen p\u00ebr t\u00eb diskutuar format e veprimeve kolektive. Edicioni i pest\u00eb i k\u00ebtij forumi do t\u00eb organizohet me 10 dhe 11 [&hellip;]\" \/>\n<meta property=\"og:url\" content=\"https:\/\/permbledhja.com\/sq\/konfirmohet-raportimi-i-ap-se-kurti-me-10-dhe-11-nentor-ne-france\/\" \/>\n<meta property=\"og:site_name\" content=\"Ve\u00e7 artikuj p\u00ebrmbledh\u00ebs\" \/>\n<meta property=\"article:publisher\" content=\"https:\/\/www.facebook.com\/press07\/\" \/>\n<meta property=\"article:published_time\" content=\"2023-11-08T09:02:41+00:00\" \/>\n<meta property=\"og:image\" content=\"https:\/\/permbledhja.com\/wp-content\/uploads\/2023\/11\/M3IRHAKJAVJBFMDEKGKCLPAEHY-2048x1365-1.jpg\" \/>\n\t<meta property=\"og:image:width\" content=\"2048\" \/>\n\t<meta property=\"og:image:height\" content=\"1365\" \/>\n\t<meta property=\"og:image:type\" content=\"image\/jpeg\" \/>\n<meta name=\"author\" content=\"M M\" \/>\n<meta name=\"twitter:card\" content=\"summary_large_image\" \/>\n<meta name=\"twitter:label1\" content=\"Written by\" \/>\n\t<meta name=\"twitter:data1\" content=\"M M\" \/>\n\t<meta name=\"twitter:label2\" content=\"Est. reading time\" \/>\n\t<meta name=\"twitter:data2\" content=\"2 minuta\" \/>\n<script type=\"application\/ld+json\" class=\"yoast-schema-graph\">{\"@context\":\"https:\/\/schema.org\",\"@graph\":[{\"@type\":\"Article\",\"@id\":\"https:\/\/permbledhja.com\/sq\/konfirmohet-raportimi-i-ap-se-kurti-me-10-dhe-11-nentor-ne-france\/#article\",\"isPartOf\":{\"@id\":\"https:\/\/permbledhja.com\/sq\/konfirmohet-raportimi-i-ap-se-kurti-me-10-dhe-11-nentor-ne-france\/\"},\"author\":{\"name\":\"M M\",\"@id\":\"https:\/\/permbledhja.com\/#\/schema\/person\/d23f13f59b5722643933d6780783acf3\"},\"headline\":\"Konfirmohet raportimi i AP-s\u00eb \u2013 Kurti me 10 dhe 11 n\u00ebntor n\u00eb Franc\u00eb\",\"datePublished\":\"2023-11-08T09:02:41+00:00\",\"dateModified\":\"2023-11-08T09:02:41+00:00\",\"mainEntityOfPage\":{\"@id\":\"https:\/\/permbledhja.com\/sq\/konfirmohet-raportimi-i-ap-se-kurti-me-10-dhe-11-nentor-ne-france\/\"},\"wordCount\":394,\"publisher\":{\"@id\":\"https:\/\/permbledhja.com\/#organization\"},\"keywords\":[\"Albin Kurti\"],\"articleSection\":[\"Kryesoret\",\"Lajme\"],\"inLanguage\":\"sq\"},{\"@type\":\"WebPage\",\"@id\":\"https:\/\/permbledhja.com\/sq\/konfirmohet-raportimi-i-ap-se-kurti-me-10-dhe-11-nentor-ne-france\/\",\"url\":\"https:\/\/permbledhja.com\/sq\/konfirmohet-raportimi-i-ap-se-kurti-me-10-dhe-11-nentor-ne-france\/\",\"name\":\"Konfirmohet raportimi i AP-s\u00eb \u2013 Kurti me 10 dhe 11 n\u00ebntor n\u00eb Franc\u00eb\",\"isPartOf\":{\"@id\":\"https:\/\/permbledhja.com\/#website\"},\"datePublished\":\"2023-11-08T09:02:41+00:00\",\"dateModified\":\"2023-11-08T09:02:41+00:00\",\"breadcrumb\":{\"@id\":\"https:\/\/permbledhja.com\/sq\/konfirmohet-raportimi-i-ap-se-kurti-me-10-dhe-11-nentor-ne-france\/#breadcrumb\"},\"inLanguage\":\"sq\",\"potentialAction\":[{\"@type\":\"ReadAction\",\"target\":[\"https:\/\/permbledhja.com\/sq\/konfirmohet-raportimi-i-ap-se-kurti-me-10-dhe-11-nentor-ne-france\/\"]}]},{\"@type\":\"BreadcrumbList\",\"@id\":\"https:\/\/permbledhja.com\/sq\/konfirmohet-raportimi-i-ap-se-kurti-me-10-dhe-11-nentor-ne-france\/#breadcrumb\",\"itemListElement\":[{\"@type\":\"ListItem\",\"position\":1,\"name\":\"Ballina\",\"item\":\"https:\/\/permbledhja.com\/sq\/\"},{\"@type\":\"ListItem\",\"position\":2,\"name\":\"Konfirmohet raportimi i AP-s\u00eb \u2013 Kurti me 10 dhe 11 n\u00ebntor n\u00eb Franc\u00eb\"}]},{\"@type\":\"WebSite\",\"@id\":\"https:\/\/permbledhja.com\/#website\",\"url\":\"https:\/\/permbledhja.com\/\",\"name\":\"Ve\u00e7 artikuj p\u00ebrmbledh\u00ebs\",\"description\":\"\",\"publisher\":{\"@id\":\"https:\/\/permbledhja.com\/#organization\"},\"potentialAction\":[{\"@type\":\"SearchAction\",\"target\":{\"@type\":\"EntryPoint\",\"urlTemplate\":\"https:\/\/permbledhja.com\/?s={search_term_string}\"},\"query-input\":\"required name=search_term_string\"}],\"inLanguage\":\"sq\"},{\"@type\":\"Organization\",\"@id\":\"https:\/\/permbledhja.com\/#organization\",\"name\":\"MK Media & Pr\",\"url\":\"https:\/\/permbledhja.com\/\",\"logo\":{\"@type\":\"ImageObject\",\"inLanguage\":\"sq\",\"@id\":\"https:\/\/permbledhja.com\/#\/schema\/logo\/image\/\",\"url\":\"https:\/\/permbledhja.com\/wp-content\/uploads\/2021\/12\/07-Press-Logo.jpg\",\"contentUrl\":\"https:\/\/permbledhja.com\/wp-content\/uploads\/2021\/12\/07-Press-Logo.jpg\",\"width\":512,\"height\":512,\"caption\":\"MK Media & Pr\"},\"image\":{\"@id\":\"https:\/\/permbledhja.com\/#\/schema\/logo\/image\/\"},\"sameAs\":[\"https:\/\/www.facebook.com\/press07\/\"]},{\"@type\":\"Person\",\"@id\":\"https:\/\/permbledhja.com\/#\/schema\/person\/d23f13f59b5722643933d6780783acf3\",\"name\":\"M M\",\"image\":{\"@type\":\"ImageObject\",\"inLanguage\":\"sq\",\"@id\":\"https:\/\/permbledhja.com\/#\/schema\/person\/image\/\",\"url\":\"https:\/\/secure.gravatar.com\/avatar\/e2835a76ca7c31a2416b2d51c4ec9a8f?s=96&d=mm&r=g\",\"contentUrl\":\"https:\/\/secure.gravatar.com\/avatar\/e2835a76ca7c31a2416b2d51c4ec9a8f?s=96&d=mm&r=g\",\"caption\":\"M M\"},\"sameAs\":[\"http:\/\/MM\"],\"url\":\"https:\/\/permbledhja.com\/sq\/author\/muhamet\/\"}]}<\/script>\n<!-- \/ Yoast SEO plugin. -->","yoast_head_json":{"title":"Konfirmohet raportimi i AP-s\u00eb \u2013 Kurti me 10 dhe 11 n\u00ebntor n\u00eb Franc\u00eb","robots":{"index":"index","follow":"follow","max-snippet":"max-snippet:-1","max-image-preview":"max-image-preview:large","max-video-preview":"max-video-preview:-1"},"canonical":"https:\/\/permbledhja.com\/sq\/konfirmohet-raportimi-i-ap-se-kurti-me-10-dhe-11-nentor-ne-france\/","og_locale":"sq_AL","og_type":"article","og_title":"Konfirmohet raportimi i AP-s\u00eb \u2013 Kurti me 10 dhe 11 n\u00ebntor n\u00eb Franc\u00eb","og_description":"Kryeministri i Kosov\u00ebs, Albin Kurti, gjat\u00eb jav\u00ebs, do t\u00eb udh\u00ebtoj\u00eb p\u00ebr n\u00eb Paris t\u00eb Franc\u00ebs, p\u00ebr t\u00eb marr\u00eb pjes\u00eb n\u00eb Forumin e Paqes ku lider\u00ebt bot\u00ebror\u00eb, krer\u00ebt e organizatave nd\u00ebrkomb\u00ebtare, personalitete t\u00eb shoq\u00ebrive civile mblidhen p\u00ebr t\u00eb diskutuar format e veprimeve kolektive. Edicioni i pest\u00eb i k\u00ebtij forumi do t\u00eb organizohet me 10 dhe 11 [&hellip;]","og_url":"https:\/\/permbledhja.com\/sq\/konfirmohet-raportimi-i-ap-se-kurti-me-10-dhe-11-nentor-ne-france\/","og_site_name":"Ve\u00e7 artikuj p\u00ebrmbledh\u00ebs","article_publisher":"https:\/\/www.facebook.com\/press07\/","article_published_time":"2023-11-08T09:02:41+00:00","og_image":[{"width":2048,"height":1365,"url":"https:\/\/permbledhja.com\/wp-content\/uploads\/2023\/11\/M3IRHAKJAVJBFMDEKGKCLPAEHY-2048x1365-1.jpg","type":"image\/jpeg"}],"author":"M M","twitter_card":"summary_large_image","twitter_misc":{"Written by":"M M","Est. reading time":"2 minuta"},"schema":{"@context":"https:\/\/schema.org","@graph":[{"@type":"Article","@id":"https:\/\/permbledhja.com\/sq\/konfirmohet-raportimi-i-ap-se-kurti-me-10-dhe-11-nentor-ne-france\/#article","isPartOf":{"@id":"https:\/\/permbledhja.com\/sq\/konfirmohet-raportimi-i-ap-se-kurti-me-10-dhe-11-nentor-ne-france\/"},"author":{"name":"M M","@id":"https:\/\/permbledhja.com\/#\/schema\/person\/d23f13f59b5722643933d6780783acf3"},"headline":"Konfirmohet raportimi i AP-s\u00eb \u2013 Kurti me 10 dhe 11 n\u00ebntor n\u00eb Franc\u00eb","datePublished":"2023-11-08T09:02:41+00:00","dateModified":"2023-11-08T09:02:41+00:00","mainEntityOfPage":{"@id":"https:\/\/permbledhja.com\/sq\/konfirmohet-raportimi-i-ap-se-kurti-me-10-dhe-11-nentor-ne-france\/"},"wordCount":394,"publisher":{"@id":"https:\/\/permbledhja.com\/#organization"},"keywords":["Albin Kurti"],"articleSection":["Kryesoret","Lajme"],"inLanguage":"sq"},{"@type":"WebPage","@id":"https:\/\/permbledhja.com\/sq\/konfirmohet-raportimi-i-ap-se-kurti-me-10-dhe-11-nentor-ne-france\/","url":"https:\/\/permbledhja.com\/sq\/konfirmohet-raportimi-i-ap-se-kurti-me-10-dhe-11-nentor-ne-france\/","name":"Konfirmohet raportimi i AP-s\u00eb \u2013 Kurti me 10 dhe 11 n\u00ebntor n\u00eb Franc\u00eb","isPartOf":{"@id":"https:\/\/permbledhja.com\/#website"},"datePublished":"2023-11-08T09:02:41+00:00","dateModified":"2023-11-08T09:02:41+00:00","breadcrumb":{"@id":"https:\/\/permbledhja.com\/sq\/konfirmohet-raportimi-i-ap-se-kurti-me-10-dhe-11-nentor-ne-france\/#breadcrumb"},"inLanguage":"sq","potentialAction":[{"@type":"ReadAction","target":["https:\/\/permbledhja.com\/sq\/konfirmohet-raportimi-i-ap-se-kurti-me-10-dhe-11-nentor-ne-france\/"]}]},{"@type":"BreadcrumbList","@id":"https:\/\/permbledhja.com\/sq\/konfirmohet-raportimi-i-ap-se-kurti-me-10-dhe-11-nentor-ne-france\/#breadcrumb","itemListElement":[{"@type":"ListItem","position":1,"name":"Ballina","item":"https:\/\/permbledhja.com\/sq\/"},{"@type":"ListItem","position":2,"name":"Konfirmohet raportimi i AP-s\u00eb \u2013 Kurti me 10 dhe 11 n\u00ebntor n\u00eb Franc\u00eb"}]},{"@type":"WebSite","@id":"https:\/\/permbledhja.com\/#website","url":"https:\/\/permbledhja.com\/","name":"Ve\u00e7 artikuj p\u00ebrmbledh\u00ebs","description":"","publisher":{"@id":"https:\/\/permbledhja.com\/#organization"},"potentialAction":[{"@type":"SearchAction","target":{"@type":"EntryPoint","urlTemplate":"https:\/\/permbledhja.com\/?s={search_term_string}"},"query-input":"required name=search_term_string"}],"inLanguage":"sq"},{"@type":"Organization","@id":"https:\/\/permbledhja.com\/#organization","name":"MK Media & Pr","url":"https:\/\/permbledhja.com\/","logo":{"@type":"ImageObject","inLanguage":"sq","@id":"https:\/\/permbledhja.com\/#\/schema\/logo\/image\/","url":"https:\/\/permbledhja.com\/wp-content\/uploads\/2021\/12\/07-Press-Logo.jpg","contentUrl":"https:\/\/permbledhja.com\/wp-content\/uploads\/2021\/12\/07-Press-Logo.jpg","width":512,"height":512,"caption":"MK Media & Pr"},"image":{"@id":"https:\/\/permbledhja.com\/#\/schema\/logo\/image\/"},"sameAs":["https:\/\/www.facebook.com\/press07\/"]},{"@type":"Person","@id":"https:\/\/permbledhja.com\/#\/schema\/person\/d23f13f59b5722643933d6780783acf3","name":"M M","image":{"@type":"ImageObject","inLanguage":"sq","@id":"https:\/\/permbledhja.com\/#\/schema\/person\/image\/","url":"https:\/\/secure.gravatar.com\/avatar\/e2835a76ca7c31a2416b2d51c4ec9a8f?s=96&d=mm&r=g","contentUrl":"https:\/\/secure.gravatar.com\/avatar\/e2835a76ca7c31a2416b2d51c4ec9a8f?s=96&d=mm&r=g","caption":"M M"},"sameAs":["http:\/\/MM"],"url":"https:\/\/permbledhja.com\/sq\/author\/muhamet\/"}]}},"_links":{"self":[{"href":"https:\/\/permbledhja.com\/sq\/wp-json\/wp\/v2\/posts\/35208"}],"collection":[{"href":"https:\/\/permbledhja.com\/sq\/wp-json\/wp\/v2\/posts"}],"about":[{"href":"https:\/\/permbledhja.com\/sq\/wp-json\/wp\/v2\/types\/post"}],"author":[{"embeddable":true,"href":"https:\/\/permbledhja.com\/sq\/wp-json\/wp\/v2\/users\/2"}],"replies":[{"embeddable":true,"href":"https:\/\/permbledhja.com\/sq\/wp-json\/wp\/v2\/comments?post=35208"}],"version-history":[{"count":1,"href":"https:\/\/permbledhja.com\/sq\/wp-json\/wp\/v2\/posts\/35208\/revisions"}],"predecessor-version":[{"id":35210,"href":"https:\/\/permbledhja.com\/sq\/wp-json\/wp\/v2\/posts\/35208\/revisions\/35210"}],"wp:featuredmedia":[{"embeddable":true,"href":"https:\/\/permbledhja.com\/sq\/wp-json\/wp\/v2\/media\/35209"}],"wp:attachment":[{"href":"https:\/\/permbledhja.com\/sq\/wp-json\/wp\/v2\/media?parent=35208"}],"wp:term":[{"taxonomy":"category","embeddable":true,"href":"https:\/\/permbledhja.com\/sq\/wp-json\/wp\/v2\/categories?post=35208"},{"taxonomy":"post_tag","embeddable":true,"href":"https:\/\/permbledhja.com\/sq\/wp-json\/wp\/v2\/tags?post=35208"}],"curies":[{"name":"wp","href":"https:\/\/api.w.org\/{rel}","templated":true}]}}