{"id":35181,"date":"2023-11-08T07:34:21","date_gmt":"2023-11-08T07:34:21","guid":{"rendered":"https:\/\/permbledhja.com\/?p=35181"},"modified":"2023-11-08T07:34:21","modified_gmt":"2023-11-08T07:34:21","slug":"haradinaj-kurti-po-e-fsheh-draft-statutin-e-asociacionit-edhe-nga-deputetet-e-vv-se","status":"publish","type":"post","link":"https:\/\/permbledhja.com\/sq\/haradinaj-kurti-po-e-fsheh-draft-statutin-e-asociacionit-edhe-nga-deputetet-e-vv-se\/","title":{"rendered":"Haradinaj: Kurti po e fsheh draft-statutin e Asociacionit edhe nga deputet\u00ebt e VV-s\u00eb"},"content":{"rendered":"<h3>Kryetari i AAK-s\u00eb, Ramush Haradinaj, ka th\u00ebn\u00eb se kryeministri Albin Kurti nuk e ka informuar as L\u00ebvizjen Vet\u00ebvendosje mbi p\u00ebrmbajtjen e draft-statutit t\u00eb Asociacionit, t\u00eb cilin e ka pranuar n\u00eb Bruksel.<\/h3>\n<p>Sipas Hardinajt, Kurti para se ta pranonte draft-statutin \u00ebsht\u00eb dashur t\u2019ua lexoj\u00eb deputet\u00ebve t\u00eb VV-s\u00eb.<\/p>\n<p>\u201cKurti e ka pranuar n\u00eb Bruksel Asociacionin pa e nda at\u00eb dokument me partit\u00eb parlamentare t\u00eb Kosov\u00ebs, as me Vet\u00ebvendosjen. Mendoj se ai me urgjenc\u00eb duhet ta ftoj\u00eb s\u00eb pari partin\u00eb e tij dhe t\u00eb ua lexoj\u00eb at\u00eb dokument. Ai \u00ebsht\u00eb vonu, \u00ebsht\u00eb dashur t\u00eb ua lexoj\u00eb para se me than\u00eb \u2018po\u2019\u201d, ka th\u00ebnp Haradinaj n\u00eb Rubikon t\u00eb Klan Kosov\u00ebs.<\/p>\n<p>Haradinaj ka th\u00ebn\u00eb se Kurti ka pasur nj\u00eb jav\u00eb koh\u00eb q\u00eb draftin e propozuar nga pes\u00ebshja euro-amerikane ta ndaj\u00eb me partit\u00eb e parlamentare, para se at\u00eb ta pranoj\u00eb n\u00eb Bruksel.<\/p>\n<p>\u201cUn\u00eb mendoj se Kurti ka gabu shum\u00eb q\u00eb e ka pranu k\u00ebt\u00eb dokument pa u takuar me ne p\u00ebrpara, pa na jep t\u00eb pakt\u00ebn\u2026atij kur ia kan\u00eb dh\u00ebn\u00eb dokumentin p\u00ebrfaq\u00ebsuesit nd\u00ebrkomb\u00ebtar\u00eb ia kan\u00eb dh\u00ebn\u00eb nj\u00eb jav\u00eb p\u00ebrpara, ai n\u00eb at\u00eb jav\u00eb, ose dhjet\u00eb dit\u00eb p\u00ebrpara, \u00ebsht\u00eb dasht\u00eb me na ftu, me than\u00eb po du n\u00eb em\u00ebr t\u00eb Kosov\u00ebs me e pranu k\u00ebt\u00eb dokument\u201d, ka th\u00ebn\u00eb Haradinaj.<\/p>\n<p>Ai i ka sfiduar deputet\u00ebt e VV-s\u00eb q\u00eb t\u00eb tregojn\u00eb se kush nga ta e ka lexuar draft-statutin e Asociacionit, derisa tha se sjellja e Kurtit n\u00eb dialog po i shkon n\u00eb favor Serbis\u00eb.<\/p>\n<p>\u201cUn\u00eb dyshoj n\u00eb agjendat e fshehura t\u00eb tij (Kurtit), ai po ia fsheh\u00eb edhe Vet\u00ebvendosjes se \u00e7ka ka pranu, jo mu p\u00ebr shembull, un\u00eb po i pyes sot deputet\u00ebt e Vet\u00ebvendosjes kush prej tyre e ka lexuar krejt dokumentin, t\u00eb cilin kryeministri yn\u00eb i Kosov\u00ebs n\u00eb k\u00ebt\u00eb rast, edhe pse un\u00eb kam votuar kund\u00ebr tij, e ka pranuar n\u00eb em\u00ebr t\u00eb Kosov\u00ebs, p\u00ebrpos q\u00eb e ka pranu po e k\u00ebrkon edhe n\u00ebnshkrimin e \u00e7etnikut andej\u201d, ka shtuar kreu i AAK-s\u00eb.<\/p>\n","protected":false},"excerpt":{"rendered":"<p>Kryetari i AAK-s\u00eb, Ramush Haradinaj, ka th\u00ebn\u00eb se kryeministri Albin Kurti nuk e ka informuar as L\u00ebvizjen Vet\u00ebvendosje mbi p\u00ebrmbajtjen e draft-statutit t\u00eb Asociacionit, t\u00eb cilin e ka pranuar n\u00eb Bruksel. Sipas Hardinajt, Kurti para se ta pranonte draft-statutin \u00ebsht\u00eb dashur t\u2019ua lexoj\u00eb deputet\u00ebve t\u00eb VV-s\u00eb. \u201cKurti e ka pranuar n\u00eb Bruksel Asociacionin pa e [&hellip;]<\/p>\n","protected":false},"author":2,"featured_media":35182,"comment_status":"closed","ping_status":"closed","sticky":false,"template":"","format":"standard","meta":{"_monsterinsights_skip_tracking":false,"_monsterinsights_sitenote_active":false,"_monsterinsights_sitenote_note":"","_monsterinsights_sitenote_category":0,"_uf_show_specific_survey":0,"_uf_disable_surveys":false,"footnotes":""},"categories":[23,15],"tags":[764],"yoast_head":"<!-- This site is optimized with the Yoast SEO plugin v21.5 - https:\/\/yoast.com\/wordpress\/plugins\/seo\/ -->\n<title>Haradinaj: Kurti po e fsheh draft-statutin e Asociacionit edhe nga deputet\u00ebt e VV-s\u00eb<\/title>\n<meta name=\"robots\" content=\"index, follow, max-snippet:-1, max-image-preview:large, max-video-preview:-1\" \/>\n<link rel=\"canonical\" href=\"https:\/\/permbledhja.com\/sq\/haradinaj-kurti-po-e-fsheh-draft-statutin-e-asociacionit-edhe-nga-deputetet-e-vv-se\/\" \/>\n<meta property=\"og:locale\" content=\"sq_AL\" \/>\n<meta property=\"og:type\" content=\"article\" \/>\n<meta property=\"og:title\" content=\"Haradinaj: Kurti po e fsheh draft-statutin e Asociacionit edhe nga deputet\u00ebt e VV-s\u00eb\" \/>\n<meta property=\"og:description\" content=\"Kryetari i AAK-s\u00eb, Ramush Haradinaj, ka th\u00ebn\u00eb se kryeministri Albin Kurti nuk e ka informuar as L\u00ebvizjen Vet\u00ebvendosje mbi p\u00ebrmbajtjen e draft-statutit t\u00eb Asociacionit, t\u00eb cilin e ka pranuar n\u00eb Bruksel. Sipas Hardinajt, Kurti para se ta pranonte draft-statutin \u00ebsht\u00eb dashur t\u2019ua lexoj\u00eb deputet\u00ebve t\u00eb VV-s\u00eb. \u201cKurti e ka pranuar n\u00eb Bruksel Asociacionin pa e [&hellip;]\" \/>\n<meta property=\"og:url\" content=\"https:\/\/permbledhja.com\/sq\/haradinaj-kurti-po-e-fsheh-draft-statutin-e-asociacionit-edhe-nga-deputetet-e-vv-se\/\" \/>\n<meta property=\"og:site_name\" content=\"Ve\u00e7 artikuj p\u00ebrmbledh\u00ebs\" \/>\n<meta property=\"article:publisher\" content=\"https:\/\/www.facebook.com\/press07\/\" \/>\n<meta property=\"article:published_time\" content=\"2023-11-08T07:34:21+00:00\" \/>\n<meta property=\"og:image\" content=\"https:\/\/permbledhja.com\/wp-content\/uploads\/2023\/11\/Haradinaj_Kurti_Asociacioni-600x360-1.png\" \/>\n\t<meta property=\"og:image:width\" content=\"600\" \/>\n\t<meta property=\"og:image:height\" content=\"360\" \/>\n\t<meta property=\"og:image:type\" content=\"image\/png\" \/>\n<meta name=\"author\" content=\"M M\" \/>\n<meta name=\"twitter:card\" content=\"summary_large_image\" \/>\n<meta name=\"twitter:label1\" content=\"Written by\" \/>\n\t<meta name=\"twitter:data1\" content=\"M M\" \/>\n\t<meta name=\"twitter:label2\" content=\"Est. reading time\" \/>\n\t<meta name=\"twitter:data2\" content=\"2 minuta\" \/>\n<script type=\"application\/ld+json\" class=\"yoast-schema-graph\">{\"@context\":\"https:\/\/schema.org\",\"@graph\":[{\"@type\":\"Article\",\"@id\":\"https:\/\/permbledhja.com\/haradinaj-kurti-po-e-fsheh-draft-statutin-e-asociacionit-edhe-nga-deputetet-e-vv-se\/#article\",\"isPartOf\":{\"@id\":\"https:\/\/permbledhja.com\/haradinaj-kurti-po-e-fsheh-draft-statutin-e-asociacionit-edhe-nga-deputetet-e-vv-se\/\"},\"author\":{\"name\":\"M M\",\"@id\":\"https:\/\/permbledhja.com\/#\/schema\/person\/d23f13f59b5722643933d6780783acf3\"},\"headline\":\"Haradinaj: Kurti po e fsheh draft-statutin e Asociacionit edhe nga deputet\u00ebt e VV-s\u00eb\",\"datePublished\":\"2023-11-08T07:34:21+00:00\",\"dateModified\":\"2023-11-08T07:34:21+00:00\",\"mainEntityOfPage\":{\"@id\":\"https:\/\/permbledhja.com\/haradinaj-kurti-po-e-fsheh-draft-statutin-e-asociacionit-edhe-nga-deputetet-e-vv-se\/\"},\"wordCount\":371,\"publisher\":{\"@id\":\"https:\/\/permbledhja.com\/#organization\"},\"keywords\":[\"Ramush Haradinaj\"],\"articleSection\":[\"Komb\u00ebtare\",\"Lajme\"],\"inLanguage\":\"sq\"},{\"@type\":\"WebPage\",\"@id\":\"https:\/\/permbledhja.com\/haradinaj-kurti-po-e-fsheh-draft-statutin-e-asociacionit-edhe-nga-deputetet-e-vv-se\/\",\"url\":\"https:\/\/permbledhja.com\/haradinaj-kurti-po-e-fsheh-draft-statutin-e-asociacionit-edhe-nga-deputetet-e-vv-se\/\",\"name\":\"Haradinaj: Kurti po e fsheh draft-statutin e Asociacionit edhe nga deputet\u00ebt e VV-s\u00eb\",\"isPartOf\":{\"@id\":\"https:\/\/permbledhja.com\/#website\"},\"datePublished\":\"2023-11-08T07:34:21+00:00\",\"dateModified\":\"2023-11-08T07:34:21+00:00\",\"breadcrumb\":{\"@id\":\"https:\/\/permbledhja.com\/haradinaj-kurti-po-e-fsheh-draft-statutin-e-asociacionit-edhe-nga-deputetet-e-vv-se\/#breadcrumb\"},\"inLanguage\":\"sq\",\"potentialAction\":[{\"@type\":\"ReadAction\",\"target\":[\"https:\/\/permbledhja.com\/haradinaj-kurti-po-e-fsheh-draft-statutin-e-asociacionit-edhe-nga-deputetet-e-vv-se\/\"]}]},{\"@type\":\"BreadcrumbList\",\"@id\":\"https:\/\/permbledhja.com\/haradinaj-kurti-po-e-fsheh-draft-statutin-e-asociacionit-edhe-nga-deputetet-e-vv-se\/#breadcrumb\",\"itemListElement\":[{\"@type\":\"ListItem\",\"position\":1,\"name\":\"Ballina\",\"item\":\"https:\/\/permbledhja.com\/sq\/\"},{\"@type\":\"ListItem\",\"position\":2,\"name\":\"Haradinaj: Kurti po e fsheh draft-statutin e Asociacionit edhe nga deputet\u00ebt e VV-s\u00eb\"}]},{\"@type\":\"WebSite\",\"@id\":\"https:\/\/permbledhja.com\/#website\",\"url\":\"https:\/\/permbledhja.com\/\",\"name\":\"Ve\u00e7 artikuj p\u00ebrmbledh\u00ebs\",\"description\":\"\",\"publisher\":{\"@id\":\"https:\/\/permbledhja.com\/#organization\"},\"potentialAction\":[{\"@type\":\"SearchAction\",\"target\":{\"@type\":\"EntryPoint\",\"urlTemplate\":\"https:\/\/permbledhja.com\/?s={search_term_string}\"},\"query-input\":\"required name=search_term_string\"}],\"inLanguage\":\"sq\"},{\"@type\":\"Organization\",\"@id\":\"https:\/\/permbledhja.com\/#organization\",\"name\":\"MK Media & Pr\",\"url\":\"https:\/\/permbledhja.com\/\",\"logo\":{\"@type\":\"ImageObject\",\"inLanguage\":\"sq\",\"@id\":\"https:\/\/permbledhja.com\/#\/schema\/logo\/image\/\",\"url\":\"https:\/\/permbledhja.com\/wp-content\/uploads\/2021\/12\/07-Press-Logo.jpg\",\"contentUrl\":\"https:\/\/permbledhja.com\/wp-content\/uploads\/2021\/12\/07-Press-Logo.jpg\",\"width\":512,\"height\":512,\"caption\":\"MK Media & Pr\"},\"image\":{\"@id\":\"https:\/\/permbledhja.com\/#\/schema\/logo\/image\/\"},\"sameAs\":[\"https:\/\/www.facebook.com\/press07\/\"]},{\"@type\":\"Person\",\"@id\":\"https:\/\/permbledhja.com\/#\/schema\/person\/d23f13f59b5722643933d6780783acf3\",\"name\":\"M M\",\"image\":{\"@type\":\"ImageObject\",\"inLanguage\":\"sq\",\"@id\":\"https:\/\/permbledhja.com\/#\/schema\/person\/image\/\",\"url\":\"https:\/\/secure.gravatar.com\/avatar\/e2835a76ca7c31a2416b2d51c4ec9a8f?s=96&d=mm&r=g\",\"contentUrl\":\"https:\/\/secure.gravatar.com\/avatar\/e2835a76ca7c31a2416b2d51c4ec9a8f?s=96&d=mm&r=g\",\"caption\":\"M M\"},\"sameAs\":[\"http:\/\/MM\"],\"url\":\"https:\/\/permbledhja.com\/sq\/author\/muhamet\/\"}]}<\/script>\n<!-- \/ Yoast SEO plugin. -->","yoast_head_json":{"title":"Haradinaj: Kurti po e fsheh draft-statutin e Asociacionit edhe nga deputet\u00ebt e VV-s\u00eb","robots":{"index":"index","follow":"follow","max-snippet":"max-snippet:-1","max-image-preview":"max-image-preview:large","max-video-preview":"max-video-preview:-1"},"canonical":"https:\/\/permbledhja.com\/sq\/haradinaj-kurti-po-e-fsheh-draft-statutin-e-asociacionit-edhe-nga-deputetet-e-vv-se\/","og_locale":"sq_AL","og_type":"article","og_title":"Haradinaj: Kurti po e fsheh draft-statutin e Asociacionit edhe nga deputet\u00ebt e VV-s\u00eb","og_description":"Kryetari i AAK-s\u00eb, Ramush Haradinaj, ka th\u00ebn\u00eb se kryeministri Albin Kurti nuk e ka informuar as L\u00ebvizjen Vet\u00ebvendosje mbi p\u00ebrmbajtjen e draft-statutit t\u00eb Asociacionit, t\u00eb cilin e ka pranuar n\u00eb Bruksel. Sipas Hardinajt, Kurti para se ta pranonte draft-statutin \u00ebsht\u00eb dashur t\u2019ua lexoj\u00eb deputet\u00ebve t\u00eb VV-s\u00eb. \u201cKurti e ka pranuar n\u00eb Bruksel Asociacionin pa e [&hellip;]","og_url":"https:\/\/permbledhja.com\/sq\/haradinaj-kurti-po-e-fsheh-draft-statutin-e-asociacionit-edhe-nga-deputetet-e-vv-se\/","og_site_name":"Ve\u00e7 artikuj p\u00ebrmbledh\u00ebs","article_publisher":"https:\/\/www.facebook.com\/press07\/","article_published_time":"2023-11-08T07:34:21+00:00","og_image":[{"width":600,"height":360,"url":"https:\/\/permbledhja.com\/wp-content\/uploads\/2023\/11\/Haradinaj_Kurti_Asociacioni-600x360-1.png","type":"image\/png"}],"author":"M M","twitter_card":"summary_large_image","twitter_misc":{"Written by":"M M","Est. reading time":"2 minuta"},"schema":{"@context":"https:\/\/schema.org","@graph":[{"@type":"Article","@id":"https:\/\/permbledhja.com\/haradinaj-kurti-po-e-fsheh-draft-statutin-e-asociacionit-edhe-nga-deputetet-e-vv-se\/#article","isPartOf":{"@id":"https:\/\/permbledhja.com\/haradinaj-kurti-po-e-fsheh-draft-statutin-e-asociacionit-edhe-nga-deputetet-e-vv-se\/"},"author":{"name":"M M","@id":"https:\/\/permbledhja.com\/#\/schema\/person\/d23f13f59b5722643933d6780783acf3"},"headline":"Haradinaj: Kurti po e fsheh draft-statutin e Asociacionit edhe nga deputet\u00ebt e VV-s\u00eb","datePublished":"2023-11-08T07:34:21+00:00","dateModified":"2023-11-08T07:34:21+00:00","mainEntityOfPage":{"@id":"https:\/\/permbledhja.com\/haradinaj-kurti-po-e-fsheh-draft-statutin-e-asociacionit-edhe-nga-deputetet-e-vv-se\/"},"wordCount":371,"publisher":{"@id":"https:\/\/permbledhja.com\/#organization"},"keywords":["Ramush Haradinaj"],"articleSection":["Komb\u00ebtare","Lajme"],"inLanguage":"sq"},{"@type":"WebPage","@id":"https:\/\/permbledhja.com\/haradinaj-kurti-po-e-fsheh-draft-statutin-e-asociacionit-edhe-nga-deputetet-e-vv-se\/","url":"https:\/\/permbledhja.com\/haradinaj-kurti-po-e-fsheh-draft-statutin-e-asociacionit-edhe-nga-deputetet-e-vv-se\/","name":"Haradinaj: Kurti po e fsheh draft-statutin e Asociacionit edhe nga deputet\u00ebt e VV-s\u00eb","isPartOf":{"@id":"https:\/\/permbledhja.com\/#website"},"datePublished":"2023-11-08T07:34:21+00:00","dateModified":"2023-11-08T07:34:21+00:00","breadcrumb":{"@id":"https:\/\/permbledhja.com\/haradinaj-kurti-po-e-fsheh-draft-statutin-e-asociacionit-edhe-nga-deputetet-e-vv-se\/#breadcrumb"},"inLanguage":"sq","potentialAction":[{"@type":"ReadAction","target":["https:\/\/permbledhja.com\/haradinaj-kurti-po-e-fsheh-draft-statutin-e-asociacionit-edhe-nga-deputetet-e-vv-se\/"]}]},{"@type":"BreadcrumbList","@id":"https:\/\/permbledhja.com\/haradinaj-kurti-po-e-fsheh-draft-statutin-e-asociacionit-edhe-nga-deputetet-e-vv-se\/#breadcrumb","itemListElement":[{"@type":"ListItem","position":1,"name":"Ballina","item":"https:\/\/permbledhja.com\/sq\/"},{"@type":"ListItem","position":2,"name":"Haradinaj: Kurti po e fsheh draft-statutin e Asociacionit edhe nga deputet\u00ebt e VV-s\u00eb"}]},{"@type":"WebSite","@id":"https:\/\/permbledhja.com\/#website","url":"https:\/\/permbledhja.com\/","name":"Ve\u00e7 artikuj p\u00ebrmbledh\u00ebs","description":"","publisher":{"@id":"https:\/\/permbledhja.com\/#organization"},"potentialAction":[{"@type":"SearchAction","target":{"@type":"EntryPoint","urlTemplate":"https:\/\/permbledhja.com\/?s={search_term_string}"},"query-input":"required name=search_term_string"}],"inLanguage":"sq"},{"@type":"Organization","@id":"https:\/\/permbledhja.com\/#organization","name":"MK Media & Pr","url":"https:\/\/permbledhja.com\/","logo":{"@type":"ImageObject","inLanguage":"sq","@id":"https:\/\/permbledhja.com\/#\/schema\/logo\/image\/","url":"https:\/\/permbledhja.com\/wp-content\/uploads\/2021\/12\/07-Press-Logo.jpg","contentUrl":"https:\/\/permbledhja.com\/wp-content\/uploads\/2021\/12\/07-Press-Logo.jpg","width":512,"height":512,"caption":"MK Media & Pr"},"image":{"@id":"https:\/\/permbledhja.com\/#\/schema\/logo\/image\/"},"sameAs":["https:\/\/www.facebook.com\/press07\/"]},{"@type":"Person","@id":"https:\/\/permbledhja.com\/#\/schema\/person\/d23f13f59b5722643933d6780783acf3","name":"M M","image":{"@type":"ImageObject","inLanguage":"sq","@id":"https:\/\/permbledhja.com\/#\/schema\/person\/image\/","url":"https:\/\/secure.gravatar.com\/avatar\/e2835a76ca7c31a2416b2d51c4ec9a8f?s=96&d=mm&r=g","contentUrl":"https:\/\/secure.gravatar.com\/avatar\/e2835a76ca7c31a2416b2d51c4ec9a8f?s=96&d=mm&r=g","caption":"M M"},"sameAs":["http:\/\/MM"],"url":"https:\/\/permbledhja.com\/sq\/author\/muhamet\/"}]}},"_links":{"self":[{"href":"https:\/\/permbledhja.com\/sq\/wp-json\/wp\/v2\/posts\/35181"}],"collection":[{"href":"https:\/\/permbledhja.com\/sq\/wp-json\/wp\/v2\/posts"}],"about":[{"href":"https:\/\/permbledhja.com\/sq\/wp-json\/wp\/v2\/types\/post"}],"author":[{"embeddable":true,"href":"https:\/\/permbledhja.com\/sq\/wp-json\/wp\/v2\/users\/2"}],"replies":[{"embeddable":true,"href":"https:\/\/permbledhja.com\/sq\/wp-json\/wp\/v2\/comments?post=35181"}],"version-history":[{"count":1,"href":"https:\/\/permbledhja.com\/sq\/wp-json\/wp\/v2\/posts\/35181\/revisions"}],"predecessor-version":[{"id":35183,"href":"https:\/\/permbledhja.com\/sq\/wp-json\/wp\/v2\/posts\/35181\/revisions\/35183"}],"wp:featuredmedia":[{"embeddable":true,"href":"https:\/\/permbledhja.com\/sq\/wp-json\/wp\/v2\/media\/35182"}],"wp:attachment":[{"href":"https:\/\/permbledhja.com\/sq\/wp-json\/wp\/v2\/media?parent=35181"}],"wp:term":[{"taxonomy":"category","embeddable":true,"href":"https:\/\/permbledhja.com\/sq\/wp-json\/wp\/v2\/categories?post=35181"},{"taxonomy":"post_tag","embeddable":true,"href":"https:\/\/permbledhja.com\/sq\/wp-json\/wp\/v2\/tags?post=35181"}],"curies":[{"name":"wp","href":"https:\/\/api.w.org\/{rel}","templated":true}]}}