{"id":35178,"date":"2023-11-08T07:27:57","date_gmt":"2023-11-08T07:27:57","guid":{"rendered":"https:\/\/permbledhja.com\/?p=35178"},"modified":"2023-11-08T07:27:57","modified_gmt":"2023-11-08T07:27:57","slug":"beogradi-kerkon-qe-brenda-kosoves-te-krijoje-nje-serbi-te-vogel","status":"publish","type":"post","link":"https:\/\/permbledhja.com\/sq\/beogradi-kerkon-qe-brenda-kosoves-te-krijoje-nje-serbi-te-vogel\/","title":{"rendered":"&#8220;Beogradi k\u00ebrkon q\u00eb brenda Kosov\u00ebs t\u00eb krijoj\u00eb nj\u00eb Serbi t\u00eb vog\u00ebl&#8221;"},"content":{"rendered":"<h3>Analisti Ilir Kulla \u00ebsht\u00eb shprehur se Beogradi k\u00ebrkon q\u00eb brenda Kosov\u00ebs t\u00eb krijoj\u00eb nj\u00eb Serbi t\u00eb vog\u00ebl, p\u00ebrmes asociacionit t\u00eb pretenduar n\u00eb m\u00ebnyr\u00ebn e tij.<\/h3>\n<p>Komentet Kulla i b\u00ebri p\u00ebrmes nj\u00eb interviste n\u00eb EuroNews Now n\u00eb EuroNews Albania, ku tha se Vu\u00e7i\u00e7 pretendon q\u00eb k\u00ebt\u00eb hap\u00ebsir\u00eb serbe q\u00eb d\u00ebshiron t\u00eb krijoj\u00eb brenda Kosov\u00ebs, ta kontrolloj\u00eb p\u00ebrmes List\u00ebs SRPSKA.<\/p>\n<p>Ai foli edhe p\u00ebr ish-drejtuesit e Kosov\u00ebs, Hashim Tha\u00e7in dhe t\u00eb tjer\u00ebt, q\u00eb po p\u00ebrballen me drejt\u00ebsin\u00eb n\u00eb Hag\u00eb. Sipas Kull\u00ebs, ata jan\u00eb peng i asaj q\u00eb po ndodh.<ins><\/ins><\/p>\n<p>\u201cProblemin n\u00eb fakt e ka p\u00ebrfaq\u00ebsuesi i BE-s\u00eb, Laj\u00e7ak, q\u00eb ka qen\u00eb minist\u00ebr i Jasht\u00ebm i Sllovakis\u00eb, q\u00eb nuk e njeh Kosov\u00ebn apo edhe p\u00ebrfaq\u00ebsuesi i Politik\u00ebs s\u00eb Jashtme t\u00eb BE-s\u00eb q\u00eb vjen nga Spanja, nj\u00eb vend tjet\u00ebr q\u00eb nuk e njeh Kosov\u00ebn.<\/p>\n<p>Kurti ka th\u00ebn\u00eb ok p\u00ebr nj\u00eb draft, por ajo q\u00eb ne dim\u00eb \u00ebsht\u00eb q\u00eb Serbia k\u00ebrkon q\u00eb t\u00eb ket\u00eb brenda Kosov\u00ebs nj\u00eb Serbi t\u00eb vog\u00ebl dhe ta menaxhoj\u00eb p\u00ebrmes List\u00ebs SRPSKA. Albinin e ka gjetur belaja, sepse \u00ebsht\u00eb si puna e atij q\u00eb thot\u00eb \u201c\u00e7a uji i ke dh\u00ebn\u00eb gomarit\u201d. \u00cbsht\u00eb i detyruar t\u2019i q\u00ebndroj\u00eb nj\u00eb loje t\u00eb madhe. Pas Serbis\u00eb q\u00ebndron politikisht Rusia\u201d, u shpreh Kulla.<\/p>\n<p>Pyetje: Kjo \u00ebsht\u00eb nj\u00eb periudh\u00eb e r\u00ebnd\u00ebsishme edhe p\u00ebr shkak t\u00eb dative q\u00eb flasin p\u00ebr nj\u00eb 3-vje\u00e7ar mes Hag\u00ebs dhe Tha\u00e7it e t\u00eb tjer\u00ebve q\u00eb po p\u00ebrballen me drejt\u00ebsin\u00eb\u2026<\/p>\n<p>\u201cMir\u00eb q\u00eb ma hape, ata nuk p\u00ebrballen me drejt\u00ebsin\u00eb, por jan\u00eb peng i asaj q\u00eb po ndodh. Ata jan\u00eb njer\u00ebz q\u00eb jan\u00eb p\u00ebrshtatur shum\u00eb p\u00ebr \u00e7do d\u00ebshir\u00eb q\u00eb kan\u00eb pasur nd\u00ebrkomb\u00ebtar\u00ebt dhe p\u00ebr t\u00eb dialoguer me Serbin\u00eb.<\/p>\n<p>Vu\u00e7i\u00e7 nd\u00ebrkoh\u00eb q\u00eb fliste anglisht n\u00eb negociata, nga ana tjet\u00ebr fliste serbisht q\u00eb t\u00eb p\u00ebrgatiste dosjet e tyre. Mos t\u00eb harrojm\u00eb si u soll Serbia dhe \u00e7far\u00eb b\u00ebri Serbia. P\u00ebr mua ata nuk duhet t\u00eb kishin shkuar asnj\u00eb dit\u00eb. E kaluan vet\u00eb n\u00eb 2015 Gjykat\u00ebn Speciale n\u00eb Kuvend, tani po p\u00ebrballen me pasojat. Albin Kurti e ka dh\u00ebn\u00eb kontributin e vet\u00eb kur ka votuar kund\u00ebr Gjykat\u00ebs Speciale n\u00eb 2015\u201d, tha Kulla.<\/p>\n","protected":false},"excerpt":{"rendered":"<p>Analisti Ilir Kulla \u00ebsht\u00eb shprehur se Beogradi k\u00ebrkon q\u00eb brenda Kosov\u00ebs t\u00eb krijoj\u00eb nj\u00eb Serbi t\u00eb vog\u00ebl, p\u00ebrmes asociacionit t\u00eb pretenduar n\u00eb m\u00ebnyr\u00ebn e tij. Komentet Kulla i b\u00ebri p\u00ebrmes nj\u00eb interviste n\u00eb EuroNews Now n\u00eb EuroNews Albania, ku tha se Vu\u00e7i\u00e7 pretendon q\u00eb k\u00ebt\u00eb hap\u00ebsir\u00eb serbe q\u00eb d\u00ebshiron t\u00eb krijoj\u00eb brenda Kosov\u00ebs, ta kontrolloj\u00eb [&hellip;]<\/p>\n","protected":false},"author":2,"featured_media":35179,"comment_status":"closed","ping_status":"closed","sticky":false,"template":"","format":"standard","meta":{"_monsterinsights_skip_tracking":false,"_monsterinsights_sitenote_active":false,"_monsterinsights_sitenote_note":"","_monsterinsights_sitenote_category":0,"_uf_show_specific_survey":0,"_uf_disable_surveys":false,"footnotes":""},"categories":[23,15],"tags":[],"yoast_head":"<!-- This site is optimized with the Yoast SEO plugin v21.5 - https:\/\/yoast.com\/wordpress\/plugins\/seo\/ -->\n<title>&quot;Beogradi k\u00ebrkon q\u00eb brenda Kosov\u00ebs t\u00eb krijoj\u00eb nj\u00eb Serbi t\u00eb vog\u00ebl&quot;<\/title>\n<meta name=\"robots\" content=\"index, follow, max-snippet:-1, max-image-preview:large, max-video-preview:-1\" \/>\n<link rel=\"canonical\" href=\"https:\/\/permbledhja.com\/sq\/beogradi-kerkon-qe-brenda-kosoves-te-krijoje-nje-serbi-te-vogel\/\" \/>\n<meta property=\"og:locale\" content=\"sq_AL\" \/>\n<meta property=\"og:type\" content=\"article\" \/>\n<meta property=\"og:title\" content=\"&quot;Beogradi k\u00ebrkon q\u00eb brenda Kosov\u00ebs t\u00eb krijoj\u00eb nj\u00eb Serbi t\u00eb vog\u00ebl&quot;\" \/>\n<meta property=\"og:description\" content=\"Analisti Ilir Kulla \u00ebsht\u00eb shprehur se Beogradi k\u00ebrkon q\u00eb brenda Kosov\u00ebs t\u00eb krijoj\u00eb nj\u00eb Serbi t\u00eb vog\u00ebl, p\u00ebrmes asociacionit t\u00eb pretenduar n\u00eb m\u00ebnyr\u00ebn e tij. Komentet Kulla i b\u00ebri p\u00ebrmes nj\u00eb interviste n\u00eb EuroNews Now n\u00eb EuroNews Albania, ku tha se Vu\u00e7i\u00e7 pretendon q\u00eb k\u00ebt\u00eb hap\u00ebsir\u00eb serbe q\u00eb d\u00ebshiron t\u00eb krijoj\u00eb brenda Kosov\u00ebs, ta kontrolloj\u00eb [&hellip;]\" \/>\n<meta property=\"og:url\" content=\"https:\/\/permbledhja.com\/sq\/beogradi-kerkon-qe-brenda-kosoves-te-krijoje-nje-serbi-te-vogel\/\" \/>\n<meta property=\"og:site_name\" content=\"Ve\u00e7 artikuj p\u00ebrmbledh\u00ebs\" \/>\n<meta property=\"article:publisher\" content=\"https:\/\/www.facebook.com\/press07\/\" \/>\n<meta property=\"article:published_time\" content=\"2023-11-08T07:27:57+00:00\" \/>\n<meta property=\"og:image\" content=\"https:\/\/permbledhja.com\/wp-content\/uploads\/2023\/11\/Asociacioni_Ilirkulla-600x360-1.png\" \/>\n\t<meta property=\"og:image:width\" content=\"600\" \/>\n\t<meta property=\"og:image:height\" content=\"360\" \/>\n\t<meta property=\"og:image:type\" content=\"image\/png\" \/>\n<meta name=\"author\" content=\"M M\" \/>\n<meta name=\"twitter:card\" content=\"summary_large_image\" \/>\n<meta name=\"twitter:label1\" content=\"Written by\" \/>\n\t<meta name=\"twitter:data1\" content=\"M M\" \/>\n\t<meta name=\"twitter:label2\" content=\"Est. reading time\" \/>\n\t<meta name=\"twitter:data2\" content=\"2 minuta\" \/>\n<script type=\"application\/ld+json\" class=\"yoast-schema-graph\">{\"@context\":\"https:\/\/schema.org\",\"@graph\":[{\"@type\":\"Article\",\"@id\":\"https:\/\/permbledhja.com\/sq\/beogradi-kerkon-qe-brenda-kosoves-te-krijoje-nje-serbi-te-vogel\/#article\",\"isPartOf\":{\"@id\":\"https:\/\/permbledhja.com\/sq\/beogradi-kerkon-qe-brenda-kosoves-te-krijoje-nje-serbi-te-vogel\/\"},\"author\":{\"name\":\"M M\",\"@id\":\"https:\/\/permbledhja.com\/#\/schema\/person\/d23f13f59b5722643933d6780783acf3\"},\"headline\":\"&#8220;Beogradi k\u00ebrkon q\u00eb brenda Kosov\u00ebs t\u00eb krijoj\u00eb nj\u00eb Serbi t\u00eb vog\u00ebl&#8221;\",\"datePublished\":\"2023-11-08T07:27:57+00:00\",\"dateModified\":\"2023-11-08T07:27:57+00:00\",\"mainEntityOfPage\":{\"@id\":\"https:\/\/permbledhja.com\/sq\/beogradi-kerkon-qe-brenda-kosoves-te-krijoje-nje-serbi-te-vogel\/\"},\"wordCount\":421,\"publisher\":{\"@id\":\"https:\/\/permbledhja.com\/#organization\"},\"articleSection\":[\"Komb\u00ebtare\",\"Lajme\"],\"inLanguage\":\"sq\"},{\"@type\":\"WebPage\",\"@id\":\"https:\/\/permbledhja.com\/sq\/beogradi-kerkon-qe-brenda-kosoves-te-krijoje-nje-serbi-te-vogel\/\",\"url\":\"https:\/\/permbledhja.com\/sq\/beogradi-kerkon-qe-brenda-kosoves-te-krijoje-nje-serbi-te-vogel\/\",\"name\":\"\\\"Beogradi k\u00ebrkon q\u00eb brenda Kosov\u00ebs t\u00eb krijoj\u00eb nj\u00eb Serbi t\u00eb vog\u00ebl\\\"\",\"isPartOf\":{\"@id\":\"https:\/\/permbledhja.com\/#website\"},\"datePublished\":\"2023-11-08T07:27:57+00:00\",\"dateModified\":\"2023-11-08T07:27:57+00:00\",\"breadcrumb\":{\"@id\":\"https:\/\/permbledhja.com\/sq\/beogradi-kerkon-qe-brenda-kosoves-te-krijoje-nje-serbi-te-vogel\/#breadcrumb\"},\"inLanguage\":\"sq\",\"potentialAction\":[{\"@type\":\"ReadAction\",\"target\":[\"https:\/\/permbledhja.com\/sq\/beogradi-kerkon-qe-brenda-kosoves-te-krijoje-nje-serbi-te-vogel\/\"]}]},{\"@type\":\"BreadcrumbList\",\"@id\":\"https:\/\/permbledhja.com\/sq\/beogradi-kerkon-qe-brenda-kosoves-te-krijoje-nje-serbi-te-vogel\/#breadcrumb\",\"itemListElement\":[{\"@type\":\"ListItem\",\"position\":1,\"name\":\"Ballina\",\"item\":\"https:\/\/permbledhja.com\/sq\/\"},{\"@type\":\"ListItem\",\"position\":2,\"name\":\"&#8220;Beogradi k\u00ebrkon q\u00eb brenda Kosov\u00ebs t\u00eb krijoj\u00eb nj\u00eb Serbi t\u00eb vog\u00ebl&#8221;\"}]},{\"@type\":\"WebSite\",\"@id\":\"https:\/\/permbledhja.com\/#website\",\"url\":\"https:\/\/permbledhja.com\/\",\"name\":\"Ve\u00e7 artikuj p\u00ebrmbledh\u00ebs\",\"description\":\"\",\"publisher\":{\"@id\":\"https:\/\/permbledhja.com\/#organization\"},\"potentialAction\":[{\"@type\":\"SearchAction\",\"target\":{\"@type\":\"EntryPoint\",\"urlTemplate\":\"https:\/\/permbledhja.com\/?s={search_term_string}\"},\"query-input\":\"required name=search_term_string\"}],\"inLanguage\":\"sq\"},{\"@type\":\"Organization\",\"@id\":\"https:\/\/permbledhja.com\/#organization\",\"name\":\"MK Media & Pr\",\"url\":\"https:\/\/permbledhja.com\/\",\"logo\":{\"@type\":\"ImageObject\",\"inLanguage\":\"sq\",\"@id\":\"https:\/\/permbledhja.com\/#\/schema\/logo\/image\/\",\"url\":\"https:\/\/permbledhja.com\/wp-content\/uploads\/2021\/12\/07-Press-Logo.jpg\",\"contentUrl\":\"https:\/\/permbledhja.com\/wp-content\/uploads\/2021\/12\/07-Press-Logo.jpg\",\"width\":512,\"height\":512,\"caption\":\"MK Media & Pr\"},\"image\":{\"@id\":\"https:\/\/permbledhja.com\/#\/schema\/logo\/image\/\"},\"sameAs\":[\"https:\/\/www.facebook.com\/press07\/\"]},{\"@type\":\"Person\",\"@id\":\"https:\/\/permbledhja.com\/#\/schema\/person\/d23f13f59b5722643933d6780783acf3\",\"name\":\"M M\",\"image\":{\"@type\":\"ImageObject\",\"inLanguage\":\"sq\",\"@id\":\"https:\/\/permbledhja.com\/#\/schema\/person\/image\/\",\"url\":\"https:\/\/secure.gravatar.com\/avatar\/e2835a76ca7c31a2416b2d51c4ec9a8f?s=96&d=mm&r=g\",\"contentUrl\":\"https:\/\/secure.gravatar.com\/avatar\/e2835a76ca7c31a2416b2d51c4ec9a8f?s=96&d=mm&r=g\",\"caption\":\"M M\"},\"sameAs\":[\"http:\/\/MM\"],\"url\":\"https:\/\/permbledhja.com\/sq\/author\/muhamet\/\"}]}<\/script>\n<!-- \/ Yoast SEO plugin. -->","yoast_head_json":{"title":"\"Beogradi k\u00ebrkon q\u00eb brenda Kosov\u00ebs t\u00eb krijoj\u00eb nj\u00eb Serbi t\u00eb vog\u00ebl\"","robots":{"index":"index","follow":"follow","max-snippet":"max-snippet:-1","max-image-preview":"max-image-preview:large","max-video-preview":"max-video-preview:-1"},"canonical":"https:\/\/permbledhja.com\/sq\/beogradi-kerkon-qe-brenda-kosoves-te-krijoje-nje-serbi-te-vogel\/","og_locale":"sq_AL","og_type":"article","og_title":"\"Beogradi k\u00ebrkon q\u00eb brenda Kosov\u00ebs t\u00eb krijoj\u00eb nj\u00eb Serbi t\u00eb vog\u00ebl\"","og_description":"Analisti Ilir Kulla \u00ebsht\u00eb shprehur se Beogradi k\u00ebrkon q\u00eb brenda Kosov\u00ebs t\u00eb krijoj\u00eb nj\u00eb Serbi t\u00eb vog\u00ebl, p\u00ebrmes asociacionit t\u00eb pretenduar n\u00eb m\u00ebnyr\u00ebn e tij. Komentet Kulla i b\u00ebri p\u00ebrmes nj\u00eb interviste n\u00eb EuroNews Now n\u00eb EuroNews Albania, ku tha se Vu\u00e7i\u00e7 pretendon q\u00eb k\u00ebt\u00eb hap\u00ebsir\u00eb serbe q\u00eb d\u00ebshiron t\u00eb krijoj\u00eb brenda Kosov\u00ebs, ta kontrolloj\u00eb [&hellip;]","og_url":"https:\/\/permbledhja.com\/sq\/beogradi-kerkon-qe-brenda-kosoves-te-krijoje-nje-serbi-te-vogel\/","og_site_name":"Ve\u00e7 artikuj p\u00ebrmbledh\u00ebs","article_publisher":"https:\/\/www.facebook.com\/press07\/","article_published_time":"2023-11-08T07:27:57+00:00","og_image":[{"width":600,"height":360,"url":"https:\/\/permbledhja.com\/wp-content\/uploads\/2023\/11\/Asociacioni_Ilirkulla-600x360-1.png","type":"image\/png"}],"author":"M M","twitter_card":"summary_large_image","twitter_misc":{"Written by":"M M","Est. reading time":"2 minuta"},"schema":{"@context":"https:\/\/schema.org","@graph":[{"@type":"Article","@id":"https:\/\/permbledhja.com\/sq\/beogradi-kerkon-qe-brenda-kosoves-te-krijoje-nje-serbi-te-vogel\/#article","isPartOf":{"@id":"https:\/\/permbledhja.com\/sq\/beogradi-kerkon-qe-brenda-kosoves-te-krijoje-nje-serbi-te-vogel\/"},"author":{"name":"M M","@id":"https:\/\/permbledhja.com\/#\/schema\/person\/d23f13f59b5722643933d6780783acf3"},"headline":"&#8220;Beogradi k\u00ebrkon q\u00eb brenda Kosov\u00ebs t\u00eb krijoj\u00eb nj\u00eb Serbi t\u00eb vog\u00ebl&#8221;","datePublished":"2023-11-08T07:27:57+00:00","dateModified":"2023-11-08T07:27:57+00:00","mainEntityOfPage":{"@id":"https:\/\/permbledhja.com\/sq\/beogradi-kerkon-qe-brenda-kosoves-te-krijoje-nje-serbi-te-vogel\/"},"wordCount":421,"publisher":{"@id":"https:\/\/permbledhja.com\/#organization"},"articleSection":["Komb\u00ebtare","Lajme"],"inLanguage":"sq"},{"@type":"WebPage","@id":"https:\/\/permbledhja.com\/sq\/beogradi-kerkon-qe-brenda-kosoves-te-krijoje-nje-serbi-te-vogel\/","url":"https:\/\/permbledhja.com\/sq\/beogradi-kerkon-qe-brenda-kosoves-te-krijoje-nje-serbi-te-vogel\/","name":"\"Beogradi k\u00ebrkon q\u00eb brenda Kosov\u00ebs t\u00eb krijoj\u00eb nj\u00eb Serbi t\u00eb vog\u00ebl\"","isPartOf":{"@id":"https:\/\/permbledhja.com\/#website"},"datePublished":"2023-11-08T07:27:57+00:00","dateModified":"2023-11-08T07:27:57+00:00","breadcrumb":{"@id":"https:\/\/permbledhja.com\/sq\/beogradi-kerkon-qe-brenda-kosoves-te-krijoje-nje-serbi-te-vogel\/#breadcrumb"},"inLanguage":"sq","potentialAction":[{"@type":"ReadAction","target":["https:\/\/permbledhja.com\/sq\/beogradi-kerkon-qe-brenda-kosoves-te-krijoje-nje-serbi-te-vogel\/"]}]},{"@type":"BreadcrumbList","@id":"https:\/\/permbledhja.com\/sq\/beogradi-kerkon-qe-brenda-kosoves-te-krijoje-nje-serbi-te-vogel\/#breadcrumb","itemListElement":[{"@type":"ListItem","position":1,"name":"Ballina","item":"https:\/\/permbledhja.com\/sq\/"},{"@type":"ListItem","position":2,"name":"&#8220;Beogradi k\u00ebrkon q\u00eb brenda Kosov\u00ebs t\u00eb krijoj\u00eb nj\u00eb Serbi t\u00eb vog\u00ebl&#8221;"}]},{"@type":"WebSite","@id":"https:\/\/permbledhja.com\/#website","url":"https:\/\/permbledhja.com\/","name":"Ve\u00e7 artikuj p\u00ebrmbledh\u00ebs","description":"","publisher":{"@id":"https:\/\/permbledhja.com\/#organization"},"potentialAction":[{"@type":"SearchAction","target":{"@type":"EntryPoint","urlTemplate":"https:\/\/permbledhja.com\/?s={search_term_string}"},"query-input":"required name=search_term_string"}],"inLanguage":"sq"},{"@type":"Organization","@id":"https:\/\/permbledhja.com\/#organization","name":"MK Media & Pr","url":"https:\/\/permbledhja.com\/","logo":{"@type":"ImageObject","inLanguage":"sq","@id":"https:\/\/permbledhja.com\/#\/schema\/logo\/image\/","url":"https:\/\/permbledhja.com\/wp-content\/uploads\/2021\/12\/07-Press-Logo.jpg","contentUrl":"https:\/\/permbledhja.com\/wp-content\/uploads\/2021\/12\/07-Press-Logo.jpg","width":512,"height":512,"caption":"MK Media & Pr"},"image":{"@id":"https:\/\/permbledhja.com\/#\/schema\/logo\/image\/"},"sameAs":["https:\/\/www.facebook.com\/press07\/"]},{"@type":"Person","@id":"https:\/\/permbledhja.com\/#\/schema\/person\/d23f13f59b5722643933d6780783acf3","name":"M M","image":{"@type":"ImageObject","inLanguage":"sq","@id":"https:\/\/permbledhja.com\/#\/schema\/person\/image\/","url":"https:\/\/secure.gravatar.com\/avatar\/e2835a76ca7c31a2416b2d51c4ec9a8f?s=96&d=mm&r=g","contentUrl":"https:\/\/secure.gravatar.com\/avatar\/e2835a76ca7c31a2416b2d51c4ec9a8f?s=96&d=mm&r=g","caption":"M M"},"sameAs":["http:\/\/MM"],"url":"https:\/\/permbledhja.com\/sq\/author\/muhamet\/"}]}},"_links":{"self":[{"href":"https:\/\/permbledhja.com\/sq\/wp-json\/wp\/v2\/posts\/35178"}],"collection":[{"href":"https:\/\/permbledhja.com\/sq\/wp-json\/wp\/v2\/posts"}],"about":[{"href":"https:\/\/permbledhja.com\/sq\/wp-json\/wp\/v2\/types\/post"}],"author":[{"embeddable":true,"href":"https:\/\/permbledhja.com\/sq\/wp-json\/wp\/v2\/users\/2"}],"replies":[{"embeddable":true,"href":"https:\/\/permbledhja.com\/sq\/wp-json\/wp\/v2\/comments?post=35178"}],"version-history":[{"count":1,"href":"https:\/\/permbledhja.com\/sq\/wp-json\/wp\/v2\/posts\/35178\/revisions"}],"predecessor-version":[{"id":35180,"href":"https:\/\/permbledhja.com\/sq\/wp-json\/wp\/v2\/posts\/35178\/revisions\/35180"}],"wp:featuredmedia":[{"embeddable":true,"href":"https:\/\/permbledhja.com\/sq\/wp-json\/wp\/v2\/media\/35179"}],"wp:attachment":[{"href":"https:\/\/permbledhja.com\/sq\/wp-json\/wp\/v2\/media?parent=35178"}],"wp:term":[{"taxonomy":"category","embeddable":true,"href":"https:\/\/permbledhja.com\/sq\/wp-json\/wp\/v2\/categories?post=35178"},{"taxonomy":"post_tag","embeddable":true,"href":"https:\/\/permbledhja.com\/sq\/wp-json\/wp\/v2\/tags?post=35178"}],"curies":[{"name":"wp","href":"https:\/\/api.w.org\/{rel}","templated":true}]}}