{"id":35172,"date":"2023-11-08T07:14:34","date_gmt":"2023-11-08T07:14:34","guid":{"rendered":"https:\/\/permbledhja.com\/?p=35172"},"modified":"2023-11-08T07:14:34","modified_gmt":"2023-11-08T07:14:34","slug":"buzhala-albin-mashtruesi-na-i-ka-hup-10-vjet-me-sehire-e-meriton-me-nenshkru-zajednicen-edhe-me-ndjeke-prej-pushteti","status":"publish","type":"post","link":"https:\/\/permbledhja.com\/sq\/buzhala-albin-mashtruesi-na-i-ka-hup-10-vjet-me-sehire-e-meriton-me-nenshkru-zajednicen-edhe-me-ndjeke-prej-pushteti\/","title":{"rendered":"Buzhala: Albin mashtruesi na i ka hup 10 vjet me sehire, e meriton me n\u00ebnshkru Zajednic\u00ebn edhe me ndjek\u00eb prej pushteti"},"content":{"rendered":"<h3>Gazetari dhe opinionisti i \u00e7\u00ebshtjeve politike n\u00eb vend, Berat Buzhala, ka kritikuar ashp\u00ebr kryeministrin e Kosov\u00ebs, Albin Kurti, lidhur me marr\u00ebveshjen p\u00ebr themelimin e Asociacionit t\u00eb komunave me shumic\u00eb serbe.<\/h3>\n<p>P\u00ebrmes nj\u00eb postimi n\u00eb rrjetin social Facebook, Buzhala ka th\u00ebn\u00eb se Kurti n\u00eb t\u00eb kaluar\u00ebn e ka \u2018trullu\u2019 popullin me p\u00ebrralla dhe demagogji,\u00a0 teksa e ka quajtur mashtrues.<\/p>\n<p>Sipas tij, Kurti ia ka humbur Kosov\u00ebs 10 vite dhe kjo \u00ebsht\u00eb arsyeja p\u00ebrse duhet ta n\u00ebnshkruaj Asociacionin dhe t\u00eb largohet nga pushteti.<\/p>\n<p>\u201c<em>Keto rrena, ky rrenc, i ka pas shite ne menyre te suksesshme, sepse fatkeqesisht qiky osht populli qe e kena. Edhe mos me pas kane Thaci, por Kurti, prape e njejta marreveshje e vitit 2013 ish arrite ne vitin 2013.\u00a0 Kushdo qe ish kane ne pushtet s\u2019kish pas \u00e7are pa e pranu Marreveshjen e Rambujese, Pakon e Ahtisaarit. Kush osht ai hajvan qe ka mendu qe ne Shtepi te Bardhe jane kane tuj prite prej Kosoves me ju kallxu qysh duhet me u doke paqja ne Ballkan.\u00a0 Cka ka bo Albin Mashtruesi osht qe na i ka hupe nja 10 vjet me sehire. Vec per kete send Kurti e meriton me e nenshkru Zajednicen edhe me e njeke prej pushtetit<\/em>\u201d, shkroi Buzhala.<\/p>\n<p>Ai \u00ebsht\u00eb shprehur m\u00eb tej se Kurti duhet ta paguaj\u00eb nj\u00eb \u00e7mim t\u00eb lart\u00eb politik.<\/p>\n<p>\u201c<em>Mos u habitni: Kushdo qe ish kane ne pushtet sot prape ish deshte me e pranu kete Zajednice. Kushdo qe do te vjen ne pushtet ka me vazhdu qaty ku e ka lane Albini.\u00a0\u00a0 Mirepo si leksion per mashtruesit qe do te pretendojne me ardhe ne pushtet ne te ardhmen, Albin Kurti duhet me e pagu nje cmim te nalte politik<\/em>\u201d, shkroi m\u00eb tej Buzhala<em>.<\/em><\/p>\n<p>&nbsp;<\/p>\n","protected":false},"excerpt":{"rendered":"<p>Gazetari dhe opinionisti i \u00e7\u00ebshtjeve politike n\u00eb vend, Berat Buzhala, ka kritikuar ashp\u00ebr kryeministrin e Kosov\u00ebs, Albin Kurti, lidhur me marr\u00ebveshjen p\u00ebr themelimin e Asociacionit t\u00eb komunave me shumic\u00eb serbe. P\u00ebrmes nj\u00eb postimi n\u00eb rrjetin social Facebook, Buzhala ka th\u00ebn\u00eb se Kurti n\u00eb t\u00eb kaluar\u00ebn e ka \u2018trullu\u2019 popullin me p\u00ebrralla dhe demagogji,\u00a0 teksa e [&hellip;]<\/p>\n","protected":false},"author":2,"featured_media":35173,"comment_status":"closed","ping_status":"closed","sticky":false,"template":"","format":"standard","meta":{"_monsterinsights_skip_tracking":false,"_monsterinsights_sitenote_active":false,"_monsterinsights_sitenote_note":"","_monsterinsights_sitenote_category":0,"_uf_show_specific_survey":0,"_uf_disable_surveys":false,"footnotes":""},"categories":[23,15],"tags":[2095],"yoast_head":"<!-- This site is optimized with the Yoast SEO plugin v21.5 - https:\/\/yoast.com\/wordpress\/plugins\/seo\/ -->\n<title>Buzhala: Albin mashtruesi na i ka hup 10 vjet me sehire, e meriton me n\u00ebnshkru Zajednic\u00ebn edhe me ndjek\u00eb prej pushteti<\/title>\n<meta name=\"robots\" content=\"index, follow, max-snippet:-1, max-image-preview:large, max-video-preview:-1\" \/>\n<link rel=\"canonical\" href=\"https:\/\/permbledhja.com\/sq\/buzhala-albin-mashtruesi-na-i-ka-hup-10-vjet-me-sehire-e-meriton-me-nenshkru-zajednicen-edhe-me-ndjeke-prej-pushteti\/\" \/>\n<meta property=\"og:locale\" content=\"sq_AL\" \/>\n<meta property=\"og:type\" content=\"article\" \/>\n<meta property=\"og:title\" content=\"Buzhala: Albin mashtruesi na i ka hup 10 vjet me sehire, e meriton me n\u00ebnshkru Zajednic\u00ebn edhe me ndjek\u00eb prej pushteti\" \/>\n<meta property=\"og:description\" content=\"Gazetari dhe opinionisti i \u00e7\u00ebshtjeve politike n\u00eb vend, Berat Buzhala, ka kritikuar ashp\u00ebr kryeministrin e Kosov\u00ebs, Albin Kurti, lidhur me marr\u00ebveshjen p\u00ebr themelimin e Asociacionit t\u00eb komunave me shumic\u00eb serbe. P\u00ebrmes nj\u00eb postimi n\u00eb rrjetin social Facebook, Buzhala ka th\u00ebn\u00eb se Kurti n\u00eb t\u00eb kaluar\u00ebn e ka \u2018trullu\u2019 popullin me p\u00ebrralla dhe demagogji,\u00a0 teksa e [&hellip;]\" \/>\n<meta property=\"og:url\" content=\"https:\/\/permbledhja.com\/sq\/buzhala-albin-mashtruesi-na-i-ka-hup-10-vjet-me-sehire-e-meriton-me-nenshkru-zajednicen-edhe-me-ndjeke-prej-pushteti\/\" \/>\n<meta property=\"og:site_name\" content=\"Ve\u00e7 artikuj p\u00ebrmbledh\u00ebs\" \/>\n<meta property=\"article:publisher\" content=\"https:\/\/www.facebook.com\/press07\/\" \/>\n<meta property=\"article:published_time\" content=\"2023-11-08T07:14:34+00:00\" \/>\n<meta property=\"og:image\" content=\"https:\/\/permbledhja.com\/wp-content\/uploads\/2023\/11\/berat-buzhala.jpg\" \/>\n\t<meta property=\"og:image:width\" content=\"1200\" \/>\n\t<meta property=\"og:image:height\" content=\"637\" \/>\n\t<meta property=\"og:image:type\" content=\"image\/jpeg\" \/>\n<meta name=\"author\" content=\"M M\" \/>\n<meta name=\"twitter:card\" content=\"summary_large_image\" \/>\n<meta name=\"twitter:label1\" content=\"Written by\" \/>\n\t<meta name=\"twitter:data1\" content=\"M M\" \/>\n\t<meta name=\"twitter:label2\" content=\"Est. reading time\" \/>\n\t<meta name=\"twitter:data2\" content=\"1 minut\u00eb\" \/>\n<script type=\"application\/ld+json\" class=\"yoast-schema-graph\">{\"@context\":\"https:\/\/schema.org\",\"@graph\":[{\"@type\":\"Article\",\"@id\":\"https:\/\/permbledhja.com\/sq\/buzhala-albin-mashtruesi-na-i-ka-hup-10-vjet-me-sehire-e-meriton-me-nenshkru-zajednicen-edhe-me-ndjeke-prej-pushteti\/#article\",\"isPartOf\":{\"@id\":\"https:\/\/permbledhja.com\/sq\/buzhala-albin-mashtruesi-na-i-ka-hup-10-vjet-me-sehire-e-meriton-me-nenshkru-zajednicen-edhe-me-ndjeke-prej-pushteti\/\"},\"author\":{\"name\":\"M M\",\"@id\":\"https:\/\/permbledhja.com\/#\/schema\/person\/d23f13f59b5722643933d6780783acf3\"},\"headline\":\"Buzhala: Albin mashtruesi na i ka hup 10 vjet me sehire, e meriton me n\u00ebnshkru Zajednic\u00ebn edhe me ndjek\u00eb prej pushteti\",\"datePublished\":\"2023-11-08T07:14:34+00:00\",\"dateModified\":\"2023-11-08T07:14:34+00:00\",\"mainEntityOfPage\":{\"@id\":\"https:\/\/permbledhja.com\/sq\/buzhala-albin-mashtruesi-na-i-ka-hup-10-vjet-me-sehire-e-meriton-me-nenshkru-zajednicen-edhe-me-ndjeke-prej-pushteti\/\"},\"wordCount\":314,\"publisher\":{\"@id\":\"https:\/\/permbledhja.com\/#organization\"},\"keywords\":[\"Berat Buzhala\"],\"articleSection\":[\"Komb\u00ebtare\",\"Lajme\"],\"inLanguage\":\"sq\"},{\"@type\":\"WebPage\",\"@id\":\"https:\/\/permbledhja.com\/sq\/buzhala-albin-mashtruesi-na-i-ka-hup-10-vjet-me-sehire-e-meriton-me-nenshkru-zajednicen-edhe-me-ndjeke-prej-pushteti\/\",\"url\":\"https:\/\/permbledhja.com\/sq\/buzhala-albin-mashtruesi-na-i-ka-hup-10-vjet-me-sehire-e-meriton-me-nenshkru-zajednicen-edhe-me-ndjeke-prej-pushteti\/\",\"name\":\"Buzhala: Albin mashtruesi na i ka hup 10 vjet me sehire, e meriton me n\u00ebnshkru Zajednic\u00ebn edhe me ndjek\u00eb prej pushteti\",\"isPartOf\":{\"@id\":\"https:\/\/permbledhja.com\/#website\"},\"datePublished\":\"2023-11-08T07:14:34+00:00\",\"dateModified\":\"2023-11-08T07:14:34+00:00\",\"breadcrumb\":{\"@id\":\"https:\/\/permbledhja.com\/sq\/buzhala-albin-mashtruesi-na-i-ka-hup-10-vjet-me-sehire-e-meriton-me-nenshkru-zajednicen-edhe-me-ndjeke-prej-pushteti\/#breadcrumb\"},\"inLanguage\":\"sq\",\"potentialAction\":[{\"@type\":\"ReadAction\",\"target\":[\"https:\/\/permbledhja.com\/sq\/buzhala-albin-mashtruesi-na-i-ka-hup-10-vjet-me-sehire-e-meriton-me-nenshkru-zajednicen-edhe-me-ndjeke-prej-pushteti\/\"]}]},{\"@type\":\"BreadcrumbList\",\"@id\":\"https:\/\/permbledhja.com\/sq\/buzhala-albin-mashtruesi-na-i-ka-hup-10-vjet-me-sehire-e-meriton-me-nenshkru-zajednicen-edhe-me-ndjeke-prej-pushteti\/#breadcrumb\",\"itemListElement\":[{\"@type\":\"ListItem\",\"position\":1,\"name\":\"Ballina\",\"item\":\"https:\/\/permbledhja.com\/sq\/\"},{\"@type\":\"ListItem\",\"position\":2,\"name\":\"Buzhala: Albin mashtruesi na i ka hup 10 vjet me sehire, e meriton me n\u00ebnshkru Zajednic\u00ebn edhe me ndjek\u00eb prej pushteti\"}]},{\"@type\":\"WebSite\",\"@id\":\"https:\/\/permbledhja.com\/#website\",\"url\":\"https:\/\/permbledhja.com\/\",\"name\":\"Ve\u00e7 artikuj p\u00ebrmbledh\u00ebs\",\"description\":\"\",\"publisher\":{\"@id\":\"https:\/\/permbledhja.com\/#organization\"},\"potentialAction\":[{\"@type\":\"SearchAction\",\"target\":{\"@type\":\"EntryPoint\",\"urlTemplate\":\"https:\/\/permbledhja.com\/?s={search_term_string}\"},\"query-input\":\"required name=search_term_string\"}],\"inLanguage\":\"sq\"},{\"@type\":\"Organization\",\"@id\":\"https:\/\/permbledhja.com\/#organization\",\"name\":\"MK Media & Pr\",\"url\":\"https:\/\/permbledhja.com\/\",\"logo\":{\"@type\":\"ImageObject\",\"inLanguage\":\"sq\",\"@id\":\"https:\/\/permbledhja.com\/#\/schema\/logo\/image\/\",\"url\":\"https:\/\/permbledhja.com\/wp-content\/uploads\/2021\/12\/07-Press-Logo.jpg\",\"contentUrl\":\"https:\/\/permbledhja.com\/wp-content\/uploads\/2021\/12\/07-Press-Logo.jpg\",\"width\":512,\"height\":512,\"caption\":\"MK Media & Pr\"},\"image\":{\"@id\":\"https:\/\/permbledhja.com\/#\/schema\/logo\/image\/\"},\"sameAs\":[\"https:\/\/www.facebook.com\/press07\/\"]},{\"@type\":\"Person\",\"@id\":\"https:\/\/permbledhja.com\/#\/schema\/person\/d23f13f59b5722643933d6780783acf3\",\"name\":\"M M\",\"image\":{\"@type\":\"ImageObject\",\"inLanguage\":\"sq\",\"@id\":\"https:\/\/permbledhja.com\/#\/schema\/person\/image\/\",\"url\":\"https:\/\/secure.gravatar.com\/avatar\/e2835a76ca7c31a2416b2d51c4ec9a8f?s=96&d=mm&r=g\",\"contentUrl\":\"https:\/\/secure.gravatar.com\/avatar\/e2835a76ca7c31a2416b2d51c4ec9a8f?s=96&d=mm&r=g\",\"caption\":\"M M\"},\"sameAs\":[\"http:\/\/MM\"],\"url\":\"https:\/\/permbledhja.com\/sq\/author\/muhamet\/\"}]}<\/script>\n<!-- \/ Yoast SEO plugin. -->","yoast_head_json":{"title":"Buzhala: Albin mashtruesi na i ka hup 10 vjet me sehire, e meriton me n\u00ebnshkru Zajednic\u00ebn edhe me ndjek\u00eb prej pushteti","robots":{"index":"index","follow":"follow","max-snippet":"max-snippet:-1","max-image-preview":"max-image-preview:large","max-video-preview":"max-video-preview:-1"},"canonical":"https:\/\/permbledhja.com\/sq\/buzhala-albin-mashtruesi-na-i-ka-hup-10-vjet-me-sehire-e-meriton-me-nenshkru-zajednicen-edhe-me-ndjeke-prej-pushteti\/","og_locale":"sq_AL","og_type":"article","og_title":"Buzhala: Albin mashtruesi na i ka hup 10 vjet me sehire, e meriton me n\u00ebnshkru Zajednic\u00ebn edhe me ndjek\u00eb prej pushteti","og_description":"Gazetari dhe opinionisti i \u00e7\u00ebshtjeve politike n\u00eb vend, Berat Buzhala, ka kritikuar ashp\u00ebr kryeministrin e Kosov\u00ebs, Albin Kurti, lidhur me marr\u00ebveshjen p\u00ebr themelimin e Asociacionit t\u00eb komunave me shumic\u00eb serbe. P\u00ebrmes nj\u00eb postimi n\u00eb rrjetin social Facebook, Buzhala ka th\u00ebn\u00eb se Kurti n\u00eb t\u00eb kaluar\u00ebn e ka \u2018trullu\u2019 popullin me p\u00ebrralla dhe demagogji,\u00a0 teksa e [&hellip;]","og_url":"https:\/\/permbledhja.com\/sq\/buzhala-albin-mashtruesi-na-i-ka-hup-10-vjet-me-sehire-e-meriton-me-nenshkru-zajednicen-edhe-me-ndjeke-prej-pushteti\/","og_site_name":"Ve\u00e7 artikuj p\u00ebrmbledh\u00ebs","article_publisher":"https:\/\/www.facebook.com\/press07\/","article_published_time":"2023-11-08T07:14:34+00:00","og_image":[{"width":1200,"height":637,"url":"https:\/\/permbledhja.com\/wp-content\/uploads\/2023\/11\/berat-buzhala.jpg","type":"image\/jpeg"}],"author":"M M","twitter_card":"summary_large_image","twitter_misc":{"Written by":"M M","Est. reading time":"1 minut\u00eb"},"schema":{"@context":"https:\/\/schema.org","@graph":[{"@type":"Article","@id":"https:\/\/permbledhja.com\/sq\/buzhala-albin-mashtruesi-na-i-ka-hup-10-vjet-me-sehire-e-meriton-me-nenshkru-zajednicen-edhe-me-ndjeke-prej-pushteti\/#article","isPartOf":{"@id":"https:\/\/permbledhja.com\/sq\/buzhala-albin-mashtruesi-na-i-ka-hup-10-vjet-me-sehire-e-meriton-me-nenshkru-zajednicen-edhe-me-ndjeke-prej-pushteti\/"},"author":{"name":"M M","@id":"https:\/\/permbledhja.com\/#\/schema\/person\/d23f13f59b5722643933d6780783acf3"},"headline":"Buzhala: Albin mashtruesi na i ka hup 10 vjet me sehire, e meriton me n\u00ebnshkru Zajednic\u00ebn edhe me ndjek\u00eb prej pushteti","datePublished":"2023-11-08T07:14:34+00:00","dateModified":"2023-11-08T07:14:34+00:00","mainEntityOfPage":{"@id":"https:\/\/permbledhja.com\/sq\/buzhala-albin-mashtruesi-na-i-ka-hup-10-vjet-me-sehire-e-meriton-me-nenshkru-zajednicen-edhe-me-ndjeke-prej-pushteti\/"},"wordCount":314,"publisher":{"@id":"https:\/\/permbledhja.com\/#organization"},"keywords":["Berat Buzhala"],"articleSection":["Komb\u00ebtare","Lajme"],"inLanguage":"sq"},{"@type":"WebPage","@id":"https:\/\/permbledhja.com\/sq\/buzhala-albin-mashtruesi-na-i-ka-hup-10-vjet-me-sehire-e-meriton-me-nenshkru-zajednicen-edhe-me-ndjeke-prej-pushteti\/","url":"https:\/\/permbledhja.com\/sq\/buzhala-albin-mashtruesi-na-i-ka-hup-10-vjet-me-sehire-e-meriton-me-nenshkru-zajednicen-edhe-me-ndjeke-prej-pushteti\/","name":"Buzhala: Albin mashtruesi na i ka hup 10 vjet me sehire, e meriton me n\u00ebnshkru Zajednic\u00ebn edhe me ndjek\u00eb prej pushteti","isPartOf":{"@id":"https:\/\/permbledhja.com\/#website"},"datePublished":"2023-11-08T07:14:34+00:00","dateModified":"2023-11-08T07:14:34+00:00","breadcrumb":{"@id":"https:\/\/permbledhja.com\/sq\/buzhala-albin-mashtruesi-na-i-ka-hup-10-vjet-me-sehire-e-meriton-me-nenshkru-zajednicen-edhe-me-ndjeke-prej-pushteti\/#breadcrumb"},"inLanguage":"sq","potentialAction":[{"@type":"ReadAction","target":["https:\/\/permbledhja.com\/sq\/buzhala-albin-mashtruesi-na-i-ka-hup-10-vjet-me-sehire-e-meriton-me-nenshkru-zajednicen-edhe-me-ndjeke-prej-pushteti\/"]}]},{"@type":"BreadcrumbList","@id":"https:\/\/permbledhja.com\/sq\/buzhala-albin-mashtruesi-na-i-ka-hup-10-vjet-me-sehire-e-meriton-me-nenshkru-zajednicen-edhe-me-ndjeke-prej-pushteti\/#breadcrumb","itemListElement":[{"@type":"ListItem","position":1,"name":"Ballina","item":"https:\/\/permbledhja.com\/sq\/"},{"@type":"ListItem","position":2,"name":"Buzhala: Albin mashtruesi na i ka hup 10 vjet me sehire, e meriton me n\u00ebnshkru Zajednic\u00ebn edhe me ndjek\u00eb prej pushteti"}]},{"@type":"WebSite","@id":"https:\/\/permbledhja.com\/#website","url":"https:\/\/permbledhja.com\/","name":"Ve\u00e7 artikuj p\u00ebrmbledh\u00ebs","description":"","publisher":{"@id":"https:\/\/permbledhja.com\/#organization"},"potentialAction":[{"@type":"SearchAction","target":{"@type":"EntryPoint","urlTemplate":"https:\/\/permbledhja.com\/?s={search_term_string}"},"query-input":"required name=search_term_string"}],"inLanguage":"sq"},{"@type":"Organization","@id":"https:\/\/permbledhja.com\/#organization","name":"MK Media & Pr","url":"https:\/\/permbledhja.com\/","logo":{"@type":"ImageObject","inLanguage":"sq","@id":"https:\/\/permbledhja.com\/#\/schema\/logo\/image\/","url":"https:\/\/permbledhja.com\/wp-content\/uploads\/2021\/12\/07-Press-Logo.jpg","contentUrl":"https:\/\/permbledhja.com\/wp-content\/uploads\/2021\/12\/07-Press-Logo.jpg","width":512,"height":512,"caption":"MK Media & Pr"},"image":{"@id":"https:\/\/permbledhja.com\/#\/schema\/logo\/image\/"},"sameAs":["https:\/\/www.facebook.com\/press07\/"]},{"@type":"Person","@id":"https:\/\/permbledhja.com\/#\/schema\/person\/d23f13f59b5722643933d6780783acf3","name":"M M","image":{"@type":"ImageObject","inLanguage":"sq","@id":"https:\/\/permbledhja.com\/#\/schema\/person\/image\/","url":"https:\/\/secure.gravatar.com\/avatar\/e2835a76ca7c31a2416b2d51c4ec9a8f?s=96&d=mm&r=g","contentUrl":"https:\/\/secure.gravatar.com\/avatar\/e2835a76ca7c31a2416b2d51c4ec9a8f?s=96&d=mm&r=g","caption":"M M"},"sameAs":["http:\/\/MM"],"url":"https:\/\/permbledhja.com\/sq\/author\/muhamet\/"}]}},"_links":{"self":[{"href":"https:\/\/permbledhja.com\/sq\/wp-json\/wp\/v2\/posts\/35172"}],"collection":[{"href":"https:\/\/permbledhja.com\/sq\/wp-json\/wp\/v2\/posts"}],"about":[{"href":"https:\/\/permbledhja.com\/sq\/wp-json\/wp\/v2\/types\/post"}],"author":[{"embeddable":true,"href":"https:\/\/permbledhja.com\/sq\/wp-json\/wp\/v2\/users\/2"}],"replies":[{"embeddable":true,"href":"https:\/\/permbledhja.com\/sq\/wp-json\/wp\/v2\/comments?post=35172"}],"version-history":[{"count":1,"href":"https:\/\/permbledhja.com\/sq\/wp-json\/wp\/v2\/posts\/35172\/revisions"}],"predecessor-version":[{"id":35174,"href":"https:\/\/permbledhja.com\/sq\/wp-json\/wp\/v2\/posts\/35172\/revisions\/35174"}],"wp:featuredmedia":[{"embeddable":true,"href":"https:\/\/permbledhja.com\/sq\/wp-json\/wp\/v2\/media\/35173"}],"wp:attachment":[{"href":"https:\/\/permbledhja.com\/sq\/wp-json\/wp\/v2\/media?parent=35172"}],"wp:term":[{"taxonomy":"category","embeddable":true,"href":"https:\/\/permbledhja.com\/sq\/wp-json\/wp\/v2\/categories?post=35172"},{"taxonomy":"post_tag","embeddable":true,"href":"https:\/\/permbledhja.com\/sq\/wp-json\/wp\/v2\/tags?post=35172"}],"curies":[{"name":"wp","href":"https:\/\/api.w.org\/{rel}","templated":true}]}}