{"id":35166,"date":"2023-11-08T06:54:50","date_gmt":"2023-11-08T06:54:50","guid":{"rendered":"https:\/\/permbledhja.com\/?p=35166"},"modified":"2023-11-08T06:54:50","modified_gmt":"2023-11-08T06:54:50","slug":"bislimi-sot-pranon-raportin-e-komisionit-evropian","status":"publish","type":"post","link":"https:\/\/permbledhja.com\/sq\/bislimi-sot-pranon-raportin-e-komisionit-evropian\/","title":{"rendered":"Bislimi sot pranon raportin e Komisionit Evropian"},"content":{"rendered":"<h3>Z\u00ebvend\u00ebskryeministri i par\u00eb p\u00ebr Integrim Evropian, Zhvillim dhe Dialog i Republik\u00ebs s\u00eb Kosov\u00ebs, Besnik Bislimi, pret n\u00eb takim ambasadorin e BE-s\u00eb n\u00eb Kosov\u00eb, Tomas Szunyog.<\/h3>\n<p>Ambasadori Szunyog do t\u2019i dor\u00ebzoj\u00eb z\u00ebvend\u00ebskryeministrit Bislimi Raportin p\u00ebr Vendin 2023 p\u00ebr Kosov\u00ebn nga Komisioni Evropian.<\/p>\n<p>Z\u00ebvend\u00ebskryeministri Bislimi dhe ambasadori Szunyog, pas takimit do t\u00eb mbajn\u00eb nj\u00eb konferenc\u00eb t\u00eb p\u00ebrbashk\u00ebt p\u00ebr media, ku do t\u00eb prezantojn\u00eb t\u00eb dh\u00ebnat e Raportit p\u00ebr Vendin 2023.<\/p>\n<p>Komisioni Evropian (KE) i ka qortuar Kosov\u00ebn dhe Serbin\u00eb p\u00ebr moszbatimin e marr\u00ebveshjeve t\u00eb arritura n\u00eb dialogun e nd\u00ebrmjet\u00ebsuar nga Bashkimi Evropian (BE) n\u00eb raportet e tij t\u00eb progresit p\u00ebr t\u00eb dyja vendet, t\u00eb cilat pritet t\u00eb publikohen t\u00eb m\u00ebrkur\u00ebn.<\/p>\n<p>Radio Evropa e Lir\u00eb e ka par\u00eb nj\u00eb draft t\u00eb raportit prej 150 faqesh, n\u00eb t\u00eb cilin vler\u00ebsohet p\u00ebrmbushja apo mosp\u00ebrmbushja e kritereve nga ana e Kosov\u00ebs, si dhe e rekomandimeve q\u00eb ka dh\u00ebn\u00eb KE-ja n\u00eb raportet e m\u00ebhershme.<\/p>\n<p>Kosova ka b\u00ebr\u00eb \u201cp\u00ebrparime t\u00eb kufizuara\u201d n\u00eb p\u00ebrmbushjen e standardeve t\u00eb nevojshme p\u00ebr t\u2019iu bashkuar BE-s\u00eb. Ky \u00ebsht\u00eb vler\u00ebsimi m\u00eb i shpesht\u00eb n\u00eb Raportin t\u00eb cilin KE-ja pritet ta miratoj\u00eb m\u00eb 8 n\u00ebntor, pas takimit t\u00eb Kolegjit t\u00eb Komisionar\u00ebve.<\/p>\n<p>Por, n\u00eb raportet e k\u00ebtij viti, si n\u00eb at\u00eb p\u00ebr Kosov\u00ebn, ashtu edhe n\u00eb at\u00eb p\u00ebr Serbin\u00eb, nj\u00eb v\u00ebmendje e shtuar i \u00ebsht\u00eb kushtuar p\u00ebrmbushjes s\u00eb detyrimeve q\u00eb dalin nga dialogu i Brukselit, dhe n\u00eb k\u00ebt\u00eb \u00e7\u00ebshtje t\u00eb dyja vendet qortohen p\u00ebr moszbatim e tyre.<\/p>\n<p>Normalizimi i marr\u00ebdh\u00ebnieve mes Kosov\u00ebs dhe Serbis\u00eb \u00ebsht\u00eb vler\u00ebsuar me tekstin e nj\u00ebjt\u00eb n\u00eb t\u00eb dyja raportet individuale t\u00eb progresit, p\u00ebr secilin vend p\u00ebrkat\u00ebs, pasi k\u00ebto obligime jan\u00eb pjes\u00eb e kritereve edhe p\u00ebr avancim n\u00eb procesin e integrimeve evropiane.<\/p>\n<p>Duke e rikujtuar arritjen e\u00a0Marr\u00ebveshjes n\u00eb Bruksel\u00a0n\u00eb shkurt dhe dakordimin p\u00ebr aneksin p\u00ebr zbatimin e saj nj\u00eb muaj m\u00eb von\u00eb n\u00eb Oh\u00ebr, raporti shpreh keqardhje q\u00eb pal\u00ebt nuk kan\u00eb filluar ende t\u2019i kryejn\u00eb obligimet e tyre.<\/p>\n<p>Marr\u00ebveshja Baz\u00eb dhe aneksi i saj u k\u00ebrkojn\u00eb pal\u00ebve t\u00eb zhvillojn\u00eb marr\u00ebdh\u00ebnie normale t\u00eb fqinj\u00ebsis\u00eb s\u00eb mir\u00eb, t\u2019ia njohin nj\u00ebra-tjetr\u00ebs dokumentet relevante dhe simbolet komb\u00ebtare. P\u00ebr Kosov\u00ebn, marr\u00ebveshja n\u00ebnkupton njohje de facto nga Serbia, nd\u00ebrsa p\u00ebr k\u00ebt\u00eb t\u00eb fundit aneksi i saj parasheh q\u00eb Kosova ta formoj\u00eb nj\u00eb Asociacion t\u00eb komunave me shumic\u00eb serbe.<\/p>\n<p>\u201cSi Kosova, ashtu edhe Serbia, akoma nuk e kan\u00eb filluar zbatimin e obligimeve t\u00eb tyre p\u00ebrkat\u00ebse, t\u00eb cilat dalin nga Marr\u00ebveshja, t\u00eb cilat jan\u00eb t\u00eb vlefshme dhe detyruese p\u00ebr pal\u00ebt, dhe pjes\u00eb e rrug\u00ebtimit t\u00eb tyre evropian. Pal\u00ebt duhet urgjentisht t\u00eb nisin angazhimin m\u00eb konstruktiv dhe t\u00eb nisin zbatimin pa vonesa t\u00eb reja, apo parakushte\u201c, thuhet n\u00eb Raportin e Progresit.<\/p>\n<p>Raporti n\u00ebnvizon detyrimin e Kosov\u00ebs p\u00ebr ta themeluar Asociacionin e komunave me shumic\u00eb serbe. N\u00eb k\u00ebt\u00eb pik\u00eb, dokumenti thekson se drafti i par\u00eb i statutit t\u00eb Asociacionit, i cili ishte paraqitur n\u00eb takimin e nivelit t\u00eb lart\u00eb t\u00eb dialogut n\u00eb muajin maj, e q\u00eb praktikisht ishte draft i Serbis\u00eb, \u201cnuk ka qen\u00eb n\u00eb p\u00ebrputhje me marr\u00ebveshjet relevante nga dialogu\u201c.<\/p>\n<p>Raporti tani k\u00ebrkon q\u00eb Asociacioni t\u00eb themelohet n\u00eb baz\u00eb t\u00eb propozimit t\u00eb fundit q\u00eb pal\u00ebve u \u00ebsht\u00eb dh\u00ebn\u00eb m\u00eb 21 tetor.<\/p>\n<p>\u201cNga Kosova pritet ta nis\u00eb procesin i cili \u00e7on deri te themelimi i Asociacionit t\u00eb komunave me shumic\u00eb serbe bazuar n\u00eb propozimin evropian, i cili u propozua para pal\u00ebve m\u00eb 21 tetor 2023, dhe nga Serbia k\u00ebrkohet ta mb\u00ebshtes\u00eb k\u00ebt\u00eb proces dhe paralelisht ta filloj\u00eb p\u00ebrmbushjen e obligimeve t\u00eb veta ky\u00e7e nga Marr\u00ebveshja\u201c, paralajm\u00ebron raporti, i cili b\u00ebn thirrje q\u00eb \u201cformalitetet, p\u00ebrfshir\u00eb edhe ato q\u00eb lidhen me miratimin, nuk duhet t\u00eb jen\u00eb pengesa n\u00eb rrug\u00ebn e progresit n\u00eb zbatimit\u201d.<\/p>\n<p>Raporti e quan t\u00ebrheqjen e serb\u00ebve t\u00eb Kosov\u00ebs nga institucionet e Kosov\u00ebs n\u00eb n\u00ebntor t\u00eb vitit 2022 dhe bojkotin e tyre t\u00eb zgjedhjeve lokale t\u00eb prillit t\u00eb vitit 2023 si \u201cshkelje t\u00eb obligimeve t\u00eb Serbis\u00eb nga dialogu, q\u00eb paraqet kthim t\u00eb madh mbrapa t\u00eb Serbis\u00eb n\u00eb p\u00ebrmbushjen e obligimeve nga marr\u00ebveshja e par\u00eb p\u00ebr parimet p\u00ebr normalizimin e marr\u00ebdh\u00ebnieve dhe shkelje direkte t\u00eb marr\u00ebveshjes p\u00ebr drejt\u00ebsin\u00eb t\u00eb vitit 2015\u201c.<\/p>\n<p>Ai i b\u00ebn thirrje Serbis\u00eb t\u2019i nxit\u00eb serb\u00ebt e Kosov\u00ebs \u201cq\u00eb menj\u00ebher\u00eb t\u00eb kthehen n\u00eb institucione\u201d, nd\u00ebrsa i b\u00ebn thirrje Kosov\u00ebs ta b\u00ebj\u00eb t\u00eb mundur nj\u00eb gj\u00eb t\u00eb till\u00eb.<\/p>\n<p>\u201cQ\u00eb nga n\u00ebntori i vitit 2022 asnj\u00ebra pal\u00eb nuk e ka b\u00ebr\u00eb asnj\u00eb hap n\u00eb k\u00ebt\u00eb drejtim\u201c, thuhet n\u00eb raport.<\/p>\n<p>Lista Serbe, deri n\u00eb n\u00ebntor t\u00eb vitit t\u00eb kaluar, kishte pushtet absolut n\u00eb nivel qendror dhe lokal, kur serb\u00ebt nga veriu i Kosov\u00ebs, me iniciativ\u00ebn e tyre, u larguan nga institucionet e Kosov\u00ebs.<\/p>\n<p>Nj\u00eb vendim i till\u00eb \u00ebsht\u00eb marr\u00eb me q\u00ebllim q\u00eb Qeveria e Kosov\u00ebs t\u00eb mos zbatoj\u00eb vendimin p\u00ebr heqjen e targave, t\u00eb cilat l\u00ebshohen nga autoritetet serbe p\u00ebr qytetet e Kosov\u00ebs.<\/p>\n<p>Nd\u00ebrkoh\u00eb, n\u00eb prill, Kosova mbajti zgjedhjet e jasht\u00ebzakonshme lokale n\u00eb Mitrovic\u00ebn e Veriut, Zve\u00e7an, Leposaviq dhe Zubin Potok, por serb\u00ebt i bojkotuan ato. K\u00ebshtu, kryetar\u00ebt shqiptar\u00eb erdh\u00ebn n\u00eb pushtet n\u00eb fund t\u00eb majit, por popullsia shumic\u00eb serbe nuk i pranoi, gj\u00eb q\u00eb shkaktoi protesta dhe nj\u00eb kriz\u00eb tjet\u00ebr politike.<\/p>\n<p>Kosova \u00ebsht\u00eb shprehur e gatshme t\u00eb mbaj\u00eb zgjedhjet p\u00ebrmes nj\u00eb udh\u00ebzimi administrativ, i cili ua mund\u00ebson qytetar\u00ebve t\u00eb komunave p\u00ebrkat\u00ebse t\u2019i shkarkojn\u00eb kryetar\u00ebt e tyre duke e n\u00ebnshkruar at\u00eb.<\/p>\n<p>Raporti p\u00ebrmend edhe disa obligime t\u00eb tjera nga dialogu, t\u00eb cilat nuk jan\u00eb zbatuar, p\u00ebrfshir\u00eb edhe hapjen e ur\u00ebs mes Mitrovic\u00ebs s\u00eb Jugut dhe asaj t\u00eb Veriut, marr\u00ebveshjen p\u00ebr energjin\u00eb, e t\u00eb tjera. Serbia p\u00ebrmendet si pal\u00eb, e cila nuk zbaton as marr\u00ebveshjen p\u00ebr kadastrat dhe diplomat universitare.Nga Serbia k\u00ebrkohet t\u00eb b\u00ebj\u00eb m\u00eb shum\u00eb edhe n\u00eb rifillimin e takimeve t\u00eb rregullta p\u00ebr zbatimin e marr\u00ebveshjes p\u00ebr menaxhimin e p\u00ebrbashk\u00ebt t\u00eb kufirit (IBM), p\u00ebr mbylljen e rrug\u00ebve ilegale p\u00ebr kalimin e vij\u00ebs kufitare dhe ta zgjidh\u00eb \u00e7\u00ebshtjen e l\u00ebshimit t\u00eb targave t\u00eb veturave \u201cpasi kjo \u00e7\u00ebshtje ka potencial t\u00eb shkaktoj\u00eb tensione n\u00eb Kosov\u00eb\u201d.Kosov\u00ebs dhe Serbis\u00eb u k\u00ebrkohet t\u00eb ken\u00eb \u201csjellje konstruktive\u201d n\u00eb nismat rajonale. P\u00ebr m\u00eb tep\u00ebr, Serbis\u00eb i k\u00ebrkohet t\u2019i respektoj\u00eb obligimet p\u00ebr pjes\u00ebmarrjen e Kosov\u00ebs, nd\u00ebrsa Kosov\u00ebs t\u00eb mos i mbaj\u00eb t\u00eb bllokuara proceset si\u00e7 b\u00ebn, sipas k\u00ebtij raporti, si n\u00eb rastin e CEFTA-s.<\/p>\n<h3><strong>Tensionet n\u00eb veri t\u00eb Kosov\u00ebs<\/strong><\/h3>\n<p>Raporti i Progresit i k\u00ebtij viti i p\u00ebrshkruan me kujdes tensionet n\u00eb veri t\u00eb Kosov\u00ebs, duke ardhur n\u00eb p\u00ebrfundim se t\u00eb dyja pal\u00ebt kan\u00eb ndikuar q\u00eb t\u00eb ket\u00eb kriza t\u00eb tilla p\u00ebr shkak t\u00eb veprimeve t\u00eb tyre. Kosova, sipas raportit, ka ndikuar n\u00eb rritjen e tensioneve me pranin\u00eb e shtuar t\u00eb nj\u00ebsive speciale t\u00eb Policis\u00eb dhe me Ligjin p\u00ebr shpron\u00ebsim n\u00eb veri, nd\u00ebrsa Serbia me t\u00ebrheqjen e serb\u00ebve nga institucionet dhe bojkotimin e zgjedhjeve lokale.N\u00eb ve\u00e7anti, raporti flet p\u00ebr ngjarjen m\u00eb t\u00eb r\u00ebnd\u00eb q\u00eb ka ndodhur n\u00eb k\u00ebt\u00eb periudh\u00eb: sulmin ndaj Policis\u00eb s\u00eb Kosov\u00ebs nga nj\u00eb grup i serb\u00ebve t\u00eb armatosur n\u00eb fshatin Banjsk\u00eb t\u00eb Zve\u00e7anit.<\/p>\n<p>Megjith\u00ebse n\u00eb deklaratat publike t\u00eb p\u00ebrfaq\u00ebsuesit t\u00eb lart\u00eb t\u00eb BE-s\u00eb p\u00ebr politik\u00eb t\u00eb jashtme dhe siguri, Josep Borrell, ky sulm \u00ebsht\u00eb cil\u00ebsuar si \u201cterrorist\u201c, Raporti i Progresit i referohet atij vet\u00ebm si \u201csulm i dhunsh\u00ebm\u201c ndaj Policis\u00eb s\u00eb Kosov\u00ebs, nd\u00ebrsa brenda n\u00eb raport flitet p\u00ebr \u201coperacion t\u00eb madh t\u00eb kontraband\u00ebs s\u00eb arm\u00ebve\u201c.<\/p>\n<p>\u201cKriza m\u00eb serioze gjat\u00eb periudh\u00ebs q\u00eb p\u00ebrfshin raporti ndodhi m\u00eb 24 shtator t\u00eb vitit 2023, kur Policia e Kosov\u00ebs u sulmua nga individ\u00eb t\u00eb armatosur r\u00ebnd\u00eb, t\u00eb cil\u00ebt u zun\u00eb n\u00eb befasi gjat\u00eb nj\u00eb operacioni t\u00eb madh t\u00eb trafikimit t\u00eb arm\u00ebve, duke l\u00ebn\u00eb nj\u00eb polic t\u00eb vrar\u00eb dhe tre t\u00eb plagosur. Gjat\u00eb operacionit sulmuesit mor\u00ebn peng disa pelegrin\u00eb, duke u barrikaduar n\u00eb manastirin ortodoks serb n\u00eb Banjsk\u00eb, t\u00eb cil\u00ebt i lan\u00eb pas kur u larguan\u201c, thuhet n\u00eb raport.<\/p>\n<p>Raporti i b\u00ebn thirrje Serbis\u00eb p\u00ebr bashk\u00ebpunim t\u00eb plot\u00eb n\u00eb hetime dhe t\u2019i sjell\u00eb para drejt\u00ebsis\u00eb p\u00ebrgjegj\u00ebsit.<\/p>\n<p>Kosova e ka faj\u00ebsuar Serbin\u00eb\u00a0p\u00ebr sulmin, duke e cil\u00ebsuar at\u00eb si \u201ctentim p\u00ebr ta aneksuar veriun e Kosov\u00ebs\u201d. Serbia i ka mohuar akuzat.<\/p>\n<p>P\u00ebrgjegj\u00ebsin\u00eb\u00a0p\u00ebr sulmin e mori\u00a0Millan Radoi\u00e7iq,\u00a0n\u00ebnkryetari i deriat\u00ebhersh\u00ebm i List\u00ebs Serbe \u2013 partis\u00eb m\u00eb t\u00eb madhe t\u00eb serb\u00ebve t\u00eb Kosov\u00ebs, e cila g\u00ebzon mb\u00ebshtetjen e Beogradit zyrtar.<\/p>\n<p>\u201cSulmi nuk duhet t\u00eb sh\u00ebrbej\u00eb si nj\u00eb arsyetim p\u00ebr cil\u00ebndo pal\u00eb p\u00ebr largimin e v\u00ebmendjes nga dialogu i leht\u00ebsuar nga BE-ja. Kosova dhe Serbia duhet t\u00eb b\u00ebjn\u00eb p\u00ebrpjekjet dometh\u00ebn\u00ebse p\u00ebr shtensionimin, si dhe t\u00eb sigurojn\u00eb mbajtjen e zgjedhjeve t\u00eb reja n\u00eb veri t\u00eb Kosov\u00ebs sa m\u00eb shpejt q\u00eb t\u00eb jet\u00eb e mundur, me pjes\u00ebmarrjen aktive t\u00eb serb\u00ebve t\u00eb Kosov\u00ebs\u201c, thuhet n\u00eb raport.<\/p>\n<h3><strong>P\u00ebrparimi i \u201ckufizuar\u201d i Kosov\u00ebs<\/strong><\/h3>\n<p>Sa i p\u00ebrket p\u00ebrparimeve q\u00eb ka arritur Kosova n\u00eb fushat q\u00eb i mbik\u00ebqyr Komisioni Evropian, \u201cp\u00ebrparim i kufizuar\u201c \u00ebsht\u00eb arritur n\u00eb luft\u00eb kund\u00ebr korrupsionit, funksionimit t\u00eb gjyq\u00ebsorit, n\u00eb luft\u00ebn kund\u00ebr krimit t\u00eb organizuar dhe n\u00eb lirin\u00eb e shprehjes. N\u00eb t\u00eb shumt\u00ebn e rasteve, raporti thekson se nuk ka pasur sa duhet rezultate n\u00eb zbatim, ndon\u00ebse \u00ebsht\u00eb arritur p\u00ebrparim n\u00eb miratimin e korniz\u00ebs ligjore.<\/p>\n<p>Raporti vler\u00ebson se Kosova ka d\u00ebshtuar ta reformoj\u00eb aministrat\u00ebn publike, duke n\u00ebnvizuar se \u201cnuk ka pasur p\u00ebrparim\u201c n\u00eb k\u00ebt\u00eb fush\u00eb.<\/p>\n<p>Situata politike n\u00eb Kosov\u00eb vler\u00ebsohet si e q\u00ebndrueshme, ku raporti e p\u00ebrmend faktin se L\u00ebvizja Vet\u00ebvendosje g\u00ebzon nj\u00eb shumic\u00eb t\u00eb mjaftueshme n\u00eb Kuvendin e Kosov\u00ebs, e cila ia ka \u201cmund\u00ebsuar ta \u00e7oj\u00eb p\u00ebrpara nj\u00eb agjend\u00eb ambicioze t\u00eb reformave evropiane\u201d.<\/p>\n<p>Kosova vler\u00ebsohet p\u00ebr reform\u00ebn e ligjit zgjedhor. Tashm\u00eb, si problem kronik, p\u00ebrmendet pengimi i pun\u00ebs s\u00eb Kuvendit t\u00eb Kosov\u00ebs si pasoj\u00eb e munges\u00ebs s\u00eb kuorumit, pavar\u00ebsisht faktit se partia n\u00eb pushtet ka shumic\u00ebn e nevojshme n\u00eb Kuvend. Problem i ve\u00e7ant\u00eb edhe n\u00eb pun\u00ebn e Kuvendit, sipas raportit, \u00ebsht\u00eb bojkoti i deputet\u00ebve serb\u00eb, t\u00eb cil\u00ebt shkojn\u00eb vet\u00ebm sa p\u00ebr t\u2019i ruajtur mandatet, por vazhdojn\u00eb bojkotin.<\/p>\n<p>N\u00eb fund t\u00eb tetorit, Kuvendi i Kosov\u00ebs d\u00ebshtoi t\u00eb hidhte n\u00eb votim nj\u00eb projektrezolut\u00eb q\u00eb k\u00ebrkon mb\u00ebshtetje urgjente financiare p\u00ebr Policin\u00eb e Kosov\u00eb, p\u00ebr shkak t\u00eb munges\u00ebs s\u00eb kuorumit.<\/p>\n<p>Raporti ka dh\u00ebn\u00eb disa v\u00ebrejtje n\u00eb fush\u00ebn e liris\u00eb s\u00eb mediave. Ai p\u00ebrmend sulmet dhe k\u00ebrc\u00ebnimet ndaj gazetar\u00ebve, problemet me financim t\u00eb mediave q\u00eb i b\u00ebn ato t\u00eb ndjeshme ndaj ndikimeve t\u00eb interesave politike apo financiare, dhe jotransparenc\u00ebn e pron\u00ebsis\u00eb s\u00eb mediave. Si shqet\u00ebsim i ve\u00e7ant\u00eb n\u00eb raport p\u00ebrmendet gjendja e liris\u00eb s\u00eb mediave n\u00eb veri t\u00eb Kosov\u00ebs.<\/p>\n<p>Dhjet\u00ebra gazetar\u00eb u sulmuan n\u00eb veri t\u00eb Kosov\u00ebs, derisa mbulonin protestat e grupeve t\u00eb serb\u00ebve kund\u00ebr kryetar\u00ebve t\u00eb zgjedhur shqiptar\u00eb t\u00eb komunave me shumic\u00eb serbe n\u00eb at\u00eb zon\u00eb gjat\u00eb k\u00ebsaj vere.Asnj\u00eb rast i sulmeve ndaj gazetar\u00ebve n\u00eb veri t\u00eb Kosov\u00ebs nuk \u00ebsht\u00eb duke u gjykuar.<\/p>\n<p>Sipas Asociacionit t\u00eb Gazetar\u00ebve t\u00eb Kosov\u00ebs (AGK),\u00a030 sulme t\u00eb tilla u regjistruan\u00a0n\u00eb at\u00eb zon\u00eb t\u00eb banuar me shumic\u00eb serbe nga 60 gjithsej sa u raportuan deri m\u00eb tash k\u00ebt\u00eb vit n\u00eb t\u00eb gjith\u00eb territorin e Kosov\u00ebs<\/p>\n<p>T\u00eb m\u00ebrkur\u00ebn, n\u00eb takimin e Kolegjit t\u00eb 27 Komisionar\u00ebve, do t\u00eb miratohet paketa e zgjerimit, s\u00eb bashku me raportet individuale t\u00eb progresit p\u00ebr t\u00eb gjitha vendet e p\u00ebrfshira n\u00eb procesin e zgjerimit.<\/p>\n<p>\u00cbsht\u00eb hera e par\u00eb q\u00eb raportet do t\u00eb miratohen p\u00ebr 10 vende q\u00eb jan\u00eb n\u00eb k\u00ebt\u00eb proces. Jan\u00eb gjasht\u00eb vende t\u00eb rajonit t\u00eb Ballkanit Per\u00ebndimor \u2013 Shqip\u00ebria, Bosnja e Hercegovina, Kosova, Mali i Zi, Maqedonia e Veriut dhe Serbia \u2013 pastaj Moldavia, Gjeorgjia dhe Ukraina, nd\u00ebrsa raport progresi i b\u00ebhet ende edhe Turqis\u00eb, e cila vazhdon formalisht ta ket\u00eb statusin e vendit kandidat p\u00ebr an\u00ebtar\u00ebsim.<\/p>\n","protected":false},"excerpt":{"rendered":"<p>Z\u00ebvend\u00ebskryeministri i par\u00eb p\u00ebr Integrim Evropian, Zhvillim dhe Dialog i Republik\u00ebs s\u00eb Kosov\u00ebs, Besnik Bislimi, pret n\u00eb takim ambasadorin e BE-s\u00eb n\u00eb Kosov\u00eb, Tomas Szunyog. Ambasadori Szunyog do t\u2019i dor\u00ebzoj\u00eb z\u00ebvend\u00ebskryeministrit Bislimi Raportin p\u00ebr Vendin 2023 p\u00ebr Kosov\u00ebn nga Komisioni Evropian. Z\u00ebvend\u00ebskryeministri Bislimi dhe ambasadori Szunyog, pas takimit do t\u00eb mbajn\u00eb nj\u00eb konferenc\u00eb t\u00eb p\u00ebrbashk\u00ebt [&hellip;]<\/p>\n","protected":false},"author":1,"featured_media":35167,"comment_status":"closed","ping_status":"closed","sticky":false,"template":"","format":"standard","meta":{"_monsterinsights_skip_tracking":false,"_monsterinsights_sitenote_active":false,"_monsterinsights_sitenote_note":"","_monsterinsights_sitenote_category":0,"_uf_show_specific_survey":0,"_uf_disable_surveys":false,"footnotes":""},"categories":[1146],"tags":[1004],"yoast_head":"<!-- This site is optimized with the Yoast SEO plugin v21.5 - https:\/\/yoast.com\/wordpress\/plugins\/seo\/ -->\n<title>Bislimi sot pranon raportin e Komisionit Evropian<\/title>\n<meta name=\"robots\" content=\"index, follow, max-snippet:-1, max-image-preview:large, max-video-preview:-1\" \/>\n<link rel=\"canonical\" href=\"https:\/\/permbledhja.com\/sq\/bislimi-sot-pranon-raportin-e-komisionit-evropian\/\" \/>\n<meta property=\"og:locale\" content=\"sq_AL\" \/>\n<meta property=\"og:type\" content=\"article\" \/>\n<meta property=\"og:title\" content=\"Bislimi sot pranon raportin e Komisionit Evropian\" \/>\n<meta property=\"og:description\" content=\"Z\u00ebvend\u00ebskryeministri i par\u00eb p\u00ebr Integrim Evropian, Zhvillim dhe Dialog i Republik\u00ebs s\u00eb Kosov\u00ebs, Besnik Bislimi, pret n\u00eb takim ambasadorin e BE-s\u00eb n\u00eb Kosov\u00eb, Tomas Szunyog. Ambasadori Szunyog do t\u2019i dor\u00ebzoj\u00eb z\u00ebvend\u00ebskryeministrit Bislimi Raportin p\u00ebr Vendin 2023 p\u00ebr Kosov\u00ebn nga Komisioni Evropian. Z\u00ebvend\u00ebskryeministri Bislimi dhe ambasadori Szunyog, pas takimit do t\u00eb mbajn\u00eb nj\u00eb konferenc\u00eb t\u00eb p\u00ebrbashk\u00ebt [&hellip;]\" \/>\n<meta property=\"og:url\" content=\"https:\/\/permbledhja.com\/sq\/bislimi-sot-pranon-raportin-e-komisionit-evropian\/\" \/>\n<meta property=\"og:site_name\" content=\"Ve\u00e7 artikuj p\u00ebrmbledh\u00ebs\" \/>\n<meta property=\"article:publisher\" content=\"https:\/\/www.facebook.com\/press07\/\" \/>\n<meta property=\"article:author\" content=\"https:\/\/www.facebook.com\/kafexhiu.muharrem\/\" \/>\n<meta property=\"article:published_time\" content=\"2023-11-08T06:54:50+00:00\" \/>\n<meta property=\"og:image\" content=\"https:\/\/permbledhja.com\/wp-content\/uploads\/2023\/11\/928A1814-8EB1-47F0-8148-349EF7C1A39E.jpeg\" \/>\n\t<meta property=\"og:image:width\" content=\"600\" \/>\n\t<meta property=\"og:image:height\" content=\"360\" \/>\n\t<meta property=\"og:image:type\" content=\"image\/jpeg\" \/>\n<meta name=\"author\" content=\"P\u00ebrmbledhja\" \/>\n<meta name=\"twitter:card\" content=\"summary_large_image\" \/>\n<meta name=\"twitter:label1\" content=\"Written by\" \/>\n\t<meta name=\"twitter:data1\" content=\"P\u00ebrmbledhja\" \/>\n\t<meta name=\"twitter:label2\" content=\"Est. reading time\" \/>\n\t<meta name=\"twitter:data2\" content=\"11 minuta\" \/>\n<script type=\"application\/ld+json\" class=\"yoast-schema-graph\">{\"@context\":\"https:\/\/schema.org\",\"@graph\":[{\"@type\":\"Article\",\"@id\":\"https:\/\/permbledhja.com\/sq\/bislimi-sot-pranon-raportin-e-komisionit-evropian\/#article\",\"isPartOf\":{\"@id\":\"https:\/\/permbledhja.com\/sq\/bislimi-sot-pranon-raportin-e-komisionit-evropian\/\"},\"author\":{\"name\":\"P\u00ebrmbledhja\",\"@id\":\"https:\/\/permbledhja.com\/#\/schema\/person\/0d064377258d3221e50693947b9eb4fe\"},\"headline\":\"Bislimi sot pranon raportin e Komisionit Evropian\",\"datePublished\":\"2023-11-08T06:54:50+00:00\",\"dateModified\":\"2023-11-08T06:54:50+00:00\",\"mainEntityOfPage\":{\"@id\":\"https:\/\/permbledhja.com\/sq\/bislimi-sot-pranon-raportin-e-komisionit-evropian\/\"},\"wordCount\":2178,\"publisher\":{\"@id\":\"https:\/\/permbledhja.com\/#organization\"},\"keywords\":[\"Besnik Bislimi\"],\"articleSection\":[\"Kryesoret\"],\"inLanguage\":\"sq\"},{\"@type\":\"WebPage\",\"@id\":\"https:\/\/permbledhja.com\/sq\/bislimi-sot-pranon-raportin-e-komisionit-evropian\/\",\"url\":\"https:\/\/permbledhja.com\/sq\/bislimi-sot-pranon-raportin-e-komisionit-evropian\/\",\"name\":\"Bislimi sot pranon raportin e Komisionit Evropian\",\"isPartOf\":{\"@id\":\"https:\/\/permbledhja.com\/#website\"},\"datePublished\":\"2023-11-08T06:54:50+00:00\",\"dateModified\":\"2023-11-08T06:54:50+00:00\",\"breadcrumb\":{\"@id\":\"https:\/\/permbledhja.com\/sq\/bislimi-sot-pranon-raportin-e-komisionit-evropian\/#breadcrumb\"},\"inLanguage\":\"sq\",\"potentialAction\":[{\"@type\":\"ReadAction\",\"target\":[\"https:\/\/permbledhja.com\/sq\/bislimi-sot-pranon-raportin-e-komisionit-evropian\/\"]}]},{\"@type\":\"BreadcrumbList\",\"@id\":\"https:\/\/permbledhja.com\/sq\/bislimi-sot-pranon-raportin-e-komisionit-evropian\/#breadcrumb\",\"itemListElement\":[{\"@type\":\"ListItem\",\"position\":1,\"name\":\"Ballina\",\"item\":\"https:\/\/permbledhja.com\/sq\/\"},{\"@type\":\"ListItem\",\"position\":2,\"name\":\"Bislimi sot pranon raportin e Komisionit Evropian\"}]},{\"@type\":\"WebSite\",\"@id\":\"https:\/\/permbledhja.com\/#website\",\"url\":\"https:\/\/permbledhja.com\/\",\"name\":\"Ve\u00e7 artikuj p\u00ebrmbledh\u00ebs\",\"description\":\"\",\"publisher\":{\"@id\":\"https:\/\/permbledhja.com\/#organization\"},\"potentialAction\":[{\"@type\":\"SearchAction\",\"target\":{\"@type\":\"EntryPoint\",\"urlTemplate\":\"https:\/\/permbledhja.com\/?s={search_term_string}\"},\"query-input\":\"required name=search_term_string\"}],\"inLanguage\":\"sq\"},{\"@type\":\"Organization\",\"@id\":\"https:\/\/permbledhja.com\/#organization\",\"name\":\"MK Media & Pr\",\"url\":\"https:\/\/permbledhja.com\/\",\"logo\":{\"@type\":\"ImageObject\",\"inLanguage\":\"sq\",\"@id\":\"https:\/\/permbledhja.com\/#\/schema\/logo\/image\/\",\"url\":\"https:\/\/permbledhja.com\/wp-content\/uploads\/2021\/12\/07-Press-Logo.jpg\",\"contentUrl\":\"https:\/\/permbledhja.com\/wp-content\/uploads\/2021\/12\/07-Press-Logo.jpg\",\"width\":512,\"height\":512,\"caption\":\"MK Media & Pr\"},\"image\":{\"@id\":\"https:\/\/permbledhja.com\/#\/schema\/logo\/image\/\"},\"sameAs\":[\"https:\/\/www.facebook.com\/press07\/\"]},{\"@type\":\"Person\",\"@id\":\"https:\/\/permbledhja.com\/#\/schema\/person\/0d064377258d3221e50693947b9eb4fe\",\"name\":\"P\u00ebrmbledhja\",\"image\":{\"@type\":\"ImageObject\",\"inLanguage\":\"sq\",\"@id\":\"https:\/\/permbledhja.com\/#\/schema\/person\/image\/\",\"url\":\"https:\/\/permbledhja.com\/wp-content\/uploads\/2026\/01\/452004717_1040944174702970_8932037511805513407_n-96x96.jpg\",\"contentUrl\":\"https:\/\/permbledhja.com\/wp-content\/uploads\/2026\/01\/452004717_1040944174702970_8932037511805513407_n-96x96.jpg\",\"caption\":\"P\u00ebrmbledhja\"},\"sameAs\":[\"https:\/\/www.facebook.com\/kafexhiu.muharrem\/\",\"https:\/\/www.instagram.com\/muharrem_kafexhiu\/\"],\"url\":\"https:\/\/permbledhja.com\/sq\/author\/admin\/\"}]}<\/script>\n<!-- \/ Yoast SEO plugin. -->","yoast_head_json":{"title":"Bislimi sot pranon raportin e Komisionit Evropian","robots":{"index":"index","follow":"follow","max-snippet":"max-snippet:-1","max-image-preview":"max-image-preview:large","max-video-preview":"max-video-preview:-1"},"canonical":"https:\/\/permbledhja.com\/sq\/bislimi-sot-pranon-raportin-e-komisionit-evropian\/","og_locale":"sq_AL","og_type":"article","og_title":"Bislimi sot pranon raportin e Komisionit Evropian","og_description":"Z\u00ebvend\u00ebskryeministri i par\u00eb p\u00ebr Integrim Evropian, Zhvillim dhe Dialog i Republik\u00ebs s\u00eb Kosov\u00ebs, Besnik Bislimi, pret n\u00eb takim ambasadorin e BE-s\u00eb n\u00eb Kosov\u00eb, Tomas Szunyog. Ambasadori Szunyog do t\u2019i dor\u00ebzoj\u00eb z\u00ebvend\u00ebskryeministrit Bislimi Raportin p\u00ebr Vendin 2023 p\u00ebr Kosov\u00ebn nga Komisioni Evropian. Z\u00ebvend\u00ebskryeministri Bislimi dhe ambasadori Szunyog, pas takimit do t\u00eb mbajn\u00eb nj\u00eb konferenc\u00eb t\u00eb p\u00ebrbashk\u00ebt [&hellip;]","og_url":"https:\/\/permbledhja.com\/sq\/bislimi-sot-pranon-raportin-e-komisionit-evropian\/","og_site_name":"Ve\u00e7 artikuj p\u00ebrmbledh\u00ebs","article_publisher":"https:\/\/www.facebook.com\/press07\/","article_author":"https:\/\/www.facebook.com\/kafexhiu.muharrem\/","article_published_time":"2023-11-08T06:54:50+00:00","og_image":[{"width":600,"height":360,"url":"https:\/\/permbledhja.com\/wp-content\/uploads\/2023\/11\/928A1814-8EB1-47F0-8148-349EF7C1A39E.jpeg","type":"image\/jpeg"}],"author":"P\u00ebrmbledhja","twitter_card":"summary_large_image","twitter_misc":{"Written by":"P\u00ebrmbledhja","Est. reading time":"11 minuta"},"schema":{"@context":"https:\/\/schema.org","@graph":[{"@type":"Article","@id":"https:\/\/permbledhja.com\/sq\/bislimi-sot-pranon-raportin-e-komisionit-evropian\/#article","isPartOf":{"@id":"https:\/\/permbledhja.com\/sq\/bislimi-sot-pranon-raportin-e-komisionit-evropian\/"},"author":{"name":"P\u00ebrmbledhja","@id":"https:\/\/permbledhja.com\/#\/schema\/person\/0d064377258d3221e50693947b9eb4fe"},"headline":"Bislimi sot pranon raportin e Komisionit Evropian","datePublished":"2023-11-08T06:54:50+00:00","dateModified":"2023-11-08T06:54:50+00:00","mainEntityOfPage":{"@id":"https:\/\/permbledhja.com\/sq\/bislimi-sot-pranon-raportin-e-komisionit-evropian\/"},"wordCount":2178,"publisher":{"@id":"https:\/\/permbledhja.com\/#organization"},"keywords":["Besnik Bislimi"],"articleSection":["Kryesoret"],"inLanguage":"sq"},{"@type":"WebPage","@id":"https:\/\/permbledhja.com\/sq\/bislimi-sot-pranon-raportin-e-komisionit-evropian\/","url":"https:\/\/permbledhja.com\/sq\/bislimi-sot-pranon-raportin-e-komisionit-evropian\/","name":"Bislimi sot pranon raportin e Komisionit Evropian","isPartOf":{"@id":"https:\/\/permbledhja.com\/#website"},"datePublished":"2023-11-08T06:54:50+00:00","dateModified":"2023-11-08T06:54:50+00:00","breadcrumb":{"@id":"https:\/\/permbledhja.com\/sq\/bislimi-sot-pranon-raportin-e-komisionit-evropian\/#breadcrumb"},"inLanguage":"sq","potentialAction":[{"@type":"ReadAction","target":["https:\/\/permbledhja.com\/sq\/bislimi-sot-pranon-raportin-e-komisionit-evropian\/"]}]},{"@type":"BreadcrumbList","@id":"https:\/\/permbledhja.com\/sq\/bislimi-sot-pranon-raportin-e-komisionit-evropian\/#breadcrumb","itemListElement":[{"@type":"ListItem","position":1,"name":"Ballina","item":"https:\/\/permbledhja.com\/sq\/"},{"@type":"ListItem","position":2,"name":"Bislimi sot pranon raportin e Komisionit Evropian"}]},{"@type":"WebSite","@id":"https:\/\/permbledhja.com\/#website","url":"https:\/\/permbledhja.com\/","name":"Ve\u00e7 artikuj p\u00ebrmbledh\u00ebs","description":"","publisher":{"@id":"https:\/\/permbledhja.com\/#organization"},"potentialAction":[{"@type":"SearchAction","target":{"@type":"EntryPoint","urlTemplate":"https:\/\/permbledhja.com\/?s={search_term_string}"},"query-input":"required name=search_term_string"}],"inLanguage":"sq"},{"@type":"Organization","@id":"https:\/\/permbledhja.com\/#organization","name":"MK Media & Pr","url":"https:\/\/permbledhja.com\/","logo":{"@type":"ImageObject","inLanguage":"sq","@id":"https:\/\/permbledhja.com\/#\/schema\/logo\/image\/","url":"https:\/\/permbledhja.com\/wp-content\/uploads\/2021\/12\/07-Press-Logo.jpg","contentUrl":"https:\/\/permbledhja.com\/wp-content\/uploads\/2021\/12\/07-Press-Logo.jpg","width":512,"height":512,"caption":"MK Media & Pr"},"image":{"@id":"https:\/\/permbledhja.com\/#\/schema\/logo\/image\/"},"sameAs":["https:\/\/www.facebook.com\/press07\/"]},{"@type":"Person","@id":"https:\/\/permbledhja.com\/#\/schema\/person\/0d064377258d3221e50693947b9eb4fe","name":"P\u00ebrmbledhja","image":{"@type":"ImageObject","inLanguage":"sq","@id":"https:\/\/permbledhja.com\/#\/schema\/person\/image\/","url":"https:\/\/permbledhja.com\/wp-content\/uploads\/2026\/01\/452004717_1040944174702970_8932037511805513407_n-96x96.jpg","contentUrl":"https:\/\/permbledhja.com\/wp-content\/uploads\/2026\/01\/452004717_1040944174702970_8932037511805513407_n-96x96.jpg","caption":"P\u00ebrmbledhja"},"sameAs":["https:\/\/www.facebook.com\/kafexhiu.muharrem\/","https:\/\/www.instagram.com\/muharrem_kafexhiu\/"],"url":"https:\/\/permbledhja.com\/sq\/author\/admin\/"}]}},"_links":{"self":[{"href":"https:\/\/permbledhja.com\/sq\/wp-json\/wp\/v2\/posts\/35166"}],"collection":[{"href":"https:\/\/permbledhja.com\/sq\/wp-json\/wp\/v2\/posts"}],"about":[{"href":"https:\/\/permbledhja.com\/sq\/wp-json\/wp\/v2\/types\/post"}],"author":[{"embeddable":true,"href":"https:\/\/permbledhja.com\/sq\/wp-json\/wp\/v2\/users\/1"}],"replies":[{"embeddable":true,"href":"https:\/\/permbledhja.com\/sq\/wp-json\/wp\/v2\/comments?post=35166"}],"version-history":[{"count":1,"href":"https:\/\/permbledhja.com\/sq\/wp-json\/wp\/v2\/posts\/35166\/revisions"}],"predecessor-version":[{"id":35168,"href":"https:\/\/permbledhja.com\/sq\/wp-json\/wp\/v2\/posts\/35166\/revisions\/35168"}],"wp:featuredmedia":[{"embeddable":true,"href":"https:\/\/permbledhja.com\/sq\/wp-json\/wp\/v2\/media\/35167"}],"wp:attachment":[{"href":"https:\/\/permbledhja.com\/sq\/wp-json\/wp\/v2\/media?parent=35166"}],"wp:term":[{"taxonomy":"category","embeddable":true,"href":"https:\/\/permbledhja.com\/sq\/wp-json\/wp\/v2\/categories?post=35166"},{"taxonomy":"post_tag","embeddable":true,"href":"https:\/\/permbledhja.com\/sq\/wp-json\/wp\/v2\/tags?post=35166"}],"curies":[{"name":"wp","href":"https:\/\/api.w.org\/{rel}","templated":true}]}}