{"id":35014,"date":"2023-11-07T08:18:54","date_gmt":"2023-11-07T08:18:54","guid":{"rendered":"https:\/\/permbledhja.com\/?p=35014"},"modified":"2023-11-07T08:20:15","modified_gmt":"2023-11-07T08:20:15","slug":"joseph-me-propozimin-e-ri-eshte-perjashtuar-modeli-i-republikes-serbe","status":"publish","type":"post","link":"https:\/\/permbledhja.com\/sq\/joseph-me-propozimin-e-ri-eshte-perjashtuar-modeli-i-republikes-serbe\/","title":{"rendered":"Joseph: Me propozimin e ri \u00ebsht\u00eb p\u00ebrjashtuar modeli i Republik\u00ebs Serbe"},"content":{"rendered":"<h3>Profesori n\u00eb Universitetin \u201cJohns Hopkins\u201d n\u00eb Uashington, Edward Joseph ka th\u00ebn\u00eb se me propozimin e ri t\u00eb draft-statutit t\u00eb Asociacionit \u00ebsht\u00eb eliminuar modeli i Republik\u00ebs Serbe n\u00eb Kosov\u00eb.<\/h3>\n<p>\u201cMe at\u00eb q\u00eb kam d\u00ebgjuar un\u00eb, edhe pse nuk \u00ebsht\u00eb gj\u00eb formale, propozimi i SHBA-s\u00eb dhe BE-s\u00eb e p\u00ebrmbyll k\u00ebt\u00eb telashin mbi at\u00eb se a duhet t\u00eb jet\u00eb Asociacioni n\u00eb pajtim me vendimin e Gjykat\u00ebs Kushtetuese. Sigurisht se duhet t\u00eb jet\u00eb n\u00eb pajtim me at\u00eb vendim dhe ky lloj misteri \u00ebsht\u00eb sqaruar. Propozimi q\u00eb \u00ebsht\u00eb b\u00ebr\u00eb \u00ebsht\u00eb n\u00eb pajtim me Kushtetut\u00ebn e Kosov\u00ebs dhe p\u00ebr aq sa kam kuptuar modeli i Republik\u00ebs Serbe \u00ebsht\u00eb l\u00ebn\u00eb komplet jasht\u00eb. N\u00eb vend t\u00eb k\u00ebtij modeli \u00ebsht\u00eb b\u00ebr\u00eb nj\u00eb propozim krejt i ri, praktik, i arritsh\u00ebm dhe q\u00eb p\u00ebrmbush standardet kushtetuese dhe \u00ebsht\u00eb n\u00eb p\u00ebrputhje me at\u00eb kolumnen q\u00eb \u00ebsht\u00eb shkruar nga Derek Chollet dhe Gabriel Escobar\u201d, ka th\u00ebn\u00eb Joseph.<\/p>\n<p>Ttutje ka th\u00ebn\u00eb se jo detyrimisht duhet t\u00eb publikohet tani draft-statuti i Asociacionit t\u00eb Komunave me shumic\u00eb serbe, n\u00ebse q\u00ebllimi \u00ebsht\u00eb q\u00eb t\u00eb arrihet nj\u00eb lloj marr\u00ebveshje e avancuar p\u00ebrtej asaj q\u00eb ekziston.<br \/>\n\u201cNganj\u00ebher\u00eb dokumentet duhet t\u00eb mbahen t\u00eb fshehta, larg publikut derisa \u00ebsht\u00eb n\u00eb negocim e sip\u00ebr. Pra nuk \u00ebsht\u00eb se detyrimisht duhet t\u00eb publikohet. Pyetja \u00ebsht\u00eb se \u00e7far\u00eb do t\u00eb jet\u00eb pozicioni p\u00ebrfundimtar i SHBA-ve dhe BE-s\u00eb n\u00eb ve\u00e7anti dhe pastaj shteteve ky\u00e7e si\u00e7 jan\u00eb Franca, Gjermania, Italia dhe cili do t\u00eb jet\u00eb pozicioni kur b\u00ebhet fjal\u00eb p\u00ebr Serbin\u00eb. Refuzimi i presidentit t\u00eb Serbis\u00eb p\u00ebr ta n\u00ebnshkruar marr\u00ebveshjen dhe pastaj refuzimi p\u00ebr ta zbatuar at\u00eb marr\u00ebveshje q\u00eb e ka pranuar n\u00eb Bruksel dhe Oh\u00ebr\u201d, ka theksuar profesori Joseph.<\/p>\n<p>Ai tutje ka th\u00ebn\u00eb se m\u00eb 6 tetor ia ka parashtruar pyetjen emisarit Laj\u00e7ak n\u00eb Malin e Zi se pse nuk e shfryt\u00ebzoni mund\u00ebsin\u00eb, sidomos pas agresionit mbi Kosov\u00ebn m\u00eb 24 shtator n\u00eb Banjsk\u00eb.<\/p>\n<p>\u201cPse t\u00eb mos p\u00ebrdoret kjo gj\u00eb dhe t\u2019i prezantohet Beogradit propozimi merre ose l\u00ebre. K\u00ebtu Serbia vihet para pozicionit q\u00eb ta pranoj\u00eb plot\u00ebsisht se do ta p\u00ebrmbush obligimin e saj ndaj Kosov\u00ebs, q\u00eb ka t\u00eb b\u00ebj\u00eb me njohjen de-facto, njohjen e dokumenteve dhe simboleve dhe t\u00eb mos e kund\u00ebrshtoj\u00eb an\u00ebtar\u00ebsimin e Kosov\u00ebs n\u00eb organizatat nd\u00ebrkomb\u00ebtare. Pra pse t\u00eb mos shfryt\u00ebzohet kjo lloj p\u00ebrpar\u00ebsie kur Beogradi dhe presidenti Vu\u00e7iq \u00ebsht\u00eb n\u00eb situat\u00eb t\u00eb brisht\u00eb. K\u00ebt\u00eb pyetje ia kam b\u00ebr\u00eb Laj\u00e7akut kur ai ishte n\u00eb Malin e Zi muajin e kaluar. Ai nuk dha p\u00ebrgjigje publike, por pash\u00eb disa elemente t\u00eb asaj q\u00eb un\u00eb kam v\u00ebrejtur n\u00eb at\u00eb dokument t\u00eb QUINT-it\u201d, ka shtuar Joseph.<\/p>\n<p>Sa i p\u00ebrket takimit t\u00eb nes\u00ebrm t\u00eb Laj\u00e7akut me partit\u00eb opozitare, ai ka th\u00ebn\u00eb se kjo \u201c\u00ebsht\u00eb gj\u00eb e mir\u00eb q\u00eb partit\u00eb opozitare t\u00eb jen\u00eb pjes\u00eb e procesit dhe nj\u00eb hap i r\u00ebnd\u00ebsish\u00ebm p\u00ebr Republik\u00ebn e Kosov\u00ebs\u201d.<\/p>\n<p>Sipas tij tani \u00e7\u00ebshtja \u00ebsht\u00eb n\u00ebse ekziston tashm\u00eb vullneti politik\u00eb n\u00eb SHBA dhe BE q\u00eb t\u2019i b\u00ebjn\u00eb presion pal\u00ebve dhe ta p\u00ebrfundojn\u00eb k\u00ebt\u00eb marr\u00ebveshje nj\u00ebher\u00eb e p\u00ebrgjithmon\u00eb.<\/p>\n<p>\u201cM\u00eb 26 tetor pas takimeve n\u00eb Bruksel, Kosova \u00ebsht\u00eb deklaruar se ka k\u00ebrkuar n\u00ebnshkrimin e dokumenteve nga Serbia. Un\u00eb besoj se kjo \u00ebsht\u00eb k\u00ebrkes\u00eb e arsyeshme n\u00eb cilindo kontekst. P\u00ebr mua kjo ishte k\u00ebrkes\u00eb shum\u00eb e arsyeshme dhe SHBA dhe BE duhet t\u00eb insistojn\u00eb te Serbia q\u00eb ta n\u00ebnshkruaj\u00eb k\u00ebt\u00eb dokumentet dhe dy dokumentet tjera t\u00eb dakorduara m\u00eb par\u00eb dhe p\u00ebrfundimisht t\u00eb ndalet kjo loj\u00eb. A \u00ebsht\u00eb marr\u00ebveshja q\u00eb secila pal\u00eb, Kosova dhe Serbia, duhet ta formalizojn\u00eb at\u00eb dhe t\u00eb thon\u00eb \u2018po kjo \u00ebsht\u00eb ajo marr\u00ebveshje\u2019. Si mund t\u2019i besoj dikush fjal\u00ebs s\u00eb Serbis\u00eb se do t\u00eb implementoj\u00eb nj\u00eb marr\u00ebveshje e cila i ka k\u00ebto elemente t\u00eb r\u00ebnd\u00ebsishme t\u00eb njohjes brenda \u2013 si\u00e7 \u00ebsht\u00eb mos kund\u00ebrshtimi i an\u00ebtar\u00ebsimit t\u00eb Kosov\u00ebs n\u00eb organizatat nd\u00ebrkomb\u00ebtare. Si mund t\u00eb besohet kjo kur presidenti Vu\u00e7iq nuk e n\u00ebnshkruan k\u00ebt\u00eb\u201d, ka n\u00ebnvizuar Joseph.\/RTK<\/p>\n","protected":false},"excerpt":{"rendered":"<p>Profesori n\u00eb Universitetin \u201cJohns Hopkins\u201d n\u00eb Uashington, Edward Joseph ka th\u00ebn\u00eb se me propozimin e ri t\u00eb draft-statutit t\u00eb Asociacionit \u00ebsht\u00eb eliminuar modeli i Republik\u00ebs Serbe n\u00eb Kosov\u00eb. \u201cMe at\u00eb q\u00eb kam d\u00ebgjuar un\u00eb, edhe pse nuk \u00ebsht\u00eb gj\u00eb formale, propozimi i SHBA-s\u00eb dhe BE-s\u00eb e p\u00ebrmbyll k\u00ebt\u00eb telashin mbi at\u00eb se a duhet t\u00eb [&hellip;]<\/p>\n","protected":false},"author":2,"featured_media":35015,"comment_status":"closed","ping_status":"closed","sticky":false,"template":"","format":"standard","meta":{"_monsterinsights_skip_tracking":false,"_monsterinsights_sitenote_active":false,"_monsterinsights_sitenote_note":"","_monsterinsights_sitenote_category":0,"_uf_show_specific_survey":0,"_uf_disable_surveys":false,"footnotes":""},"categories":[1146,15],"tags":[2440],"yoast_head":"<!-- This site is optimized with the Yoast SEO plugin v21.5 - https:\/\/yoast.com\/wordpress\/plugins\/seo\/ -->\n<title>Joseph: Me propozimin e ri \u00ebsht\u00eb p\u00ebrjashtuar modeli i Republik\u00ebs Serbe<\/title>\n<meta name=\"robots\" content=\"index, follow, max-snippet:-1, max-image-preview:large, max-video-preview:-1\" \/>\n<link rel=\"canonical\" href=\"https:\/\/permbledhja.com\/sq\/joseph-me-propozimin-e-ri-eshte-perjashtuar-modeli-i-republikes-serbe\/\" \/>\n<meta property=\"og:locale\" content=\"sq_AL\" \/>\n<meta property=\"og:type\" content=\"article\" \/>\n<meta property=\"og:title\" content=\"Joseph: Me propozimin e ri \u00ebsht\u00eb p\u00ebrjashtuar modeli i Republik\u00ebs Serbe\" \/>\n<meta property=\"og:description\" content=\"Profesori n\u00eb Universitetin \u201cJohns Hopkins\u201d n\u00eb Uashington, Edward Joseph ka th\u00ebn\u00eb se me propozimin e ri t\u00eb draft-statutit t\u00eb Asociacionit \u00ebsht\u00eb eliminuar modeli i Republik\u00ebs Serbe n\u00eb Kosov\u00eb. \u201cMe at\u00eb q\u00eb kam d\u00ebgjuar un\u00eb, edhe pse nuk \u00ebsht\u00eb gj\u00eb formale, propozimi i SHBA-s\u00eb dhe BE-s\u00eb e p\u00ebrmbyll k\u00ebt\u00eb telashin mbi at\u00eb se a duhet t\u00eb [&hellip;]\" \/>\n<meta property=\"og:url\" content=\"https:\/\/permbledhja.com\/sq\/joseph-me-propozimin-e-ri-eshte-perjashtuar-modeli-i-republikes-serbe\/\" \/>\n<meta property=\"og:site_name\" content=\"Ve\u00e7 artikuj p\u00ebrmbledh\u00ebs\" \/>\n<meta property=\"article:publisher\" content=\"https:\/\/www.facebook.com\/press07\/\" \/>\n<meta property=\"article:published_time\" content=\"2023-11-07T08:18:54+00:00\" \/>\n<meta property=\"article:modified_time\" content=\"2023-11-07T08:20:15+00:00\" \/>\n<meta property=\"og:image\" content=\"https:\/\/permbledhja.com\/wp-content\/uploads\/2023\/11\/Edward-Joseph-1130x635-1-1024x575-1-600x360-1.jpg\" \/>\n\t<meta property=\"og:image:width\" content=\"600\" \/>\n\t<meta property=\"og:image:height\" content=\"360\" \/>\n\t<meta property=\"og:image:type\" content=\"image\/jpeg\" \/>\n<meta name=\"author\" content=\"M M\" \/>\n<meta name=\"twitter:card\" content=\"summary_large_image\" \/>\n<meta name=\"twitter:label1\" content=\"Written by\" \/>\n\t<meta name=\"twitter:data1\" content=\"M M\" \/>\n\t<meta name=\"twitter:label2\" content=\"Est. reading time\" \/>\n\t<meta name=\"twitter:data2\" content=\"4 minuta\" \/>\n<script type=\"application\/ld+json\" class=\"yoast-schema-graph\">{\"@context\":\"https:\/\/schema.org\",\"@graph\":[{\"@type\":\"Article\",\"@id\":\"https:\/\/permbledhja.com\/joseph-me-propozimin-e-ri-eshte-perjashtuar-modeli-i-republikes-serbe\/#article\",\"isPartOf\":{\"@id\":\"https:\/\/permbledhja.com\/joseph-me-propozimin-e-ri-eshte-perjashtuar-modeli-i-republikes-serbe\/\"},\"author\":{\"name\":\"M M\",\"@id\":\"https:\/\/permbledhja.com\/#\/schema\/person\/d23f13f59b5722643933d6780783acf3\"},\"headline\":\"Joseph: Me propozimin e ri \u00ebsht\u00eb p\u00ebrjashtuar modeli i Republik\u00ebs Serbe\",\"datePublished\":\"2023-11-07T08:18:54+00:00\",\"dateModified\":\"2023-11-07T08:20:15+00:00\",\"mainEntityOfPage\":{\"@id\":\"https:\/\/permbledhja.com\/joseph-me-propozimin-e-ri-eshte-perjashtuar-modeli-i-republikes-serbe\/\"},\"wordCount\":731,\"publisher\":{\"@id\":\"https:\/\/permbledhja.com\/#organization\"},\"keywords\":[\"Joseph\"],\"articleSection\":[\"Kryesoret\",\"Lajme\"],\"inLanguage\":\"sq\"},{\"@type\":\"WebPage\",\"@id\":\"https:\/\/permbledhja.com\/joseph-me-propozimin-e-ri-eshte-perjashtuar-modeli-i-republikes-serbe\/\",\"url\":\"https:\/\/permbledhja.com\/joseph-me-propozimin-e-ri-eshte-perjashtuar-modeli-i-republikes-serbe\/\",\"name\":\"Joseph: Me propozimin e ri \u00ebsht\u00eb p\u00ebrjashtuar modeli i Republik\u00ebs Serbe\",\"isPartOf\":{\"@id\":\"https:\/\/permbledhja.com\/#website\"},\"datePublished\":\"2023-11-07T08:18:54+00:00\",\"dateModified\":\"2023-11-07T08:20:15+00:00\",\"breadcrumb\":{\"@id\":\"https:\/\/permbledhja.com\/joseph-me-propozimin-e-ri-eshte-perjashtuar-modeli-i-republikes-serbe\/#breadcrumb\"},\"inLanguage\":\"sq\",\"potentialAction\":[{\"@type\":\"ReadAction\",\"target\":[\"https:\/\/permbledhja.com\/joseph-me-propozimin-e-ri-eshte-perjashtuar-modeli-i-republikes-serbe\/\"]}]},{\"@type\":\"BreadcrumbList\",\"@id\":\"https:\/\/permbledhja.com\/joseph-me-propozimin-e-ri-eshte-perjashtuar-modeli-i-republikes-serbe\/#breadcrumb\",\"itemListElement\":[{\"@type\":\"ListItem\",\"position\":1,\"name\":\"Ballina\",\"item\":\"https:\/\/permbledhja.com\/sq\/\"},{\"@type\":\"ListItem\",\"position\":2,\"name\":\"Joseph: Me propozimin e ri \u00ebsht\u00eb p\u00ebrjashtuar modeli i Republik\u00ebs Serbe\"}]},{\"@type\":\"WebSite\",\"@id\":\"https:\/\/permbledhja.com\/#website\",\"url\":\"https:\/\/permbledhja.com\/\",\"name\":\"Ve\u00e7 artikuj p\u00ebrmbledh\u00ebs\",\"description\":\"\",\"publisher\":{\"@id\":\"https:\/\/permbledhja.com\/#organization\"},\"potentialAction\":[{\"@type\":\"SearchAction\",\"target\":{\"@type\":\"EntryPoint\",\"urlTemplate\":\"https:\/\/permbledhja.com\/?s={search_term_string}\"},\"query-input\":\"required name=search_term_string\"}],\"inLanguage\":\"sq\"},{\"@type\":\"Organization\",\"@id\":\"https:\/\/permbledhja.com\/#organization\",\"name\":\"MK Media & Pr\",\"url\":\"https:\/\/permbledhja.com\/\",\"logo\":{\"@type\":\"ImageObject\",\"inLanguage\":\"sq\",\"@id\":\"https:\/\/permbledhja.com\/#\/schema\/logo\/image\/\",\"url\":\"https:\/\/permbledhja.com\/wp-content\/uploads\/2021\/12\/07-Press-Logo.jpg\",\"contentUrl\":\"https:\/\/permbledhja.com\/wp-content\/uploads\/2021\/12\/07-Press-Logo.jpg\",\"width\":512,\"height\":512,\"caption\":\"MK Media & Pr\"},\"image\":{\"@id\":\"https:\/\/permbledhja.com\/#\/schema\/logo\/image\/\"},\"sameAs\":[\"https:\/\/www.facebook.com\/press07\/\"]},{\"@type\":\"Person\",\"@id\":\"https:\/\/permbledhja.com\/#\/schema\/person\/d23f13f59b5722643933d6780783acf3\",\"name\":\"M M\",\"image\":{\"@type\":\"ImageObject\",\"inLanguage\":\"sq\",\"@id\":\"https:\/\/permbledhja.com\/#\/schema\/person\/image\/\",\"url\":\"https:\/\/secure.gravatar.com\/avatar\/e2835a76ca7c31a2416b2d51c4ec9a8f?s=96&d=mm&r=g\",\"contentUrl\":\"https:\/\/secure.gravatar.com\/avatar\/e2835a76ca7c31a2416b2d51c4ec9a8f?s=96&d=mm&r=g\",\"caption\":\"M M\"},\"sameAs\":[\"http:\/\/MM\"],\"url\":\"https:\/\/permbledhja.com\/sq\/author\/muhamet\/\"}]}<\/script>\n<!-- \/ Yoast SEO plugin. -->","yoast_head_json":{"title":"Joseph: Me propozimin e ri \u00ebsht\u00eb p\u00ebrjashtuar modeli i Republik\u00ebs Serbe","robots":{"index":"index","follow":"follow","max-snippet":"max-snippet:-1","max-image-preview":"max-image-preview:large","max-video-preview":"max-video-preview:-1"},"canonical":"https:\/\/permbledhja.com\/sq\/joseph-me-propozimin-e-ri-eshte-perjashtuar-modeli-i-republikes-serbe\/","og_locale":"sq_AL","og_type":"article","og_title":"Joseph: Me propozimin e ri \u00ebsht\u00eb p\u00ebrjashtuar modeli i Republik\u00ebs Serbe","og_description":"Profesori n\u00eb Universitetin \u201cJohns Hopkins\u201d n\u00eb Uashington, Edward Joseph ka th\u00ebn\u00eb se me propozimin e ri t\u00eb draft-statutit t\u00eb Asociacionit \u00ebsht\u00eb eliminuar modeli i Republik\u00ebs Serbe n\u00eb Kosov\u00eb. \u201cMe at\u00eb q\u00eb kam d\u00ebgjuar un\u00eb, edhe pse nuk \u00ebsht\u00eb gj\u00eb formale, propozimi i SHBA-s\u00eb dhe BE-s\u00eb e p\u00ebrmbyll k\u00ebt\u00eb telashin mbi at\u00eb se a duhet t\u00eb [&hellip;]","og_url":"https:\/\/permbledhja.com\/sq\/joseph-me-propozimin-e-ri-eshte-perjashtuar-modeli-i-republikes-serbe\/","og_site_name":"Ve\u00e7 artikuj p\u00ebrmbledh\u00ebs","article_publisher":"https:\/\/www.facebook.com\/press07\/","article_published_time":"2023-11-07T08:18:54+00:00","article_modified_time":"2023-11-07T08:20:15+00:00","og_image":[{"width":600,"height":360,"url":"https:\/\/permbledhja.com\/wp-content\/uploads\/2023\/11\/Edward-Joseph-1130x635-1-1024x575-1-600x360-1.jpg","type":"image\/jpeg"}],"author":"M M","twitter_card":"summary_large_image","twitter_misc":{"Written by":"M M","Est. reading time":"4 minuta"},"schema":{"@context":"https:\/\/schema.org","@graph":[{"@type":"Article","@id":"https:\/\/permbledhja.com\/joseph-me-propozimin-e-ri-eshte-perjashtuar-modeli-i-republikes-serbe\/#article","isPartOf":{"@id":"https:\/\/permbledhja.com\/joseph-me-propozimin-e-ri-eshte-perjashtuar-modeli-i-republikes-serbe\/"},"author":{"name":"M M","@id":"https:\/\/permbledhja.com\/#\/schema\/person\/d23f13f59b5722643933d6780783acf3"},"headline":"Joseph: Me propozimin e ri \u00ebsht\u00eb p\u00ebrjashtuar modeli i Republik\u00ebs Serbe","datePublished":"2023-11-07T08:18:54+00:00","dateModified":"2023-11-07T08:20:15+00:00","mainEntityOfPage":{"@id":"https:\/\/permbledhja.com\/joseph-me-propozimin-e-ri-eshte-perjashtuar-modeli-i-republikes-serbe\/"},"wordCount":731,"publisher":{"@id":"https:\/\/permbledhja.com\/#organization"},"keywords":["Joseph"],"articleSection":["Kryesoret","Lajme"],"inLanguage":"sq"},{"@type":"WebPage","@id":"https:\/\/permbledhja.com\/joseph-me-propozimin-e-ri-eshte-perjashtuar-modeli-i-republikes-serbe\/","url":"https:\/\/permbledhja.com\/joseph-me-propozimin-e-ri-eshte-perjashtuar-modeli-i-republikes-serbe\/","name":"Joseph: Me propozimin e ri \u00ebsht\u00eb p\u00ebrjashtuar modeli i Republik\u00ebs Serbe","isPartOf":{"@id":"https:\/\/permbledhja.com\/#website"},"datePublished":"2023-11-07T08:18:54+00:00","dateModified":"2023-11-07T08:20:15+00:00","breadcrumb":{"@id":"https:\/\/permbledhja.com\/joseph-me-propozimin-e-ri-eshte-perjashtuar-modeli-i-republikes-serbe\/#breadcrumb"},"inLanguage":"sq","potentialAction":[{"@type":"ReadAction","target":["https:\/\/permbledhja.com\/joseph-me-propozimin-e-ri-eshte-perjashtuar-modeli-i-republikes-serbe\/"]}]},{"@type":"BreadcrumbList","@id":"https:\/\/permbledhja.com\/joseph-me-propozimin-e-ri-eshte-perjashtuar-modeli-i-republikes-serbe\/#breadcrumb","itemListElement":[{"@type":"ListItem","position":1,"name":"Ballina","item":"https:\/\/permbledhja.com\/sq\/"},{"@type":"ListItem","position":2,"name":"Joseph: Me propozimin e ri \u00ebsht\u00eb p\u00ebrjashtuar modeli i Republik\u00ebs Serbe"}]},{"@type":"WebSite","@id":"https:\/\/permbledhja.com\/#website","url":"https:\/\/permbledhja.com\/","name":"Ve\u00e7 artikuj p\u00ebrmbledh\u00ebs","description":"","publisher":{"@id":"https:\/\/permbledhja.com\/#organization"},"potentialAction":[{"@type":"SearchAction","target":{"@type":"EntryPoint","urlTemplate":"https:\/\/permbledhja.com\/?s={search_term_string}"},"query-input":"required name=search_term_string"}],"inLanguage":"sq"},{"@type":"Organization","@id":"https:\/\/permbledhja.com\/#organization","name":"MK Media & Pr","url":"https:\/\/permbledhja.com\/","logo":{"@type":"ImageObject","inLanguage":"sq","@id":"https:\/\/permbledhja.com\/#\/schema\/logo\/image\/","url":"https:\/\/permbledhja.com\/wp-content\/uploads\/2021\/12\/07-Press-Logo.jpg","contentUrl":"https:\/\/permbledhja.com\/wp-content\/uploads\/2021\/12\/07-Press-Logo.jpg","width":512,"height":512,"caption":"MK Media & Pr"},"image":{"@id":"https:\/\/permbledhja.com\/#\/schema\/logo\/image\/"},"sameAs":["https:\/\/www.facebook.com\/press07\/"]},{"@type":"Person","@id":"https:\/\/permbledhja.com\/#\/schema\/person\/d23f13f59b5722643933d6780783acf3","name":"M M","image":{"@type":"ImageObject","inLanguage":"sq","@id":"https:\/\/permbledhja.com\/#\/schema\/person\/image\/","url":"https:\/\/secure.gravatar.com\/avatar\/e2835a76ca7c31a2416b2d51c4ec9a8f?s=96&d=mm&r=g","contentUrl":"https:\/\/secure.gravatar.com\/avatar\/e2835a76ca7c31a2416b2d51c4ec9a8f?s=96&d=mm&r=g","caption":"M M"},"sameAs":["http:\/\/MM"],"url":"https:\/\/permbledhja.com\/sq\/author\/muhamet\/"}]}},"_links":{"self":[{"href":"https:\/\/permbledhja.com\/sq\/wp-json\/wp\/v2\/posts\/35014"}],"collection":[{"href":"https:\/\/permbledhja.com\/sq\/wp-json\/wp\/v2\/posts"}],"about":[{"href":"https:\/\/permbledhja.com\/sq\/wp-json\/wp\/v2\/types\/post"}],"author":[{"embeddable":true,"href":"https:\/\/permbledhja.com\/sq\/wp-json\/wp\/v2\/users\/2"}],"replies":[{"embeddable":true,"href":"https:\/\/permbledhja.com\/sq\/wp-json\/wp\/v2\/comments?post=35014"}],"version-history":[{"count":1,"href":"https:\/\/permbledhja.com\/sq\/wp-json\/wp\/v2\/posts\/35014\/revisions"}],"predecessor-version":[{"id":35016,"href":"https:\/\/permbledhja.com\/sq\/wp-json\/wp\/v2\/posts\/35014\/revisions\/35016"}],"wp:featuredmedia":[{"embeddable":true,"href":"https:\/\/permbledhja.com\/sq\/wp-json\/wp\/v2\/media\/35015"}],"wp:attachment":[{"href":"https:\/\/permbledhja.com\/sq\/wp-json\/wp\/v2\/media?parent=35014"}],"wp:term":[{"taxonomy":"category","embeddable":true,"href":"https:\/\/permbledhja.com\/sq\/wp-json\/wp\/v2\/categories?post=35014"},{"taxonomy":"post_tag","embeddable":true,"href":"https:\/\/permbledhja.com\/sq\/wp-json\/wp\/v2\/tags?post=35014"}],"curies":[{"name":"wp","href":"https:\/\/api.w.org\/{rel}","templated":true}]}}