{"id":34971,"date":"2023-11-06T20:43:47","date_gmt":"2023-11-06T20:43:47","guid":{"rendered":"https:\/\/permbledhja.com\/?p=34971"},"modified":"2023-11-06T20:43:47","modified_gmt":"2023-11-06T20:43:47","slug":"tahiri-eskalon-ndaj-kurtit-ska-luftu-per-liri-ska-guxim-e-se-kupton-sakrificen","status":"publish","type":"post","link":"https:\/\/permbledhja.com\/sq\/tahiri-eskalon-ndaj-kurtit-ska-luftu-per-liri-ska-guxim-e-se-kupton-sakrificen\/","title":{"rendered":"Tahiri eskalon ndaj Kurtit: S\u2019ka luftu p\u00ebr liri, s&#8217;ka guxim e s\u2019e kupton sakrific\u00ebn"},"content":{"rendered":"<h3><span data-contrast=\"auto\">Ish-kryenegociatorja e Kosov\u00ebs Edita Tahiri e ka cil\u00ebsuar kryeministrin Albin Kurti si ta pasinqert\u00eb n\u00eb raport me popullin sa i p\u00ebrket \u00e7\u00ebshtjes s\u00eb dialogut me Serbin\u00eb.<\/span><span data-ccp-props=\"{&quot;201341983&quot;:0,&quot;335559739&quot;:160,&quot;335559740&quot;:259}\">\u00a0<\/span><\/h3>\n<p><span data-contrast=\"auto\">Sipas saj, kryeministri Kurti i ka mbajtur t\u00eb fshehta t\u00eb gjitha dokumentet q\u00eb prej kur ka filluar t\u00eb merret me dialogun.<\/span><span data-ccp-props=\"{&quot;201341983&quot;:0,&quot;335559739&quot;:160,&quot;335559740&quot;:259}\">\u00a0<\/span><\/p>\n<p><span data-contrast=\"auto\"><em>\u201c\u00cbsht\u00eb fatkeq\u00ebsi q\u00eb Kurti prej krejt koh\u00ebs q\u00eb ka fillu dialogu, i ka mbajtur t\u00eb gjitha dokumentet t\u00eb fshehta, q\u00eb \u00ebsht\u00eb nj\u00eb pasinqeritet i tij ndaj popullit t\u00eb Kosov\u00ebs\u201d<\/em>, tha ajo.<\/span><span data-ccp-props=\"{&quot;201341983&quot;:0,&quot;335559739&quot;:160,&quot;335559740&quot;:259}\">\u00a0<\/span><\/p>\n<div id=\"porta-515736943\" class=\"porta-content_3\">\n<p><span data-contrast=\"auto\"><em>\u201cKurti duhet t\u00eb ket\u00eb parasysh q\u00eb populli i Kosov\u00ebs e ka paguar shtrenjt\u00eb k\u00ebt\u00eb pavar\u00ebsi dhe liri, prandaj sinqeriteti apo t\u00eb jet\u00eb i hapur me popullin \u00ebsht\u00eb minimumi, Por ai kurr\u00eb s\u2019ka luftu p\u00ebr liri e pavar\u00ebsi dhe s\u2019din at\u00eb q\u00eb e dim ne. At\u00eb guxim t\u00eb popullit, at\u00eb sakrific\u00eb, at\u00eb vet\u00ebflijim, prandaj kemi qen\u00eb t\u00eb hapur\u201d<\/em>, u shpreh ajo.<\/span><span data-ccp-props=\"{&quot;201341983&quot;:0,&quot;335559739&quot;:160,&quot;335559740&quot;:259}\">\u00a0<\/span><\/p>\n<p><span data-contrast=\"auto\"><em>\u201cE keqja \u00ebsht\u00eb q\u00eb varinati zyrtar nuk \u00ebsht\u00eb b\u00ebr\u00eb publik\u201d<\/em>, shtoi Tahiri n\u00eb lidhje me bisedimet Kosov\u00eb-Serbi.<\/span><span data-ccp-props=\"{&quot;201341983&quot;:0,&quot;335559739&quot;:160,&quot;335559740&quot;:259}\">\u00a0<\/span><\/p>\n<p><span data-contrast=\"auto\">Sipas saj, Kurti e solli Kosov\u00ebn \u201cn\u00eb dy gjunj\u00eb\u201d<\/span><span data-ccp-props=\"{&quot;201341983&quot;:0,&quot;335559739&quot;:160,&quot;335559740&quot;:259}\">\u00a0.<\/span><\/p>\n<\/div>\n","protected":false},"excerpt":{"rendered":"<p>Ish-kryenegociatorja e Kosov\u00ebs Edita Tahiri e ka cil\u00ebsuar kryeministrin Albin Kurti si ta pasinqert\u00eb n\u00eb raport me popullin sa i p\u00ebrket \u00e7\u00ebshtjes s\u00eb dialogut me Serbin\u00eb.\u00a0 Sipas saj, kryeministri Kurti i ka mbajtur t\u00eb fshehta t\u00eb gjitha dokumentet q\u00eb prej kur ka filluar t\u00eb merret me dialogun.\u00a0 \u201c\u00cbsht\u00eb fatkeq\u00ebsi q\u00eb Kurti prej krejt koh\u00ebs q\u00eb [&hellip;]<\/p>\n","protected":false},"author":1,"featured_media":34972,"comment_status":"closed","ping_status":"closed","sticky":false,"template":"","format":"standard","meta":{"_monsterinsights_skip_tracking":false,"_monsterinsights_sitenote_active":false,"_monsterinsights_sitenote_note":"","_monsterinsights_sitenote_category":0,"_uf_show_specific_survey":0,"_uf_disable_surveys":false,"footnotes":""},"categories":[23,15],"tags":[86,852],"yoast_head":"<!-- This site is optimized with the Yoast SEO plugin v21.5 - https:\/\/yoast.com\/wordpress\/plugins\/seo\/ -->\n<title>Tahiri eskalon ndaj Kurtit: S\u2019ka luftu p\u00ebr liri, s&#039;ka guxim e s\u2019e kupton sakrific\u00ebn<\/title>\n<meta name=\"robots\" content=\"index, follow, max-snippet:-1, max-image-preview:large, max-video-preview:-1\" \/>\n<link rel=\"canonical\" href=\"https:\/\/permbledhja.com\/sq\/tahiri-eskalon-ndaj-kurtit-ska-luftu-per-liri-ska-guxim-e-se-kupton-sakrificen\/\" \/>\n<meta property=\"og:locale\" content=\"sq_AL\" \/>\n<meta property=\"og:type\" content=\"article\" \/>\n<meta property=\"og:title\" content=\"Tahiri eskalon ndaj Kurtit: S\u2019ka luftu p\u00ebr liri, s&#039;ka guxim e s\u2019e kupton sakrific\u00ebn\" \/>\n<meta property=\"og:description\" content=\"Ish-kryenegociatorja e Kosov\u00ebs Edita Tahiri e ka cil\u00ebsuar kryeministrin Albin Kurti si ta pasinqert\u00eb n\u00eb raport me popullin sa i p\u00ebrket \u00e7\u00ebshtjes s\u00eb dialogut me Serbin\u00eb.\u00a0 Sipas saj, kryeministri Kurti i ka mbajtur t\u00eb fshehta t\u00eb gjitha dokumentet q\u00eb prej kur ka filluar t\u00eb merret me dialogun.\u00a0 \u201c\u00cbsht\u00eb fatkeq\u00ebsi q\u00eb Kurti prej krejt koh\u00ebs q\u00eb [&hellip;]\" \/>\n<meta property=\"og:url\" content=\"https:\/\/permbledhja.com\/sq\/tahiri-eskalon-ndaj-kurtit-ska-luftu-per-liri-ska-guxim-e-se-kupton-sakrificen\/\" \/>\n<meta property=\"og:site_name\" content=\"Ve\u00e7 artikuj p\u00ebrmbledh\u00ebs\" \/>\n<meta property=\"article:publisher\" content=\"https:\/\/www.facebook.com\/press07\/\" \/>\n<meta property=\"article:author\" content=\"https:\/\/www.facebook.com\/kafexhiu.muharrem\/\" \/>\n<meta property=\"article:published_time\" content=\"2023-11-06T20:43:47+00:00\" \/>\n<meta property=\"og:image\" content=\"https:\/\/permbledhja.com\/wp-content\/uploads\/2023\/11\/1640525868_kurtitahiri780x4391.jpg\" \/>\n\t<meta property=\"og:image:width\" content=\"780\" \/>\n\t<meta property=\"og:image:height\" content=\"440\" \/>\n\t<meta property=\"og:image:type\" content=\"image\/jpeg\" \/>\n<meta name=\"author\" content=\"P\u00ebrmbledhja\" \/>\n<meta name=\"twitter:card\" content=\"summary_large_image\" \/>\n<meta name=\"twitter:label1\" content=\"Written by\" \/>\n\t<meta name=\"twitter:data1\" content=\"P\u00ebrmbledhja\" \/>\n\t<meta name=\"twitter:label2\" content=\"Est. reading time\" \/>\n\t<meta name=\"twitter:data2\" content=\"1 minut\u00eb\" \/>\n<script type=\"application\/ld+json\" class=\"yoast-schema-graph\">{\"@context\":\"https:\/\/schema.org\",\"@graph\":[{\"@type\":\"Article\",\"@id\":\"https:\/\/permbledhja.com\/sq\/tahiri-eskalon-ndaj-kurtit-ska-luftu-per-liri-ska-guxim-e-se-kupton-sakrificen\/#article\",\"isPartOf\":{\"@id\":\"https:\/\/permbledhja.com\/sq\/tahiri-eskalon-ndaj-kurtit-ska-luftu-per-liri-ska-guxim-e-se-kupton-sakrificen\/\"},\"author\":{\"name\":\"P\u00ebrmbledhja\",\"@id\":\"https:\/\/permbledhja.com\/#\/schema\/person\/0d064377258d3221e50693947b9eb4fe\"},\"headline\":\"Tahiri eskalon ndaj Kurtit: S\u2019ka luftu p\u00ebr liri, s&#8217;ka guxim e s\u2019e kupton sakrific\u00ebn\",\"datePublished\":\"2023-11-06T20:43:47+00:00\",\"dateModified\":\"2023-11-06T20:43:47+00:00\",\"mainEntityOfPage\":{\"@id\":\"https:\/\/permbledhja.com\/sq\/tahiri-eskalon-ndaj-kurtit-ska-luftu-per-liri-ska-guxim-e-se-kupton-sakrificen\/\"},\"wordCount\":199,\"publisher\":{\"@id\":\"https:\/\/permbledhja.com\/#organization\"},\"keywords\":[\"Albin Kurti\",\"Edita Tahiri\"],\"articleSection\":[\"Komb\u00ebtare\",\"Lajme\"],\"inLanguage\":\"sq\"},{\"@type\":\"WebPage\",\"@id\":\"https:\/\/permbledhja.com\/sq\/tahiri-eskalon-ndaj-kurtit-ska-luftu-per-liri-ska-guxim-e-se-kupton-sakrificen\/\",\"url\":\"https:\/\/permbledhja.com\/sq\/tahiri-eskalon-ndaj-kurtit-ska-luftu-per-liri-ska-guxim-e-se-kupton-sakrificen\/\",\"name\":\"Tahiri eskalon ndaj Kurtit: S\u2019ka luftu p\u00ebr liri, s'ka guxim e s\u2019e kupton sakrific\u00ebn\",\"isPartOf\":{\"@id\":\"https:\/\/permbledhja.com\/#website\"},\"datePublished\":\"2023-11-06T20:43:47+00:00\",\"dateModified\":\"2023-11-06T20:43:47+00:00\",\"breadcrumb\":{\"@id\":\"https:\/\/permbledhja.com\/sq\/tahiri-eskalon-ndaj-kurtit-ska-luftu-per-liri-ska-guxim-e-se-kupton-sakrificen\/#breadcrumb\"},\"inLanguage\":\"sq\",\"potentialAction\":[{\"@type\":\"ReadAction\",\"target\":[\"https:\/\/permbledhja.com\/sq\/tahiri-eskalon-ndaj-kurtit-ska-luftu-per-liri-ska-guxim-e-se-kupton-sakrificen\/\"]}]},{\"@type\":\"BreadcrumbList\",\"@id\":\"https:\/\/permbledhja.com\/sq\/tahiri-eskalon-ndaj-kurtit-ska-luftu-per-liri-ska-guxim-e-se-kupton-sakrificen\/#breadcrumb\",\"itemListElement\":[{\"@type\":\"ListItem\",\"position\":1,\"name\":\"Ballina\",\"item\":\"https:\/\/permbledhja.com\/sq\/\"},{\"@type\":\"ListItem\",\"position\":2,\"name\":\"Tahiri eskalon ndaj Kurtit: S\u2019ka luftu p\u00ebr liri, s&#8217;ka guxim e s\u2019e kupton sakrific\u00ebn\"}]},{\"@type\":\"WebSite\",\"@id\":\"https:\/\/permbledhja.com\/#website\",\"url\":\"https:\/\/permbledhja.com\/\",\"name\":\"Ve\u00e7 artikuj p\u00ebrmbledh\u00ebs\",\"description\":\"\",\"publisher\":{\"@id\":\"https:\/\/permbledhja.com\/#organization\"},\"potentialAction\":[{\"@type\":\"SearchAction\",\"target\":{\"@type\":\"EntryPoint\",\"urlTemplate\":\"https:\/\/permbledhja.com\/?s={search_term_string}\"},\"query-input\":\"required name=search_term_string\"}],\"inLanguage\":\"sq\"},{\"@type\":\"Organization\",\"@id\":\"https:\/\/permbledhja.com\/#organization\",\"name\":\"MK Media & Pr\",\"url\":\"https:\/\/permbledhja.com\/\",\"logo\":{\"@type\":\"ImageObject\",\"inLanguage\":\"sq\",\"@id\":\"https:\/\/permbledhja.com\/#\/schema\/logo\/image\/\",\"url\":\"https:\/\/permbledhja.com\/wp-content\/uploads\/2021\/12\/07-Press-Logo.jpg\",\"contentUrl\":\"https:\/\/permbledhja.com\/wp-content\/uploads\/2021\/12\/07-Press-Logo.jpg\",\"width\":512,\"height\":512,\"caption\":\"MK Media & Pr\"},\"image\":{\"@id\":\"https:\/\/permbledhja.com\/#\/schema\/logo\/image\/\"},\"sameAs\":[\"https:\/\/www.facebook.com\/press07\/\"]},{\"@type\":\"Person\",\"@id\":\"https:\/\/permbledhja.com\/#\/schema\/person\/0d064377258d3221e50693947b9eb4fe\",\"name\":\"P\u00ebrmbledhja\",\"image\":{\"@type\":\"ImageObject\",\"inLanguage\":\"sq\",\"@id\":\"https:\/\/permbledhja.com\/#\/schema\/person\/image\/\",\"url\":\"https:\/\/permbledhja.com\/wp-content\/uploads\/2026\/01\/452004717_1040944174702970_8932037511805513407_n-96x96.jpg\",\"contentUrl\":\"https:\/\/permbledhja.com\/wp-content\/uploads\/2026\/01\/452004717_1040944174702970_8932037511805513407_n-96x96.jpg\",\"caption\":\"P\u00ebrmbledhja\"},\"sameAs\":[\"https:\/\/www.facebook.com\/kafexhiu.muharrem\/\",\"https:\/\/www.instagram.com\/muharrem_kafexhiu\/\"],\"url\":\"https:\/\/permbledhja.com\/sq\/author\/admin\/\"}]}<\/script>\n<!-- \/ Yoast SEO plugin. -->","yoast_head_json":{"title":"Tahiri eskalon ndaj Kurtit: S\u2019ka luftu p\u00ebr liri, s'ka guxim e s\u2019e kupton sakrific\u00ebn","robots":{"index":"index","follow":"follow","max-snippet":"max-snippet:-1","max-image-preview":"max-image-preview:large","max-video-preview":"max-video-preview:-1"},"canonical":"https:\/\/permbledhja.com\/sq\/tahiri-eskalon-ndaj-kurtit-ska-luftu-per-liri-ska-guxim-e-se-kupton-sakrificen\/","og_locale":"sq_AL","og_type":"article","og_title":"Tahiri eskalon ndaj Kurtit: S\u2019ka luftu p\u00ebr liri, s'ka guxim e s\u2019e kupton sakrific\u00ebn","og_description":"Ish-kryenegociatorja e Kosov\u00ebs Edita Tahiri e ka cil\u00ebsuar kryeministrin Albin Kurti si ta pasinqert\u00eb n\u00eb raport me popullin sa i p\u00ebrket \u00e7\u00ebshtjes s\u00eb dialogut me Serbin\u00eb.\u00a0 Sipas saj, kryeministri Kurti i ka mbajtur t\u00eb fshehta t\u00eb gjitha dokumentet q\u00eb prej kur ka filluar t\u00eb merret me dialogun.\u00a0 \u201c\u00cbsht\u00eb fatkeq\u00ebsi q\u00eb Kurti prej krejt koh\u00ebs q\u00eb [&hellip;]","og_url":"https:\/\/permbledhja.com\/sq\/tahiri-eskalon-ndaj-kurtit-ska-luftu-per-liri-ska-guxim-e-se-kupton-sakrificen\/","og_site_name":"Ve\u00e7 artikuj p\u00ebrmbledh\u00ebs","article_publisher":"https:\/\/www.facebook.com\/press07\/","article_author":"https:\/\/www.facebook.com\/kafexhiu.muharrem\/","article_published_time":"2023-11-06T20:43:47+00:00","og_image":[{"width":780,"height":440,"url":"https:\/\/permbledhja.com\/wp-content\/uploads\/2023\/11\/1640525868_kurtitahiri780x4391.jpg","type":"image\/jpeg"}],"author":"P\u00ebrmbledhja","twitter_card":"summary_large_image","twitter_misc":{"Written by":"P\u00ebrmbledhja","Est. reading time":"1 minut\u00eb"},"schema":{"@context":"https:\/\/schema.org","@graph":[{"@type":"Article","@id":"https:\/\/permbledhja.com\/sq\/tahiri-eskalon-ndaj-kurtit-ska-luftu-per-liri-ska-guxim-e-se-kupton-sakrificen\/#article","isPartOf":{"@id":"https:\/\/permbledhja.com\/sq\/tahiri-eskalon-ndaj-kurtit-ska-luftu-per-liri-ska-guxim-e-se-kupton-sakrificen\/"},"author":{"name":"P\u00ebrmbledhja","@id":"https:\/\/permbledhja.com\/#\/schema\/person\/0d064377258d3221e50693947b9eb4fe"},"headline":"Tahiri eskalon ndaj Kurtit: S\u2019ka luftu p\u00ebr liri, s&#8217;ka guxim e s\u2019e kupton sakrific\u00ebn","datePublished":"2023-11-06T20:43:47+00:00","dateModified":"2023-11-06T20:43:47+00:00","mainEntityOfPage":{"@id":"https:\/\/permbledhja.com\/sq\/tahiri-eskalon-ndaj-kurtit-ska-luftu-per-liri-ska-guxim-e-se-kupton-sakrificen\/"},"wordCount":199,"publisher":{"@id":"https:\/\/permbledhja.com\/#organization"},"keywords":["Albin Kurti","Edita Tahiri"],"articleSection":["Komb\u00ebtare","Lajme"],"inLanguage":"sq"},{"@type":"WebPage","@id":"https:\/\/permbledhja.com\/sq\/tahiri-eskalon-ndaj-kurtit-ska-luftu-per-liri-ska-guxim-e-se-kupton-sakrificen\/","url":"https:\/\/permbledhja.com\/sq\/tahiri-eskalon-ndaj-kurtit-ska-luftu-per-liri-ska-guxim-e-se-kupton-sakrificen\/","name":"Tahiri eskalon ndaj Kurtit: S\u2019ka luftu p\u00ebr liri, s'ka guxim e s\u2019e kupton sakrific\u00ebn","isPartOf":{"@id":"https:\/\/permbledhja.com\/#website"},"datePublished":"2023-11-06T20:43:47+00:00","dateModified":"2023-11-06T20:43:47+00:00","breadcrumb":{"@id":"https:\/\/permbledhja.com\/sq\/tahiri-eskalon-ndaj-kurtit-ska-luftu-per-liri-ska-guxim-e-se-kupton-sakrificen\/#breadcrumb"},"inLanguage":"sq","potentialAction":[{"@type":"ReadAction","target":["https:\/\/permbledhja.com\/sq\/tahiri-eskalon-ndaj-kurtit-ska-luftu-per-liri-ska-guxim-e-se-kupton-sakrificen\/"]}]},{"@type":"BreadcrumbList","@id":"https:\/\/permbledhja.com\/sq\/tahiri-eskalon-ndaj-kurtit-ska-luftu-per-liri-ska-guxim-e-se-kupton-sakrificen\/#breadcrumb","itemListElement":[{"@type":"ListItem","position":1,"name":"Ballina","item":"https:\/\/permbledhja.com\/sq\/"},{"@type":"ListItem","position":2,"name":"Tahiri eskalon ndaj Kurtit: S\u2019ka luftu p\u00ebr liri, s&#8217;ka guxim e s\u2019e kupton sakrific\u00ebn"}]},{"@type":"WebSite","@id":"https:\/\/permbledhja.com\/#website","url":"https:\/\/permbledhja.com\/","name":"Ve\u00e7 artikuj p\u00ebrmbledh\u00ebs","description":"","publisher":{"@id":"https:\/\/permbledhja.com\/#organization"},"potentialAction":[{"@type":"SearchAction","target":{"@type":"EntryPoint","urlTemplate":"https:\/\/permbledhja.com\/?s={search_term_string}"},"query-input":"required name=search_term_string"}],"inLanguage":"sq"},{"@type":"Organization","@id":"https:\/\/permbledhja.com\/#organization","name":"MK Media & Pr","url":"https:\/\/permbledhja.com\/","logo":{"@type":"ImageObject","inLanguage":"sq","@id":"https:\/\/permbledhja.com\/#\/schema\/logo\/image\/","url":"https:\/\/permbledhja.com\/wp-content\/uploads\/2021\/12\/07-Press-Logo.jpg","contentUrl":"https:\/\/permbledhja.com\/wp-content\/uploads\/2021\/12\/07-Press-Logo.jpg","width":512,"height":512,"caption":"MK Media & Pr"},"image":{"@id":"https:\/\/permbledhja.com\/#\/schema\/logo\/image\/"},"sameAs":["https:\/\/www.facebook.com\/press07\/"]},{"@type":"Person","@id":"https:\/\/permbledhja.com\/#\/schema\/person\/0d064377258d3221e50693947b9eb4fe","name":"P\u00ebrmbledhja","image":{"@type":"ImageObject","inLanguage":"sq","@id":"https:\/\/permbledhja.com\/#\/schema\/person\/image\/","url":"https:\/\/permbledhja.com\/wp-content\/uploads\/2026\/01\/452004717_1040944174702970_8932037511805513407_n-96x96.jpg","contentUrl":"https:\/\/permbledhja.com\/wp-content\/uploads\/2026\/01\/452004717_1040944174702970_8932037511805513407_n-96x96.jpg","caption":"P\u00ebrmbledhja"},"sameAs":["https:\/\/www.facebook.com\/kafexhiu.muharrem\/","https:\/\/www.instagram.com\/muharrem_kafexhiu\/"],"url":"https:\/\/permbledhja.com\/sq\/author\/admin\/"}]}},"_links":{"self":[{"href":"https:\/\/permbledhja.com\/sq\/wp-json\/wp\/v2\/posts\/34971"}],"collection":[{"href":"https:\/\/permbledhja.com\/sq\/wp-json\/wp\/v2\/posts"}],"about":[{"href":"https:\/\/permbledhja.com\/sq\/wp-json\/wp\/v2\/types\/post"}],"author":[{"embeddable":true,"href":"https:\/\/permbledhja.com\/sq\/wp-json\/wp\/v2\/users\/1"}],"replies":[{"embeddable":true,"href":"https:\/\/permbledhja.com\/sq\/wp-json\/wp\/v2\/comments?post=34971"}],"version-history":[{"count":1,"href":"https:\/\/permbledhja.com\/sq\/wp-json\/wp\/v2\/posts\/34971\/revisions"}],"predecessor-version":[{"id":34973,"href":"https:\/\/permbledhja.com\/sq\/wp-json\/wp\/v2\/posts\/34971\/revisions\/34973"}],"wp:featuredmedia":[{"embeddable":true,"href":"https:\/\/permbledhja.com\/sq\/wp-json\/wp\/v2\/media\/34972"}],"wp:attachment":[{"href":"https:\/\/permbledhja.com\/sq\/wp-json\/wp\/v2\/media?parent=34971"}],"wp:term":[{"taxonomy":"category","embeddable":true,"href":"https:\/\/permbledhja.com\/sq\/wp-json\/wp\/v2\/categories?post=34971"},{"taxonomy":"post_tag","embeddable":true,"href":"https:\/\/permbledhja.com\/sq\/wp-json\/wp\/v2\/tags?post=34971"}],"curies":[{"name":"wp","href":"https:\/\/api.w.org\/{rel}","templated":true}]}}