{"id":34911,"date":"2023-11-06T13:21:43","date_gmt":"2023-11-06T13:21:43","guid":{"rendered":"https:\/\/permbledhja.com\/?p=34911"},"modified":"2023-11-06T13:21:43","modified_gmt":"2023-11-06T13:21:43","slug":"zyra-e-bashkimit-evropian-e-konfirmon-viziten-dyditeshe-te-lajcakut-ne-kosove","status":"publish","type":"post","link":"https:\/\/permbledhja.com\/sq\/zyra-e-bashkimit-evropian-e-konfirmon-viziten-dyditeshe-te-lajcakut-ne-kosove\/","title":{"rendered":"Zyra e Bashkimit Evropian e konfirmon vizit\u00ebn dydit\u00ebshe t\u00eb Laj\u00e7akut n\u00eb Kosov\u00eb"},"content":{"rendered":"<h3>I d\u00ebrguari i posa\u00e7\u00ebm i Bashkimit Evropian (BE) p\u00ebr dialog mes Kosov\u00ebs dhe Serbis\u00eb, Mirosllav Laj\u00e7ak, do t\u00eb mb\u00ebrrij\u00eb n\u00eb Prishtin\u00eb sot p\u00ebr nj\u00eb vizit\u00eb dyditore p\u00ebr t\u2019u takuar me lider\u00ebt kosovar\u00eb p\u00ebr t\u00eb biseduar p\u00ebr draft-statutin e Asociacionit t\u00eb komunave me shumic\u00eb serbe dhe \u00e7\u00ebshtje t\u00eb tjera.<\/h3>\n<p>Lajmi u konfirmua nga Ioanna Lachana, z\u00ebdh\u00ebn\u00ebsja e Zyr\u00ebs s\u00eb BE-s\u00eb n\u00eb Prishtin\u00eb.<\/p>\n<p>Laj\u00e7aku do t\u00eb takohet me kryeministrin e Kosov\u00ebs, Albin Kurti, z\u00ebvend\u00ebskryeministrin e par\u00eb, Besnik Bislimi, si dhe me p\u00ebrfaq\u00ebsuesit e opozit\u00ebs n\u00eb Kosov\u00eb.<\/p>\n<p>Emisari i BE-s\u00eb vjen n\u00eb Prishtin\u00eb rreth dhjet\u00eb dit\u00eb pas takimeve t\u00eb fundit n\u00eb Bruksel m\u00eb 26 tetor, ku Kurti dhe presidenti i Serbis\u00eb, Aleksandar Vu\u00e7iq, u takuan ndaras me lider\u00ebt e Gjermanis\u00eb, Franc\u00ebs dhe Italis\u00eb, si dhe zyrtar\u00eb t\u00eb tjer\u00eb t\u00eb BE-s\u00eb.<\/p>\n<p>Para atyre takimeve, pes\u00eb emisar\u00ebt per\u00ebndimor\u00eb n\u00eb krye me Laj\u00e7akun vizituan Prishtin\u00ebn dhe Beogradin m\u00eb 21 tetor, ku ua prezantuan Kosov\u00ebs dhe Serbis\u00eb nj\u00eb draft-statut p\u00ebr Asociacionin, p\u00ebr t\u00eb cilin thon\u00eb se \u00ebsht\u00eb model modern evropian, por p\u00ebrmbajtja e t\u00eb cilit nuk \u00ebsht\u00eb b\u00ebr\u00eb e ditur deri m\u00eb sot.<\/p>\n<p>Kurti ka th\u00ebn\u00eb se \u00ebsht\u00eb i gatsh\u00ebm t\u00eb pranoj\u00eb dhe t\u00eb n\u00ebnshkruaj\u00eb draft-statutin p\u00ebr themelimin e Asociacionit, nd\u00ebrsa presidenti serb Vu\u00e7iq e ka b\u00ebr\u00eb t\u00eb qart\u00eb se nuk do t\u00eb pranoj\u00eb asgj\u00eb q\u00eb n\u00ebnkupton njohjen de fakto t\u00eb Kosov\u00ebs.<\/p>\n","protected":false},"excerpt":{"rendered":"<p>I d\u00ebrguari i posa\u00e7\u00ebm i Bashkimit Evropian (BE) p\u00ebr dialog mes Kosov\u00ebs dhe Serbis\u00eb, Mirosllav Laj\u00e7ak, do t\u00eb mb\u00ebrrij\u00eb n\u00eb Prishtin\u00eb sot p\u00ebr nj\u00eb vizit\u00eb dyditore p\u00ebr t\u2019u takuar me lider\u00ebt kosovar\u00eb p\u00ebr t\u00eb biseduar p\u00ebr draft-statutin e Asociacionit t\u00eb komunave me shumic\u00eb serbe dhe \u00e7\u00ebshtje t\u00eb tjera. Lajmi u konfirmua nga Ioanna Lachana, z\u00ebdh\u00ebn\u00ebsja [&hellip;]<\/p>\n","protected":false},"author":2,"featured_media":34912,"comment_status":"closed","ping_status":"closed","sticky":false,"template":"","format":"standard","meta":{"_monsterinsights_skip_tracking":false,"_monsterinsights_sitenote_active":false,"_monsterinsights_sitenote_note":"","_monsterinsights_sitenote_category":0,"_uf_show_specific_survey":0,"_uf_disable_surveys":false,"footnotes":""},"categories":[1146,15],"tags":[1354],"yoast_head":"<!-- This site is optimized with the Yoast SEO plugin v21.5 - https:\/\/yoast.com\/wordpress\/plugins\/seo\/ -->\n<title>Zyra e Bashkimit Evropian e konfirmon vizit\u00ebn dydit\u00ebshe t\u00eb Laj\u00e7akut n\u00eb Kosov\u00eb<\/title>\n<meta name=\"robots\" content=\"index, follow, max-snippet:-1, max-image-preview:large, max-video-preview:-1\" \/>\n<link rel=\"canonical\" href=\"https:\/\/permbledhja.com\/sq\/zyra-e-bashkimit-evropian-e-konfirmon-viziten-dyditeshe-te-lajcakut-ne-kosove\/\" \/>\n<meta property=\"og:locale\" content=\"sq_AL\" \/>\n<meta property=\"og:type\" content=\"article\" \/>\n<meta property=\"og:title\" content=\"Zyra e Bashkimit Evropian e konfirmon vizit\u00ebn dydit\u00ebshe t\u00eb Laj\u00e7akut n\u00eb Kosov\u00eb\" \/>\n<meta property=\"og:description\" content=\"I d\u00ebrguari i posa\u00e7\u00ebm i Bashkimit Evropian (BE) p\u00ebr dialog mes Kosov\u00ebs dhe Serbis\u00eb, Mirosllav Laj\u00e7ak, do t\u00eb mb\u00ebrrij\u00eb n\u00eb Prishtin\u00eb sot p\u00ebr nj\u00eb vizit\u00eb dyditore p\u00ebr t\u2019u takuar me lider\u00ebt kosovar\u00eb p\u00ebr t\u00eb biseduar p\u00ebr draft-statutin e Asociacionit t\u00eb komunave me shumic\u00eb serbe dhe \u00e7\u00ebshtje t\u00eb tjera. Lajmi u konfirmua nga Ioanna Lachana, z\u00ebdh\u00ebn\u00ebsja [&hellip;]\" \/>\n<meta property=\"og:url\" content=\"https:\/\/permbledhja.com\/sq\/zyra-e-bashkimit-evropian-e-konfirmon-viziten-dyditeshe-te-lajcakut-ne-kosove\/\" \/>\n<meta property=\"og:site_name\" content=\"Ve\u00e7 artikuj p\u00ebrmbledh\u00ebs\" \/>\n<meta property=\"article:publisher\" content=\"https:\/\/www.facebook.com\/press07\/\" \/>\n<meta property=\"article:published_time\" content=\"2023-11-06T13:21:43+00:00\" \/>\n<meta property=\"og:image\" content=\"https:\/\/permbledhja.com\/wp-content\/uploads\/2023\/11\/frgee4g3egfggg.jpg\" \/>\n\t<meta property=\"og:image:width\" content=\"1282\" \/>\n\t<meta property=\"og:image:height\" content=\"803\" \/>\n\t<meta property=\"og:image:type\" content=\"image\/jpeg\" \/>\n<meta name=\"author\" content=\"M M\" \/>\n<meta name=\"twitter:card\" content=\"summary_large_image\" \/>\n<meta name=\"twitter:label1\" content=\"Written by\" \/>\n\t<meta name=\"twitter:data1\" content=\"M M\" \/>\n\t<meta name=\"twitter:label2\" content=\"Est. reading time\" \/>\n\t<meta name=\"twitter:data2\" content=\"1 minut\u00eb\" \/>\n<script type=\"application\/ld+json\" class=\"yoast-schema-graph\">{\"@context\":\"https:\/\/schema.org\",\"@graph\":[{\"@type\":\"Article\",\"@id\":\"https:\/\/permbledhja.com\/zyra-e-bashkimit-evropian-e-konfirmon-viziten-dyditeshe-te-lajcakut-ne-kosove\/#article\",\"isPartOf\":{\"@id\":\"https:\/\/permbledhja.com\/zyra-e-bashkimit-evropian-e-konfirmon-viziten-dyditeshe-te-lajcakut-ne-kosove\/\"},\"author\":{\"name\":\"M M\",\"@id\":\"https:\/\/permbledhja.com\/#\/schema\/person\/d23f13f59b5722643933d6780783acf3\"},\"headline\":\"Zyra e Bashkimit Evropian e konfirmon vizit\u00ebn dydit\u00ebshe t\u00eb Laj\u00e7akut n\u00eb Kosov\u00eb\",\"datePublished\":\"2023-11-06T13:21:43+00:00\",\"dateModified\":\"2023-11-06T13:21:43+00:00\",\"mainEntityOfPage\":{\"@id\":\"https:\/\/permbledhja.com\/zyra-e-bashkimit-evropian-e-konfirmon-viziten-dyditeshe-te-lajcakut-ne-kosove\/\"},\"wordCount\":272,\"publisher\":{\"@id\":\"https:\/\/permbledhja.com\/#organization\"},\"keywords\":[\"Miroslav Laj\u00e7ak\"],\"articleSection\":[\"Kryesoret\",\"Lajme\"],\"inLanguage\":\"sq\"},{\"@type\":\"WebPage\",\"@id\":\"https:\/\/permbledhja.com\/zyra-e-bashkimit-evropian-e-konfirmon-viziten-dyditeshe-te-lajcakut-ne-kosove\/\",\"url\":\"https:\/\/permbledhja.com\/zyra-e-bashkimit-evropian-e-konfirmon-viziten-dyditeshe-te-lajcakut-ne-kosove\/\",\"name\":\"Zyra e Bashkimit Evropian e konfirmon vizit\u00ebn dydit\u00ebshe t\u00eb Laj\u00e7akut n\u00eb Kosov\u00eb\",\"isPartOf\":{\"@id\":\"https:\/\/permbledhja.com\/#website\"},\"datePublished\":\"2023-11-06T13:21:43+00:00\",\"dateModified\":\"2023-11-06T13:21:43+00:00\",\"breadcrumb\":{\"@id\":\"https:\/\/permbledhja.com\/zyra-e-bashkimit-evropian-e-konfirmon-viziten-dyditeshe-te-lajcakut-ne-kosove\/#breadcrumb\"},\"inLanguage\":\"sq\",\"potentialAction\":[{\"@type\":\"ReadAction\",\"target\":[\"https:\/\/permbledhja.com\/zyra-e-bashkimit-evropian-e-konfirmon-viziten-dyditeshe-te-lajcakut-ne-kosove\/\"]}]},{\"@type\":\"BreadcrumbList\",\"@id\":\"https:\/\/permbledhja.com\/zyra-e-bashkimit-evropian-e-konfirmon-viziten-dyditeshe-te-lajcakut-ne-kosove\/#breadcrumb\",\"itemListElement\":[{\"@type\":\"ListItem\",\"position\":1,\"name\":\"Ballina\",\"item\":\"https:\/\/permbledhja.com\/sq\/\"},{\"@type\":\"ListItem\",\"position\":2,\"name\":\"Zyra e Bashkimit Evropian e konfirmon vizit\u00ebn dydit\u00ebshe t\u00eb Laj\u00e7akut n\u00eb Kosov\u00eb\"}]},{\"@type\":\"WebSite\",\"@id\":\"https:\/\/permbledhja.com\/#website\",\"url\":\"https:\/\/permbledhja.com\/\",\"name\":\"Ve\u00e7 artikuj p\u00ebrmbledh\u00ebs\",\"description\":\"\",\"publisher\":{\"@id\":\"https:\/\/permbledhja.com\/#organization\"},\"potentialAction\":[{\"@type\":\"SearchAction\",\"target\":{\"@type\":\"EntryPoint\",\"urlTemplate\":\"https:\/\/permbledhja.com\/?s={search_term_string}\"},\"query-input\":\"required name=search_term_string\"}],\"inLanguage\":\"sq\"},{\"@type\":\"Organization\",\"@id\":\"https:\/\/permbledhja.com\/#organization\",\"name\":\"MK Media & Pr\",\"url\":\"https:\/\/permbledhja.com\/\",\"logo\":{\"@type\":\"ImageObject\",\"inLanguage\":\"sq\",\"@id\":\"https:\/\/permbledhja.com\/#\/schema\/logo\/image\/\",\"url\":\"https:\/\/permbledhja.com\/wp-content\/uploads\/2021\/12\/07-Press-Logo.jpg\",\"contentUrl\":\"https:\/\/permbledhja.com\/wp-content\/uploads\/2021\/12\/07-Press-Logo.jpg\",\"width\":512,\"height\":512,\"caption\":\"MK Media & Pr\"},\"image\":{\"@id\":\"https:\/\/permbledhja.com\/#\/schema\/logo\/image\/\"},\"sameAs\":[\"https:\/\/www.facebook.com\/press07\/\"]},{\"@type\":\"Person\",\"@id\":\"https:\/\/permbledhja.com\/#\/schema\/person\/d23f13f59b5722643933d6780783acf3\",\"name\":\"M M\",\"image\":{\"@type\":\"ImageObject\",\"inLanguage\":\"sq\",\"@id\":\"https:\/\/permbledhja.com\/#\/schema\/person\/image\/\",\"url\":\"https:\/\/secure.gravatar.com\/avatar\/e2835a76ca7c31a2416b2d51c4ec9a8f?s=96&d=mm&r=g\",\"contentUrl\":\"https:\/\/secure.gravatar.com\/avatar\/e2835a76ca7c31a2416b2d51c4ec9a8f?s=96&d=mm&r=g\",\"caption\":\"M M\"},\"sameAs\":[\"http:\/\/MM\"],\"url\":\"https:\/\/permbledhja.com\/sq\/author\/muhamet\/\"}]}<\/script>\n<!-- \/ Yoast SEO plugin. -->","yoast_head_json":{"title":"Zyra e Bashkimit Evropian e konfirmon vizit\u00ebn dydit\u00ebshe t\u00eb Laj\u00e7akut n\u00eb Kosov\u00eb","robots":{"index":"index","follow":"follow","max-snippet":"max-snippet:-1","max-image-preview":"max-image-preview:large","max-video-preview":"max-video-preview:-1"},"canonical":"https:\/\/permbledhja.com\/sq\/zyra-e-bashkimit-evropian-e-konfirmon-viziten-dyditeshe-te-lajcakut-ne-kosove\/","og_locale":"sq_AL","og_type":"article","og_title":"Zyra e Bashkimit Evropian e konfirmon vizit\u00ebn dydit\u00ebshe t\u00eb Laj\u00e7akut n\u00eb Kosov\u00eb","og_description":"I d\u00ebrguari i posa\u00e7\u00ebm i Bashkimit Evropian (BE) p\u00ebr dialog mes Kosov\u00ebs dhe Serbis\u00eb, Mirosllav Laj\u00e7ak, do t\u00eb mb\u00ebrrij\u00eb n\u00eb Prishtin\u00eb sot p\u00ebr nj\u00eb vizit\u00eb dyditore p\u00ebr t\u2019u takuar me lider\u00ebt kosovar\u00eb p\u00ebr t\u00eb biseduar p\u00ebr draft-statutin e Asociacionit t\u00eb komunave me shumic\u00eb serbe dhe \u00e7\u00ebshtje t\u00eb tjera. Lajmi u konfirmua nga Ioanna Lachana, z\u00ebdh\u00ebn\u00ebsja [&hellip;]","og_url":"https:\/\/permbledhja.com\/sq\/zyra-e-bashkimit-evropian-e-konfirmon-viziten-dyditeshe-te-lajcakut-ne-kosove\/","og_site_name":"Ve\u00e7 artikuj p\u00ebrmbledh\u00ebs","article_publisher":"https:\/\/www.facebook.com\/press07\/","article_published_time":"2023-11-06T13:21:43+00:00","og_image":[{"width":1282,"height":803,"url":"https:\/\/permbledhja.com\/wp-content\/uploads\/2023\/11\/frgee4g3egfggg.jpg","type":"image\/jpeg"}],"author":"M M","twitter_card":"summary_large_image","twitter_misc":{"Written by":"M M","Est. reading time":"1 minut\u00eb"},"schema":{"@context":"https:\/\/schema.org","@graph":[{"@type":"Article","@id":"https:\/\/permbledhja.com\/zyra-e-bashkimit-evropian-e-konfirmon-viziten-dyditeshe-te-lajcakut-ne-kosove\/#article","isPartOf":{"@id":"https:\/\/permbledhja.com\/zyra-e-bashkimit-evropian-e-konfirmon-viziten-dyditeshe-te-lajcakut-ne-kosove\/"},"author":{"name":"M M","@id":"https:\/\/permbledhja.com\/#\/schema\/person\/d23f13f59b5722643933d6780783acf3"},"headline":"Zyra e Bashkimit Evropian e konfirmon vizit\u00ebn dydit\u00ebshe t\u00eb Laj\u00e7akut n\u00eb Kosov\u00eb","datePublished":"2023-11-06T13:21:43+00:00","dateModified":"2023-11-06T13:21:43+00:00","mainEntityOfPage":{"@id":"https:\/\/permbledhja.com\/zyra-e-bashkimit-evropian-e-konfirmon-viziten-dyditeshe-te-lajcakut-ne-kosove\/"},"wordCount":272,"publisher":{"@id":"https:\/\/permbledhja.com\/#organization"},"keywords":["Miroslav Laj\u00e7ak"],"articleSection":["Kryesoret","Lajme"],"inLanguage":"sq"},{"@type":"WebPage","@id":"https:\/\/permbledhja.com\/zyra-e-bashkimit-evropian-e-konfirmon-viziten-dyditeshe-te-lajcakut-ne-kosove\/","url":"https:\/\/permbledhja.com\/zyra-e-bashkimit-evropian-e-konfirmon-viziten-dyditeshe-te-lajcakut-ne-kosove\/","name":"Zyra e Bashkimit Evropian e konfirmon vizit\u00ebn dydit\u00ebshe t\u00eb Laj\u00e7akut n\u00eb Kosov\u00eb","isPartOf":{"@id":"https:\/\/permbledhja.com\/#website"},"datePublished":"2023-11-06T13:21:43+00:00","dateModified":"2023-11-06T13:21:43+00:00","breadcrumb":{"@id":"https:\/\/permbledhja.com\/zyra-e-bashkimit-evropian-e-konfirmon-viziten-dyditeshe-te-lajcakut-ne-kosove\/#breadcrumb"},"inLanguage":"sq","potentialAction":[{"@type":"ReadAction","target":["https:\/\/permbledhja.com\/zyra-e-bashkimit-evropian-e-konfirmon-viziten-dyditeshe-te-lajcakut-ne-kosove\/"]}]},{"@type":"BreadcrumbList","@id":"https:\/\/permbledhja.com\/zyra-e-bashkimit-evropian-e-konfirmon-viziten-dyditeshe-te-lajcakut-ne-kosove\/#breadcrumb","itemListElement":[{"@type":"ListItem","position":1,"name":"Ballina","item":"https:\/\/permbledhja.com\/sq\/"},{"@type":"ListItem","position":2,"name":"Zyra e Bashkimit Evropian e konfirmon vizit\u00ebn dydit\u00ebshe t\u00eb Laj\u00e7akut n\u00eb Kosov\u00eb"}]},{"@type":"WebSite","@id":"https:\/\/permbledhja.com\/#website","url":"https:\/\/permbledhja.com\/","name":"Ve\u00e7 artikuj p\u00ebrmbledh\u00ebs","description":"","publisher":{"@id":"https:\/\/permbledhja.com\/#organization"},"potentialAction":[{"@type":"SearchAction","target":{"@type":"EntryPoint","urlTemplate":"https:\/\/permbledhja.com\/?s={search_term_string}"},"query-input":"required name=search_term_string"}],"inLanguage":"sq"},{"@type":"Organization","@id":"https:\/\/permbledhja.com\/#organization","name":"MK Media & Pr","url":"https:\/\/permbledhja.com\/","logo":{"@type":"ImageObject","inLanguage":"sq","@id":"https:\/\/permbledhja.com\/#\/schema\/logo\/image\/","url":"https:\/\/permbledhja.com\/wp-content\/uploads\/2021\/12\/07-Press-Logo.jpg","contentUrl":"https:\/\/permbledhja.com\/wp-content\/uploads\/2021\/12\/07-Press-Logo.jpg","width":512,"height":512,"caption":"MK Media & Pr"},"image":{"@id":"https:\/\/permbledhja.com\/#\/schema\/logo\/image\/"},"sameAs":["https:\/\/www.facebook.com\/press07\/"]},{"@type":"Person","@id":"https:\/\/permbledhja.com\/#\/schema\/person\/d23f13f59b5722643933d6780783acf3","name":"M M","image":{"@type":"ImageObject","inLanguage":"sq","@id":"https:\/\/permbledhja.com\/#\/schema\/person\/image\/","url":"https:\/\/secure.gravatar.com\/avatar\/e2835a76ca7c31a2416b2d51c4ec9a8f?s=96&d=mm&r=g","contentUrl":"https:\/\/secure.gravatar.com\/avatar\/e2835a76ca7c31a2416b2d51c4ec9a8f?s=96&d=mm&r=g","caption":"M M"},"sameAs":["http:\/\/MM"],"url":"https:\/\/permbledhja.com\/sq\/author\/muhamet\/"}]}},"_links":{"self":[{"href":"https:\/\/permbledhja.com\/sq\/wp-json\/wp\/v2\/posts\/34911"}],"collection":[{"href":"https:\/\/permbledhja.com\/sq\/wp-json\/wp\/v2\/posts"}],"about":[{"href":"https:\/\/permbledhja.com\/sq\/wp-json\/wp\/v2\/types\/post"}],"author":[{"embeddable":true,"href":"https:\/\/permbledhja.com\/sq\/wp-json\/wp\/v2\/users\/2"}],"replies":[{"embeddable":true,"href":"https:\/\/permbledhja.com\/sq\/wp-json\/wp\/v2\/comments?post=34911"}],"version-history":[{"count":1,"href":"https:\/\/permbledhja.com\/sq\/wp-json\/wp\/v2\/posts\/34911\/revisions"}],"predecessor-version":[{"id":34913,"href":"https:\/\/permbledhja.com\/sq\/wp-json\/wp\/v2\/posts\/34911\/revisions\/34913"}],"wp:featuredmedia":[{"embeddable":true,"href":"https:\/\/permbledhja.com\/sq\/wp-json\/wp\/v2\/media\/34912"}],"wp:attachment":[{"href":"https:\/\/permbledhja.com\/sq\/wp-json\/wp\/v2\/media?parent=34911"}],"wp:term":[{"taxonomy":"category","embeddable":true,"href":"https:\/\/permbledhja.com\/sq\/wp-json\/wp\/v2\/categories?post=34911"},{"taxonomy":"post_tag","embeddable":true,"href":"https:\/\/permbledhja.com\/sq\/wp-json\/wp\/v2\/tags?post=34911"}],"curies":[{"name":"wp","href":"https:\/\/api.w.org\/{rel}","templated":true}]}}