{"id":34760,"date":"2023-11-05T13:29:41","date_gmt":"2023-11-05T13:29:41","guid":{"rendered":"https:\/\/permbledhja.com\/?p=34760"},"modified":"2023-11-05T13:29:41","modified_gmt":"2023-11-05T13:29:41","slug":"avokati-i-thacit-do-te-perpiqem-ta-nxjerre-shpejt-provat-e-prokurorise-sjane-te-fuqishme","status":"publish","type":"post","link":"https:\/\/permbledhja.com\/sq\/avokati-i-thacit-do-te-perpiqem-ta-nxjerre-shpejt-provat-e-prokurorise-sjane-te-fuqishme\/","title":{"rendered":"Avokati i Tha\u00e7it: Do t\u00eb p\u00ebrpiqem ta nxjerr\u00eb shpejt, provat e Prokuroris\u00eb s\u2019jan\u00eb t\u00eb fuqishme"},"content":{"rendered":"<h3>Gregory Keohe, avokati kryesor i ish-presidentit Hashim Tha\u00e7i, thot\u00eb se do t\u00eb p\u00ebrpiqet ta liroj\u00eb klientin e tij sapo Prokuroria t\u00eb p\u00ebrfundoj\u00eb pjes\u00ebn e saj t\u00eb paraqitjes s\u00eb provave n\u00eb gjykim.<\/h3>\n<p>Keohe tha se provat e Prokuroris\u00eb jan\u00eb t\u00eb pafuqishme.<\/p>\n<p>\u201cMendoj se do t\u00eb p\u00ebrpiqem ta nxjerr\u00eb Presidentin sapo Prokuoria ta p\u00ebrfundoj\u00eb parqitjen e provave dhe shpresoj q\u00eb ta fitoj mocionin, t\u00eb mos kemi p\u00ebr \u00e7far\u00eb t\u00eb p\u00ebrgjigjemi. Deri tash nuk shoh ndonj\u00eb fuqi n\u00eb provat q\u00eb ka Prokuroria, e q\u00eb nd\u00ebrlidhen me presidentin Tha\u00e7i\u201d, tha avokati p\u00ebr Nacionalen.<\/p>\n<p>Keohe tha se \u00ebsht\u00eb e v\u00ebshtir\u00eb t\u00eb flitet se sa do t\u00eb zgjasin hetimet e mbrojtjes.<\/p>\n<p>\u201cPor n\u00ebse duhet t\u00eb vazhdojm\u00eb me mbrojtjen, duhet ta parqesim rastin. Megjithat\u00eb, e v\u00ebshtir\u00eb t\u00eb flitet n\u00eb k\u00ebt\u00eb faz\u00eb. Po p\u00ebrmbahem sepse n\u00eb qoft\u00eb se ju jap nj\u00eb afat kohor, v\u00ebrtet\u00eb nuk e di se \u00e7far\u00eb do t\u00eb sjell\u00eb Prokuroria q\u00eb t\u00eb p\u00ebrgjigjem, por n\u00ebse do t\u00eb jemi t\u00eb detyruar t\u2019i parqesim provat tona\u201d, tha ai.<\/p>\n<p>Avokati p\u00ebrmendi nj\u00eb \u201cval\u00eb t\u00eb d\u00ebshmitar\u00ebve nd\u00ebrkomb\u00ebtar\u00eb\u201d q\u00eb tha se do t\u00eb d\u00ebshmojn\u00eb n\u00eb favor t\u00eb Tha\u00e7it gjat\u00eb gjykimit.<\/p>\n<p>\u201cKemi nj\u00eb val\u00eb t\u00eb d\u00ebshmitar\u00ebve nd\u00ebrkomb\u00ebtar\u00eb q\u00eb do t\u00eb flasin p\u00ebr presidentin Tha\u00e7i. Do t\u00eb d\u00ebshmojn\u00eb p\u00ebr faktin se presidenti Tha\u00e7i, ve\u00e7an\u00ebrisht pas luft\u00ebs, \u00ebsht\u00eb p\u00ebrpjekur t\u00eb sjell\u00eb paqe dhe pajtim n\u00eb Kosov\u00eb, personi q\u00eb \u00ebsht\u00eb p\u00ebrpjekur t\u2019i bind serb\u00ebt q\u00eb t\u00eb mos largohen, dikush q\u00eb shtynte p\u00ebrpara iden\u00eb e nj\u00eb shoq\u00ebrie multietnike\u2026\u201d, tha Keohe.<\/p>\n<p>Avokati tha se Tha\u00e7i i ka b\u00ebr\u00eb k\u00ebto \u201cvet\u00ebm pak dit\u00eb pas luft\u00ebs\u201d.<\/p>\n<p>Nd\u00ebrsa n\u00eb lidhje me provat e Prokuroris\u00eb t\u00eb marra nga Serbia, Keohe tha se \u201ck\u00ebto jan\u00eb shqet\u00ebsime serioze nga t\u00eb kat\u00ebr nga ne ekipet e mbrojtjes q\u00eb i kemi\u201d.<\/p>\n","protected":false},"excerpt":{"rendered":"<p>Gregory Keohe, avokati kryesor i ish-presidentit Hashim Tha\u00e7i, thot\u00eb se do t\u00eb p\u00ebrpiqet ta liroj\u00eb klientin e tij sapo Prokuroria t\u00eb p\u00ebrfundoj\u00eb pjes\u00ebn e saj t\u00eb paraqitjes s\u00eb provave n\u00eb gjykim. Keohe tha se provat e Prokuroris\u00eb jan\u00eb t\u00eb pafuqishme. \u201cMendoj se do t\u00eb p\u00ebrpiqem ta nxjerr\u00eb Presidentin sapo Prokuoria ta p\u00ebrfundoj\u00eb parqitjen e provave [&hellip;]<\/p>\n","protected":false},"author":2,"featured_media":34761,"comment_status":"closed","ping_status":"closed","sticky":false,"template":"","format":"standard","meta":{"_monsterinsights_skip_tracking":false,"_monsterinsights_sitenote_active":false,"_monsterinsights_sitenote_note":"","_monsterinsights_sitenote_category":0,"_uf_show_specific_survey":0,"_uf_disable_surveys":false,"footnotes":""},"categories":[23,15],"tags":[],"yoast_head":"<!-- This site is optimized with the Yoast SEO plugin v21.5 - https:\/\/yoast.com\/wordpress\/plugins\/seo\/ -->\n<title>Avokati i Tha\u00e7it: Do t\u00eb p\u00ebrpiqem ta nxjerr\u00eb shpejt, provat e Prokuroris\u00eb s\u2019jan\u00eb t\u00eb fuqishme<\/title>\n<meta name=\"robots\" content=\"index, follow, max-snippet:-1, max-image-preview:large, max-video-preview:-1\" \/>\n<link rel=\"canonical\" href=\"https:\/\/permbledhja.com\/sq\/avokati-i-thacit-do-te-perpiqem-ta-nxjerre-shpejt-provat-e-prokurorise-sjane-te-fuqishme\/\" \/>\n<meta property=\"og:locale\" content=\"sq_AL\" \/>\n<meta property=\"og:type\" content=\"article\" \/>\n<meta property=\"og:title\" content=\"Avokati i Tha\u00e7it: Do t\u00eb p\u00ebrpiqem ta nxjerr\u00eb shpejt, provat e Prokuroris\u00eb s\u2019jan\u00eb t\u00eb fuqishme\" \/>\n<meta property=\"og:description\" content=\"Gregory Keohe, avokati kryesor i ish-presidentit Hashim Tha\u00e7i, thot\u00eb se do t\u00eb p\u00ebrpiqet ta liroj\u00eb klientin e tij sapo Prokuroria t\u00eb p\u00ebrfundoj\u00eb pjes\u00ebn e saj t\u00eb paraqitjes s\u00eb provave n\u00eb gjykim. Keohe tha se provat e Prokuroris\u00eb jan\u00eb t\u00eb pafuqishme. \u201cMendoj se do t\u00eb p\u00ebrpiqem ta nxjerr\u00eb Presidentin sapo Prokuoria ta p\u00ebrfundoj\u00eb parqitjen e provave [&hellip;]\" \/>\n<meta property=\"og:url\" content=\"https:\/\/permbledhja.com\/sq\/avokati-i-thacit-do-te-perpiqem-ta-nxjerre-shpejt-provat-e-prokurorise-sjane-te-fuqishme\/\" \/>\n<meta property=\"og:site_name\" content=\"Ve\u00e7 artikuj p\u00ebrmbledh\u00ebs\" \/>\n<meta property=\"article:publisher\" content=\"https:\/\/www.facebook.com\/press07\/\" \/>\n<meta property=\"article:published_time\" content=\"2023-11-05T13:29:41+00:00\" \/>\n<meta property=\"og:image\" content=\"https:\/\/permbledhja.com\/wp-content\/uploads\/2023\/11\/IMG_5289-600x360-1.png\" \/>\n\t<meta property=\"og:image:width\" content=\"600\" \/>\n\t<meta property=\"og:image:height\" content=\"360\" \/>\n\t<meta property=\"og:image:type\" content=\"image\/png\" \/>\n<meta name=\"author\" content=\"M M\" \/>\n<meta name=\"twitter:card\" content=\"summary_large_image\" \/>\n<meta name=\"twitter:label1\" content=\"Written by\" \/>\n\t<meta name=\"twitter:data1\" content=\"M M\" \/>\n\t<meta name=\"twitter:label2\" content=\"Est. reading time\" \/>\n\t<meta name=\"twitter:data2\" content=\"2 minuta\" \/>\n<script type=\"application\/ld+json\" class=\"yoast-schema-graph\">{\"@context\":\"https:\/\/schema.org\",\"@graph\":[{\"@type\":\"Article\",\"@id\":\"https:\/\/permbledhja.com\/avokati-i-thacit-do-te-perpiqem-ta-nxjerre-shpejt-provat-e-prokurorise-sjane-te-fuqishme\/#article\",\"isPartOf\":{\"@id\":\"https:\/\/permbledhja.com\/avokati-i-thacit-do-te-perpiqem-ta-nxjerre-shpejt-provat-e-prokurorise-sjane-te-fuqishme\/\"},\"author\":{\"name\":\"M M\",\"@id\":\"https:\/\/permbledhja.com\/#\/schema\/person\/d23f13f59b5722643933d6780783acf3\"},\"headline\":\"Avokati i Tha\u00e7it: Do t\u00eb p\u00ebrpiqem ta nxjerr\u00eb shpejt, provat e Prokuroris\u00eb s\u2019jan\u00eb t\u00eb fuqishme\",\"datePublished\":\"2023-11-05T13:29:41+00:00\",\"dateModified\":\"2023-11-05T13:29:41+00:00\",\"mainEntityOfPage\":{\"@id\":\"https:\/\/permbledhja.com\/avokati-i-thacit-do-te-perpiqem-ta-nxjerre-shpejt-provat-e-prokurorise-sjane-te-fuqishme\/\"},\"wordCount\":349,\"publisher\":{\"@id\":\"https:\/\/permbledhja.com\/#organization\"},\"articleSection\":[\"Komb\u00ebtare\",\"Lajme\"],\"inLanguage\":\"sq\"},{\"@type\":\"WebPage\",\"@id\":\"https:\/\/permbledhja.com\/avokati-i-thacit-do-te-perpiqem-ta-nxjerre-shpejt-provat-e-prokurorise-sjane-te-fuqishme\/\",\"url\":\"https:\/\/permbledhja.com\/avokati-i-thacit-do-te-perpiqem-ta-nxjerre-shpejt-provat-e-prokurorise-sjane-te-fuqishme\/\",\"name\":\"Avokati i Tha\u00e7it: Do t\u00eb p\u00ebrpiqem ta nxjerr\u00eb shpejt, provat e Prokuroris\u00eb s\u2019jan\u00eb t\u00eb fuqishme\",\"isPartOf\":{\"@id\":\"https:\/\/permbledhja.com\/#website\"},\"datePublished\":\"2023-11-05T13:29:41+00:00\",\"dateModified\":\"2023-11-05T13:29:41+00:00\",\"breadcrumb\":{\"@id\":\"https:\/\/permbledhja.com\/avokati-i-thacit-do-te-perpiqem-ta-nxjerre-shpejt-provat-e-prokurorise-sjane-te-fuqishme\/#breadcrumb\"},\"inLanguage\":\"sq\",\"potentialAction\":[{\"@type\":\"ReadAction\",\"target\":[\"https:\/\/permbledhja.com\/avokati-i-thacit-do-te-perpiqem-ta-nxjerre-shpejt-provat-e-prokurorise-sjane-te-fuqishme\/\"]}]},{\"@type\":\"BreadcrumbList\",\"@id\":\"https:\/\/permbledhja.com\/avokati-i-thacit-do-te-perpiqem-ta-nxjerre-shpejt-provat-e-prokurorise-sjane-te-fuqishme\/#breadcrumb\",\"itemListElement\":[{\"@type\":\"ListItem\",\"position\":1,\"name\":\"Ballina\",\"item\":\"https:\/\/permbledhja.com\/sq\/\"},{\"@type\":\"ListItem\",\"position\":2,\"name\":\"Avokati i Tha\u00e7it: Do t\u00eb p\u00ebrpiqem ta nxjerr\u00eb shpejt, provat e Prokuroris\u00eb s\u2019jan\u00eb t\u00eb fuqishme\"}]},{\"@type\":\"WebSite\",\"@id\":\"https:\/\/permbledhja.com\/#website\",\"url\":\"https:\/\/permbledhja.com\/\",\"name\":\"Ve\u00e7 artikuj p\u00ebrmbledh\u00ebs\",\"description\":\"\",\"publisher\":{\"@id\":\"https:\/\/permbledhja.com\/#organization\"},\"potentialAction\":[{\"@type\":\"SearchAction\",\"target\":{\"@type\":\"EntryPoint\",\"urlTemplate\":\"https:\/\/permbledhja.com\/?s={search_term_string}\"},\"query-input\":\"required name=search_term_string\"}],\"inLanguage\":\"sq\"},{\"@type\":\"Organization\",\"@id\":\"https:\/\/permbledhja.com\/#organization\",\"name\":\"MK Media & Pr\",\"url\":\"https:\/\/permbledhja.com\/\",\"logo\":{\"@type\":\"ImageObject\",\"inLanguage\":\"sq\",\"@id\":\"https:\/\/permbledhja.com\/#\/schema\/logo\/image\/\",\"url\":\"https:\/\/permbledhja.com\/wp-content\/uploads\/2021\/12\/07-Press-Logo.jpg\",\"contentUrl\":\"https:\/\/permbledhja.com\/wp-content\/uploads\/2021\/12\/07-Press-Logo.jpg\",\"width\":512,\"height\":512,\"caption\":\"MK Media & Pr\"},\"image\":{\"@id\":\"https:\/\/permbledhja.com\/#\/schema\/logo\/image\/\"},\"sameAs\":[\"https:\/\/www.facebook.com\/press07\/\"]},{\"@type\":\"Person\",\"@id\":\"https:\/\/permbledhja.com\/#\/schema\/person\/d23f13f59b5722643933d6780783acf3\",\"name\":\"M M\",\"image\":{\"@type\":\"ImageObject\",\"inLanguage\":\"sq\",\"@id\":\"https:\/\/permbledhja.com\/#\/schema\/person\/image\/\",\"url\":\"https:\/\/secure.gravatar.com\/avatar\/e2835a76ca7c31a2416b2d51c4ec9a8f?s=96&d=mm&r=g\",\"contentUrl\":\"https:\/\/secure.gravatar.com\/avatar\/e2835a76ca7c31a2416b2d51c4ec9a8f?s=96&d=mm&r=g\",\"caption\":\"M M\"},\"sameAs\":[\"http:\/\/MM\"],\"url\":\"https:\/\/permbledhja.com\/sq\/author\/muhamet\/\"}]}<\/script>\n<!-- \/ Yoast SEO plugin. -->","yoast_head_json":{"title":"Avokati i Tha\u00e7it: Do t\u00eb p\u00ebrpiqem ta nxjerr\u00eb shpejt, provat e Prokuroris\u00eb s\u2019jan\u00eb t\u00eb fuqishme","robots":{"index":"index","follow":"follow","max-snippet":"max-snippet:-1","max-image-preview":"max-image-preview:large","max-video-preview":"max-video-preview:-1"},"canonical":"https:\/\/permbledhja.com\/sq\/avokati-i-thacit-do-te-perpiqem-ta-nxjerre-shpejt-provat-e-prokurorise-sjane-te-fuqishme\/","og_locale":"sq_AL","og_type":"article","og_title":"Avokati i Tha\u00e7it: Do t\u00eb p\u00ebrpiqem ta nxjerr\u00eb shpejt, provat e Prokuroris\u00eb s\u2019jan\u00eb t\u00eb fuqishme","og_description":"Gregory Keohe, avokati kryesor i ish-presidentit Hashim Tha\u00e7i, thot\u00eb se do t\u00eb p\u00ebrpiqet ta liroj\u00eb klientin e tij sapo Prokuroria t\u00eb p\u00ebrfundoj\u00eb pjes\u00ebn e saj t\u00eb paraqitjes s\u00eb provave n\u00eb gjykim. Keohe tha se provat e Prokuroris\u00eb jan\u00eb t\u00eb pafuqishme. \u201cMendoj se do t\u00eb p\u00ebrpiqem ta nxjerr\u00eb Presidentin sapo Prokuoria ta p\u00ebrfundoj\u00eb parqitjen e provave [&hellip;]","og_url":"https:\/\/permbledhja.com\/sq\/avokati-i-thacit-do-te-perpiqem-ta-nxjerre-shpejt-provat-e-prokurorise-sjane-te-fuqishme\/","og_site_name":"Ve\u00e7 artikuj p\u00ebrmbledh\u00ebs","article_publisher":"https:\/\/www.facebook.com\/press07\/","article_published_time":"2023-11-05T13:29:41+00:00","og_image":[{"width":600,"height":360,"url":"https:\/\/permbledhja.com\/wp-content\/uploads\/2023\/11\/IMG_5289-600x360-1.png","type":"image\/png"}],"author":"M M","twitter_card":"summary_large_image","twitter_misc":{"Written by":"M M","Est. reading time":"2 minuta"},"schema":{"@context":"https:\/\/schema.org","@graph":[{"@type":"Article","@id":"https:\/\/permbledhja.com\/avokati-i-thacit-do-te-perpiqem-ta-nxjerre-shpejt-provat-e-prokurorise-sjane-te-fuqishme\/#article","isPartOf":{"@id":"https:\/\/permbledhja.com\/avokati-i-thacit-do-te-perpiqem-ta-nxjerre-shpejt-provat-e-prokurorise-sjane-te-fuqishme\/"},"author":{"name":"M M","@id":"https:\/\/permbledhja.com\/#\/schema\/person\/d23f13f59b5722643933d6780783acf3"},"headline":"Avokati i Tha\u00e7it: Do t\u00eb p\u00ebrpiqem ta nxjerr\u00eb shpejt, provat e Prokuroris\u00eb s\u2019jan\u00eb t\u00eb fuqishme","datePublished":"2023-11-05T13:29:41+00:00","dateModified":"2023-11-05T13:29:41+00:00","mainEntityOfPage":{"@id":"https:\/\/permbledhja.com\/avokati-i-thacit-do-te-perpiqem-ta-nxjerre-shpejt-provat-e-prokurorise-sjane-te-fuqishme\/"},"wordCount":349,"publisher":{"@id":"https:\/\/permbledhja.com\/#organization"},"articleSection":["Komb\u00ebtare","Lajme"],"inLanguage":"sq"},{"@type":"WebPage","@id":"https:\/\/permbledhja.com\/avokati-i-thacit-do-te-perpiqem-ta-nxjerre-shpejt-provat-e-prokurorise-sjane-te-fuqishme\/","url":"https:\/\/permbledhja.com\/avokati-i-thacit-do-te-perpiqem-ta-nxjerre-shpejt-provat-e-prokurorise-sjane-te-fuqishme\/","name":"Avokati i Tha\u00e7it: Do t\u00eb p\u00ebrpiqem ta nxjerr\u00eb shpejt, provat e Prokuroris\u00eb s\u2019jan\u00eb t\u00eb fuqishme","isPartOf":{"@id":"https:\/\/permbledhja.com\/#website"},"datePublished":"2023-11-05T13:29:41+00:00","dateModified":"2023-11-05T13:29:41+00:00","breadcrumb":{"@id":"https:\/\/permbledhja.com\/avokati-i-thacit-do-te-perpiqem-ta-nxjerre-shpejt-provat-e-prokurorise-sjane-te-fuqishme\/#breadcrumb"},"inLanguage":"sq","potentialAction":[{"@type":"ReadAction","target":["https:\/\/permbledhja.com\/avokati-i-thacit-do-te-perpiqem-ta-nxjerre-shpejt-provat-e-prokurorise-sjane-te-fuqishme\/"]}]},{"@type":"BreadcrumbList","@id":"https:\/\/permbledhja.com\/avokati-i-thacit-do-te-perpiqem-ta-nxjerre-shpejt-provat-e-prokurorise-sjane-te-fuqishme\/#breadcrumb","itemListElement":[{"@type":"ListItem","position":1,"name":"Ballina","item":"https:\/\/permbledhja.com\/sq\/"},{"@type":"ListItem","position":2,"name":"Avokati i Tha\u00e7it: Do t\u00eb p\u00ebrpiqem ta nxjerr\u00eb shpejt, provat e Prokuroris\u00eb s\u2019jan\u00eb t\u00eb fuqishme"}]},{"@type":"WebSite","@id":"https:\/\/permbledhja.com\/#website","url":"https:\/\/permbledhja.com\/","name":"Ve\u00e7 artikuj p\u00ebrmbledh\u00ebs","description":"","publisher":{"@id":"https:\/\/permbledhja.com\/#organization"},"potentialAction":[{"@type":"SearchAction","target":{"@type":"EntryPoint","urlTemplate":"https:\/\/permbledhja.com\/?s={search_term_string}"},"query-input":"required name=search_term_string"}],"inLanguage":"sq"},{"@type":"Organization","@id":"https:\/\/permbledhja.com\/#organization","name":"MK Media & Pr","url":"https:\/\/permbledhja.com\/","logo":{"@type":"ImageObject","inLanguage":"sq","@id":"https:\/\/permbledhja.com\/#\/schema\/logo\/image\/","url":"https:\/\/permbledhja.com\/wp-content\/uploads\/2021\/12\/07-Press-Logo.jpg","contentUrl":"https:\/\/permbledhja.com\/wp-content\/uploads\/2021\/12\/07-Press-Logo.jpg","width":512,"height":512,"caption":"MK Media & Pr"},"image":{"@id":"https:\/\/permbledhja.com\/#\/schema\/logo\/image\/"},"sameAs":["https:\/\/www.facebook.com\/press07\/"]},{"@type":"Person","@id":"https:\/\/permbledhja.com\/#\/schema\/person\/d23f13f59b5722643933d6780783acf3","name":"M M","image":{"@type":"ImageObject","inLanguage":"sq","@id":"https:\/\/permbledhja.com\/#\/schema\/person\/image\/","url":"https:\/\/secure.gravatar.com\/avatar\/e2835a76ca7c31a2416b2d51c4ec9a8f?s=96&d=mm&r=g","contentUrl":"https:\/\/secure.gravatar.com\/avatar\/e2835a76ca7c31a2416b2d51c4ec9a8f?s=96&d=mm&r=g","caption":"M M"},"sameAs":["http:\/\/MM"],"url":"https:\/\/permbledhja.com\/sq\/author\/muhamet\/"}]}},"_links":{"self":[{"href":"https:\/\/permbledhja.com\/sq\/wp-json\/wp\/v2\/posts\/34760"}],"collection":[{"href":"https:\/\/permbledhja.com\/sq\/wp-json\/wp\/v2\/posts"}],"about":[{"href":"https:\/\/permbledhja.com\/sq\/wp-json\/wp\/v2\/types\/post"}],"author":[{"embeddable":true,"href":"https:\/\/permbledhja.com\/sq\/wp-json\/wp\/v2\/users\/2"}],"replies":[{"embeddable":true,"href":"https:\/\/permbledhja.com\/sq\/wp-json\/wp\/v2\/comments?post=34760"}],"version-history":[{"count":1,"href":"https:\/\/permbledhja.com\/sq\/wp-json\/wp\/v2\/posts\/34760\/revisions"}],"predecessor-version":[{"id":34762,"href":"https:\/\/permbledhja.com\/sq\/wp-json\/wp\/v2\/posts\/34760\/revisions\/34762"}],"wp:featuredmedia":[{"embeddable":true,"href":"https:\/\/permbledhja.com\/sq\/wp-json\/wp\/v2\/media\/34761"}],"wp:attachment":[{"href":"https:\/\/permbledhja.com\/sq\/wp-json\/wp\/v2\/media?parent=34760"}],"wp:term":[{"taxonomy":"category","embeddable":true,"href":"https:\/\/permbledhja.com\/sq\/wp-json\/wp\/v2\/categories?post=34760"},{"taxonomy":"post_tag","embeddable":true,"href":"https:\/\/permbledhja.com\/sq\/wp-json\/wp\/v2\/tags?post=34760"}],"curies":[{"name":"wp","href":"https:\/\/api.w.org\/{rel}","templated":true}]}}