{"id":34757,"date":"2023-11-05T13:12:26","date_gmt":"2023-11-05T13:12:26","guid":{"rendered":"https:\/\/permbledhja.com\/?p=34757"},"modified":"2023-11-05T13:12:26","modified_gmt":"2023-11-05T13:12:26","slug":"tre-vjetori-i-arrestimit-te-ish-krereve-te-uck-se-kurti-permend-vetem-rexhep-selimin","status":"publish","type":"post","link":"https:\/\/permbledhja.com\/sq\/tre-vjetori-i-arrestimit-te-ish-krereve-te-uck-se-kurti-permend-vetem-rexhep-selimin\/","title":{"rendered":"Tre vjetori i arrestimit t\u00eb ish-krer\u00ebve t\u00eb U\u00c7K-s\u00eb, Kurti p\u00ebrmend vet\u00ebm Rexhep Selimin"},"content":{"rendered":"<h3>Me rastin e tre-vjetorit t\u00eb ngritjes s\u00eb aktakuz\u00ebs ndaj ish-krer\u00ebve t\u00eb Ushtris\u00eb \u00c7lirimtare t\u00eb Kosov\u00ebs nga Gjykata Speciale n\u00eb Hag\u00eb, kryeministri i vendit, Albin Kurti, ka akuzuar pushtetet e kaluara p\u00ebr gabime t\u00eb cilat si\u00e7 thot\u00eb ai, tani po peshojn\u00eb dhe po d\u00ebmtojn\u00eb.<\/h3>\n<p>N\u00eb nj\u00eb mbledhje L\u00ebvizjes Vet\u00ebvendosje, Kurti ka th\u00ebn\u00eb se mbeten t\u00eb patundur se Ushtria \u00c7lirimtare \u00ebsht\u00eb e drejt\u00eb edhe e pasur, prandaj shton se i kan\u00eb kund\u00ebrshtuar gjykimet e padrejta at\u00ebher\u00eb kur vendosej p\u00ebr to.<ins><\/ins><\/p>\n<p>Kurti e ka p\u00ebrmendur bashk\u00ebpartiakun e tij, Rexhep Selimin, duke e cil\u00ebsuar si 10-shin e U\u00c7K-s\u00eb.<\/p>\n<p>\u201cT\u00eb gjith\u00eb bashk\u00eb t\u00eb b\u00ebjm\u00eb m\u00eb shum\u00eb e t\u00eb shkojm\u00eb te nota 10, t\u00eb shkojm\u00eb te 10-a, asgj\u00eb m\u00eb pak se shk\u00eblqyesh\u00ebm nuk mund t\u00eb jet\u00eb synimi yn\u00eb. Meq\u00eb ra fjala p\u00ebr 10-sh\u00ebn, para se t\u00eb flas\u00eb p\u00ebr t\u00eb arriturat, rezultatet dhe sukseset e qeverisjes son\u00eb d\u00ebshiroj t\u00eb kujtoj me mall mikun dhe bashk\u00ebveprimtarin ton\u00eb, luft\u00ebtarin e liris\u00eb, 10-shin e Ushtris\u00eb \u00c7lirimtare t\u00eb Kosov\u00ebs, Rexhep Selimi. Rexhep Selimi tash e tre vjet po vuan n\u00eb burgun e Hag\u00ebs. Deputeti i yn\u00eb qysh n\u00eb 2010-n, kur edhe s\u00eb pari vendosi t\u00eb marr\u00eb pjes\u00eb n\u00eb zgjedhje, gjithmon\u00eb fitimtar, gjithmon\u00eb \u00e7lirimtar. Mezi presim t\u00eb na kthehet. Mbetemi t\u00eb patundur n\u00eb bindjen se Ushtria \u00c7lirimtare e drejt\u00eb \u00ebsht\u00eb edhe e pasur, prandaj i kemi kund\u00ebrshtuar gjykimet e padrejta at\u00ebher\u00eb kur vendosej p\u00ebr to, por ja q\u00eb gabimet e pushteteve t\u00eb shkuara ende peshojn\u00eb dhe ende d\u00ebmtojn\u00eb\u201d, ka th\u00ebn\u00eb Kurti.<\/p>\n<p>Ndryshe, Dhomat e Specializuara n\u00eb Hag\u00eb m\u00eb 5 n\u00ebntor 2020 b\u00ebn\u00eb publike aktakuz\u00ebn kund\u00ebr ish-krer\u00ebve t\u00eb U\u00c7K-s\u00eb Hashim Tha\u00e7it, Kadri Veselit, Rexhep Selimit dhe Jakup Krasniqit.<\/p>\n<p>Veprat e pretenduara ndaj tyre kan\u00eb t\u00eb b\u00ebjn\u00eb \u201cme krime lufte, ndalimit t\u00eb paligjsh\u00ebm ose arbitrar, trajtimit mizor, tortur\u00ebs dhe vrasjes s\u00eb paligjshme dhe krimet kund\u00ebr njer\u00ebzimit t\u00eb burgosjes, akteve t\u00eb tjera \u00e7njer\u00ebzore, tortur\u00ebs, vrasjes s\u00eb paligjshme, zhdukjes me forc\u00eb t\u00eb personave dhe p\u00ebrndjekjes\u201d, t\u00eb cilat sipas Dhomave t\u00eb Specializuara, jan\u00eb kryer midis marsit 1998 dhe shtatorit t\u00eb vitit 1999.<\/p>\n<p>T\u00eb pandehurit, thuhet tutje n\u00eb aktakuz\u00eb \u201csi epror\u00eb, jan\u00eb p\u00ebrgjegj\u00ebs p\u00ebr krimet e kryera nga vart\u00ebsit e tyre. Ata dinin ose dinin arsyet se krimet e paraqitura n\u00eb k\u00ebt\u00eb aktakuz\u00eb, do t\u00eb kryheshin ose ishin kryer nga vart\u00ebsit e tyre dhe d\u00ebshtuan t\u00eb nd\u00ebrmarrin veprimet e duhura q\u00eb t\u00eb parandalonin krimet e tilla ose t\u00eb nd\u00ebshkonin kryer\u00ebsit e k\u00ebtyre krimeve\u201d.<\/p>\n<p>Po m\u00eb 5 n\u00ebntor 2020, Tha\u00e7i, Veseli, dhe Selimi u transferuan n\u00eb qendr\u00ebn e paraburgimit t\u00eb Dhomave t\u00eb Specializuara me seli n\u00eb Hag\u00eb, nd\u00ebrsa Krasniqi u transferua nj\u00eb dit\u00eb m\u00eb par\u00eb, m\u00eb 4 n\u00ebntor. Nd\u00ebrsa procesi gjyq\u00ebsor ndaj Tha\u00e7it dhe t\u00eb tjer\u00ebve nisi m\u00eb 3 prill 2023.<\/p>\n<p>Hashim Tha\u00e7i, Kadri Veseli, Jakup Krasniqi e Rexhep Selimi para trupit gjykues u deklaruan t\u00eb pafajsh\u00ebm p\u00ebr t\u00eb gjitha pikat e aktakuz\u00ebs, me t\u00eb cil\u00ebn i ngarkon Zyra e Prokurorit t\u00eb Specializuar e q\u00eb lidhen me krime lufte.<\/p>\n","protected":false},"excerpt":{"rendered":"<p>Me rastin e tre-vjetorit t\u00eb ngritjes s\u00eb aktakuz\u00ebs ndaj ish-krer\u00ebve t\u00eb Ushtris\u00eb \u00c7lirimtare t\u00eb Kosov\u00ebs nga Gjykata Speciale n\u00eb Hag\u00eb, kryeministri i vendit, Albin Kurti, ka akuzuar pushtetet e kaluara p\u00ebr gabime t\u00eb cilat si\u00e7 thot\u00eb ai, tani po peshojn\u00eb dhe po d\u00ebmtojn\u00eb. N\u00eb nj\u00eb mbledhje L\u00ebvizjes Vet\u00ebvendosje, Kurti ka th\u00ebn\u00eb se mbeten t\u00eb patundur [&hellip;]<\/p>\n","protected":false},"author":2,"featured_media":34758,"comment_status":"closed","ping_status":"closed","sticky":false,"template":"","format":"standard","meta":{"_monsterinsights_skip_tracking":false,"_monsterinsights_sitenote_active":false,"_monsterinsights_sitenote_note":"","_monsterinsights_sitenote_category":0,"_uf_show_specific_survey":0,"_uf_disable_surveys":false,"footnotes":""},"categories":[1146,15],"tags":[86],"yoast_head":"<!-- This site is optimized with the Yoast SEO plugin v21.5 - https:\/\/yoast.com\/wordpress\/plugins\/seo\/ -->\n<title>Tre vjetori i arrestimit t\u00eb ish-krer\u00ebve t\u00eb U\u00c7K-s\u00eb, Kurti p\u00ebrmend vet\u00ebm Rexhep Selimin<\/title>\n<meta name=\"robots\" content=\"index, follow, max-snippet:-1, max-image-preview:large, max-video-preview:-1\" \/>\n<link rel=\"canonical\" href=\"https:\/\/permbledhja.com\/sq\/tre-vjetori-i-arrestimit-te-ish-krereve-te-uck-se-kurti-permend-vetem-rexhep-selimin\/\" \/>\n<meta property=\"og:locale\" content=\"sq_AL\" \/>\n<meta property=\"og:type\" content=\"article\" \/>\n<meta property=\"og:title\" content=\"Tre vjetori i arrestimit t\u00eb ish-krer\u00ebve t\u00eb U\u00c7K-s\u00eb, Kurti p\u00ebrmend vet\u00ebm Rexhep Selimin\" \/>\n<meta property=\"og:description\" content=\"Me rastin e tre-vjetorit t\u00eb ngritjes s\u00eb aktakuz\u00ebs ndaj ish-krer\u00ebve t\u00eb Ushtris\u00eb \u00c7lirimtare t\u00eb Kosov\u00ebs nga Gjykata Speciale n\u00eb Hag\u00eb, kryeministri i vendit, Albin Kurti, ka akuzuar pushtetet e kaluara p\u00ebr gabime t\u00eb cilat si\u00e7 thot\u00eb ai, tani po peshojn\u00eb dhe po d\u00ebmtojn\u00eb. N\u00eb nj\u00eb mbledhje L\u00ebvizjes Vet\u00ebvendosje, Kurti ka th\u00ebn\u00eb se mbeten t\u00eb patundur [&hellip;]\" \/>\n<meta property=\"og:url\" content=\"https:\/\/permbledhja.com\/sq\/tre-vjetori-i-arrestimit-te-ish-krereve-te-uck-se-kurti-permend-vetem-rexhep-selimin\/\" \/>\n<meta property=\"og:site_name\" content=\"Ve\u00e7 artikuj p\u00ebrmbledh\u00ebs\" \/>\n<meta property=\"article:publisher\" content=\"https:\/\/www.facebook.com\/press07\/\" \/>\n<meta property=\"article:published_time\" content=\"2023-11-05T13:12:26+00:00\" \/>\n<meta property=\"og:image\" content=\"https:\/\/permbledhja.com\/wp-content\/uploads\/2023\/11\/kurti-dhe-ish-kreret.jpg\" \/>\n\t<meta property=\"og:image:width\" content=\"1184\" \/>\n\t<meta property=\"og:image:height\" content=\"716\" \/>\n\t<meta property=\"og:image:type\" content=\"image\/jpeg\" \/>\n<meta name=\"author\" content=\"M M\" \/>\n<meta name=\"twitter:card\" content=\"summary_large_image\" \/>\n<meta name=\"twitter:label1\" content=\"Written by\" \/>\n\t<meta name=\"twitter:data1\" content=\"M M\" \/>\n\t<meta name=\"twitter:label2\" content=\"Est. reading time\" \/>\n\t<meta name=\"twitter:data2\" content=\"3 minuta\" \/>\n<script type=\"application\/ld+json\" class=\"yoast-schema-graph\">{\"@context\":\"https:\/\/schema.org\",\"@graph\":[{\"@type\":\"Article\",\"@id\":\"https:\/\/permbledhja.com\/tre-vjetori-i-arrestimit-te-ish-krereve-te-uck-se-kurti-permend-vetem-rexhep-selimin\/#article\",\"isPartOf\":{\"@id\":\"https:\/\/permbledhja.com\/tre-vjetori-i-arrestimit-te-ish-krereve-te-uck-se-kurti-permend-vetem-rexhep-selimin\/\"},\"author\":{\"name\":\"M M\",\"@id\":\"https:\/\/permbledhja.com\/#\/schema\/person\/d23f13f59b5722643933d6780783acf3\"},\"headline\":\"Tre vjetori i arrestimit t\u00eb ish-krer\u00ebve t\u00eb U\u00c7K-s\u00eb, Kurti p\u00ebrmend vet\u00ebm Rexhep Selimin\",\"datePublished\":\"2023-11-05T13:12:26+00:00\",\"dateModified\":\"2023-11-05T13:12:26+00:00\",\"mainEntityOfPage\":{\"@id\":\"https:\/\/permbledhja.com\/tre-vjetori-i-arrestimit-te-ish-krereve-te-uck-se-kurti-permend-vetem-rexhep-selimin\/\"},\"wordCount\":548,\"publisher\":{\"@id\":\"https:\/\/permbledhja.com\/#organization\"},\"keywords\":[\"Albin Kurti\"],\"articleSection\":[\"Kryesoret\",\"Lajme\"],\"inLanguage\":\"sq\"},{\"@type\":\"WebPage\",\"@id\":\"https:\/\/permbledhja.com\/tre-vjetori-i-arrestimit-te-ish-krereve-te-uck-se-kurti-permend-vetem-rexhep-selimin\/\",\"url\":\"https:\/\/permbledhja.com\/tre-vjetori-i-arrestimit-te-ish-krereve-te-uck-se-kurti-permend-vetem-rexhep-selimin\/\",\"name\":\"Tre vjetori i arrestimit t\u00eb ish-krer\u00ebve t\u00eb U\u00c7K-s\u00eb, Kurti p\u00ebrmend vet\u00ebm Rexhep Selimin\",\"isPartOf\":{\"@id\":\"https:\/\/permbledhja.com\/#website\"},\"datePublished\":\"2023-11-05T13:12:26+00:00\",\"dateModified\":\"2023-11-05T13:12:26+00:00\",\"breadcrumb\":{\"@id\":\"https:\/\/permbledhja.com\/tre-vjetori-i-arrestimit-te-ish-krereve-te-uck-se-kurti-permend-vetem-rexhep-selimin\/#breadcrumb\"},\"inLanguage\":\"sq\",\"potentialAction\":[{\"@type\":\"ReadAction\",\"target\":[\"https:\/\/permbledhja.com\/tre-vjetori-i-arrestimit-te-ish-krereve-te-uck-se-kurti-permend-vetem-rexhep-selimin\/\"]}]},{\"@type\":\"BreadcrumbList\",\"@id\":\"https:\/\/permbledhja.com\/tre-vjetori-i-arrestimit-te-ish-krereve-te-uck-se-kurti-permend-vetem-rexhep-selimin\/#breadcrumb\",\"itemListElement\":[{\"@type\":\"ListItem\",\"position\":1,\"name\":\"Ballina\",\"item\":\"https:\/\/permbledhja.com\/sq\/\"},{\"@type\":\"ListItem\",\"position\":2,\"name\":\"Tre vjetori i arrestimit t\u00eb ish-krer\u00ebve t\u00eb U\u00c7K-s\u00eb, Kurti p\u00ebrmend vet\u00ebm Rexhep Selimin\"}]},{\"@type\":\"WebSite\",\"@id\":\"https:\/\/permbledhja.com\/#website\",\"url\":\"https:\/\/permbledhja.com\/\",\"name\":\"Ve\u00e7 artikuj p\u00ebrmbledh\u00ebs\",\"description\":\"\",\"publisher\":{\"@id\":\"https:\/\/permbledhja.com\/#organization\"},\"potentialAction\":[{\"@type\":\"SearchAction\",\"target\":{\"@type\":\"EntryPoint\",\"urlTemplate\":\"https:\/\/permbledhja.com\/?s={search_term_string}\"},\"query-input\":\"required name=search_term_string\"}],\"inLanguage\":\"sq\"},{\"@type\":\"Organization\",\"@id\":\"https:\/\/permbledhja.com\/#organization\",\"name\":\"MK Media & Pr\",\"url\":\"https:\/\/permbledhja.com\/\",\"logo\":{\"@type\":\"ImageObject\",\"inLanguage\":\"sq\",\"@id\":\"https:\/\/permbledhja.com\/#\/schema\/logo\/image\/\",\"url\":\"https:\/\/permbledhja.com\/wp-content\/uploads\/2021\/12\/07-Press-Logo.jpg\",\"contentUrl\":\"https:\/\/permbledhja.com\/wp-content\/uploads\/2021\/12\/07-Press-Logo.jpg\",\"width\":512,\"height\":512,\"caption\":\"MK Media & Pr\"},\"image\":{\"@id\":\"https:\/\/permbledhja.com\/#\/schema\/logo\/image\/\"},\"sameAs\":[\"https:\/\/www.facebook.com\/press07\/\"]},{\"@type\":\"Person\",\"@id\":\"https:\/\/permbledhja.com\/#\/schema\/person\/d23f13f59b5722643933d6780783acf3\",\"name\":\"M M\",\"image\":{\"@type\":\"ImageObject\",\"inLanguage\":\"sq\",\"@id\":\"https:\/\/permbledhja.com\/#\/schema\/person\/image\/\",\"url\":\"https:\/\/secure.gravatar.com\/avatar\/e2835a76ca7c31a2416b2d51c4ec9a8f?s=96&d=mm&r=g\",\"contentUrl\":\"https:\/\/secure.gravatar.com\/avatar\/e2835a76ca7c31a2416b2d51c4ec9a8f?s=96&d=mm&r=g\",\"caption\":\"M M\"},\"sameAs\":[\"http:\/\/MM\"],\"url\":\"https:\/\/permbledhja.com\/sq\/author\/muhamet\/\"}]}<\/script>\n<!-- \/ Yoast SEO plugin. -->","yoast_head_json":{"title":"Tre vjetori i arrestimit t\u00eb ish-krer\u00ebve t\u00eb U\u00c7K-s\u00eb, Kurti p\u00ebrmend vet\u00ebm Rexhep Selimin","robots":{"index":"index","follow":"follow","max-snippet":"max-snippet:-1","max-image-preview":"max-image-preview:large","max-video-preview":"max-video-preview:-1"},"canonical":"https:\/\/permbledhja.com\/sq\/tre-vjetori-i-arrestimit-te-ish-krereve-te-uck-se-kurti-permend-vetem-rexhep-selimin\/","og_locale":"sq_AL","og_type":"article","og_title":"Tre vjetori i arrestimit t\u00eb ish-krer\u00ebve t\u00eb U\u00c7K-s\u00eb, Kurti p\u00ebrmend vet\u00ebm Rexhep Selimin","og_description":"Me rastin e tre-vjetorit t\u00eb ngritjes s\u00eb aktakuz\u00ebs ndaj ish-krer\u00ebve t\u00eb Ushtris\u00eb \u00c7lirimtare t\u00eb Kosov\u00ebs nga Gjykata Speciale n\u00eb Hag\u00eb, kryeministri i vendit, Albin Kurti, ka akuzuar pushtetet e kaluara p\u00ebr gabime t\u00eb cilat si\u00e7 thot\u00eb ai, tani po peshojn\u00eb dhe po d\u00ebmtojn\u00eb. N\u00eb nj\u00eb mbledhje L\u00ebvizjes Vet\u00ebvendosje, Kurti ka th\u00ebn\u00eb se mbeten t\u00eb patundur [&hellip;]","og_url":"https:\/\/permbledhja.com\/sq\/tre-vjetori-i-arrestimit-te-ish-krereve-te-uck-se-kurti-permend-vetem-rexhep-selimin\/","og_site_name":"Ve\u00e7 artikuj p\u00ebrmbledh\u00ebs","article_publisher":"https:\/\/www.facebook.com\/press07\/","article_published_time":"2023-11-05T13:12:26+00:00","og_image":[{"width":1184,"height":716,"url":"https:\/\/permbledhja.com\/wp-content\/uploads\/2023\/11\/kurti-dhe-ish-kreret.jpg","type":"image\/jpeg"}],"author":"M M","twitter_card":"summary_large_image","twitter_misc":{"Written by":"M M","Est. reading time":"3 minuta"},"schema":{"@context":"https:\/\/schema.org","@graph":[{"@type":"Article","@id":"https:\/\/permbledhja.com\/tre-vjetori-i-arrestimit-te-ish-krereve-te-uck-se-kurti-permend-vetem-rexhep-selimin\/#article","isPartOf":{"@id":"https:\/\/permbledhja.com\/tre-vjetori-i-arrestimit-te-ish-krereve-te-uck-se-kurti-permend-vetem-rexhep-selimin\/"},"author":{"name":"M M","@id":"https:\/\/permbledhja.com\/#\/schema\/person\/d23f13f59b5722643933d6780783acf3"},"headline":"Tre vjetori i arrestimit t\u00eb ish-krer\u00ebve t\u00eb U\u00c7K-s\u00eb, Kurti p\u00ebrmend vet\u00ebm Rexhep Selimin","datePublished":"2023-11-05T13:12:26+00:00","dateModified":"2023-11-05T13:12:26+00:00","mainEntityOfPage":{"@id":"https:\/\/permbledhja.com\/tre-vjetori-i-arrestimit-te-ish-krereve-te-uck-se-kurti-permend-vetem-rexhep-selimin\/"},"wordCount":548,"publisher":{"@id":"https:\/\/permbledhja.com\/#organization"},"keywords":["Albin Kurti"],"articleSection":["Kryesoret","Lajme"],"inLanguage":"sq"},{"@type":"WebPage","@id":"https:\/\/permbledhja.com\/tre-vjetori-i-arrestimit-te-ish-krereve-te-uck-se-kurti-permend-vetem-rexhep-selimin\/","url":"https:\/\/permbledhja.com\/tre-vjetori-i-arrestimit-te-ish-krereve-te-uck-se-kurti-permend-vetem-rexhep-selimin\/","name":"Tre vjetori i arrestimit t\u00eb ish-krer\u00ebve t\u00eb U\u00c7K-s\u00eb, Kurti p\u00ebrmend vet\u00ebm Rexhep Selimin","isPartOf":{"@id":"https:\/\/permbledhja.com\/#website"},"datePublished":"2023-11-05T13:12:26+00:00","dateModified":"2023-11-05T13:12:26+00:00","breadcrumb":{"@id":"https:\/\/permbledhja.com\/tre-vjetori-i-arrestimit-te-ish-krereve-te-uck-se-kurti-permend-vetem-rexhep-selimin\/#breadcrumb"},"inLanguage":"sq","potentialAction":[{"@type":"ReadAction","target":["https:\/\/permbledhja.com\/tre-vjetori-i-arrestimit-te-ish-krereve-te-uck-se-kurti-permend-vetem-rexhep-selimin\/"]}]},{"@type":"BreadcrumbList","@id":"https:\/\/permbledhja.com\/tre-vjetori-i-arrestimit-te-ish-krereve-te-uck-se-kurti-permend-vetem-rexhep-selimin\/#breadcrumb","itemListElement":[{"@type":"ListItem","position":1,"name":"Ballina","item":"https:\/\/permbledhja.com\/sq\/"},{"@type":"ListItem","position":2,"name":"Tre vjetori i arrestimit t\u00eb ish-krer\u00ebve t\u00eb U\u00c7K-s\u00eb, Kurti p\u00ebrmend vet\u00ebm Rexhep Selimin"}]},{"@type":"WebSite","@id":"https:\/\/permbledhja.com\/#website","url":"https:\/\/permbledhja.com\/","name":"Ve\u00e7 artikuj p\u00ebrmbledh\u00ebs","description":"","publisher":{"@id":"https:\/\/permbledhja.com\/#organization"},"potentialAction":[{"@type":"SearchAction","target":{"@type":"EntryPoint","urlTemplate":"https:\/\/permbledhja.com\/?s={search_term_string}"},"query-input":"required name=search_term_string"}],"inLanguage":"sq"},{"@type":"Organization","@id":"https:\/\/permbledhja.com\/#organization","name":"MK Media & Pr","url":"https:\/\/permbledhja.com\/","logo":{"@type":"ImageObject","inLanguage":"sq","@id":"https:\/\/permbledhja.com\/#\/schema\/logo\/image\/","url":"https:\/\/permbledhja.com\/wp-content\/uploads\/2021\/12\/07-Press-Logo.jpg","contentUrl":"https:\/\/permbledhja.com\/wp-content\/uploads\/2021\/12\/07-Press-Logo.jpg","width":512,"height":512,"caption":"MK Media & Pr"},"image":{"@id":"https:\/\/permbledhja.com\/#\/schema\/logo\/image\/"},"sameAs":["https:\/\/www.facebook.com\/press07\/"]},{"@type":"Person","@id":"https:\/\/permbledhja.com\/#\/schema\/person\/d23f13f59b5722643933d6780783acf3","name":"M M","image":{"@type":"ImageObject","inLanguage":"sq","@id":"https:\/\/permbledhja.com\/#\/schema\/person\/image\/","url":"https:\/\/secure.gravatar.com\/avatar\/e2835a76ca7c31a2416b2d51c4ec9a8f?s=96&d=mm&r=g","contentUrl":"https:\/\/secure.gravatar.com\/avatar\/e2835a76ca7c31a2416b2d51c4ec9a8f?s=96&d=mm&r=g","caption":"M M"},"sameAs":["http:\/\/MM"],"url":"https:\/\/permbledhja.com\/sq\/author\/muhamet\/"}]}},"_links":{"self":[{"href":"https:\/\/permbledhja.com\/sq\/wp-json\/wp\/v2\/posts\/34757"}],"collection":[{"href":"https:\/\/permbledhja.com\/sq\/wp-json\/wp\/v2\/posts"}],"about":[{"href":"https:\/\/permbledhja.com\/sq\/wp-json\/wp\/v2\/types\/post"}],"author":[{"embeddable":true,"href":"https:\/\/permbledhja.com\/sq\/wp-json\/wp\/v2\/users\/2"}],"replies":[{"embeddable":true,"href":"https:\/\/permbledhja.com\/sq\/wp-json\/wp\/v2\/comments?post=34757"}],"version-history":[{"count":1,"href":"https:\/\/permbledhja.com\/sq\/wp-json\/wp\/v2\/posts\/34757\/revisions"}],"predecessor-version":[{"id":34759,"href":"https:\/\/permbledhja.com\/sq\/wp-json\/wp\/v2\/posts\/34757\/revisions\/34759"}],"wp:featuredmedia":[{"embeddable":true,"href":"https:\/\/permbledhja.com\/sq\/wp-json\/wp\/v2\/media\/34758"}],"wp:attachment":[{"href":"https:\/\/permbledhja.com\/sq\/wp-json\/wp\/v2\/media?parent=34757"}],"wp:term":[{"taxonomy":"category","embeddable":true,"href":"https:\/\/permbledhja.com\/sq\/wp-json\/wp\/v2\/categories?post=34757"},{"taxonomy":"post_tag","embeddable":true,"href":"https:\/\/permbledhja.com\/sq\/wp-json\/wp\/v2\/tags?post=34757"}],"curies":[{"name":"wp","href":"https:\/\/api.w.org\/{rel}","templated":true}]}}