{"id":34677,"date":"2023-11-05T07:43:04","date_gmt":"2023-11-05T07:43:04","guid":{"rendered":"https:\/\/permbledhja.com\/?p=34677"},"modified":"2023-11-05T09:40:44","modified_gmt":"2023-11-05T09:40:44","slug":"mot-i-vranet-sot-ne-kosove-priten-erera-te-fuqishme","status":"publish","type":"post","link":"https:\/\/permbledhja.com\/sq\/mot-i-vranet-sot-ne-kosove-priten-erera-te-fuqishme\/","title":{"rendered":"Mot i vran\u00ebt sot n\u00eb Kosov\u00eb, priten er\u00ebra t\u00eb fuqishme"},"content":{"rendered":"<h3>Meteo Kosova ka njoftuar se sot parashihet t\u00eb mbaj\u00eb mot me vran\u00ebsira dhe intervale me diell, ku fillimisht pritet t\u00eb ket\u00eb reshje lokale n\u00eb per\u00ebndim dhe jugper\u00ebndim t\u00eb vendit.<\/h3>\n<p>Sipas k\u00ebsaj platforme meteorologjike, gjat\u00eb or\u00ebve t\u00eb pasdites dhe mbr\u00ebmjes pritet t\u00eb arrij\u00eb nj\u00eb sistem frontal, ndon\u00ebse m\u00eb i dob\u00ebsuar, duke p\u00ebrfshir\u00eb edhe zonat e tjera t\u00eb vendit.<\/p>\n<p>\u201cReshjet lokalisht do t\u00eb jen\u00eb n\u00eb form\u00eb t\u00eb rrebesheve, nd\u00ebrsa m\u00eb intensive parashihen n\u00eb per\u00ebndim dhe jugper\u00ebndim t\u00eb vendit. Ka mund\u00ebsi t\u00eb ket\u00eb edhe ndonj\u00eb shkarkes\u00eb elektrike\u201d, thuhet n\u00eb njoftim.<\/p>\n<p>Era do t\u00eb fryj\u00eb nga jugper\u00ebndimi, e cila koh\u00eb pas kohe pritet t\u00eb jet\u00eb jasht\u00ebzakonisht e fuqishme, me shpejt\u00ebsi prej 15-95 km\/h. Po ashtu, parashihen d\u00ebme materiale n\u00eb zona t\u00eb caktuara.<\/p>\n<p>Er\u00ebra me intensitet m\u00eb t\u00eb ul\u00ebt priten n\u00eb juglindje dhe lindje t\u00eb vendit, nd\u00ebrsa m\u00eb t\u00eb fuqishme n\u00eb verilindje t\u00eb vendit, sidomos n\u00eb zonat malore.<\/p>\n<p>Temperaturat do t\u00eb sh\u00ebnojn\u00eb ngritje, minimalet do t\u00eb l\u00ebvizin prej 4 deri n\u00eb 11\u00b0C, nd\u00ebrsa ato maksimale prej 16 deri n\u00eb 19\u00b0C.<\/p>\n","protected":false},"excerpt":{"rendered":"<p>Meteo Kosova ka njoftuar se sot parashihet t\u00eb mbaj\u00eb mot me vran\u00ebsira dhe intervale me diell, ku fillimisht pritet t\u00eb ket\u00eb reshje lokale n\u00eb per\u00ebndim dhe jugper\u00ebndim t\u00eb vendit. Sipas k\u00ebsaj platforme meteorologjike, gjat\u00eb or\u00ebve t\u00eb pasdites dhe mbr\u00ebmjes pritet t\u00eb arrij\u00eb nj\u00eb sistem frontal, ndon\u00ebse m\u00eb i dob\u00ebsuar, duke p\u00ebrfshir\u00eb edhe zonat e tjera [&hellip;]<\/p>\n","protected":false},"author":2,"featured_media":34678,"comment_status":"closed","ping_status":"closed","sticky":false,"template":"","format":"standard","meta":{"_monsterinsights_skip_tracking":false,"_monsterinsights_sitenote_active":false,"_monsterinsights_sitenote_note":"","_monsterinsights_sitenote_category":0,"_uf_show_specific_survey":0,"_uf_disable_surveys":false,"footnotes":""},"categories":[23,15],"tags":[26],"yoast_head":"<!-- This site is optimized with the Yoast SEO plugin v21.5 - https:\/\/yoast.com\/wordpress\/plugins\/seo\/ -->\n<title>Mot i vran\u00ebt sot n\u00eb Kosov\u00eb, priten er\u00ebra t\u00eb fuqishme<\/title>\n<meta name=\"robots\" content=\"index, follow, max-snippet:-1, max-image-preview:large, max-video-preview:-1\" \/>\n<link rel=\"canonical\" href=\"https:\/\/permbledhja.com\/sq\/mot-i-vranet-sot-ne-kosove-priten-erera-te-fuqishme\/\" \/>\n<meta property=\"og:locale\" content=\"sq_AL\" \/>\n<meta property=\"og:type\" content=\"article\" \/>\n<meta property=\"og:title\" content=\"Mot i vran\u00ebt sot n\u00eb Kosov\u00eb, priten er\u00ebra t\u00eb fuqishme\" \/>\n<meta property=\"og:description\" content=\"Meteo Kosova ka njoftuar se sot parashihet t\u00eb mbaj\u00eb mot me vran\u00ebsira dhe intervale me diell, ku fillimisht pritet t\u00eb ket\u00eb reshje lokale n\u00eb per\u00ebndim dhe jugper\u00ebndim t\u00eb vendit. Sipas k\u00ebsaj platforme meteorologjike, gjat\u00eb or\u00ebve t\u00eb pasdites dhe mbr\u00ebmjes pritet t\u00eb arrij\u00eb nj\u00eb sistem frontal, ndon\u00ebse m\u00eb i dob\u00ebsuar, duke p\u00ebrfshir\u00eb edhe zonat e tjera [&hellip;]\" \/>\n<meta property=\"og:url\" content=\"https:\/\/permbledhja.com\/sq\/mot-i-vranet-sot-ne-kosove-priten-erera-te-fuqishme\/\" \/>\n<meta property=\"og:site_name\" content=\"Ve\u00e7 artikuj p\u00ebrmbledh\u00ebs\" \/>\n<meta property=\"article:publisher\" content=\"https:\/\/www.facebook.com\/press07\/\" \/>\n<meta property=\"article:published_time\" content=\"2023-11-05T07:43:04+00:00\" \/>\n<meta property=\"article:modified_time\" content=\"2023-11-05T09:40:44+00:00\" \/>\n<meta property=\"og:image\" content=\"https:\/\/permbledhja.com\/wp-content\/uploads\/2023\/11\/auto_12moti_shqip1602484754-2-850x478-1-696x391-1-600x360-1.jpg\" \/>\n\t<meta property=\"og:image:width\" content=\"600\" \/>\n\t<meta property=\"og:image:height\" content=\"360\" \/>\n\t<meta property=\"og:image:type\" content=\"image\/jpeg\" \/>\n<meta name=\"author\" content=\"M M\" \/>\n<meta name=\"twitter:card\" content=\"summary_large_image\" \/>\n<meta name=\"twitter:label1\" content=\"Written by\" \/>\n\t<meta name=\"twitter:data1\" content=\"M M\" \/>\n\t<meta name=\"twitter:label2\" content=\"Est. reading time\" \/>\n\t<meta name=\"twitter:data2\" content=\"1 minut\u00eb\" \/>\n<script type=\"application\/ld+json\" class=\"yoast-schema-graph\">{\"@context\":\"https:\/\/schema.org\",\"@graph\":[{\"@type\":\"Article\",\"@id\":\"https:\/\/permbledhja.com\/sq\/mot-i-vranet-sot-ne-kosove-priten-erera-te-fuqishme\/#article\",\"isPartOf\":{\"@id\":\"https:\/\/permbledhja.com\/sq\/mot-i-vranet-sot-ne-kosove-priten-erera-te-fuqishme\/\"},\"author\":{\"name\":\"M M\",\"@id\":\"https:\/\/permbledhja.com\/#\/schema\/person\/d23f13f59b5722643933d6780783acf3\"},\"headline\":\"Mot i vran\u00ebt sot n\u00eb Kosov\u00eb, priten er\u00ebra t\u00eb fuqishme\",\"datePublished\":\"2023-11-05T07:43:04+00:00\",\"dateModified\":\"2023-11-05T09:40:44+00:00\",\"mainEntityOfPage\":{\"@id\":\"https:\/\/permbledhja.com\/sq\/mot-i-vranet-sot-ne-kosove-priten-erera-te-fuqishme\/\"},\"wordCount\":199,\"publisher\":{\"@id\":\"https:\/\/permbledhja.com\/#organization\"},\"keywords\":[\"Moti\"],\"articleSection\":[\"Komb\u00ebtare\",\"Lajme\"],\"inLanguage\":\"sq\"},{\"@type\":\"WebPage\",\"@id\":\"https:\/\/permbledhja.com\/sq\/mot-i-vranet-sot-ne-kosove-priten-erera-te-fuqishme\/\",\"url\":\"https:\/\/permbledhja.com\/sq\/mot-i-vranet-sot-ne-kosove-priten-erera-te-fuqishme\/\",\"name\":\"Mot i vran\u00ebt sot n\u00eb Kosov\u00eb, priten er\u00ebra t\u00eb fuqishme\",\"isPartOf\":{\"@id\":\"https:\/\/permbledhja.com\/#website\"},\"datePublished\":\"2023-11-05T07:43:04+00:00\",\"dateModified\":\"2023-11-05T09:40:44+00:00\",\"breadcrumb\":{\"@id\":\"https:\/\/permbledhja.com\/sq\/mot-i-vranet-sot-ne-kosove-priten-erera-te-fuqishme\/#breadcrumb\"},\"inLanguage\":\"sq\",\"potentialAction\":[{\"@type\":\"ReadAction\",\"target\":[\"https:\/\/permbledhja.com\/sq\/mot-i-vranet-sot-ne-kosove-priten-erera-te-fuqishme\/\"]}]},{\"@type\":\"BreadcrumbList\",\"@id\":\"https:\/\/permbledhja.com\/sq\/mot-i-vranet-sot-ne-kosove-priten-erera-te-fuqishme\/#breadcrumb\",\"itemListElement\":[{\"@type\":\"ListItem\",\"position\":1,\"name\":\"Ballina\",\"item\":\"https:\/\/permbledhja.com\/sq\/\"},{\"@type\":\"ListItem\",\"position\":2,\"name\":\"Mot i vran\u00ebt sot n\u00eb Kosov\u00eb, priten er\u00ebra t\u00eb fuqishme\"}]},{\"@type\":\"WebSite\",\"@id\":\"https:\/\/permbledhja.com\/#website\",\"url\":\"https:\/\/permbledhja.com\/\",\"name\":\"Ve\u00e7 artikuj p\u00ebrmbledh\u00ebs\",\"description\":\"\",\"publisher\":{\"@id\":\"https:\/\/permbledhja.com\/#organization\"},\"potentialAction\":[{\"@type\":\"SearchAction\",\"target\":{\"@type\":\"EntryPoint\",\"urlTemplate\":\"https:\/\/permbledhja.com\/?s={search_term_string}\"},\"query-input\":\"required name=search_term_string\"}],\"inLanguage\":\"sq\"},{\"@type\":\"Organization\",\"@id\":\"https:\/\/permbledhja.com\/#organization\",\"name\":\"MK Media & Pr\",\"url\":\"https:\/\/permbledhja.com\/\",\"logo\":{\"@type\":\"ImageObject\",\"inLanguage\":\"sq\",\"@id\":\"https:\/\/permbledhja.com\/#\/schema\/logo\/image\/\",\"url\":\"https:\/\/permbledhja.com\/wp-content\/uploads\/2021\/12\/07-Press-Logo.jpg\",\"contentUrl\":\"https:\/\/permbledhja.com\/wp-content\/uploads\/2021\/12\/07-Press-Logo.jpg\",\"width\":512,\"height\":512,\"caption\":\"MK Media & Pr\"},\"image\":{\"@id\":\"https:\/\/permbledhja.com\/#\/schema\/logo\/image\/\"},\"sameAs\":[\"https:\/\/www.facebook.com\/press07\/\"]},{\"@type\":\"Person\",\"@id\":\"https:\/\/permbledhja.com\/#\/schema\/person\/d23f13f59b5722643933d6780783acf3\",\"name\":\"M M\",\"image\":{\"@type\":\"ImageObject\",\"inLanguage\":\"sq\",\"@id\":\"https:\/\/permbledhja.com\/#\/schema\/person\/image\/\",\"url\":\"https:\/\/secure.gravatar.com\/avatar\/e2835a76ca7c31a2416b2d51c4ec9a8f?s=96&d=mm&r=g\",\"contentUrl\":\"https:\/\/secure.gravatar.com\/avatar\/e2835a76ca7c31a2416b2d51c4ec9a8f?s=96&d=mm&r=g\",\"caption\":\"M M\"},\"sameAs\":[\"http:\/\/MM\"],\"url\":\"https:\/\/permbledhja.com\/sq\/author\/muhamet\/\"}]}<\/script>\n<!-- \/ Yoast SEO plugin. -->","yoast_head_json":{"title":"Mot i vran\u00ebt sot n\u00eb Kosov\u00eb, priten er\u00ebra t\u00eb fuqishme","robots":{"index":"index","follow":"follow","max-snippet":"max-snippet:-1","max-image-preview":"max-image-preview:large","max-video-preview":"max-video-preview:-1"},"canonical":"https:\/\/permbledhja.com\/sq\/mot-i-vranet-sot-ne-kosove-priten-erera-te-fuqishme\/","og_locale":"sq_AL","og_type":"article","og_title":"Mot i vran\u00ebt sot n\u00eb Kosov\u00eb, priten er\u00ebra t\u00eb fuqishme","og_description":"Meteo Kosova ka njoftuar se sot parashihet t\u00eb mbaj\u00eb mot me vran\u00ebsira dhe intervale me diell, ku fillimisht pritet t\u00eb ket\u00eb reshje lokale n\u00eb per\u00ebndim dhe jugper\u00ebndim t\u00eb vendit. Sipas k\u00ebsaj platforme meteorologjike, gjat\u00eb or\u00ebve t\u00eb pasdites dhe mbr\u00ebmjes pritet t\u00eb arrij\u00eb nj\u00eb sistem frontal, ndon\u00ebse m\u00eb i dob\u00ebsuar, duke p\u00ebrfshir\u00eb edhe zonat e tjera [&hellip;]","og_url":"https:\/\/permbledhja.com\/sq\/mot-i-vranet-sot-ne-kosove-priten-erera-te-fuqishme\/","og_site_name":"Ve\u00e7 artikuj p\u00ebrmbledh\u00ebs","article_publisher":"https:\/\/www.facebook.com\/press07\/","article_published_time":"2023-11-05T07:43:04+00:00","article_modified_time":"2023-11-05T09:40:44+00:00","og_image":[{"width":600,"height":360,"url":"https:\/\/permbledhja.com\/wp-content\/uploads\/2023\/11\/auto_12moti_shqip1602484754-2-850x478-1-696x391-1-600x360-1.jpg","type":"image\/jpeg"}],"author":"M M","twitter_card":"summary_large_image","twitter_misc":{"Written by":"M M","Est. reading time":"1 minut\u00eb"},"schema":{"@context":"https:\/\/schema.org","@graph":[{"@type":"Article","@id":"https:\/\/permbledhja.com\/sq\/mot-i-vranet-sot-ne-kosove-priten-erera-te-fuqishme\/#article","isPartOf":{"@id":"https:\/\/permbledhja.com\/sq\/mot-i-vranet-sot-ne-kosove-priten-erera-te-fuqishme\/"},"author":{"name":"M M","@id":"https:\/\/permbledhja.com\/#\/schema\/person\/d23f13f59b5722643933d6780783acf3"},"headline":"Mot i vran\u00ebt sot n\u00eb Kosov\u00eb, priten er\u00ebra t\u00eb fuqishme","datePublished":"2023-11-05T07:43:04+00:00","dateModified":"2023-11-05T09:40:44+00:00","mainEntityOfPage":{"@id":"https:\/\/permbledhja.com\/sq\/mot-i-vranet-sot-ne-kosove-priten-erera-te-fuqishme\/"},"wordCount":199,"publisher":{"@id":"https:\/\/permbledhja.com\/#organization"},"keywords":["Moti"],"articleSection":["Komb\u00ebtare","Lajme"],"inLanguage":"sq"},{"@type":"WebPage","@id":"https:\/\/permbledhja.com\/sq\/mot-i-vranet-sot-ne-kosove-priten-erera-te-fuqishme\/","url":"https:\/\/permbledhja.com\/sq\/mot-i-vranet-sot-ne-kosove-priten-erera-te-fuqishme\/","name":"Mot i vran\u00ebt sot n\u00eb Kosov\u00eb, priten er\u00ebra t\u00eb fuqishme","isPartOf":{"@id":"https:\/\/permbledhja.com\/#website"},"datePublished":"2023-11-05T07:43:04+00:00","dateModified":"2023-11-05T09:40:44+00:00","breadcrumb":{"@id":"https:\/\/permbledhja.com\/sq\/mot-i-vranet-sot-ne-kosove-priten-erera-te-fuqishme\/#breadcrumb"},"inLanguage":"sq","potentialAction":[{"@type":"ReadAction","target":["https:\/\/permbledhja.com\/sq\/mot-i-vranet-sot-ne-kosove-priten-erera-te-fuqishme\/"]}]},{"@type":"BreadcrumbList","@id":"https:\/\/permbledhja.com\/sq\/mot-i-vranet-sot-ne-kosove-priten-erera-te-fuqishme\/#breadcrumb","itemListElement":[{"@type":"ListItem","position":1,"name":"Ballina","item":"https:\/\/permbledhja.com\/sq\/"},{"@type":"ListItem","position":2,"name":"Mot i vran\u00ebt sot n\u00eb Kosov\u00eb, priten er\u00ebra t\u00eb fuqishme"}]},{"@type":"WebSite","@id":"https:\/\/permbledhja.com\/#website","url":"https:\/\/permbledhja.com\/","name":"Ve\u00e7 artikuj p\u00ebrmbledh\u00ebs","description":"","publisher":{"@id":"https:\/\/permbledhja.com\/#organization"},"potentialAction":[{"@type":"SearchAction","target":{"@type":"EntryPoint","urlTemplate":"https:\/\/permbledhja.com\/?s={search_term_string}"},"query-input":"required name=search_term_string"}],"inLanguage":"sq"},{"@type":"Organization","@id":"https:\/\/permbledhja.com\/#organization","name":"MK Media & Pr","url":"https:\/\/permbledhja.com\/","logo":{"@type":"ImageObject","inLanguage":"sq","@id":"https:\/\/permbledhja.com\/#\/schema\/logo\/image\/","url":"https:\/\/permbledhja.com\/wp-content\/uploads\/2021\/12\/07-Press-Logo.jpg","contentUrl":"https:\/\/permbledhja.com\/wp-content\/uploads\/2021\/12\/07-Press-Logo.jpg","width":512,"height":512,"caption":"MK Media & Pr"},"image":{"@id":"https:\/\/permbledhja.com\/#\/schema\/logo\/image\/"},"sameAs":["https:\/\/www.facebook.com\/press07\/"]},{"@type":"Person","@id":"https:\/\/permbledhja.com\/#\/schema\/person\/d23f13f59b5722643933d6780783acf3","name":"M M","image":{"@type":"ImageObject","inLanguage":"sq","@id":"https:\/\/permbledhja.com\/#\/schema\/person\/image\/","url":"https:\/\/secure.gravatar.com\/avatar\/e2835a76ca7c31a2416b2d51c4ec9a8f?s=96&d=mm&r=g","contentUrl":"https:\/\/secure.gravatar.com\/avatar\/e2835a76ca7c31a2416b2d51c4ec9a8f?s=96&d=mm&r=g","caption":"M M"},"sameAs":["http:\/\/MM"],"url":"https:\/\/permbledhja.com\/sq\/author\/muhamet\/"}]}},"_links":{"self":[{"href":"https:\/\/permbledhja.com\/sq\/wp-json\/wp\/v2\/posts\/34677"}],"collection":[{"href":"https:\/\/permbledhja.com\/sq\/wp-json\/wp\/v2\/posts"}],"about":[{"href":"https:\/\/permbledhja.com\/sq\/wp-json\/wp\/v2\/types\/post"}],"author":[{"embeddable":true,"href":"https:\/\/permbledhja.com\/sq\/wp-json\/wp\/v2\/users\/2"}],"replies":[{"embeddable":true,"href":"https:\/\/permbledhja.com\/sq\/wp-json\/wp\/v2\/comments?post=34677"}],"version-history":[{"count":1,"href":"https:\/\/permbledhja.com\/sq\/wp-json\/wp\/v2\/posts\/34677\/revisions"}],"predecessor-version":[{"id":34679,"href":"https:\/\/permbledhja.com\/sq\/wp-json\/wp\/v2\/posts\/34677\/revisions\/34679"}],"wp:featuredmedia":[{"embeddable":true,"href":"https:\/\/permbledhja.com\/sq\/wp-json\/wp\/v2\/media\/34678"}],"wp:attachment":[{"href":"https:\/\/permbledhja.com\/sq\/wp-json\/wp\/v2\/media?parent=34677"}],"wp:term":[{"taxonomy":"category","embeddable":true,"href":"https:\/\/permbledhja.com\/sq\/wp-json\/wp\/v2\/categories?post=34677"},{"taxonomy":"post_tag","embeddable":true,"href":"https:\/\/permbledhja.com\/sq\/wp-json\/wp\/v2\/tags?post=34677"}],"curies":[{"name":"wp","href":"https:\/\/api.w.org\/{rel}","templated":true}]}}