{"id":34671,"date":"2023-11-05T07:21:57","date_gmt":"2023-11-05T07:21:57","guid":{"rendered":"https:\/\/permbledhja.com\/?p=34671"},"modified":"2023-11-05T07:21:57","modified_gmt":"2023-11-05T07:21:57","slug":"tri-vjet-nga-publikimi-i-aktakuzes-ndaj-thacit-veselit-selimit-e-krasniqit","status":"publish","type":"post","link":"https:\/\/permbledhja.com\/sq\/tri-vjet-nga-publikimi-i-aktakuzes-ndaj-thacit-veselit-selimit-e-krasniqit\/","title":{"rendered":"Tri vjet nga publikimi i aktakuz\u00ebs ndaj Tha\u00e7it, Veselit, Selimit e Krasniqit"},"content":{"rendered":"<h4>Dhomat e Specializuara n\u00eb Hag\u00eb m\u00eb 5 n\u00ebntor 2020 b\u00ebn\u00eb publike aktakuz\u00ebn kund\u00ebr ish-krer\u00ebve t\u00eb U\u00c7K-s\u00eb Hashim Tha\u00e7it, Kadri Veselit, Rexhep Selimit dhe Jakup Krasniqit.<\/h4>\n<p>Veprat e pretenduara ndaj tyre kan\u00eb t\u00eb b\u00ebjn\u00eb \u201cme krime lufte, ndalimit t\u00eb paligjsh\u00ebm ose arbitrar, trajtimit mizor, tortur\u00ebs dhe vrasjes s\u00eb paligjshme dhe krimet kund\u00ebr njer\u00ebzimit t\u00eb burgosjes, akteve t\u00eb tjera \u00e7njer\u00ebzore, tortur\u00ebs, vrasjes s\u00eb paligjshme, zhdukjes me forc\u00eb t\u00eb personave dhe p\u00ebrndjekjes\u201d, t\u00eb cilat sipas Dhomave t\u00eb Specializuara, jan\u00eb kryer midis marsit 1998 dhe shtatorit t\u00eb vitit 1999.<\/p>\n<p>T\u00eb pandehurit, thuhet tutje n\u00eb aktakuz\u00eb \u201csi epror\u00eb, jan\u00eb p\u00ebrgjegj\u00ebs p\u00ebr krimet e kryera nga vart\u00ebsit e tyre. Ata dinin ose dinin arsyet se krimet e paraqitura n\u00eb k\u00ebt\u00eb aktakuz\u00eb, do t\u00eb kryheshin ose ishin kryer nga vart\u00ebsit e tyre dhe d\u00ebshtuan t\u00eb nd\u00ebrmarrin veprimet e duhura q\u00eb t\u00eb parandalonin krimet e tilla ose t\u00eb nd\u00ebshkonin kryer\u00ebsit e k\u00ebtyre krimeve\u201d.<\/p>\n<p>Po m\u00eb 5 n\u00ebntor 2020, Tha\u00e7i, Veseli, dhe Selimi u transferuan n\u00eb qendr\u00ebn e paraburgimit t\u00eb Dhomave t\u00eb Specializuara me seli n\u00eb Hag\u00eb, nd\u00ebrsa Krasniqi u transferua nj\u00eb dit\u00eb m\u00eb par\u00eb, m\u00eb 4 n\u00ebntor. Nd\u00ebrsa procesi gjyq\u00ebsor ndaj Tha\u00e7it dhe t\u00eb tjer\u00ebve nisi m\u00eb 3 prill 2023, shkruan KosovaPress p\u00ebrcjell Klankosova.tv<\/p>\n<p>Hashim Tha\u00e7i, Kadri Veseli, Jakup Krasniqi e Rexhep Selimi para trupit gjykues u deklaruan t\u00eb pafajsh\u00ebm p\u00ebr t\u00eb gjitha pikat e aktakuz\u00ebs, me t\u00eb cil\u00ebn i ngarkon Zyra e Prokurorit t\u00eb Specializuar e q\u00eb lidhen me krime lufte.<\/p>\n","protected":false},"excerpt":{"rendered":"<p>Dhomat e Specializuara n\u00eb Hag\u00eb m\u00eb 5 n\u00ebntor 2020 b\u00ebn\u00eb publike aktakuz\u00ebn kund\u00ebr ish-krer\u00ebve t\u00eb U\u00c7K-s\u00eb Hashim Tha\u00e7it, Kadri Veselit, Rexhep Selimit dhe Jakup Krasniqit. Veprat e pretenduara ndaj tyre kan\u00eb t\u00eb b\u00ebjn\u00eb \u201cme krime lufte, ndalimit t\u00eb paligjsh\u00ebm ose arbitrar, trajtimit mizor, tortur\u00ebs dhe vrasjes s\u00eb paligjshme dhe krimet kund\u00ebr njer\u00ebzimit t\u00eb burgosjes, akteve [&hellip;]<\/p>\n","protected":false},"author":2,"featured_media":34672,"comment_status":"closed","ping_status":"closed","sticky":false,"template":"","format":"standard","meta":{"_monsterinsights_skip_tracking":false,"_monsterinsights_sitenote_active":false,"_monsterinsights_sitenote_note":"","_monsterinsights_sitenote_category":0,"_uf_show_specific_survey":0,"_uf_disable_surveys":false,"footnotes":""},"categories":[23,15],"tags":[],"yoast_head":"<!-- This site is optimized with the Yoast SEO plugin v21.5 - https:\/\/yoast.com\/wordpress\/plugins\/seo\/ -->\n<title>Tri vjet nga publikimi i aktakuz\u00ebs ndaj Tha\u00e7it, Veselit, Selimit e Krasniqit<\/title>\n<meta name=\"robots\" content=\"index, follow, max-snippet:-1, max-image-preview:large, max-video-preview:-1\" \/>\n<link rel=\"canonical\" href=\"https:\/\/permbledhja.com\/sq\/tri-vjet-nga-publikimi-i-aktakuzes-ndaj-thacit-veselit-selimit-e-krasniqit\/\" \/>\n<meta property=\"og:locale\" content=\"sq_AL\" \/>\n<meta property=\"og:type\" content=\"article\" \/>\n<meta property=\"og:title\" content=\"Tri vjet nga publikimi i aktakuz\u00ebs ndaj Tha\u00e7it, Veselit, Selimit e Krasniqit\" \/>\n<meta property=\"og:description\" content=\"Dhomat e Specializuara n\u00eb Hag\u00eb m\u00eb 5 n\u00ebntor 2020 b\u00ebn\u00eb publike aktakuz\u00ebn kund\u00ebr ish-krer\u00ebve t\u00eb U\u00c7K-s\u00eb Hashim Tha\u00e7it, Kadri Veselit, Rexhep Selimit dhe Jakup Krasniqit. Veprat e pretenduara ndaj tyre kan\u00eb t\u00eb b\u00ebjn\u00eb \u201cme krime lufte, ndalimit t\u00eb paligjsh\u00ebm ose arbitrar, trajtimit mizor, tortur\u00ebs dhe vrasjes s\u00eb paligjshme dhe krimet kund\u00ebr njer\u00ebzimit t\u00eb burgosjes, akteve [&hellip;]\" \/>\n<meta property=\"og:url\" content=\"https:\/\/permbledhja.com\/sq\/tri-vjet-nga-publikimi-i-aktakuzes-ndaj-thacit-veselit-selimit-e-krasniqit\/\" \/>\n<meta property=\"og:site_name\" content=\"Ve\u00e7 artikuj p\u00ebrmbledh\u00ebs\" \/>\n<meta property=\"article:publisher\" content=\"https:\/\/www.facebook.com\/press07\/\" \/>\n<meta property=\"article:published_time\" content=\"2023-11-05T07:21:57+00:00\" \/>\n<meta property=\"og:image\" content=\"https:\/\/permbledhja.com\/wp-content\/uploads\/2023\/11\/Thaci-dhe-te-tjeret-3.jpg\" \/>\n\t<meta property=\"og:image:width\" content=\"743\" \/>\n\t<meta property=\"og:image:height\" content=\"419\" \/>\n\t<meta property=\"og:image:type\" content=\"image\/jpeg\" \/>\n<meta name=\"author\" content=\"M M\" \/>\n<meta name=\"twitter:card\" content=\"summary_large_image\" \/>\n<meta name=\"twitter:label1\" content=\"Written by\" \/>\n\t<meta name=\"twitter:data1\" content=\"M M\" \/>\n\t<meta name=\"twitter:label2\" content=\"Est. reading time\" \/>\n\t<meta name=\"twitter:data2\" content=\"1 minut\u00eb\" \/>\n<script type=\"application\/ld+json\" class=\"yoast-schema-graph\">{\"@context\":\"https:\/\/schema.org\",\"@graph\":[{\"@type\":\"Article\",\"@id\":\"https:\/\/permbledhja.com\/sq\/tri-vjet-nga-publikimi-i-aktakuzes-ndaj-thacit-veselit-selimit-e-krasniqit\/#article\",\"isPartOf\":{\"@id\":\"https:\/\/permbledhja.com\/sq\/tri-vjet-nga-publikimi-i-aktakuzes-ndaj-thacit-veselit-selimit-e-krasniqit\/\"},\"author\":{\"name\":\"M M\",\"@id\":\"https:\/\/permbledhja.com\/#\/schema\/person\/d23f13f59b5722643933d6780783acf3\"},\"headline\":\"Tri vjet nga publikimi i aktakuz\u00ebs ndaj Tha\u00e7it, Veselit, Selimit e Krasniqit\",\"datePublished\":\"2023-11-05T07:21:57+00:00\",\"dateModified\":\"2023-11-05T07:21:57+00:00\",\"mainEntityOfPage\":{\"@id\":\"https:\/\/permbledhja.com\/sq\/tri-vjet-nga-publikimi-i-aktakuzes-ndaj-thacit-veselit-selimit-e-krasniqit\/\"},\"wordCount\":281,\"publisher\":{\"@id\":\"https:\/\/permbledhja.com\/#organization\"},\"articleSection\":[\"Komb\u00ebtare\",\"Lajme\"],\"inLanguage\":\"sq\"},{\"@type\":\"WebPage\",\"@id\":\"https:\/\/permbledhja.com\/sq\/tri-vjet-nga-publikimi-i-aktakuzes-ndaj-thacit-veselit-selimit-e-krasniqit\/\",\"url\":\"https:\/\/permbledhja.com\/sq\/tri-vjet-nga-publikimi-i-aktakuzes-ndaj-thacit-veselit-selimit-e-krasniqit\/\",\"name\":\"Tri vjet nga publikimi i aktakuz\u00ebs ndaj Tha\u00e7it, Veselit, Selimit e Krasniqit\",\"isPartOf\":{\"@id\":\"https:\/\/permbledhja.com\/#website\"},\"datePublished\":\"2023-11-05T07:21:57+00:00\",\"dateModified\":\"2023-11-05T07:21:57+00:00\",\"breadcrumb\":{\"@id\":\"https:\/\/permbledhja.com\/sq\/tri-vjet-nga-publikimi-i-aktakuzes-ndaj-thacit-veselit-selimit-e-krasniqit\/#breadcrumb\"},\"inLanguage\":\"sq\",\"potentialAction\":[{\"@type\":\"ReadAction\",\"target\":[\"https:\/\/permbledhja.com\/sq\/tri-vjet-nga-publikimi-i-aktakuzes-ndaj-thacit-veselit-selimit-e-krasniqit\/\"]}]},{\"@type\":\"BreadcrumbList\",\"@id\":\"https:\/\/permbledhja.com\/sq\/tri-vjet-nga-publikimi-i-aktakuzes-ndaj-thacit-veselit-selimit-e-krasniqit\/#breadcrumb\",\"itemListElement\":[{\"@type\":\"ListItem\",\"position\":1,\"name\":\"Ballina\",\"item\":\"https:\/\/permbledhja.com\/sq\/\"},{\"@type\":\"ListItem\",\"position\":2,\"name\":\"Tri vjet nga publikimi i aktakuz\u00ebs ndaj Tha\u00e7it, Veselit, Selimit e Krasniqit\"}]},{\"@type\":\"WebSite\",\"@id\":\"https:\/\/permbledhja.com\/#website\",\"url\":\"https:\/\/permbledhja.com\/\",\"name\":\"Ve\u00e7 artikuj p\u00ebrmbledh\u00ebs\",\"description\":\"\",\"publisher\":{\"@id\":\"https:\/\/permbledhja.com\/#organization\"},\"potentialAction\":[{\"@type\":\"SearchAction\",\"target\":{\"@type\":\"EntryPoint\",\"urlTemplate\":\"https:\/\/permbledhja.com\/?s={search_term_string}\"},\"query-input\":\"required name=search_term_string\"}],\"inLanguage\":\"sq\"},{\"@type\":\"Organization\",\"@id\":\"https:\/\/permbledhja.com\/#organization\",\"name\":\"MK Media & Pr\",\"url\":\"https:\/\/permbledhja.com\/\",\"logo\":{\"@type\":\"ImageObject\",\"inLanguage\":\"sq\",\"@id\":\"https:\/\/permbledhja.com\/#\/schema\/logo\/image\/\",\"url\":\"https:\/\/permbledhja.com\/wp-content\/uploads\/2021\/12\/07-Press-Logo.jpg\",\"contentUrl\":\"https:\/\/permbledhja.com\/wp-content\/uploads\/2021\/12\/07-Press-Logo.jpg\",\"width\":512,\"height\":512,\"caption\":\"MK Media & Pr\"},\"image\":{\"@id\":\"https:\/\/permbledhja.com\/#\/schema\/logo\/image\/\"},\"sameAs\":[\"https:\/\/www.facebook.com\/press07\/\"]},{\"@type\":\"Person\",\"@id\":\"https:\/\/permbledhja.com\/#\/schema\/person\/d23f13f59b5722643933d6780783acf3\",\"name\":\"M M\",\"image\":{\"@type\":\"ImageObject\",\"inLanguage\":\"sq\",\"@id\":\"https:\/\/permbledhja.com\/#\/schema\/person\/image\/\",\"url\":\"https:\/\/secure.gravatar.com\/avatar\/e2835a76ca7c31a2416b2d51c4ec9a8f?s=96&d=mm&r=g\",\"contentUrl\":\"https:\/\/secure.gravatar.com\/avatar\/e2835a76ca7c31a2416b2d51c4ec9a8f?s=96&d=mm&r=g\",\"caption\":\"M M\"},\"sameAs\":[\"http:\/\/MM\"],\"url\":\"https:\/\/permbledhja.com\/sq\/author\/muhamet\/\"}]}<\/script>\n<!-- \/ Yoast SEO plugin. -->","yoast_head_json":{"title":"Tri vjet nga publikimi i aktakuz\u00ebs ndaj Tha\u00e7it, Veselit, Selimit e Krasniqit","robots":{"index":"index","follow":"follow","max-snippet":"max-snippet:-1","max-image-preview":"max-image-preview:large","max-video-preview":"max-video-preview:-1"},"canonical":"https:\/\/permbledhja.com\/sq\/tri-vjet-nga-publikimi-i-aktakuzes-ndaj-thacit-veselit-selimit-e-krasniqit\/","og_locale":"sq_AL","og_type":"article","og_title":"Tri vjet nga publikimi i aktakuz\u00ebs ndaj Tha\u00e7it, Veselit, Selimit e Krasniqit","og_description":"Dhomat e Specializuara n\u00eb Hag\u00eb m\u00eb 5 n\u00ebntor 2020 b\u00ebn\u00eb publike aktakuz\u00ebn kund\u00ebr ish-krer\u00ebve t\u00eb U\u00c7K-s\u00eb Hashim Tha\u00e7it, Kadri Veselit, Rexhep Selimit dhe Jakup Krasniqit. Veprat e pretenduara ndaj tyre kan\u00eb t\u00eb b\u00ebjn\u00eb \u201cme krime lufte, ndalimit t\u00eb paligjsh\u00ebm ose arbitrar, trajtimit mizor, tortur\u00ebs dhe vrasjes s\u00eb paligjshme dhe krimet kund\u00ebr njer\u00ebzimit t\u00eb burgosjes, akteve [&hellip;]","og_url":"https:\/\/permbledhja.com\/sq\/tri-vjet-nga-publikimi-i-aktakuzes-ndaj-thacit-veselit-selimit-e-krasniqit\/","og_site_name":"Ve\u00e7 artikuj p\u00ebrmbledh\u00ebs","article_publisher":"https:\/\/www.facebook.com\/press07\/","article_published_time":"2023-11-05T07:21:57+00:00","og_image":[{"width":743,"height":419,"url":"https:\/\/permbledhja.com\/wp-content\/uploads\/2023\/11\/Thaci-dhe-te-tjeret-3.jpg","type":"image\/jpeg"}],"author":"M M","twitter_card":"summary_large_image","twitter_misc":{"Written by":"M M","Est. reading time":"1 minut\u00eb"},"schema":{"@context":"https:\/\/schema.org","@graph":[{"@type":"Article","@id":"https:\/\/permbledhja.com\/sq\/tri-vjet-nga-publikimi-i-aktakuzes-ndaj-thacit-veselit-selimit-e-krasniqit\/#article","isPartOf":{"@id":"https:\/\/permbledhja.com\/sq\/tri-vjet-nga-publikimi-i-aktakuzes-ndaj-thacit-veselit-selimit-e-krasniqit\/"},"author":{"name":"M M","@id":"https:\/\/permbledhja.com\/#\/schema\/person\/d23f13f59b5722643933d6780783acf3"},"headline":"Tri vjet nga publikimi i aktakuz\u00ebs ndaj Tha\u00e7it, Veselit, Selimit e Krasniqit","datePublished":"2023-11-05T07:21:57+00:00","dateModified":"2023-11-05T07:21:57+00:00","mainEntityOfPage":{"@id":"https:\/\/permbledhja.com\/sq\/tri-vjet-nga-publikimi-i-aktakuzes-ndaj-thacit-veselit-selimit-e-krasniqit\/"},"wordCount":281,"publisher":{"@id":"https:\/\/permbledhja.com\/#organization"},"articleSection":["Komb\u00ebtare","Lajme"],"inLanguage":"sq"},{"@type":"WebPage","@id":"https:\/\/permbledhja.com\/sq\/tri-vjet-nga-publikimi-i-aktakuzes-ndaj-thacit-veselit-selimit-e-krasniqit\/","url":"https:\/\/permbledhja.com\/sq\/tri-vjet-nga-publikimi-i-aktakuzes-ndaj-thacit-veselit-selimit-e-krasniqit\/","name":"Tri vjet nga publikimi i aktakuz\u00ebs ndaj Tha\u00e7it, Veselit, Selimit e Krasniqit","isPartOf":{"@id":"https:\/\/permbledhja.com\/#website"},"datePublished":"2023-11-05T07:21:57+00:00","dateModified":"2023-11-05T07:21:57+00:00","breadcrumb":{"@id":"https:\/\/permbledhja.com\/sq\/tri-vjet-nga-publikimi-i-aktakuzes-ndaj-thacit-veselit-selimit-e-krasniqit\/#breadcrumb"},"inLanguage":"sq","potentialAction":[{"@type":"ReadAction","target":["https:\/\/permbledhja.com\/sq\/tri-vjet-nga-publikimi-i-aktakuzes-ndaj-thacit-veselit-selimit-e-krasniqit\/"]}]},{"@type":"BreadcrumbList","@id":"https:\/\/permbledhja.com\/sq\/tri-vjet-nga-publikimi-i-aktakuzes-ndaj-thacit-veselit-selimit-e-krasniqit\/#breadcrumb","itemListElement":[{"@type":"ListItem","position":1,"name":"Ballina","item":"https:\/\/permbledhja.com\/sq\/"},{"@type":"ListItem","position":2,"name":"Tri vjet nga publikimi i aktakuz\u00ebs ndaj Tha\u00e7it, Veselit, Selimit e Krasniqit"}]},{"@type":"WebSite","@id":"https:\/\/permbledhja.com\/#website","url":"https:\/\/permbledhja.com\/","name":"Ve\u00e7 artikuj p\u00ebrmbledh\u00ebs","description":"","publisher":{"@id":"https:\/\/permbledhja.com\/#organization"},"potentialAction":[{"@type":"SearchAction","target":{"@type":"EntryPoint","urlTemplate":"https:\/\/permbledhja.com\/?s={search_term_string}"},"query-input":"required name=search_term_string"}],"inLanguage":"sq"},{"@type":"Organization","@id":"https:\/\/permbledhja.com\/#organization","name":"MK Media & Pr","url":"https:\/\/permbledhja.com\/","logo":{"@type":"ImageObject","inLanguage":"sq","@id":"https:\/\/permbledhja.com\/#\/schema\/logo\/image\/","url":"https:\/\/permbledhja.com\/wp-content\/uploads\/2021\/12\/07-Press-Logo.jpg","contentUrl":"https:\/\/permbledhja.com\/wp-content\/uploads\/2021\/12\/07-Press-Logo.jpg","width":512,"height":512,"caption":"MK Media & Pr"},"image":{"@id":"https:\/\/permbledhja.com\/#\/schema\/logo\/image\/"},"sameAs":["https:\/\/www.facebook.com\/press07\/"]},{"@type":"Person","@id":"https:\/\/permbledhja.com\/#\/schema\/person\/d23f13f59b5722643933d6780783acf3","name":"M M","image":{"@type":"ImageObject","inLanguage":"sq","@id":"https:\/\/permbledhja.com\/#\/schema\/person\/image\/","url":"https:\/\/secure.gravatar.com\/avatar\/e2835a76ca7c31a2416b2d51c4ec9a8f?s=96&d=mm&r=g","contentUrl":"https:\/\/secure.gravatar.com\/avatar\/e2835a76ca7c31a2416b2d51c4ec9a8f?s=96&d=mm&r=g","caption":"M M"},"sameAs":["http:\/\/MM"],"url":"https:\/\/permbledhja.com\/sq\/author\/muhamet\/"}]}},"_links":{"self":[{"href":"https:\/\/permbledhja.com\/sq\/wp-json\/wp\/v2\/posts\/34671"}],"collection":[{"href":"https:\/\/permbledhja.com\/sq\/wp-json\/wp\/v2\/posts"}],"about":[{"href":"https:\/\/permbledhja.com\/sq\/wp-json\/wp\/v2\/types\/post"}],"author":[{"embeddable":true,"href":"https:\/\/permbledhja.com\/sq\/wp-json\/wp\/v2\/users\/2"}],"replies":[{"embeddable":true,"href":"https:\/\/permbledhja.com\/sq\/wp-json\/wp\/v2\/comments?post=34671"}],"version-history":[{"count":1,"href":"https:\/\/permbledhja.com\/sq\/wp-json\/wp\/v2\/posts\/34671\/revisions"}],"predecessor-version":[{"id":34673,"href":"https:\/\/permbledhja.com\/sq\/wp-json\/wp\/v2\/posts\/34671\/revisions\/34673"}],"wp:featuredmedia":[{"embeddable":true,"href":"https:\/\/permbledhja.com\/sq\/wp-json\/wp\/v2\/media\/34672"}],"wp:attachment":[{"href":"https:\/\/permbledhja.com\/sq\/wp-json\/wp\/v2\/media?parent=34671"}],"wp:term":[{"taxonomy":"category","embeddable":true,"href":"https:\/\/permbledhja.com\/sq\/wp-json\/wp\/v2\/categories?post=34671"},{"taxonomy":"post_tag","embeddable":true,"href":"https:\/\/permbledhja.com\/sq\/wp-json\/wp\/v2\/tags?post=34671"}],"curies":[{"name":"wp","href":"https:\/\/api.w.org\/{rel}","templated":true}]}}