{"id":34578,"date":"2023-11-04T08:13:23","date_gmt":"2023-11-04T08:13:23","guid":{"rendered":"https:\/\/permbledhja.com\/?p=34578"},"modified":"2023-11-04T08:13:23","modified_gmt":"2023-11-04T08:13:23","slug":"parashikimi-i-motit-per-sot-15","status":"publish","type":"post","link":"https:\/\/permbledhja.com\/sq\/parashikimi-i-motit-per-sot-15\/","title":{"rendered":"Parashikimi i motit p\u00ebr sot"},"content":{"rendered":"<h3>Instituti Hidrometeorologjik i Kosov\u00ebs ka b\u00ebr\u00eb t\u00eb ditur se gjat\u00eb dit\u00ebs s\u00eb sotme do t\u00eb mbaj\u00eb mot kryesisht i vran\u00ebt dhe me reshje shiu.<\/h3>\n<p>Sipas njoftimit t\u00eb k\u00ebtij instituti, temperaturat minimale do t\u00eb l\u00ebvizin nd\u00ebrmjet 6-9 grad\u00eb Celsius, nd\u00ebrsa maksimalet nd\u00ebrmjet 13-16 grad\u00eb Celsius.<\/p>\n<p>\u201c<em>T\u00eb shtun\u00ebn do t\u00eb mbaj\u00eb mot kryesisht i vran\u00ebt dhe me reshje shiu t\u00eb intensitetit mesatar deri t\u00eb lart\u00eb. Reshjet m\u00eb t\u00eb theksuara priten t\u00eb regjistrohen n\u00eb juglindje ndhe veriperendim t\u00eb vendit, derisa pjes\u00ebt tjera t\u00eb terrtorit parashihen t\u00eb ken\u00eb reshje t\u00eb intensitetit mesatar\u201d.<\/em><\/p>\n<p>\u201c<em>Temperaturat minimale do t\u00eb l\u00ebvizin nd\u00ebrmjet 6-9 grad\u00eb Celsius, nd\u00ebrsa maksimalet e dit\u00ebs do t\u00eb l\u00ebvizin nd\u00ebrmjet 13-16 grad\u00eb Celsius. Do t\u00eb fryj\u00eb er\u00eb kryesisht nga jugperendimi me shpejt\u00ebsi 1-6m\/s<\/em>\u201d, thuhet tutje n\u00eb njoftimin e IHMK-s\u00eb.<\/p>\n","protected":false},"excerpt":{"rendered":"<p>Instituti Hidrometeorologjik i Kosov\u00ebs ka b\u00ebr\u00eb t\u00eb ditur se gjat\u00eb dit\u00ebs s\u00eb sotme do t\u00eb mbaj\u00eb mot kryesisht i vran\u00ebt dhe me reshje shiu. Sipas njoftimit t\u00eb k\u00ebtij instituti, temperaturat minimale do t\u00eb l\u00ebvizin nd\u00ebrmjet 6-9 grad\u00eb Celsius, nd\u00ebrsa maksimalet nd\u00ebrmjet 13-16 grad\u00eb Celsius. \u201cT\u00eb shtun\u00ebn do t\u00eb mbaj\u00eb mot kryesisht i vran\u00ebt dhe me [&hellip;]<\/p>\n","protected":false},"author":1,"featured_media":29814,"comment_status":"closed","ping_status":"closed","sticky":false,"template":"","format":"standard","meta":{"_monsterinsights_skip_tracking":false,"_monsterinsights_sitenote_active":false,"_monsterinsights_sitenote_note":"","_monsterinsights_sitenote_category":0,"_uf_show_specific_survey":0,"_uf_disable_surveys":false,"footnotes":""},"categories":[23,15],"tags":[26],"yoast_head":"<!-- This site is optimized with the Yoast SEO plugin v21.5 - https:\/\/yoast.com\/wordpress\/plugins\/seo\/ -->\n<title>Parashikimi i motit p\u00ebr sot<\/title>\n<meta name=\"robots\" content=\"index, follow, max-snippet:-1, max-image-preview:large, max-video-preview:-1\" \/>\n<link rel=\"canonical\" href=\"https:\/\/permbledhja.com\/sq\/parashikimi-i-motit-per-sot-15\/\" \/>\n<meta property=\"og:locale\" content=\"sq_AL\" \/>\n<meta property=\"og:type\" content=\"article\" \/>\n<meta property=\"og:title\" content=\"Parashikimi i motit p\u00ebr sot\" \/>\n<meta property=\"og:description\" content=\"Instituti Hidrometeorologjik i Kosov\u00ebs ka b\u00ebr\u00eb t\u00eb ditur se gjat\u00eb dit\u00ebs s\u00eb sotme do t\u00eb mbaj\u00eb mot kryesisht i vran\u00ebt dhe me reshje shiu. Sipas njoftimit t\u00eb k\u00ebtij instituti, temperaturat minimale do t\u00eb l\u00ebvizin nd\u00ebrmjet 6-9 grad\u00eb Celsius, nd\u00ebrsa maksimalet nd\u00ebrmjet 13-16 grad\u00eb Celsius. \u201cT\u00eb shtun\u00ebn do t\u00eb mbaj\u00eb mot kryesisht i vran\u00ebt dhe me [&hellip;]\" \/>\n<meta property=\"og:url\" content=\"https:\/\/permbledhja.com\/sq\/parashikimi-i-motit-per-sot-15\/\" \/>\n<meta property=\"og:site_name\" content=\"Ve\u00e7 artikuj p\u00ebrmbledh\u00ebs\" \/>\n<meta property=\"article:publisher\" content=\"https:\/\/www.facebook.com\/press07\/\" \/>\n<meta property=\"article:author\" content=\"https:\/\/www.facebook.com\/kafexhiu.muharrem\/\" \/>\n<meta property=\"article:published_time\" content=\"2023-11-04T08:13:23+00:00\" \/>\n<meta property=\"og:image\" content=\"https:\/\/permbledhja.com\/wp-content\/uploads\/2023\/10\/Moti-foto-18.jpg\" \/>\n\t<meta property=\"og:image:width\" content=\"603\" \/>\n\t<meta property=\"og:image:height\" content=\"480\" \/>\n\t<meta property=\"og:image:type\" content=\"image\/jpeg\" \/>\n<meta name=\"author\" content=\"P\u00ebrmbledhja\" \/>\n<meta name=\"twitter:card\" content=\"summary_large_image\" \/>\n<meta name=\"twitter:label1\" content=\"Written by\" \/>\n\t<meta name=\"twitter:data1\" content=\"P\u00ebrmbledhja\" \/>\n\t<meta name=\"twitter:label2\" content=\"Est. reading time\" \/>\n\t<meta name=\"twitter:data2\" content=\"1 minut\u00eb\" \/>\n<script type=\"application\/ld+json\" class=\"yoast-schema-graph\">{\"@context\":\"https:\/\/schema.org\",\"@graph\":[{\"@type\":\"Article\",\"@id\":\"https:\/\/permbledhja.com\/parashikimi-i-motit-per-sot-15\/#article\",\"isPartOf\":{\"@id\":\"https:\/\/permbledhja.com\/parashikimi-i-motit-per-sot-15\/\"},\"author\":{\"name\":\"P\u00ebrmbledhja\",\"@id\":\"https:\/\/permbledhja.com\/#\/schema\/person\/0d064377258d3221e50693947b9eb4fe\"},\"headline\":\"Parashikimi i motit p\u00ebr sot\",\"datePublished\":\"2023-11-04T08:13:23+00:00\",\"dateModified\":\"2023-11-04T08:13:23+00:00\",\"mainEntityOfPage\":{\"@id\":\"https:\/\/permbledhja.com\/parashikimi-i-motit-per-sot-15\/\"},\"wordCount\":151,\"publisher\":{\"@id\":\"https:\/\/permbledhja.com\/#organization\"},\"keywords\":[\"Moti\"],\"articleSection\":[\"Komb\u00ebtare\",\"Lajme\"],\"inLanguage\":\"sq\"},{\"@type\":\"WebPage\",\"@id\":\"https:\/\/permbledhja.com\/parashikimi-i-motit-per-sot-15\/\",\"url\":\"https:\/\/permbledhja.com\/parashikimi-i-motit-per-sot-15\/\",\"name\":\"Parashikimi i motit p\u00ebr sot\",\"isPartOf\":{\"@id\":\"https:\/\/permbledhja.com\/#website\"},\"datePublished\":\"2023-11-04T08:13:23+00:00\",\"dateModified\":\"2023-11-04T08:13:23+00:00\",\"breadcrumb\":{\"@id\":\"https:\/\/permbledhja.com\/parashikimi-i-motit-per-sot-15\/#breadcrumb\"},\"inLanguage\":\"sq\",\"potentialAction\":[{\"@type\":\"ReadAction\",\"target\":[\"https:\/\/permbledhja.com\/parashikimi-i-motit-per-sot-15\/\"]}]},{\"@type\":\"BreadcrumbList\",\"@id\":\"https:\/\/permbledhja.com\/parashikimi-i-motit-per-sot-15\/#breadcrumb\",\"itemListElement\":[{\"@type\":\"ListItem\",\"position\":1,\"name\":\"Ballina\",\"item\":\"https:\/\/permbledhja.com\/sq\/\"},{\"@type\":\"ListItem\",\"position\":2,\"name\":\"Parashikimi i motit p\u00ebr sot\"}]},{\"@type\":\"WebSite\",\"@id\":\"https:\/\/permbledhja.com\/#website\",\"url\":\"https:\/\/permbledhja.com\/\",\"name\":\"Ve\u00e7 artikuj p\u00ebrmbledh\u00ebs\",\"description\":\"\",\"publisher\":{\"@id\":\"https:\/\/permbledhja.com\/#organization\"},\"potentialAction\":[{\"@type\":\"SearchAction\",\"target\":{\"@type\":\"EntryPoint\",\"urlTemplate\":\"https:\/\/permbledhja.com\/?s={search_term_string}\"},\"query-input\":\"required name=search_term_string\"}],\"inLanguage\":\"sq\"},{\"@type\":\"Organization\",\"@id\":\"https:\/\/permbledhja.com\/#organization\",\"name\":\"MK Media & Pr\",\"url\":\"https:\/\/permbledhja.com\/\",\"logo\":{\"@type\":\"ImageObject\",\"inLanguage\":\"sq\",\"@id\":\"https:\/\/permbledhja.com\/#\/schema\/logo\/image\/\",\"url\":\"https:\/\/permbledhja.com\/wp-content\/uploads\/2021\/12\/07-Press-Logo.jpg\",\"contentUrl\":\"https:\/\/permbledhja.com\/wp-content\/uploads\/2021\/12\/07-Press-Logo.jpg\",\"width\":512,\"height\":512,\"caption\":\"MK Media & Pr\"},\"image\":{\"@id\":\"https:\/\/permbledhja.com\/#\/schema\/logo\/image\/\"},\"sameAs\":[\"https:\/\/www.facebook.com\/press07\/\"]},{\"@type\":\"Person\",\"@id\":\"https:\/\/permbledhja.com\/#\/schema\/person\/0d064377258d3221e50693947b9eb4fe\",\"name\":\"P\u00ebrmbledhja\",\"image\":{\"@type\":\"ImageObject\",\"inLanguage\":\"sq\",\"@id\":\"https:\/\/permbledhja.com\/#\/schema\/person\/image\/\",\"url\":\"https:\/\/permbledhja.com\/wp-content\/uploads\/2026\/01\/452004717_1040944174702970_8932037511805513407_n-96x96.jpg\",\"contentUrl\":\"https:\/\/permbledhja.com\/wp-content\/uploads\/2026\/01\/452004717_1040944174702970_8932037511805513407_n-96x96.jpg\",\"caption\":\"P\u00ebrmbledhja\"},\"sameAs\":[\"https:\/\/www.facebook.com\/kafexhiu.muharrem\/\",\"https:\/\/www.instagram.com\/muharrem_kafexhiu\/\"],\"url\":\"https:\/\/permbledhja.com\/sq\/author\/admin\/\"}]}<\/script>\n<!-- \/ Yoast SEO plugin. -->","yoast_head_json":{"title":"Parashikimi i motit p\u00ebr sot","robots":{"index":"index","follow":"follow","max-snippet":"max-snippet:-1","max-image-preview":"max-image-preview:large","max-video-preview":"max-video-preview:-1"},"canonical":"https:\/\/permbledhja.com\/sq\/parashikimi-i-motit-per-sot-15\/","og_locale":"sq_AL","og_type":"article","og_title":"Parashikimi i motit p\u00ebr sot","og_description":"Instituti Hidrometeorologjik i Kosov\u00ebs ka b\u00ebr\u00eb t\u00eb ditur se gjat\u00eb dit\u00ebs s\u00eb sotme do t\u00eb mbaj\u00eb mot kryesisht i vran\u00ebt dhe me reshje shiu. Sipas njoftimit t\u00eb k\u00ebtij instituti, temperaturat minimale do t\u00eb l\u00ebvizin nd\u00ebrmjet 6-9 grad\u00eb Celsius, nd\u00ebrsa maksimalet nd\u00ebrmjet 13-16 grad\u00eb Celsius. \u201cT\u00eb shtun\u00ebn do t\u00eb mbaj\u00eb mot kryesisht i vran\u00ebt dhe me [&hellip;]","og_url":"https:\/\/permbledhja.com\/sq\/parashikimi-i-motit-per-sot-15\/","og_site_name":"Ve\u00e7 artikuj p\u00ebrmbledh\u00ebs","article_publisher":"https:\/\/www.facebook.com\/press07\/","article_author":"https:\/\/www.facebook.com\/kafexhiu.muharrem\/","article_published_time":"2023-11-04T08:13:23+00:00","og_image":[{"width":603,"height":480,"url":"https:\/\/permbledhja.com\/wp-content\/uploads\/2023\/10\/Moti-foto-18.jpg","type":"image\/jpeg"}],"author":"P\u00ebrmbledhja","twitter_card":"summary_large_image","twitter_misc":{"Written by":"P\u00ebrmbledhja","Est. reading time":"1 minut\u00eb"},"schema":{"@context":"https:\/\/schema.org","@graph":[{"@type":"Article","@id":"https:\/\/permbledhja.com\/parashikimi-i-motit-per-sot-15\/#article","isPartOf":{"@id":"https:\/\/permbledhja.com\/parashikimi-i-motit-per-sot-15\/"},"author":{"name":"P\u00ebrmbledhja","@id":"https:\/\/permbledhja.com\/#\/schema\/person\/0d064377258d3221e50693947b9eb4fe"},"headline":"Parashikimi i motit p\u00ebr sot","datePublished":"2023-11-04T08:13:23+00:00","dateModified":"2023-11-04T08:13:23+00:00","mainEntityOfPage":{"@id":"https:\/\/permbledhja.com\/parashikimi-i-motit-per-sot-15\/"},"wordCount":151,"publisher":{"@id":"https:\/\/permbledhja.com\/#organization"},"keywords":["Moti"],"articleSection":["Komb\u00ebtare","Lajme"],"inLanguage":"sq"},{"@type":"WebPage","@id":"https:\/\/permbledhja.com\/parashikimi-i-motit-per-sot-15\/","url":"https:\/\/permbledhja.com\/parashikimi-i-motit-per-sot-15\/","name":"Parashikimi i motit p\u00ebr sot","isPartOf":{"@id":"https:\/\/permbledhja.com\/#website"},"datePublished":"2023-11-04T08:13:23+00:00","dateModified":"2023-11-04T08:13:23+00:00","breadcrumb":{"@id":"https:\/\/permbledhja.com\/parashikimi-i-motit-per-sot-15\/#breadcrumb"},"inLanguage":"sq","potentialAction":[{"@type":"ReadAction","target":["https:\/\/permbledhja.com\/parashikimi-i-motit-per-sot-15\/"]}]},{"@type":"BreadcrumbList","@id":"https:\/\/permbledhja.com\/parashikimi-i-motit-per-sot-15\/#breadcrumb","itemListElement":[{"@type":"ListItem","position":1,"name":"Ballina","item":"https:\/\/permbledhja.com\/sq\/"},{"@type":"ListItem","position":2,"name":"Parashikimi i motit p\u00ebr sot"}]},{"@type":"WebSite","@id":"https:\/\/permbledhja.com\/#website","url":"https:\/\/permbledhja.com\/","name":"Ve\u00e7 artikuj p\u00ebrmbledh\u00ebs","description":"","publisher":{"@id":"https:\/\/permbledhja.com\/#organization"},"potentialAction":[{"@type":"SearchAction","target":{"@type":"EntryPoint","urlTemplate":"https:\/\/permbledhja.com\/?s={search_term_string}"},"query-input":"required name=search_term_string"}],"inLanguage":"sq"},{"@type":"Organization","@id":"https:\/\/permbledhja.com\/#organization","name":"MK Media & Pr","url":"https:\/\/permbledhja.com\/","logo":{"@type":"ImageObject","inLanguage":"sq","@id":"https:\/\/permbledhja.com\/#\/schema\/logo\/image\/","url":"https:\/\/permbledhja.com\/wp-content\/uploads\/2021\/12\/07-Press-Logo.jpg","contentUrl":"https:\/\/permbledhja.com\/wp-content\/uploads\/2021\/12\/07-Press-Logo.jpg","width":512,"height":512,"caption":"MK Media & Pr"},"image":{"@id":"https:\/\/permbledhja.com\/#\/schema\/logo\/image\/"},"sameAs":["https:\/\/www.facebook.com\/press07\/"]},{"@type":"Person","@id":"https:\/\/permbledhja.com\/#\/schema\/person\/0d064377258d3221e50693947b9eb4fe","name":"P\u00ebrmbledhja","image":{"@type":"ImageObject","inLanguage":"sq","@id":"https:\/\/permbledhja.com\/#\/schema\/person\/image\/","url":"https:\/\/permbledhja.com\/wp-content\/uploads\/2026\/01\/452004717_1040944174702970_8932037511805513407_n-96x96.jpg","contentUrl":"https:\/\/permbledhja.com\/wp-content\/uploads\/2026\/01\/452004717_1040944174702970_8932037511805513407_n-96x96.jpg","caption":"P\u00ebrmbledhja"},"sameAs":["https:\/\/www.facebook.com\/kafexhiu.muharrem\/","https:\/\/www.instagram.com\/muharrem_kafexhiu\/"],"url":"https:\/\/permbledhja.com\/sq\/author\/admin\/"}]}},"_links":{"self":[{"href":"https:\/\/permbledhja.com\/sq\/wp-json\/wp\/v2\/posts\/34578"}],"collection":[{"href":"https:\/\/permbledhja.com\/sq\/wp-json\/wp\/v2\/posts"}],"about":[{"href":"https:\/\/permbledhja.com\/sq\/wp-json\/wp\/v2\/types\/post"}],"author":[{"embeddable":true,"href":"https:\/\/permbledhja.com\/sq\/wp-json\/wp\/v2\/users\/1"}],"replies":[{"embeddable":true,"href":"https:\/\/permbledhja.com\/sq\/wp-json\/wp\/v2\/comments?post=34578"}],"version-history":[{"count":1,"href":"https:\/\/permbledhja.com\/sq\/wp-json\/wp\/v2\/posts\/34578\/revisions"}],"predecessor-version":[{"id":34579,"href":"https:\/\/permbledhja.com\/sq\/wp-json\/wp\/v2\/posts\/34578\/revisions\/34579"}],"wp:featuredmedia":[{"embeddable":true,"href":"https:\/\/permbledhja.com\/sq\/wp-json\/wp\/v2\/media\/29814"}],"wp:attachment":[{"href":"https:\/\/permbledhja.com\/sq\/wp-json\/wp\/v2\/media?parent=34578"}],"wp:term":[{"taxonomy":"category","embeddable":true,"href":"https:\/\/permbledhja.com\/sq\/wp-json\/wp\/v2\/categories?post=34578"},{"taxonomy":"post_tag","embeddable":true,"href":"https:\/\/permbledhja.com\/sq\/wp-json\/wp\/v2\/tags?post=34578"}],"curies":[{"name":"wp","href":"https:\/\/api.w.org\/{rel}","templated":true}]}}