{"id":34500,"date":"2023-11-03T12:46:45","date_gmt":"2023-11-03T12:46:45","guid":{"rendered":"https:\/\/permbledhja.com\/?p=34500"},"modified":"2023-11-03T12:46:45","modified_gmt":"2023-11-03T12:46:45","slug":"o-trim-si-me-nenshkrim-si-pa-nenshkrim-ti-ke-ba-pranim","status":"publish","type":"post","link":"https:\/\/permbledhja.com\/sq\/o-trim-si-me-nenshkrim-si-pa-nenshkrim-ti-ke-ba-pranim\/","title":{"rendered":"\u201cO trim, si me n\u00ebnshkrim, si pa n\u00ebnshkrim, ti ke ba pranim\u201d"},"content":{"rendered":"<h3>Kryetari i Partis\u00eb Demokratike t\u00eb Kosov\u00ebs, Memli Krasniqi tha se kryeministri Albin Kurti e ka b\u00ebr\u00eb pranimin e Asociacionit. Teksa p\u00ebrs\u00ebriti, si\u00e7 i quajti ai, frazat e Kurtit p\u00ebr n\u00ebnshkrimin e draft-statutit, ai tha se qytetar\u00ebt nuk mund t\u2019i mashtroj\u00eb. Tutje, Krasniqi deklaroi se n\u00eb takimin e fundit n\u00eb Bruksel, kryeministri e ka p\u00ebrmbysur komplet karrier\u00ebn e tij politike.<\/h3>\n<p>N\u00eb deklarimin e tij ku shefi i ekzekutivit po raporton p\u00ebr takimin e fundit n\u00eb Bruksel, kreu i PDK-s\u00eb theksoi se ai nuk \u00ebsht\u00eb ftuar p\u00ebr t\u2019u shpallur tradhtar, mashtrues e as shpihun. Megjithat\u00eb, si\u00e7 tha Krasniqi, Kurti e ka nd\u00ebrtuar t\u00ebr\u00eb karrier\u00ebn e tij me etiketime.<\/p>\n<p><em>\u201cSot v\u00ebshtir\u00eb \u00ebsht\u00eb p\u00ebr mua personalisht, besoj p\u00ebr shumic\u00ebn k\u00ebtu me dit a me qesh a me qajt me fjal\u00ebn t\u00ebnde. Me qesh q\u00eb erdh dita 10 vjet m\u00eb von\u00eb me ardhur n\u00eb t\u00eb nj\u00ebjt\u00ebn foltore me mbrojt \u201cZajednic\u00ebn\u201d, a \u00ebsht\u00eb kjo p\u00ebr t\u00eb qeshur q\u00eb t\u2019i vjen edhe na tregon \u00e7far\u00eb propozimi t\u00eb mir\u00eb ke pranuar p\u00ebr \u201cZajednic\u00ebn\u201d. A \u00ebsht\u00eb p\u00ebr t\u00eb qajtur q\u00eb p\u00ebr 10 vjet, nj\u00eb dekad\u00eb t\u00eb humbur t\u00eb Kosov\u00ebs, t\u00eb mund\u00ebsive t\u00eb k\u00ebtij vendi, dhun\u00ebs, p\u00ebr\u00e7arjes t\u00eb shoq\u00ebris\u00eb q\u00eb ke instaluar n\u00eb \u00e7do pore t\u00eb jet\u00ebs. T\u00eb jet\u00ebve t\u00eb humbura q\u00eb ti i ke mashtruar duke kund\u00ebrshtuar k\u00ebt\u00eb \u201cZajednic\u00eb\u201d q\u00eb sot ke ardhur p\u00ebr ta mbrojtur, arsyetuar dhe p\u00ebr ta lavd\u00ebruar e me mb\u00ebshtet\u201d<\/em>,\u00a0deklaroi Krasniqi.<\/p>\n<p>Tutje, i pari i PDK-s\u00eb theksoi se edhe para ambasador\u00ebve ka raportuar p\u00ebr takimin e fundit n\u00eb Bruksel, e jo para t\u00eb zgjedhurve t\u00eb popullit.<\/p>\n<p>\u201c<em>P\u00ebr 19 minuta Albin Kurti e ka p\u00ebrmbysur komplet karrier\u00ebn e tij politike me 26 tetor n\u00eb Bruksel. Hyn\u00eb e dil, kafe s\u2019ke pas koh\u00eb me pi, p\u00ebr 19 minuta. E ti po tregon \u00e7far\u00eb ju ke th\u00ebn\u00eb, e \u00e7far\u00eb nuk ju ke th\u00ebn\u00eb. Zot\u00ebri ne e dim\u00eb me 21 tetor e ke pas pes\u00ebshen k\u00ebtu, \u00ebsht\u00eb p\u00ebr t\u2019u vler\u00ebsuar ky angazhim i madh i partner\u00ebve kryesor nd\u00ebrkomb\u00ebtar t\u00eb Kosov\u00ebs. T\u00eb kemi th\u00ebn\u00eb secili prej neve k\u00ebtu n\u00eb opozit\u00eb, koordinohu me amerikan\u00eb, koordinua me per\u00ebndim, mos na d\u00ebrgo n\u00eb konfrontim me ta se vet nuk kemi mundur askush, nuk do t\u00eb mund\u00ebsh as ti mujt<\/em>\u201d,\u00a0theksoi ai n\u00eb seanc\u00eb plenare.<\/p>\n<p>Krasniqi tha se \u00ebsht\u00eb e r\u00ebnd\u00ebsishme t\u00eb dihet se qysh do e ket\u00eb emrin \u201cAsociacioni\u201d n\u00eb k\u00ebt\u00eb draft.<\/p>\n<p>\u201c<em>T\u00eb kemi thirr me ardhur me fol p\u00ebr draft, pa paragjykim. Dhe t\u2019i 20 minuta tregove gati shumic\u00ebn e koh\u00ebs p\u00ebr takimin n\u00eb Bruksel q\u00eb ka zgjatur 19 minuta. E ata a kan\u00eb fol naj sen, a ve\u00e7 ti ke fol a? Ti 15 minuta tregove \u00e7far\u00eb ke th\u00ebn\u00eb, e ata, a ve\u00e7 thoshin \u2018bravo\u2019. A mendon q\u00eb t\u00eb kan\u00eb rreh shuplaka si k\u00ebta k\u00ebtu a. Po na e dim\u00eb q\u00eb nuk t\u00eb rreh ty shuplaka kurrkush, p\u00ebrve\u00e7 k\u00ebtyre. A mendon q\u00eb Macroni, Scholzi, Meloni, Borreli, Laj\u00e7aku e ata tjer\u00ebt i kan\u00eb rrahur shuplaka a? Se ju ndoshta e mendoni. Jo nuk kan\u00eb rrahur shuplaka, ky ata s\u2019ka fol m\u00eb shum\u00eb se tre minuta, po s\u2019kan\u00eb pas more koh\u00eb ky t\u00eb ju tregoj\u00eb q\u00eb ka zhvillim ekonomik. Zhvillimin ekonomik jan\u00eb duke e ndjer\u00eb qytetar\u00ebt e Kosov\u00ebs\u201d<\/em>,\u00a0shtoi ai.<\/p>\n<p>Kryetari i PDK-s\u00eb k\u00ebrkoi detaje se \u00e7far\u00eb ka pranuar n\u00eb Bruksel dhe p\u00ebr \u00e7far\u00eb \u00ebsht\u00eb i gatsh\u00ebm q\u00eb t\u00eb jap.<\/p>\n<p>\u201c<em>S\u00eb pari kur ti thua \u2018hajde po e n\u00ebnshkruajm\u00eb\u2019, e ke b\u00ebr\u00eb nj\u00eb gabim t\u00eb jasht\u00ebzakonsh\u00ebm, q\u00eb nj\u00eb amater nuk \u00ebsht\u00eb dashur ta b\u00ebj\u00eb. Me i than\u00eb bot\u00ebs jam i gatsh\u00ebm t\u00eb n\u00ebnshkruaj\u00eb me Vu\u00e7iqin draftin e Asociacionit p\u00ebr Kosov\u00ebn, q\u00eb rregullon Kosov\u00ebn brenda, \u00ebsht\u00eb jo banale, \u00ebsht\u00eb abnormale. \u00cbsht\u00eb me pranua Serbia me vendos p\u00ebr rregullimin e brendsh\u00ebm t\u00eb Kosov\u00ebs. Me n\u00ebnshkrua draftin e asociacionit q\u00eb duhet t\u00eb miratoj\u00eb qeveria q\u00eb t\u2019i drejton, e me gjykua Gjykata Kushtetuese e Republik\u00ebs s\u00eb Kosov\u00ebs. Tash un\u00eb nuk besoj q\u00eb je shkuar t\u2019i n\u00eb \u00e7erdhe atje me f\u00ebmij\u00eb me luajt, \u2018n\u00ebse e pranojm\u00eb e n\u00ebnshkruajm\u00eb, s\u2019e n\u00ebnshkruajm\u00eb e n\u00ebnshkruajm\u00eb, e zbatojm\u00eb\u2019. D\u00ebgjo, b\u00ebhu m\u00eb serioz se sinqerisht ke p\u00ebrgjegj\u00ebsi shum\u00eb m\u00eb t\u00eb madhe. Lej ato fraza \u2018pa n\u00ebnshkrim nuk ka pranim, ka zbatim\u2019. O Albin, o trim, si me n\u00ebnshkrim si pa n\u00ebnshkrim ti ke b\u00ebr\u00eb pranim, kjo po shihet. Tash ti k\u00eb ke dal me mashtrua. K\u00ebta i mashtron leht\u00eb, neve nuk mund t\u00eb na mashtrosh, as qytetar\u00ebt e Kosov\u00ebs nuk mundesh me i mashtrua\u201d<\/em>,\u00a0u shpreh ai.<\/p>\n<p>N\u00eb fillim t\u00eb fjal\u00ebs s\u00eb tij, Krasniqi i tha Kurtit \u201ca u qet\u00ebsove\u201d.<\/p>\n<p>\u201cA u qet\u00ebsove kryeminist\u00ebr, se u b\u00ebn\u00eb merak k\u00ebta t\u00eb tut kur t\u00eb pan\u00eb ashtu, a je mir\u00eb?\u201d,\u00a0i tha ai.<\/p>\n<p>Teksa pati kritika p\u00ebr vones\u00ebn e Kurtit n\u00eb seanc\u00eb plenare, Krasniqi tha se Kurti i ka kund\u00ebr t\u00eb gjith\u00eb bashk\u00ebpun\u00ebtor\u00ebt e tij t\u00eb ngusht\u00eb t\u00eb dikursh\u00ebm.<\/p>\n<p><em>\u201cQysh \u00ebsht\u00eb e mundur krejt bashk\u00ebpun\u00ebtor\u00ebt e t\u2019u m\u00eb t\u00eb ngusht\u00eb me t\u00eb dal kund\u00ebr sot. Ish-numri dy i partis\u00eb t\u00ebnde me t\u00eb cilin e ke nd\u00ebrtuar komplet rrug\u00ebtimin t\u00ebnd edhe karrier\u00ebn t\u00ebnde politike, ish dal\u00eb qaty para der\u00ebs me t\u00eb kund\u00ebrshtua, nuk t\u00eb lejojke me hy. Ish-numri dy i qeveris\u00eb t\u00ebnde, t\u00eb cilin e ke pasur z\u00ebvend\u00ebskryeminist\u00ebr t\u2019i ka b\u00ebr\u00eb disa pyetje, se di a i pe? Ato pyetje nuk ju ke dh\u00ebn\u00eb as ti p\u00ebrgjigje, besa nuk ju ka dh\u00ebn\u00eb askush\u201d<\/em>,\u00a0deklaroi ai.<\/p>\n","protected":false},"excerpt":{"rendered":"<p>Kryetari i Partis\u00eb Demokratike t\u00eb Kosov\u00ebs, Memli Krasniqi tha se kryeministri Albin Kurti e ka b\u00ebr\u00eb pranimin e Asociacionit. Teksa p\u00ebrs\u00ebriti, si\u00e7 i quajti ai, frazat e Kurtit p\u00ebr n\u00ebnshkrimin e draft-statutit, ai tha se qytetar\u00ebt nuk mund t\u2019i mashtroj\u00eb. Tutje, Krasniqi deklaroi se n\u00eb takimin e fundit n\u00eb Bruksel, kryeministri e ka p\u00ebrmbysur komplet [&hellip;]<\/p>\n","protected":false},"author":1,"featured_media":25718,"comment_status":"closed","ping_status":"closed","sticky":false,"template":"","format":"standard","meta":{"_monsterinsights_skip_tracking":false,"_monsterinsights_sitenote_active":false,"_monsterinsights_sitenote_note":"","_monsterinsights_sitenote_category":0,"_uf_show_specific_survey":0,"_uf_disable_surveys":false,"footnotes":""},"categories":[23,15],"tags":[137],"yoast_head":"<!-- This site is optimized with the Yoast SEO plugin v21.5 - https:\/\/yoast.com\/wordpress\/plugins\/seo\/ -->\n<title>\u201cO trim, si me n\u00ebnshkrim, si pa n\u00ebnshkrim, ti ke ba pranim\u201d<\/title>\n<meta name=\"robots\" content=\"index, follow, max-snippet:-1, max-image-preview:large, max-video-preview:-1\" \/>\n<link rel=\"canonical\" href=\"https:\/\/permbledhja.com\/sq\/o-trim-si-me-nenshkrim-si-pa-nenshkrim-ti-ke-ba-pranim\/\" \/>\n<meta property=\"og:locale\" content=\"sq_AL\" \/>\n<meta property=\"og:type\" content=\"article\" \/>\n<meta property=\"og:title\" content=\"\u201cO trim, si me n\u00ebnshkrim, si pa n\u00ebnshkrim, ti ke ba pranim\u201d\" \/>\n<meta property=\"og:description\" content=\"Kryetari i Partis\u00eb Demokratike t\u00eb Kosov\u00ebs, Memli Krasniqi tha se kryeministri Albin Kurti e ka b\u00ebr\u00eb pranimin e Asociacionit. Teksa p\u00ebrs\u00ebriti, si\u00e7 i quajti ai, frazat e Kurtit p\u00ebr n\u00ebnshkrimin e draft-statutit, ai tha se qytetar\u00ebt nuk mund t\u2019i mashtroj\u00eb. Tutje, Krasniqi deklaroi se n\u00eb takimin e fundit n\u00eb Bruksel, kryeministri e ka p\u00ebrmbysur komplet [&hellip;]\" \/>\n<meta property=\"og:url\" content=\"https:\/\/permbledhja.com\/sq\/o-trim-si-me-nenshkrim-si-pa-nenshkrim-ti-ke-ba-pranim\/\" \/>\n<meta property=\"og:site_name\" content=\"Ve\u00e7 artikuj p\u00ebrmbledh\u00ebs\" \/>\n<meta property=\"article:publisher\" content=\"https:\/\/www.facebook.com\/press07\/\" \/>\n<meta property=\"article:author\" content=\"https:\/\/www.facebook.com\/kafexhiu.muharrem\/\" \/>\n<meta property=\"article:published_time\" content=\"2023-11-03T12:46:45+00:00\" \/>\n<meta property=\"og:image\" content=\"https:\/\/permbledhja.com\/wp-content\/uploads\/2023\/09\/memli-krasniqi.jpg\" \/>\n\t<meta property=\"og:image:width\" content=\"1440\" \/>\n\t<meta property=\"og:image:height\" content=\"959\" \/>\n\t<meta property=\"og:image:type\" content=\"image\/jpeg\" \/>\n<meta name=\"author\" content=\"P\u00ebrmbledhja\" \/>\n<meta name=\"twitter:card\" content=\"summary_large_image\" \/>\n<meta name=\"twitter:label1\" content=\"Written by\" \/>\n\t<meta name=\"twitter:data1\" content=\"P\u00ebrmbledhja\" \/>\n\t<meta name=\"twitter:label2\" content=\"Est. reading time\" \/>\n\t<meta name=\"twitter:data2\" content=\"5 minuta\" \/>\n<script type=\"application\/ld+json\" class=\"yoast-schema-graph\">{\"@context\":\"https:\/\/schema.org\",\"@graph\":[{\"@type\":\"Article\",\"@id\":\"https:\/\/permbledhja.com\/o-trim-si-me-nenshkrim-si-pa-nenshkrim-ti-ke-ba-pranim\/#article\",\"isPartOf\":{\"@id\":\"https:\/\/permbledhja.com\/o-trim-si-me-nenshkrim-si-pa-nenshkrim-ti-ke-ba-pranim\/\"},\"author\":{\"name\":\"P\u00ebrmbledhja\",\"@id\":\"https:\/\/permbledhja.com\/#\/schema\/person\/0d064377258d3221e50693947b9eb4fe\"},\"headline\":\"\u201cO trim, si me n\u00ebnshkrim, si pa n\u00ebnshkrim, ti ke ba pranim\u201d\",\"datePublished\":\"2023-11-03T12:46:45+00:00\",\"dateModified\":\"2023-11-03T12:46:45+00:00\",\"mainEntityOfPage\":{\"@id\":\"https:\/\/permbledhja.com\/o-trim-si-me-nenshkrim-si-pa-nenshkrim-ti-ke-ba-pranim\/\"},\"wordCount\":1030,\"publisher\":{\"@id\":\"https:\/\/permbledhja.com\/#organization\"},\"keywords\":[\"Memli Krasniqi\"],\"articleSection\":[\"Komb\u00ebtare\",\"Lajme\"],\"inLanguage\":\"sq\"},{\"@type\":\"WebPage\",\"@id\":\"https:\/\/permbledhja.com\/o-trim-si-me-nenshkrim-si-pa-nenshkrim-ti-ke-ba-pranim\/\",\"url\":\"https:\/\/permbledhja.com\/o-trim-si-me-nenshkrim-si-pa-nenshkrim-ti-ke-ba-pranim\/\",\"name\":\"\u201cO trim, si me n\u00ebnshkrim, si pa n\u00ebnshkrim, ti ke ba pranim\u201d\",\"isPartOf\":{\"@id\":\"https:\/\/permbledhja.com\/#website\"},\"datePublished\":\"2023-11-03T12:46:45+00:00\",\"dateModified\":\"2023-11-03T12:46:45+00:00\",\"breadcrumb\":{\"@id\":\"https:\/\/permbledhja.com\/o-trim-si-me-nenshkrim-si-pa-nenshkrim-ti-ke-ba-pranim\/#breadcrumb\"},\"inLanguage\":\"sq\",\"potentialAction\":[{\"@type\":\"ReadAction\",\"target\":[\"https:\/\/permbledhja.com\/o-trim-si-me-nenshkrim-si-pa-nenshkrim-ti-ke-ba-pranim\/\"]}]},{\"@type\":\"BreadcrumbList\",\"@id\":\"https:\/\/permbledhja.com\/o-trim-si-me-nenshkrim-si-pa-nenshkrim-ti-ke-ba-pranim\/#breadcrumb\",\"itemListElement\":[{\"@type\":\"ListItem\",\"position\":1,\"name\":\"Ballina\",\"item\":\"https:\/\/permbledhja.com\/sq\/\"},{\"@type\":\"ListItem\",\"position\":2,\"name\":\"\u201cO trim, si me n\u00ebnshkrim, si pa n\u00ebnshkrim, ti ke ba pranim\u201d\"}]},{\"@type\":\"WebSite\",\"@id\":\"https:\/\/permbledhja.com\/#website\",\"url\":\"https:\/\/permbledhja.com\/\",\"name\":\"Ve\u00e7 artikuj p\u00ebrmbledh\u00ebs\",\"description\":\"\",\"publisher\":{\"@id\":\"https:\/\/permbledhja.com\/#organization\"},\"potentialAction\":[{\"@type\":\"SearchAction\",\"target\":{\"@type\":\"EntryPoint\",\"urlTemplate\":\"https:\/\/permbledhja.com\/?s={search_term_string}\"},\"query-input\":\"required name=search_term_string\"}],\"inLanguage\":\"sq\"},{\"@type\":\"Organization\",\"@id\":\"https:\/\/permbledhja.com\/#organization\",\"name\":\"MK Media & Pr\",\"url\":\"https:\/\/permbledhja.com\/\",\"logo\":{\"@type\":\"ImageObject\",\"inLanguage\":\"sq\",\"@id\":\"https:\/\/permbledhja.com\/#\/schema\/logo\/image\/\",\"url\":\"https:\/\/permbledhja.com\/wp-content\/uploads\/2021\/12\/07-Press-Logo.jpg\",\"contentUrl\":\"https:\/\/permbledhja.com\/wp-content\/uploads\/2021\/12\/07-Press-Logo.jpg\",\"width\":512,\"height\":512,\"caption\":\"MK Media & Pr\"},\"image\":{\"@id\":\"https:\/\/permbledhja.com\/#\/schema\/logo\/image\/\"},\"sameAs\":[\"https:\/\/www.facebook.com\/press07\/\"]},{\"@type\":\"Person\",\"@id\":\"https:\/\/permbledhja.com\/#\/schema\/person\/0d064377258d3221e50693947b9eb4fe\",\"name\":\"P\u00ebrmbledhja\",\"image\":{\"@type\":\"ImageObject\",\"inLanguage\":\"sq\",\"@id\":\"https:\/\/permbledhja.com\/#\/schema\/person\/image\/\",\"url\":\"https:\/\/permbledhja.com\/wp-content\/uploads\/2026\/01\/452004717_1040944174702970_8932037511805513407_n-96x96.jpg\",\"contentUrl\":\"https:\/\/permbledhja.com\/wp-content\/uploads\/2026\/01\/452004717_1040944174702970_8932037511805513407_n-96x96.jpg\",\"caption\":\"P\u00ebrmbledhja\"},\"sameAs\":[\"https:\/\/www.facebook.com\/kafexhiu.muharrem\/\",\"https:\/\/www.instagram.com\/muharrem_kafexhiu\/\"],\"url\":\"https:\/\/permbledhja.com\/sq\/author\/admin\/\"}]}<\/script>\n<!-- \/ Yoast SEO plugin. -->","yoast_head_json":{"title":"\u201cO trim, si me n\u00ebnshkrim, si pa n\u00ebnshkrim, ti ke ba pranim\u201d","robots":{"index":"index","follow":"follow","max-snippet":"max-snippet:-1","max-image-preview":"max-image-preview:large","max-video-preview":"max-video-preview:-1"},"canonical":"https:\/\/permbledhja.com\/sq\/o-trim-si-me-nenshkrim-si-pa-nenshkrim-ti-ke-ba-pranim\/","og_locale":"sq_AL","og_type":"article","og_title":"\u201cO trim, si me n\u00ebnshkrim, si pa n\u00ebnshkrim, ti ke ba pranim\u201d","og_description":"Kryetari i Partis\u00eb Demokratike t\u00eb Kosov\u00ebs, Memli Krasniqi tha se kryeministri Albin Kurti e ka b\u00ebr\u00eb pranimin e Asociacionit. Teksa p\u00ebrs\u00ebriti, si\u00e7 i quajti ai, frazat e Kurtit p\u00ebr n\u00ebnshkrimin e draft-statutit, ai tha se qytetar\u00ebt nuk mund t\u2019i mashtroj\u00eb. Tutje, Krasniqi deklaroi se n\u00eb takimin e fundit n\u00eb Bruksel, kryeministri e ka p\u00ebrmbysur komplet [&hellip;]","og_url":"https:\/\/permbledhja.com\/sq\/o-trim-si-me-nenshkrim-si-pa-nenshkrim-ti-ke-ba-pranim\/","og_site_name":"Ve\u00e7 artikuj p\u00ebrmbledh\u00ebs","article_publisher":"https:\/\/www.facebook.com\/press07\/","article_author":"https:\/\/www.facebook.com\/kafexhiu.muharrem\/","article_published_time":"2023-11-03T12:46:45+00:00","og_image":[{"width":1440,"height":959,"url":"https:\/\/permbledhja.com\/wp-content\/uploads\/2023\/09\/memli-krasniqi.jpg","type":"image\/jpeg"}],"author":"P\u00ebrmbledhja","twitter_card":"summary_large_image","twitter_misc":{"Written by":"P\u00ebrmbledhja","Est. reading time":"5 minuta"},"schema":{"@context":"https:\/\/schema.org","@graph":[{"@type":"Article","@id":"https:\/\/permbledhja.com\/o-trim-si-me-nenshkrim-si-pa-nenshkrim-ti-ke-ba-pranim\/#article","isPartOf":{"@id":"https:\/\/permbledhja.com\/o-trim-si-me-nenshkrim-si-pa-nenshkrim-ti-ke-ba-pranim\/"},"author":{"name":"P\u00ebrmbledhja","@id":"https:\/\/permbledhja.com\/#\/schema\/person\/0d064377258d3221e50693947b9eb4fe"},"headline":"\u201cO trim, si me n\u00ebnshkrim, si pa n\u00ebnshkrim, ti ke ba pranim\u201d","datePublished":"2023-11-03T12:46:45+00:00","dateModified":"2023-11-03T12:46:45+00:00","mainEntityOfPage":{"@id":"https:\/\/permbledhja.com\/o-trim-si-me-nenshkrim-si-pa-nenshkrim-ti-ke-ba-pranim\/"},"wordCount":1030,"publisher":{"@id":"https:\/\/permbledhja.com\/#organization"},"keywords":["Memli Krasniqi"],"articleSection":["Komb\u00ebtare","Lajme"],"inLanguage":"sq"},{"@type":"WebPage","@id":"https:\/\/permbledhja.com\/o-trim-si-me-nenshkrim-si-pa-nenshkrim-ti-ke-ba-pranim\/","url":"https:\/\/permbledhja.com\/o-trim-si-me-nenshkrim-si-pa-nenshkrim-ti-ke-ba-pranim\/","name":"\u201cO trim, si me n\u00ebnshkrim, si pa n\u00ebnshkrim, ti ke ba pranim\u201d","isPartOf":{"@id":"https:\/\/permbledhja.com\/#website"},"datePublished":"2023-11-03T12:46:45+00:00","dateModified":"2023-11-03T12:46:45+00:00","breadcrumb":{"@id":"https:\/\/permbledhja.com\/o-trim-si-me-nenshkrim-si-pa-nenshkrim-ti-ke-ba-pranim\/#breadcrumb"},"inLanguage":"sq","potentialAction":[{"@type":"ReadAction","target":["https:\/\/permbledhja.com\/o-trim-si-me-nenshkrim-si-pa-nenshkrim-ti-ke-ba-pranim\/"]}]},{"@type":"BreadcrumbList","@id":"https:\/\/permbledhja.com\/o-trim-si-me-nenshkrim-si-pa-nenshkrim-ti-ke-ba-pranim\/#breadcrumb","itemListElement":[{"@type":"ListItem","position":1,"name":"Ballina","item":"https:\/\/permbledhja.com\/sq\/"},{"@type":"ListItem","position":2,"name":"\u201cO trim, si me n\u00ebnshkrim, si pa n\u00ebnshkrim, ti ke ba pranim\u201d"}]},{"@type":"WebSite","@id":"https:\/\/permbledhja.com\/#website","url":"https:\/\/permbledhja.com\/","name":"Ve\u00e7 artikuj p\u00ebrmbledh\u00ebs","description":"","publisher":{"@id":"https:\/\/permbledhja.com\/#organization"},"potentialAction":[{"@type":"SearchAction","target":{"@type":"EntryPoint","urlTemplate":"https:\/\/permbledhja.com\/?s={search_term_string}"},"query-input":"required name=search_term_string"}],"inLanguage":"sq"},{"@type":"Organization","@id":"https:\/\/permbledhja.com\/#organization","name":"MK Media & Pr","url":"https:\/\/permbledhja.com\/","logo":{"@type":"ImageObject","inLanguage":"sq","@id":"https:\/\/permbledhja.com\/#\/schema\/logo\/image\/","url":"https:\/\/permbledhja.com\/wp-content\/uploads\/2021\/12\/07-Press-Logo.jpg","contentUrl":"https:\/\/permbledhja.com\/wp-content\/uploads\/2021\/12\/07-Press-Logo.jpg","width":512,"height":512,"caption":"MK Media & Pr"},"image":{"@id":"https:\/\/permbledhja.com\/#\/schema\/logo\/image\/"},"sameAs":["https:\/\/www.facebook.com\/press07\/"]},{"@type":"Person","@id":"https:\/\/permbledhja.com\/#\/schema\/person\/0d064377258d3221e50693947b9eb4fe","name":"P\u00ebrmbledhja","image":{"@type":"ImageObject","inLanguage":"sq","@id":"https:\/\/permbledhja.com\/#\/schema\/person\/image\/","url":"https:\/\/permbledhja.com\/wp-content\/uploads\/2026\/01\/452004717_1040944174702970_8932037511805513407_n-96x96.jpg","contentUrl":"https:\/\/permbledhja.com\/wp-content\/uploads\/2026\/01\/452004717_1040944174702970_8932037511805513407_n-96x96.jpg","caption":"P\u00ebrmbledhja"},"sameAs":["https:\/\/www.facebook.com\/kafexhiu.muharrem\/","https:\/\/www.instagram.com\/muharrem_kafexhiu\/"],"url":"https:\/\/permbledhja.com\/sq\/author\/admin\/"}]}},"_links":{"self":[{"href":"https:\/\/permbledhja.com\/sq\/wp-json\/wp\/v2\/posts\/34500"}],"collection":[{"href":"https:\/\/permbledhja.com\/sq\/wp-json\/wp\/v2\/posts"}],"about":[{"href":"https:\/\/permbledhja.com\/sq\/wp-json\/wp\/v2\/types\/post"}],"author":[{"embeddable":true,"href":"https:\/\/permbledhja.com\/sq\/wp-json\/wp\/v2\/users\/1"}],"replies":[{"embeddable":true,"href":"https:\/\/permbledhja.com\/sq\/wp-json\/wp\/v2\/comments?post=34500"}],"version-history":[{"count":2,"href":"https:\/\/permbledhja.com\/sq\/wp-json\/wp\/v2\/posts\/34500\/revisions"}],"predecessor-version":[{"id":34502,"href":"https:\/\/permbledhja.com\/sq\/wp-json\/wp\/v2\/posts\/34500\/revisions\/34502"}],"wp:featuredmedia":[{"embeddable":true,"href":"https:\/\/permbledhja.com\/sq\/wp-json\/wp\/v2\/media\/25718"}],"wp:attachment":[{"href":"https:\/\/permbledhja.com\/sq\/wp-json\/wp\/v2\/media?parent=34500"}],"wp:term":[{"taxonomy":"category","embeddable":true,"href":"https:\/\/permbledhja.com\/sq\/wp-json\/wp\/v2\/categories?post=34500"},{"taxonomy":"post_tag","embeddable":true,"href":"https:\/\/permbledhja.com\/sq\/wp-json\/wp\/v2\/tags?post=34500"}],"curies":[{"name":"wp","href":"https:\/\/api.w.org\/{rel}","templated":true}]}}