{"id":34496,"date":"2023-11-03T12:37:44","date_gmt":"2023-11-03T12:37:44","guid":{"rendered":"https:\/\/permbledhja.com\/?p=34496"},"modified":"2023-11-03T12:37:44","modified_gmt":"2023-11-03T12:37:44","slug":"abdixhiku-debakel-me-te-rende-diplomatik-smund-te-kesh-edhe-nen-sanksione-edhe-pranim-i-zajednices-nje-muaj-pas-banjskes","status":"publish","type":"post","link":"https:\/\/permbledhja.com\/sq\/abdixhiku-debakel-me-te-rende-diplomatik-smund-te-kesh-edhe-nen-sanksione-edhe-pranim-i-zajednices-nje-muaj-pas-banjskes\/","title":{"rendered":"Abdixhiku: Debak\u00ebl m\u00eb t\u00eb r\u00ebnd\u00eb diplomatik s\u2019mund t\u00eb kesh, edhe n\u00ebn sanksione edhe pranim i \u201cZajednic\u00ebs\u201d nj\u00eb muaj pas Banjsk\u00ebs"},"content":{"rendered":"<h4>Kryetari i Lidhjes Demokratike t\u00eb Kosov\u00ebs, Lumir Abdixhiku ka reaguar pas raportimit t\u00eb Kryeministrit Kurti n\u00eb Kuvend p\u00ebr takimint e 26 tetorit n\u00eb Bruksel, derisa ka th\u00ebn\u00eb se e ka t\u00eb v\u00ebshtir\u00eb ta kuptoj th\u00ebnien e kreut t\u00eb ekzekutivit \u201cJam i gatsh\u00ebm ta n\u00ebnshkruaj qysh sonte por se kam pranuar\u201d.<\/h4>\n<p>Kryetari i LDK-s\u00eb, ka th\u00ebn\u00eb se si parti kan\u00eb k\u00ebrkuar p\u00ebr t\u00eb gjith\u00eb deputet\u00ebt q\u00eb t\u00eb shohin dokumentin e draftit t\u00eb Asociacionit, por q\u00eb nuk u \u00ebsht\u00eb dh\u00ebn\u00eb qasje.<\/p>\n<p>Ai gjithashtu tha se Kryeministri Kurti dhe Presidentja Osmani kan\u00eb dh\u00ebn\u00eb q\u00ebndrime kontradiktore lidhur me p\u00ebrputhshm\u00ebrin e draftit t\u00eb Asociacionit.<\/p>\n<p>\u201c<em>Kryeministri paska vendosur t\u2019i flas masave t\u00eb vet ndoshta e kuptoi gjithsesi s\u2019e mir\u00ebkuptoj se b\u00ebhet fjal\u00eb p\u00ebr jet\u00eb te humbura p\u00ebr nj\u00eb kauze q\u00eb \u00ebsht\u00eb shuar nga ai. E kam v\u00ebshtir\u00eb ta kuptoj\u00eb kund\u00ebrth\u00ebnien e tij \u201cJam i gatsh\u00ebm ta n\u00ebnshkruaj qysh sonte por se kam pranuar. K\u00ebt\u00eb s\u2019mund ta kuptoj\u00eb, por e kuptoj\u00eb gjuh\u00ebn p\u00ebr mas\u00eb<\/em>\u201d, tha Abdixhiku.<\/p>\n<p><em>\u201cAkti i pranimit t\u00eb k\u00ebtij dokumenti n\u00eb prani t\u00eb tri shtete evropiane, ka natyr\u00eb t\u00eb nj\u00eb zotimi nd\u00ebrkomb\u00ebtar\u00eb q\u00eb nis si zotim institucional i popullit t\u00eb Kosov\u00ebs i shprehur n\u00ebp\u00ebrmjet Kryeministrit t\u00eb vendit. Kurti ka pranuar nj\u00eb dokument q\u00eb d\u00ebfinon statutin e Asociacionit, vazhdojm\u00eb t\u00eb jemi n\u00eb terr t\u00eb plot\u00eb informativ, pasi vazhdon t\u00eb mos shpaloset\u201d<\/em>, tha ai.<\/p>\n<p><em>\u201cKemi k\u00ebrkuar qasje n\u00eb k\u00ebt\u00eb dokument por nuk na \u00ebsht\u00eb siguruar dhe kjo seanc\u00eb humbet kuptimin. Kurti dhe Osmani kan\u00eb dh\u00ebn\u00eb dy q\u00ebndrime kontradiktore. Kryeministri pretendon se \u00ebsht\u00eb n\u00eb p\u00ebrputhje me Kushtetut\u00ebn , Presidentja si pranuese e po t\u00eb nj\u00ebjtit dokument shpalos hezitimin, njofton d\u00ebrgimin e komenteve n\u00eb Gjykat\u00eb si shenj\u00eb e par\u00eb e mos p\u00ebrputhjes kushtetuese\u201d<\/em>, tha ai.<\/p>\n<p><em>\u201cKurti b\u00ebri at\u00eb q\u00eb kishim paralajm\u00ebruar. Do t\u00eb pranoj statutin e Asociaconit q\u00eb shumica e sotme i ka dh\u00ebn\u00eb emrin Zajednic\u00eb. Ky pranim i k\u00ebtij drafti b\u00ebhet nj\u00eb muaj pas sulmit terrorist ne Banjsk\u00eb. Kur pritjet ishin q\u00eb beteja kund\u00ebr terrorzimit do t\u00eb shfryt\u00ebzohej n\u00eb p\u00ebrballjen diplomatike, ne mbet\u00ebm ende n\u00ebn sanksione. Debak\u00ebl m\u00eb t\u00eb r\u00ebnd\u00eb diplomatik nuk mund t\u00eb kesh\u201d<\/em>, shtoi Abdixhiku.\/Reporteri<\/p>\n","protected":false},"excerpt":{"rendered":"<p>Kryetari i Lidhjes Demokratike t\u00eb Kosov\u00ebs, Lumir Abdixhiku ka reaguar pas raportimit t\u00eb Kryeministrit Kurti n\u00eb Kuvend p\u00ebr takimint e 26 tetorit n\u00eb Bruksel, derisa ka th\u00ebn\u00eb se e ka t\u00eb v\u00ebshtir\u00eb ta kuptoj th\u00ebnien e kreut t\u00eb ekzekutivit \u201cJam i gatsh\u00ebm ta n\u00ebnshkruaj qysh sonte por se kam pranuar\u201d. Kryetari i LDK-s\u00eb, ka th\u00ebn\u00eb [&hellip;]<\/p>\n","protected":false},"author":1,"featured_media":34498,"comment_status":"closed","ping_status":"closed","sticky":false,"template":"","format":"standard","meta":{"_monsterinsights_skip_tracking":false,"_monsterinsights_sitenote_active":false,"_monsterinsights_sitenote_note":"","_monsterinsights_sitenote_category":0,"_uf_show_specific_survey":0,"_uf_disable_surveys":false,"footnotes":""},"categories":[23,15],"tags":[427],"yoast_head":"<!-- This site is optimized with the Yoast SEO plugin v21.5 - https:\/\/yoast.com\/wordpress\/plugins\/seo\/ -->\n<title>Abdixhiku: Debak\u00ebl m\u00eb t\u00eb r\u00ebnd\u00eb diplomatik s\u2019mund t\u00eb kesh, edhe n\u00ebn sanksione edhe pranim i \u201cZajednic\u00ebs\u201d nj\u00eb muaj pas Banjsk\u00ebs<\/title>\n<meta name=\"robots\" content=\"index, follow, max-snippet:-1, max-image-preview:large, max-video-preview:-1\" \/>\n<link rel=\"canonical\" href=\"https:\/\/permbledhja.com\/sq\/abdixhiku-debakel-me-te-rende-diplomatik-smund-te-kesh-edhe-nen-sanksione-edhe-pranim-i-zajednices-nje-muaj-pas-banjskes\/\" \/>\n<meta property=\"og:locale\" content=\"sq_AL\" \/>\n<meta property=\"og:type\" content=\"article\" \/>\n<meta property=\"og:title\" content=\"Abdixhiku: Debak\u00ebl m\u00eb t\u00eb r\u00ebnd\u00eb diplomatik s\u2019mund t\u00eb kesh, edhe n\u00ebn sanksione edhe pranim i \u201cZajednic\u00ebs\u201d nj\u00eb muaj pas Banjsk\u00ebs\" \/>\n<meta property=\"og:description\" content=\"Kryetari i Lidhjes Demokratike t\u00eb Kosov\u00ebs, Lumir Abdixhiku ka reaguar pas raportimit t\u00eb Kryeministrit Kurti n\u00eb Kuvend p\u00ebr takimint e 26 tetorit n\u00eb Bruksel, derisa ka th\u00ebn\u00eb se e ka t\u00eb v\u00ebshtir\u00eb ta kuptoj th\u00ebnien e kreut t\u00eb ekzekutivit \u201cJam i gatsh\u00ebm ta n\u00ebnshkruaj qysh sonte por se kam pranuar\u201d. Kryetari i LDK-s\u00eb, ka th\u00ebn\u00eb [&hellip;]\" \/>\n<meta property=\"og:url\" content=\"https:\/\/permbledhja.com\/sq\/abdixhiku-debakel-me-te-rende-diplomatik-smund-te-kesh-edhe-nen-sanksione-edhe-pranim-i-zajednices-nje-muaj-pas-banjskes\/\" \/>\n<meta property=\"og:site_name\" content=\"Ve\u00e7 artikuj p\u00ebrmbledh\u00ebs\" \/>\n<meta property=\"article:publisher\" content=\"https:\/\/www.facebook.com\/press07\/\" \/>\n<meta property=\"article:author\" content=\"https:\/\/www.facebook.com\/kafexhiu.muharrem\/\" \/>\n<meta property=\"article:published_time\" content=\"2023-11-03T12:37:44+00:00\" \/>\n<meta property=\"og:image\" content=\"https:\/\/permbledhja.com\/wp-content\/uploads\/2023\/11\/abdixhiku-4.jpg\" \/>\n\t<meta property=\"og:image:width\" content=\"691\" \/>\n\t<meta property=\"og:image:height\" content=\"380\" \/>\n\t<meta property=\"og:image:type\" content=\"image\/jpeg\" \/>\n<meta name=\"author\" content=\"P\u00ebrmbledhja\" \/>\n<meta name=\"twitter:card\" content=\"summary_large_image\" \/>\n<meta name=\"twitter:label1\" content=\"Written by\" \/>\n\t<meta name=\"twitter:data1\" content=\"P\u00ebrmbledhja\" \/>\n\t<meta name=\"twitter:label2\" content=\"Est. reading time\" \/>\n\t<meta name=\"twitter:data2\" content=\"2 minuta\" \/>\n<script type=\"application\/ld+json\" class=\"yoast-schema-graph\">{\"@context\":\"https:\/\/schema.org\",\"@graph\":[{\"@type\":\"Article\",\"@id\":\"https:\/\/permbledhja.com\/sq\/abdixhiku-debakel-me-te-rende-diplomatik-smund-te-kesh-edhe-nen-sanksione-edhe-pranim-i-zajednices-nje-muaj-pas-banjskes\/#article\",\"isPartOf\":{\"@id\":\"https:\/\/permbledhja.com\/sq\/abdixhiku-debakel-me-te-rende-diplomatik-smund-te-kesh-edhe-nen-sanksione-edhe-pranim-i-zajednices-nje-muaj-pas-banjskes\/\"},\"author\":{\"name\":\"P\u00ebrmbledhja\",\"@id\":\"https:\/\/permbledhja.com\/#\/schema\/person\/0d064377258d3221e50693947b9eb4fe\"},\"headline\":\"Abdixhiku: Debak\u00ebl m\u00eb t\u00eb r\u00ebnd\u00eb diplomatik s\u2019mund t\u00eb kesh, edhe n\u00ebn sanksione edhe pranim i \u201cZajednic\u00ebs\u201d nj\u00eb muaj pas Banjsk\u00ebs\",\"datePublished\":\"2023-11-03T12:37:44+00:00\",\"dateModified\":\"2023-11-03T12:37:44+00:00\",\"mainEntityOfPage\":{\"@id\":\"https:\/\/permbledhja.com\/sq\/abdixhiku-debakel-me-te-rende-diplomatik-smund-te-kesh-edhe-nen-sanksione-edhe-pranim-i-zajednices-nje-muaj-pas-banjskes\/\"},\"wordCount\":423,\"publisher\":{\"@id\":\"https:\/\/permbledhja.com\/#organization\"},\"keywords\":[\"Lumir Abdixhiku\"],\"articleSection\":[\"Komb\u00ebtare\",\"Lajme\"],\"inLanguage\":\"sq\"},{\"@type\":\"WebPage\",\"@id\":\"https:\/\/permbledhja.com\/sq\/abdixhiku-debakel-me-te-rende-diplomatik-smund-te-kesh-edhe-nen-sanksione-edhe-pranim-i-zajednices-nje-muaj-pas-banjskes\/\",\"url\":\"https:\/\/permbledhja.com\/sq\/abdixhiku-debakel-me-te-rende-diplomatik-smund-te-kesh-edhe-nen-sanksione-edhe-pranim-i-zajednices-nje-muaj-pas-banjskes\/\",\"name\":\"Abdixhiku: Debak\u00ebl m\u00eb t\u00eb r\u00ebnd\u00eb diplomatik s\u2019mund t\u00eb kesh, edhe n\u00ebn sanksione edhe pranim i \u201cZajednic\u00ebs\u201d nj\u00eb muaj pas Banjsk\u00ebs\",\"isPartOf\":{\"@id\":\"https:\/\/permbledhja.com\/#website\"},\"datePublished\":\"2023-11-03T12:37:44+00:00\",\"dateModified\":\"2023-11-03T12:37:44+00:00\",\"breadcrumb\":{\"@id\":\"https:\/\/permbledhja.com\/sq\/abdixhiku-debakel-me-te-rende-diplomatik-smund-te-kesh-edhe-nen-sanksione-edhe-pranim-i-zajednices-nje-muaj-pas-banjskes\/#breadcrumb\"},\"inLanguage\":\"sq\",\"potentialAction\":[{\"@type\":\"ReadAction\",\"target\":[\"https:\/\/permbledhja.com\/sq\/abdixhiku-debakel-me-te-rende-diplomatik-smund-te-kesh-edhe-nen-sanksione-edhe-pranim-i-zajednices-nje-muaj-pas-banjskes\/\"]}]},{\"@type\":\"BreadcrumbList\",\"@id\":\"https:\/\/permbledhja.com\/sq\/abdixhiku-debakel-me-te-rende-diplomatik-smund-te-kesh-edhe-nen-sanksione-edhe-pranim-i-zajednices-nje-muaj-pas-banjskes\/#breadcrumb\",\"itemListElement\":[{\"@type\":\"ListItem\",\"position\":1,\"name\":\"Ballina\",\"item\":\"https:\/\/permbledhja.com\/sq\/\"},{\"@type\":\"ListItem\",\"position\":2,\"name\":\"Abdixhiku: Debak\u00ebl m\u00eb t\u00eb r\u00ebnd\u00eb diplomatik s\u2019mund t\u00eb kesh, edhe n\u00ebn sanksione edhe pranim i \u201cZajednic\u00ebs\u201d nj\u00eb muaj pas Banjsk\u00ebs\"}]},{\"@type\":\"WebSite\",\"@id\":\"https:\/\/permbledhja.com\/#website\",\"url\":\"https:\/\/permbledhja.com\/\",\"name\":\"Ve\u00e7 artikuj p\u00ebrmbledh\u00ebs\",\"description\":\"\",\"publisher\":{\"@id\":\"https:\/\/permbledhja.com\/#organization\"},\"potentialAction\":[{\"@type\":\"SearchAction\",\"target\":{\"@type\":\"EntryPoint\",\"urlTemplate\":\"https:\/\/permbledhja.com\/?s={search_term_string}\"},\"query-input\":\"required name=search_term_string\"}],\"inLanguage\":\"sq\"},{\"@type\":\"Organization\",\"@id\":\"https:\/\/permbledhja.com\/#organization\",\"name\":\"MK Media & Pr\",\"url\":\"https:\/\/permbledhja.com\/\",\"logo\":{\"@type\":\"ImageObject\",\"inLanguage\":\"sq\",\"@id\":\"https:\/\/permbledhja.com\/#\/schema\/logo\/image\/\",\"url\":\"https:\/\/permbledhja.com\/wp-content\/uploads\/2021\/12\/07-Press-Logo.jpg\",\"contentUrl\":\"https:\/\/permbledhja.com\/wp-content\/uploads\/2021\/12\/07-Press-Logo.jpg\",\"width\":512,\"height\":512,\"caption\":\"MK Media & Pr\"},\"image\":{\"@id\":\"https:\/\/permbledhja.com\/#\/schema\/logo\/image\/\"},\"sameAs\":[\"https:\/\/www.facebook.com\/press07\/\"]},{\"@type\":\"Person\",\"@id\":\"https:\/\/permbledhja.com\/#\/schema\/person\/0d064377258d3221e50693947b9eb4fe\",\"name\":\"P\u00ebrmbledhja\",\"image\":{\"@type\":\"ImageObject\",\"inLanguage\":\"sq\",\"@id\":\"https:\/\/permbledhja.com\/#\/schema\/person\/image\/\",\"url\":\"https:\/\/permbledhja.com\/wp-content\/uploads\/2026\/01\/452004717_1040944174702970_8932037511805513407_n-96x96.jpg\",\"contentUrl\":\"https:\/\/permbledhja.com\/wp-content\/uploads\/2026\/01\/452004717_1040944174702970_8932037511805513407_n-96x96.jpg\",\"caption\":\"P\u00ebrmbledhja\"},\"sameAs\":[\"https:\/\/www.facebook.com\/kafexhiu.muharrem\/\",\"https:\/\/www.instagram.com\/muharrem_kafexhiu\/\"],\"url\":\"https:\/\/permbledhja.com\/sq\/author\/admin\/\"}]}<\/script>\n<!-- \/ Yoast SEO plugin. -->","yoast_head_json":{"title":"Abdixhiku: Debak\u00ebl m\u00eb t\u00eb r\u00ebnd\u00eb diplomatik s\u2019mund t\u00eb kesh, edhe n\u00ebn sanksione edhe pranim i \u201cZajednic\u00ebs\u201d nj\u00eb muaj pas Banjsk\u00ebs","robots":{"index":"index","follow":"follow","max-snippet":"max-snippet:-1","max-image-preview":"max-image-preview:large","max-video-preview":"max-video-preview:-1"},"canonical":"https:\/\/permbledhja.com\/sq\/abdixhiku-debakel-me-te-rende-diplomatik-smund-te-kesh-edhe-nen-sanksione-edhe-pranim-i-zajednices-nje-muaj-pas-banjskes\/","og_locale":"sq_AL","og_type":"article","og_title":"Abdixhiku: Debak\u00ebl m\u00eb t\u00eb r\u00ebnd\u00eb diplomatik s\u2019mund t\u00eb kesh, edhe n\u00ebn sanksione edhe pranim i \u201cZajednic\u00ebs\u201d nj\u00eb muaj pas Banjsk\u00ebs","og_description":"Kryetari i Lidhjes Demokratike t\u00eb Kosov\u00ebs, Lumir Abdixhiku ka reaguar pas raportimit t\u00eb Kryeministrit Kurti n\u00eb Kuvend p\u00ebr takimint e 26 tetorit n\u00eb Bruksel, derisa ka th\u00ebn\u00eb se e ka t\u00eb v\u00ebshtir\u00eb ta kuptoj th\u00ebnien e kreut t\u00eb ekzekutivit \u201cJam i gatsh\u00ebm ta n\u00ebnshkruaj qysh sonte por se kam pranuar\u201d. Kryetari i LDK-s\u00eb, ka th\u00ebn\u00eb [&hellip;]","og_url":"https:\/\/permbledhja.com\/sq\/abdixhiku-debakel-me-te-rende-diplomatik-smund-te-kesh-edhe-nen-sanksione-edhe-pranim-i-zajednices-nje-muaj-pas-banjskes\/","og_site_name":"Ve\u00e7 artikuj p\u00ebrmbledh\u00ebs","article_publisher":"https:\/\/www.facebook.com\/press07\/","article_author":"https:\/\/www.facebook.com\/kafexhiu.muharrem\/","article_published_time":"2023-11-03T12:37:44+00:00","og_image":[{"width":691,"height":380,"url":"https:\/\/permbledhja.com\/wp-content\/uploads\/2023\/11\/abdixhiku-4.jpg","type":"image\/jpeg"}],"author":"P\u00ebrmbledhja","twitter_card":"summary_large_image","twitter_misc":{"Written by":"P\u00ebrmbledhja","Est. reading time":"2 minuta"},"schema":{"@context":"https:\/\/schema.org","@graph":[{"@type":"Article","@id":"https:\/\/permbledhja.com\/sq\/abdixhiku-debakel-me-te-rende-diplomatik-smund-te-kesh-edhe-nen-sanksione-edhe-pranim-i-zajednices-nje-muaj-pas-banjskes\/#article","isPartOf":{"@id":"https:\/\/permbledhja.com\/sq\/abdixhiku-debakel-me-te-rende-diplomatik-smund-te-kesh-edhe-nen-sanksione-edhe-pranim-i-zajednices-nje-muaj-pas-banjskes\/"},"author":{"name":"P\u00ebrmbledhja","@id":"https:\/\/permbledhja.com\/#\/schema\/person\/0d064377258d3221e50693947b9eb4fe"},"headline":"Abdixhiku: Debak\u00ebl m\u00eb t\u00eb r\u00ebnd\u00eb diplomatik s\u2019mund t\u00eb kesh, edhe n\u00ebn sanksione edhe pranim i \u201cZajednic\u00ebs\u201d nj\u00eb muaj pas Banjsk\u00ebs","datePublished":"2023-11-03T12:37:44+00:00","dateModified":"2023-11-03T12:37:44+00:00","mainEntityOfPage":{"@id":"https:\/\/permbledhja.com\/sq\/abdixhiku-debakel-me-te-rende-diplomatik-smund-te-kesh-edhe-nen-sanksione-edhe-pranim-i-zajednices-nje-muaj-pas-banjskes\/"},"wordCount":423,"publisher":{"@id":"https:\/\/permbledhja.com\/#organization"},"keywords":["Lumir Abdixhiku"],"articleSection":["Komb\u00ebtare","Lajme"],"inLanguage":"sq"},{"@type":"WebPage","@id":"https:\/\/permbledhja.com\/sq\/abdixhiku-debakel-me-te-rende-diplomatik-smund-te-kesh-edhe-nen-sanksione-edhe-pranim-i-zajednices-nje-muaj-pas-banjskes\/","url":"https:\/\/permbledhja.com\/sq\/abdixhiku-debakel-me-te-rende-diplomatik-smund-te-kesh-edhe-nen-sanksione-edhe-pranim-i-zajednices-nje-muaj-pas-banjskes\/","name":"Abdixhiku: Debak\u00ebl m\u00eb t\u00eb r\u00ebnd\u00eb diplomatik s\u2019mund t\u00eb kesh, edhe n\u00ebn sanksione edhe pranim i \u201cZajednic\u00ebs\u201d nj\u00eb muaj pas Banjsk\u00ebs","isPartOf":{"@id":"https:\/\/permbledhja.com\/#website"},"datePublished":"2023-11-03T12:37:44+00:00","dateModified":"2023-11-03T12:37:44+00:00","breadcrumb":{"@id":"https:\/\/permbledhja.com\/sq\/abdixhiku-debakel-me-te-rende-diplomatik-smund-te-kesh-edhe-nen-sanksione-edhe-pranim-i-zajednices-nje-muaj-pas-banjskes\/#breadcrumb"},"inLanguage":"sq","potentialAction":[{"@type":"ReadAction","target":["https:\/\/permbledhja.com\/sq\/abdixhiku-debakel-me-te-rende-diplomatik-smund-te-kesh-edhe-nen-sanksione-edhe-pranim-i-zajednices-nje-muaj-pas-banjskes\/"]}]},{"@type":"BreadcrumbList","@id":"https:\/\/permbledhja.com\/sq\/abdixhiku-debakel-me-te-rende-diplomatik-smund-te-kesh-edhe-nen-sanksione-edhe-pranim-i-zajednices-nje-muaj-pas-banjskes\/#breadcrumb","itemListElement":[{"@type":"ListItem","position":1,"name":"Ballina","item":"https:\/\/permbledhja.com\/sq\/"},{"@type":"ListItem","position":2,"name":"Abdixhiku: Debak\u00ebl m\u00eb t\u00eb r\u00ebnd\u00eb diplomatik s\u2019mund t\u00eb kesh, edhe n\u00ebn sanksione edhe pranim i \u201cZajednic\u00ebs\u201d nj\u00eb muaj pas Banjsk\u00ebs"}]},{"@type":"WebSite","@id":"https:\/\/permbledhja.com\/#website","url":"https:\/\/permbledhja.com\/","name":"Ve\u00e7 artikuj p\u00ebrmbledh\u00ebs","description":"","publisher":{"@id":"https:\/\/permbledhja.com\/#organization"},"potentialAction":[{"@type":"SearchAction","target":{"@type":"EntryPoint","urlTemplate":"https:\/\/permbledhja.com\/?s={search_term_string}"},"query-input":"required name=search_term_string"}],"inLanguage":"sq"},{"@type":"Organization","@id":"https:\/\/permbledhja.com\/#organization","name":"MK Media & Pr","url":"https:\/\/permbledhja.com\/","logo":{"@type":"ImageObject","inLanguage":"sq","@id":"https:\/\/permbledhja.com\/#\/schema\/logo\/image\/","url":"https:\/\/permbledhja.com\/wp-content\/uploads\/2021\/12\/07-Press-Logo.jpg","contentUrl":"https:\/\/permbledhja.com\/wp-content\/uploads\/2021\/12\/07-Press-Logo.jpg","width":512,"height":512,"caption":"MK Media & Pr"},"image":{"@id":"https:\/\/permbledhja.com\/#\/schema\/logo\/image\/"},"sameAs":["https:\/\/www.facebook.com\/press07\/"]},{"@type":"Person","@id":"https:\/\/permbledhja.com\/#\/schema\/person\/0d064377258d3221e50693947b9eb4fe","name":"P\u00ebrmbledhja","image":{"@type":"ImageObject","inLanguage":"sq","@id":"https:\/\/permbledhja.com\/#\/schema\/person\/image\/","url":"https:\/\/permbledhja.com\/wp-content\/uploads\/2026\/01\/452004717_1040944174702970_8932037511805513407_n-96x96.jpg","contentUrl":"https:\/\/permbledhja.com\/wp-content\/uploads\/2026\/01\/452004717_1040944174702970_8932037511805513407_n-96x96.jpg","caption":"P\u00ebrmbledhja"},"sameAs":["https:\/\/www.facebook.com\/kafexhiu.muharrem\/","https:\/\/www.instagram.com\/muharrem_kafexhiu\/"],"url":"https:\/\/permbledhja.com\/sq\/author\/admin\/"}]}},"_links":{"self":[{"href":"https:\/\/permbledhja.com\/sq\/wp-json\/wp\/v2\/posts\/34496"}],"collection":[{"href":"https:\/\/permbledhja.com\/sq\/wp-json\/wp\/v2\/posts"}],"about":[{"href":"https:\/\/permbledhja.com\/sq\/wp-json\/wp\/v2\/types\/post"}],"author":[{"embeddable":true,"href":"https:\/\/permbledhja.com\/sq\/wp-json\/wp\/v2\/users\/1"}],"replies":[{"embeddable":true,"href":"https:\/\/permbledhja.com\/sq\/wp-json\/wp\/v2\/comments?post=34496"}],"version-history":[{"count":2,"href":"https:\/\/permbledhja.com\/sq\/wp-json\/wp\/v2\/posts\/34496\/revisions"}],"predecessor-version":[{"id":34499,"href":"https:\/\/permbledhja.com\/sq\/wp-json\/wp\/v2\/posts\/34496\/revisions\/34499"}],"wp:featuredmedia":[{"embeddable":true,"href":"https:\/\/permbledhja.com\/sq\/wp-json\/wp\/v2\/media\/34498"}],"wp:attachment":[{"href":"https:\/\/permbledhja.com\/sq\/wp-json\/wp\/v2\/media?parent=34496"}],"wp:term":[{"taxonomy":"category","embeddable":true,"href":"https:\/\/permbledhja.com\/sq\/wp-json\/wp\/v2\/categories?post=34496"},{"taxonomy":"post_tag","embeddable":true,"href":"https:\/\/permbledhja.com\/sq\/wp-json\/wp\/v2\/tags?post=34496"}],"curies":[{"name":"wp","href":"https:\/\/api.w.org\/{rel}","templated":true}]}}