{"id":3437,"date":"2022-07-30T10:02:41","date_gmt":"2022-07-30T10:02:41","guid":{"rendered":"https:\/\/permbledhja.com\/?p=3437"},"modified":"2022-07-30T10:02:41","modified_gmt":"2022-07-30T10:02:41","slug":"abdixhiku-i-ashper-kur-e-keni-pare-kurtin-duke-peruruar-ndonje-projekt-madhor-ne-kosove","status":"publish","type":"post","link":"https:\/\/permbledhja.com\/sq\/abdixhiku-i-ashper-kur-e-keni-pare-kurtin-duke-peruruar-ndonje-projekt-madhor-ne-kosove\/","title":{"rendered":"Abdixhiku i ashp\u00ebr: Kur e keni par\u00eb Kurtin duke p\u00ebruruar ndonj\u00eb projekt madhor n\u00eb Kosov\u00eb?"},"content":{"rendered":"<p><strong>Kryetari i LDK-s\u00eb, Lumir Abdixhiku ka kritikuar munges\u00ebn e investimeve kapitale nga qeveria Kurti II.<\/strong><\/p>\n<p>Ai ka th\u00ebn\u00eb se politika e k\u00ebsaj qeverie, e ka sjellur Kosov\u00ebn n\u00eb nj\u00eb fukarall\u00ebk. Abdixhiku ka pyetur n\u00ebse qytetar\u00ebt e kan\u00eb par\u00eb Kurtin, duke p\u00ebruruar ndonj\u00eb projekt madhor n\u00eb Kosov\u00eb.<\/p>\n<p>https:\/\/permbledhja.com\/u-aksidentua-ne-zvicer-vdes-e-reja-shqiptare\/<\/p>\n<p><strong>POSTIMI<\/strong><\/p>\n<p>AS EDHE NJ\u00cb SHENJ\u00cb E L\u00cbN\u00cb<\/p>\n<p><em>Realizimi i investimeve kapitale n\u00eb Kosov\u00eb \u00ebsht\u00eb m\u00eb i ul\u00ebti n\u00eb gjith\u00eb dekad\u00ebn e fundit. Po kalon viti i dyt\u00eb qeveris\u00ebs, vera e dyt\u00eb e koh\u00ebs s\u00eb punimeve, dhe asnj\u00eb projekt kapital nuk po merr form\u00eb n\u00eb vendin ton\u00eb. As edhe nj\u00eb shenj\u00eb e l\u00ebn\u00eb.<\/p>\n<p>Kur keni par\u00eb kryeministrin e Kosov\u00ebs t\u00eb filloj\u00eb, p\u00ebruroj\u00eb apo edhe t\u00eb flas\u00eb p\u00ebr ndonj\u00eb projekt madhor kudo n\u00eb Kosov\u00eb? Cil\u00ebn vendpunishte me pun\u00ebtor\u00eb e ka nisur ai apo kjo Qeveri deri m\u00eb sot? Premtimet e 40 \u00e7erdheve n\u00eb Kosov\u00eb, t\u00eb 4000 banesave sociale, t\u00eb rrug\u00ebve rajonale, bankave zhvillimore e aseteve sovrane &#8211; nuk kan\u00eb filluar as edhe n\u00eb let\u00ebr. Dhe p\u00ebr aq sa merr koh\u00eb nj\u00eb projekt t\u00eb nis e p\u00ebrfundoj\u00eb, edhe dy verat e ardhshme t\u00eb k\u00ebtij mandati do t\u00eb shkojn\u00eb pa asnj\u00eb shenj\u00eb t\u00eb l\u00ebn\u00eb.<\/p>\n<p>https:\/\/permbledhja.com\/skandal-ne-serbi-dhendri-iu-ofron-dasmoreve-kokaine-teksa-kendojne-i-gjithe-fshati-mbush-hundet-me-te-bardhe\/<\/p>\n<p>Kosova ka nevoj\u00eb p\u00ebr zhvillim; e zhvillimi nuk mund t\u00eb reduktohet n\u00eb disa transakcione bankare t\u00eb skemave sociale. S\u2019\u00ebsht\u00eb ekonomia kaq e thjesht\u00eb e shteti s\u2019\u00ebsht\u00eb vet\u00ebm bank\u00eb. Kosova megjithat\u00eb ka nevoj\u00eb p\u00ebr projekte t\u00eb guximshme dhe t\u00eb m\u00ebdha; p\u00ebr investime kapitale n\u00eb spitale, shkolla, infrastruktur\u00eb rrugore, stadiume, salla kulturore e n\u00eb energji &#8211; n\u00eb pothuajse \u00e7do fush\u00eb t\u00eb jet\u00ebs publike.<\/p>\n<p>Fukarall\u00ebku mendor i k\u00ebsaj Qeverie po prodhon tkurrje kolektive t\u00eb gjith\u00eb shoq\u00ebris\u00eb son\u00eb. Kosova sot duket e trisht\u00eb krahasuar me tempon e punimeve n\u00eb secilin shtet n\u00eb rajon. E n\u00eb munges\u00eb t\u00eb projekteve kapitale, le t\u00eb mjaftohemi me foto sh\u00ebtit\u00ebse, arroganc\u00eb qeverisjeje e arsyetime t\u00eb 20 viteve t\u00eb shkuara. \u00cbsht\u00eb m\u00eb e leht\u00eb kjo.<\/em><\/p>\n","protected":false},"excerpt":{"rendered":"<p>Kryetari i LDK-s\u00eb, Lumir Abdixhiku ka kritikuar munges\u00ebn e investimeve kapitale nga qeveria Kurti II. Ai ka th\u00ebn\u00eb se politika e k\u00ebsaj qeverie, e ka sjellur Kosov\u00ebn n\u00eb nj\u00eb fukarall\u00ebk. Abdixhiku ka pyetur n\u00ebse qytetar\u00ebt e kan\u00eb par\u00eb Kurtin, duke p\u00ebruruar ndonj\u00eb projekt madhor n\u00eb Kosov\u00eb. https:\/\/permbledhja.com\/u-aksidentua-ne-zvicer-vdes-e-reja-shqiptare\/ POSTIMI AS EDHE NJ\u00cb SHENJ\u00cb E L\u00cbN\u00cb Realizimi [&hellip;]<\/p>\n","protected":false},"author":1,"featured_media":3438,"comment_status":"closed","ping_status":"closed","sticky":false,"template":"","format":"standard","meta":{"_monsterinsights_skip_tracking":false,"_monsterinsights_sitenote_active":false,"_monsterinsights_sitenote_note":"","_monsterinsights_sitenote_category":0,"_uf_show_specific_survey":0,"_uf_disable_surveys":false,"footnotes":""},"categories":[23,15],"tags":[427],"yoast_head":"<!-- This site is optimized with the Yoast SEO plugin v21.5 - https:\/\/yoast.com\/wordpress\/plugins\/seo\/ -->\n<title>Abdixhiku i ashp\u00ebr: Kur e keni par\u00eb Kurtin duke p\u00ebruruar ndonj\u00eb projekt madhor n\u00eb Kosov\u00eb?<\/title>\n<meta name=\"robots\" content=\"index, follow, max-snippet:-1, max-image-preview:large, max-video-preview:-1\" \/>\n<link rel=\"canonical\" href=\"https:\/\/permbledhja.com\/sq\/abdixhiku-i-ashper-kur-e-keni-pare-kurtin-duke-peruruar-ndonje-projekt-madhor-ne-kosove\/\" \/>\n<meta property=\"og:locale\" content=\"sq_AL\" \/>\n<meta property=\"og:type\" content=\"article\" \/>\n<meta property=\"og:title\" content=\"Abdixhiku i ashp\u00ebr: Kur e keni par\u00eb Kurtin duke p\u00ebruruar ndonj\u00eb projekt madhor n\u00eb Kosov\u00eb?\" \/>\n<meta property=\"og:description\" content=\"Kryetari i LDK-s\u00eb, Lumir Abdixhiku ka kritikuar munges\u00ebn e investimeve kapitale nga qeveria Kurti II. Ai ka th\u00ebn\u00eb se politika e k\u00ebsaj qeverie, e ka sjellur Kosov\u00ebn n\u00eb nj\u00eb fukarall\u00ebk. Abdixhiku ka pyetur n\u00ebse qytetar\u00ebt e kan\u00eb par\u00eb Kurtin, duke p\u00ebruruar ndonj\u00eb projekt madhor n\u00eb Kosov\u00eb. https:\/\/permbledhja.com\/u-aksidentua-ne-zvicer-vdes-e-reja-shqiptare\/ POSTIMI AS EDHE NJ\u00cb SHENJ\u00cb E L\u00cbN\u00cb Realizimi [&hellip;]\" \/>\n<meta property=\"og:url\" content=\"https:\/\/permbledhja.com\/sq\/abdixhiku-i-ashper-kur-e-keni-pare-kurtin-duke-peruruar-ndonje-projekt-madhor-ne-kosove\/\" \/>\n<meta property=\"og:site_name\" content=\"Ve\u00e7 artikuj p\u00ebrmbledh\u00ebs\" \/>\n<meta property=\"article:publisher\" content=\"https:\/\/www.facebook.com\/press07\/\" \/>\n<meta property=\"article:author\" content=\"https:\/\/www.facebook.com\/kafexhiu.muharrem\/\" \/>\n<meta property=\"article:published_time\" content=\"2022-07-30T10:02:41+00:00\" \/>\n<meta property=\"og:image\" content=\"https:\/\/permbledhja.com\/wp-content\/uploads\/2022\/07\/Abdixhiku.png\" \/>\n\t<meta property=\"og:image:width\" content=\"719\" \/>\n\t<meta property=\"og:image:height\" content=\"418\" \/>\n\t<meta property=\"og:image:type\" content=\"image\/png\" \/>\n<meta name=\"author\" content=\"P\u00ebrmbledhja\" \/>\n<meta name=\"twitter:card\" content=\"summary_large_image\" \/>\n<meta name=\"twitter:label1\" content=\"Written by\" \/>\n\t<meta name=\"twitter:data1\" content=\"P\u00ebrmbledhja\" \/>\n\t<meta name=\"twitter:label2\" content=\"Est. reading time\" \/>\n\t<meta name=\"twitter:data2\" content=\"2 minuta\" \/>\n<script type=\"application\/ld+json\" class=\"yoast-schema-graph\">{\"@context\":\"https:\/\/schema.org\",\"@graph\":[{\"@type\":\"Article\",\"@id\":\"https:\/\/permbledhja.com\/abdixhiku-i-ashper-kur-e-keni-pare-kurtin-duke-peruruar-ndonje-projekt-madhor-ne-kosove\/#article\",\"isPartOf\":{\"@id\":\"https:\/\/permbledhja.com\/abdixhiku-i-ashper-kur-e-keni-pare-kurtin-duke-peruruar-ndonje-projekt-madhor-ne-kosove\/\"},\"author\":{\"name\":\"P\u00ebrmbledhja\",\"@id\":\"https:\/\/permbledhja.com\/#\/schema\/person\/0d064377258d3221e50693947b9eb4fe\"},\"headline\":\"Abdixhiku i ashp\u00ebr: Kur e keni par\u00eb Kurtin duke p\u00ebruruar ndonj\u00eb projekt madhor n\u00eb Kosov\u00eb?\",\"datePublished\":\"2022-07-30T10:02:41+00:00\",\"dateModified\":\"2022-07-30T10:02:41+00:00\",\"mainEntityOfPage\":{\"@id\":\"https:\/\/permbledhja.com\/abdixhiku-i-ashper-kur-e-keni-pare-kurtin-duke-peruruar-ndonje-projekt-madhor-ne-kosove\/\"},\"wordCount\":361,\"publisher\":{\"@id\":\"https:\/\/permbledhja.com\/#organization\"},\"keywords\":[\"Lumir Abdixhiku\"],\"articleSection\":[\"Komb\u00ebtare\",\"Lajme\"],\"inLanguage\":\"sq\"},{\"@type\":\"WebPage\",\"@id\":\"https:\/\/permbledhja.com\/abdixhiku-i-ashper-kur-e-keni-pare-kurtin-duke-peruruar-ndonje-projekt-madhor-ne-kosove\/\",\"url\":\"https:\/\/permbledhja.com\/abdixhiku-i-ashper-kur-e-keni-pare-kurtin-duke-peruruar-ndonje-projekt-madhor-ne-kosove\/\",\"name\":\"Abdixhiku i ashp\u00ebr: Kur e keni par\u00eb Kurtin duke p\u00ebruruar ndonj\u00eb projekt madhor n\u00eb Kosov\u00eb?\",\"isPartOf\":{\"@id\":\"https:\/\/permbledhja.com\/#website\"},\"datePublished\":\"2022-07-30T10:02:41+00:00\",\"dateModified\":\"2022-07-30T10:02:41+00:00\",\"breadcrumb\":{\"@id\":\"https:\/\/permbledhja.com\/abdixhiku-i-ashper-kur-e-keni-pare-kurtin-duke-peruruar-ndonje-projekt-madhor-ne-kosove\/#breadcrumb\"},\"inLanguage\":\"sq\",\"potentialAction\":[{\"@type\":\"ReadAction\",\"target\":[\"https:\/\/permbledhja.com\/abdixhiku-i-ashper-kur-e-keni-pare-kurtin-duke-peruruar-ndonje-projekt-madhor-ne-kosove\/\"]}]},{\"@type\":\"BreadcrumbList\",\"@id\":\"https:\/\/permbledhja.com\/abdixhiku-i-ashper-kur-e-keni-pare-kurtin-duke-peruruar-ndonje-projekt-madhor-ne-kosove\/#breadcrumb\",\"itemListElement\":[{\"@type\":\"ListItem\",\"position\":1,\"name\":\"Ballina\",\"item\":\"https:\/\/permbledhja.com\/sq\/\"},{\"@type\":\"ListItem\",\"position\":2,\"name\":\"Abdixhiku i ashp\u00ebr: Kur e keni par\u00eb Kurtin duke p\u00ebruruar ndonj\u00eb projekt madhor n\u00eb Kosov\u00eb?\"}]},{\"@type\":\"WebSite\",\"@id\":\"https:\/\/permbledhja.com\/#website\",\"url\":\"https:\/\/permbledhja.com\/\",\"name\":\"Ve\u00e7 artikuj p\u00ebrmbledh\u00ebs\",\"description\":\"\",\"publisher\":{\"@id\":\"https:\/\/permbledhja.com\/#organization\"},\"potentialAction\":[{\"@type\":\"SearchAction\",\"target\":{\"@type\":\"EntryPoint\",\"urlTemplate\":\"https:\/\/permbledhja.com\/?s={search_term_string}\"},\"query-input\":\"required name=search_term_string\"}],\"inLanguage\":\"sq\"},{\"@type\":\"Organization\",\"@id\":\"https:\/\/permbledhja.com\/#organization\",\"name\":\"MK Media & Pr\",\"url\":\"https:\/\/permbledhja.com\/\",\"logo\":{\"@type\":\"ImageObject\",\"inLanguage\":\"sq\",\"@id\":\"https:\/\/permbledhja.com\/#\/schema\/logo\/image\/\",\"url\":\"https:\/\/permbledhja.com\/wp-content\/uploads\/2021\/12\/07-Press-Logo.jpg\",\"contentUrl\":\"https:\/\/permbledhja.com\/wp-content\/uploads\/2021\/12\/07-Press-Logo.jpg\",\"width\":512,\"height\":512,\"caption\":\"MK Media & Pr\"},\"image\":{\"@id\":\"https:\/\/permbledhja.com\/#\/schema\/logo\/image\/\"},\"sameAs\":[\"https:\/\/www.facebook.com\/press07\/\"]},{\"@type\":\"Person\",\"@id\":\"https:\/\/permbledhja.com\/#\/schema\/person\/0d064377258d3221e50693947b9eb4fe\",\"name\":\"P\u00ebrmbledhja\",\"image\":{\"@type\":\"ImageObject\",\"inLanguage\":\"sq\",\"@id\":\"https:\/\/permbledhja.com\/#\/schema\/person\/image\/\",\"url\":\"https:\/\/permbledhja.com\/wp-content\/uploads\/2026\/01\/452004717_1040944174702970_8932037511805513407_n-96x96.jpg\",\"contentUrl\":\"https:\/\/permbledhja.com\/wp-content\/uploads\/2026\/01\/452004717_1040944174702970_8932037511805513407_n-96x96.jpg\",\"caption\":\"P\u00ebrmbledhja\"},\"sameAs\":[\"https:\/\/www.facebook.com\/kafexhiu.muharrem\/\",\"https:\/\/www.instagram.com\/muharrem_kafexhiu\/\"],\"url\":\"https:\/\/permbledhja.com\/sq\/author\/admin\/\"}]}<\/script>\n<!-- \/ Yoast SEO plugin. -->","yoast_head_json":{"title":"Abdixhiku i ashp\u00ebr: Kur e keni par\u00eb Kurtin duke p\u00ebruruar ndonj\u00eb projekt madhor n\u00eb Kosov\u00eb?","robots":{"index":"index","follow":"follow","max-snippet":"max-snippet:-1","max-image-preview":"max-image-preview:large","max-video-preview":"max-video-preview:-1"},"canonical":"https:\/\/permbledhja.com\/sq\/abdixhiku-i-ashper-kur-e-keni-pare-kurtin-duke-peruruar-ndonje-projekt-madhor-ne-kosove\/","og_locale":"sq_AL","og_type":"article","og_title":"Abdixhiku i ashp\u00ebr: Kur e keni par\u00eb Kurtin duke p\u00ebruruar ndonj\u00eb projekt madhor n\u00eb Kosov\u00eb?","og_description":"Kryetari i LDK-s\u00eb, Lumir Abdixhiku ka kritikuar munges\u00ebn e investimeve kapitale nga qeveria Kurti II. Ai ka th\u00ebn\u00eb se politika e k\u00ebsaj qeverie, e ka sjellur Kosov\u00ebn n\u00eb nj\u00eb fukarall\u00ebk. Abdixhiku ka pyetur n\u00ebse qytetar\u00ebt e kan\u00eb par\u00eb Kurtin, duke p\u00ebruruar ndonj\u00eb projekt madhor n\u00eb Kosov\u00eb. https:\/\/permbledhja.com\/u-aksidentua-ne-zvicer-vdes-e-reja-shqiptare\/ POSTIMI AS EDHE NJ\u00cb SHENJ\u00cb E L\u00cbN\u00cb Realizimi [&hellip;]","og_url":"https:\/\/permbledhja.com\/sq\/abdixhiku-i-ashper-kur-e-keni-pare-kurtin-duke-peruruar-ndonje-projekt-madhor-ne-kosove\/","og_site_name":"Ve\u00e7 artikuj p\u00ebrmbledh\u00ebs","article_publisher":"https:\/\/www.facebook.com\/press07\/","article_author":"https:\/\/www.facebook.com\/kafexhiu.muharrem\/","article_published_time":"2022-07-30T10:02:41+00:00","og_image":[{"width":719,"height":418,"url":"https:\/\/permbledhja.com\/wp-content\/uploads\/2022\/07\/Abdixhiku.png","type":"image\/png"}],"author":"P\u00ebrmbledhja","twitter_card":"summary_large_image","twitter_misc":{"Written by":"P\u00ebrmbledhja","Est. reading time":"2 minuta"},"schema":{"@context":"https:\/\/schema.org","@graph":[{"@type":"Article","@id":"https:\/\/permbledhja.com\/abdixhiku-i-ashper-kur-e-keni-pare-kurtin-duke-peruruar-ndonje-projekt-madhor-ne-kosove\/#article","isPartOf":{"@id":"https:\/\/permbledhja.com\/abdixhiku-i-ashper-kur-e-keni-pare-kurtin-duke-peruruar-ndonje-projekt-madhor-ne-kosove\/"},"author":{"name":"P\u00ebrmbledhja","@id":"https:\/\/permbledhja.com\/#\/schema\/person\/0d064377258d3221e50693947b9eb4fe"},"headline":"Abdixhiku i ashp\u00ebr: Kur e keni par\u00eb Kurtin duke p\u00ebruruar ndonj\u00eb projekt madhor n\u00eb Kosov\u00eb?","datePublished":"2022-07-30T10:02:41+00:00","dateModified":"2022-07-30T10:02:41+00:00","mainEntityOfPage":{"@id":"https:\/\/permbledhja.com\/abdixhiku-i-ashper-kur-e-keni-pare-kurtin-duke-peruruar-ndonje-projekt-madhor-ne-kosove\/"},"wordCount":361,"publisher":{"@id":"https:\/\/permbledhja.com\/#organization"},"keywords":["Lumir Abdixhiku"],"articleSection":["Komb\u00ebtare","Lajme"],"inLanguage":"sq"},{"@type":"WebPage","@id":"https:\/\/permbledhja.com\/abdixhiku-i-ashper-kur-e-keni-pare-kurtin-duke-peruruar-ndonje-projekt-madhor-ne-kosove\/","url":"https:\/\/permbledhja.com\/abdixhiku-i-ashper-kur-e-keni-pare-kurtin-duke-peruruar-ndonje-projekt-madhor-ne-kosove\/","name":"Abdixhiku i ashp\u00ebr: Kur e keni par\u00eb Kurtin duke p\u00ebruruar ndonj\u00eb projekt madhor n\u00eb Kosov\u00eb?","isPartOf":{"@id":"https:\/\/permbledhja.com\/#website"},"datePublished":"2022-07-30T10:02:41+00:00","dateModified":"2022-07-30T10:02:41+00:00","breadcrumb":{"@id":"https:\/\/permbledhja.com\/abdixhiku-i-ashper-kur-e-keni-pare-kurtin-duke-peruruar-ndonje-projekt-madhor-ne-kosove\/#breadcrumb"},"inLanguage":"sq","potentialAction":[{"@type":"ReadAction","target":["https:\/\/permbledhja.com\/abdixhiku-i-ashper-kur-e-keni-pare-kurtin-duke-peruruar-ndonje-projekt-madhor-ne-kosove\/"]}]},{"@type":"BreadcrumbList","@id":"https:\/\/permbledhja.com\/abdixhiku-i-ashper-kur-e-keni-pare-kurtin-duke-peruruar-ndonje-projekt-madhor-ne-kosove\/#breadcrumb","itemListElement":[{"@type":"ListItem","position":1,"name":"Ballina","item":"https:\/\/permbledhja.com\/sq\/"},{"@type":"ListItem","position":2,"name":"Abdixhiku i ashp\u00ebr: Kur e keni par\u00eb Kurtin duke p\u00ebruruar ndonj\u00eb projekt madhor n\u00eb Kosov\u00eb?"}]},{"@type":"WebSite","@id":"https:\/\/permbledhja.com\/#website","url":"https:\/\/permbledhja.com\/","name":"Ve\u00e7 artikuj p\u00ebrmbledh\u00ebs","description":"","publisher":{"@id":"https:\/\/permbledhja.com\/#organization"},"potentialAction":[{"@type":"SearchAction","target":{"@type":"EntryPoint","urlTemplate":"https:\/\/permbledhja.com\/?s={search_term_string}"},"query-input":"required name=search_term_string"}],"inLanguage":"sq"},{"@type":"Organization","@id":"https:\/\/permbledhja.com\/#organization","name":"MK Media & Pr","url":"https:\/\/permbledhja.com\/","logo":{"@type":"ImageObject","inLanguage":"sq","@id":"https:\/\/permbledhja.com\/#\/schema\/logo\/image\/","url":"https:\/\/permbledhja.com\/wp-content\/uploads\/2021\/12\/07-Press-Logo.jpg","contentUrl":"https:\/\/permbledhja.com\/wp-content\/uploads\/2021\/12\/07-Press-Logo.jpg","width":512,"height":512,"caption":"MK Media & Pr"},"image":{"@id":"https:\/\/permbledhja.com\/#\/schema\/logo\/image\/"},"sameAs":["https:\/\/www.facebook.com\/press07\/"]},{"@type":"Person","@id":"https:\/\/permbledhja.com\/#\/schema\/person\/0d064377258d3221e50693947b9eb4fe","name":"P\u00ebrmbledhja","image":{"@type":"ImageObject","inLanguage":"sq","@id":"https:\/\/permbledhja.com\/#\/schema\/person\/image\/","url":"https:\/\/permbledhja.com\/wp-content\/uploads\/2026\/01\/452004717_1040944174702970_8932037511805513407_n-96x96.jpg","contentUrl":"https:\/\/permbledhja.com\/wp-content\/uploads\/2026\/01\/452004717_1040944174702970_8932037511805513407_n-96x96.jpg","caption":"P\u00ebrmbledhja"},"sameAs":["https:\/\/www.facebook.com\/kafexhiu.muharrem\/","https:\/\/www.instagram.com\/muharrem_kafexhiu\/"],"url":"https:\/\/permbledhja.com\/sq\/author\/admin\/"}]}},"_links":{"self":[{"href":"https:\/\/permbledhja.com\/sq\/wp-json\/wp\/v2\/posts\/3437"}],"collection":[{"href":"https:\/\/permbledhja.com\/sq\/wp-json\/wp\/v2\/posts"}],"about":[{"href":"https:\/\/permbledhja.com\/sq\/wp-json\/wp\/v2\/types\/post"}],"author":[{"embeddable":true,"href":"https:\/\/permbledhja.com\/sq\/wp-json\/wp\/v2\/users\/1"}],"replies":[{"embeddable":true,"href":"https:\/\/permbledhja.com\/sq\/wp-json\/wp\/v2\/comments?post=3437"}],"version-history":[{"count":1,"href":"https:\/\/permbledhja.com\/sq\/wp-json\/wp\/v2\/posts\/3437\/revisions"}],"predecessor-version":[{"id":3439,"href":"https:\/\/permbledhja.com\/sq\/wp-json\/wp\/v2\/posts\/3437\/revisions\/3439"}],"wp:featuredmedia":[{"embeddable":true,"href":"https:\/\/permbledhja.com\/sq\/wp-json\/wp\/v2\/media\/3438"}],"wp:attachment":[{"href":"https:\/\/permbledhja.com\/sq\/wp-json\/wp\/v2\/media?parent=3437"}],"wp:term":[{"taxonomy":"category","embeddable":true,"href":"https:\/\/permbledhja.com\/sq\/wp-json\/wp\/v2\/categories?post=3437"},{"taxonomy":"post_tag","embeddable":true,"href":"https:\/\/permbledhja.com\/sq\/wp-json\/wp\/v2\/tags?post=3437"}],"curies":[{"name":"wp","href":"https:\/\/api.w.org\/{rel}","templated":true}]}}