{"id":34362,"date":"2023-11-02T13:34:11","date_gmt":"2023-11-02T13:34:11","guid":{"rendered":"https:\/\/permbledhja.com\/?p=34362"},"modified":"2023-11-02T13:34:29","modified_gmt":"2023-11-02T13:34:29","slug":"punonin-ne-te-zezen-per-nje-shef-kosovar-keta-jane-punetoret-shqiptare-qe-vdiqen-ne-kantierin-ne-gjermani","status":"publish","type":"post","link":"https:\/\/permbledhja.com\/sq\/punonin-ne-te-zezen-per-nje-shef-kosovar-keta-jane-punetoret-shqiptare-qe-vdiqen-ne-kantierin-ne-gjermani\/","title":{"rendered":"Punonin n\u00eb t\u00eb zez\u00ebn p\u00ebr nj\u00eb shef kosovar, k\u00ebta jan\u00eb pun\u00ebtor\u00ebt shqiptar\u00eb q\u00eb vdiq\u00ebn n\u00eb kantierin n\u00eb Gjermani"},"content":{"rendered":"<h3>Mediat gjermane zbulojn\u00eb detaje t\u00eb reja lidhur me aksidentin e r\u00ebnd\u00eb n\u00eb pun\u00eb t\u00eb ndodhur n\u00eb nj\u00eb kantier nd\u00ebrtimi n\u00eb Hafencity t\u00eb Hamburgut t\u00eb h\u00ebn\u00ebn e 30 tetorit, ku humb\u00ebn jet\u00ebn disa shqiptar\u00eb dhe nj\u00eb pun\u00ebtor tjet\u00ebr mbeti i plagosur, transmeton albinfo.<\/h3>\n<p>Policia n\u00eb fillim kishte deklaruar se viktimat ishin bullgar\u00eb, por m\u00eb pas korrigjoi informacionin, duke th\u00ebn\u00eb se kat\u00ebr nga pes\u00eb viktimat e aksidentit ishin shqiptar\u00eb.<\/p>\n<p>Referuar departamentit t\u00eb zjarrfik\u00ebsve, pas 35 or\u00ebsh arrit\u00ebn t\u00eb shp\u00ebtonin pun\u00ebtorin e pest\u00eb t\u00eb mbetur n\u00eb rr\u00ebnoja gjat\u00eb mbr\u00ebmjes, i cili u d\u00ebrgua n\u00eb spital me l\u00ebndime t\u00eb rrezikshme p\u00ebr jet\u00ebn pas aksidentit t\u00eb h\u00ebn\u00ebn. Sipas raportimeve, gjendja e tij \u00ebsht\u00eb ende n\u00eb koma.<\/p>\n<p>Viktimat jan\u00eb:<\/p>\n<div>\n<div id=\"div-gpt-ad-1634289484286-0\" data-google-query-id=\"CJ72qPG1pYIDFZxC9ggddFsPRA\">\n<p>A. Zorba, 31 vje\u00e7 nga Elbasani,<\/p>\n<p>A. Xheka, 35 vje\u00e7 nga Dibra,<\/p>\n<p>Rr. Hoxha, 33 vje\u00e7, nga Kuk\u00ebsi,<\/p>\n<p>Nd\u00ebrkoh\u00eb personi i kat\u00ebrit \u00ebsht\u00eb po ashtu nga Mati, identiteti i t\u00eb cil\u00ebt ende nuk \u00ebsht\u00eb zbuluar.<\/p>\n<p>Nga ana tjet\u00ebr, A. Visha nga Mati, 33-vje\u00e7, \u00ebsht\u00eb n\u00eb koma n\u00eb spitalin gjerman, gjendja e t\u00eb cilit \u00ebsht\u00eb ende n\u00eb rrezik.<\/p>\n<p>Grupi i pun\u00ebtor\u00ebve shqiptar\u00eb ishin n\u00eb gjermani me pasaporta false bullgare, gj\u00eb e cila solli edhe identifikimin me v\u00ebshtir\u00ebsi t\u00eb tyre, nd\u00ebrsa tek pun\u00ebdh\u00ebn\u00ebsi, shtetas kosovar, punonin n\u00eb t\u00eb zez\u00ebn.<\/p>\n<p>Administratori shqiptar nga Kosova i firm\u00ebs q\u00eb kishte regjistruar shqiptar\u00ebt me dokumente false \u00ebsht\u00eb zhdukur nga Gjermania, besohet se tashm\u00eb ka ikur nga shteti gjerman.<\/p>\n<p><strong>Hetimet<\/strong><\/p>\n<p>Ende \u00ebsht\u00eb e paqart\u00eb p\u00ebrse \u00ebsht\u00eb shembur skela. Specialist\u00ebt e Policis\u00eb Kriminale t\u00eb Shtetit kan\u00eb nisur hetimet p\u00ebr shkaqet e aksidentit. Senatori i Brendsh\u00ebm i Hamburgut, Andy Grote (SPD) shprehu ngush\u00ebllimet e tij p\u00ebr familjet e viktimave, transmeton tutje albinfo.ch.<\/p>\n<p>\u201cNgush\u00ebllimet e mia t\u00eb sinqerta shkojn\u00eb p\u00ebr t\u00eb gjith\u00eb t\u00eb af\u00ebrmit e viktimave\u201d, shkroi ai n\u00eb platform\u00ebn X (ish Twitter). N\u00eb t\u00eb nj\u00ebjt\u00ebn koh\u00eb, ai ka fal\u00ebnderuar edhe sh\u00ebrbimet e urgjenc\u00ebs. Ky nuk \u00ebsht\u00eb aksidenti i par\u00eb i r\u00ebnd\u00eb q\u00eb ndodh n\u00eb pun\u00eb n\u00eb Hamburg.<\/p>\n<p>\u00c7do pun\u00ebdh\u00ebn\u00ebs n\u00eb Gjermani nuk guxon t\u00eb pun\u00ebsoj\u00eb pun\u00ebtor\u00eb t\u00eb huaj n\u00eb m\u00ebnyr\u00eb ilegale. D\u00ebnimet shkojn\u00eb nga 10 mij\u00eb deri n\u00eb 100 mij\u00eb euro, n\u00ebse nj\u00eb pu\u00ebtor kapet n\u00eb t\u00eb zez\u00ebn.<\/p>\n<p>Dhe, ve\u00e7 k\u00ebsaj, atyre do t\u2019u b\u00ebhet nga nj\u00eb ndales\u00eb prej dy deri n\u00eb pes\u00eb vjet, pa t\u00eb drejt\u00eb pune si kompani dhe si individ, n\u00eb raste t\u00eb ve\u00e7anta, sikurse ky i lartp\u00ebrmenduri, i cili edhe pas vuajtjes s\u00eb d\u00ebnimit, nuk ka t\u00eb drejt\u00eb t\u00eb hyj\u00eb m\u00eb n\u00eb Gjermani.<\/p>\n<\/div>\n<\/div>\n","protected":false},"excerpt":{"rendered":"<p>Mediat gjermane zbulojn\u00eb detaje t\u00eb reja lidhur me aksidentin e r\u00ebnd\u00eb n\u00eb pun\u00eb t\u00eb ndodhur n\u00eb nj\u00eb kantier nd\u00ebrtimi n\u00eb Hafencity t\u00eb Hamburgut t\u00eb h\u00ebn\u00ebn e 30 tetorit, ku humb\u00ebn jet\u00ebn disa shqiptar\u00eb dhe nj\u00eb pun\u00ebtor tjet\u00ebr mbeti i plagosur, transmeton albinfo. Policia n\u00eb fillim kishte deklaruar se viktimat ishin bullgar\u00eb, por m\u00eb pas korrigjoi [&hellip;]<\/p>\n","protected":false},"author":2,"featured_media":34363,"comment_status":"closed","ping_status":"closed","sticky":false,"template":"","format":"standard","meta":{"_monsterinsights_skip_tracking":false,"_monsterinsights_sitenote_active":false,"_monsterinsights_sitenote_note":"","_monsterinsights_sitenote_category":0,"_uf_show_specific_survey":0,"_uf_disable_surveys":false,"footnotes":""},"categories":[15],"tags":[],"yoast_head":"<!-- This site is optimized with the Yoast SEO plugin v21.5 - https:\/\/yoast.com\/wordpress\/plugins\/seo\/ -->\n<title>Punonin n\u00eb t\u00eb zez\u00ebn p\u00ebr nj\u00eb shef kosovar, k\u00ebta jan\u00eb pun\u00ebtor\u00ebt shqiptar\u00eb q\u00eb vdiq\u00ebn n\u00eb kantierin n\u00eb Gjermani<\/title>\n<meta name=\"robots\" content=\"index, follow, max-snippet:-1, max-image-preview:large, max-video-preview:-1\" \/>\n<link rel=\"canonical\" href=\"https:\/\/permbledhja.com\/sq\/punonin-ne-te-zezen-per-nje-shef-kosovar-keta-jane-punetoret-shqiptare-qe-vdiqen-ne-kantierin-ne-gjermani\/\" \/>\n<meta property=\"og:locale\" content=\"sq_AL\" \/>\n<meta property=\"og:type\" content=\"article\" \/>\n<meta property=\"og:title\" content=\"Punonin n\u00eb t\u00eb zez\u00ebn p\u00ebr nj\u00eb shef kosovar, k\u00ebta jan\u00eb pun\u00ebtor\u00ebt shqiptar\u00eb q\u00eb vdiq\u00ebn n\u00eb kantierin n\u00eb Gjermani\" \/>\n<meta property=\"og:description\" content=\"Mediat gjermane zbulojn\u00eb detaje t\u00eb reja lidhur me aksidentin e r\u00ebnd\u00eb n\u00eb pun\u00eb t\u00eb ndodhur n\u00eb nj\u00eb kantier nd\u00ebrtimi n\u00eb Hafencity t\u00eb Hamburgut t\u00eb h\u00ebn\u00ebn e 30 tetorit, ku humb\u00ebn jet\u00ebn disa shqiptar\u00eb dhe nj\u00eb pun\u00ebtor tjet\u00ebr mbeti i plagosur, transmeton albinfo. Policia n\u00eb fillim kishte deklaruar se viktimat ishin bullgar\u00eb, por m\u00eb pas korrigjoi [&hellip;]\" \/>\n<meta property=\"og:url\" content=\"https:\/\/permbledhja.com\/sq\/punonin-ne-te-zezen-per-nje-shef-kosovar-keta-jane-punetoret-shqiptare-qe-vdiqen-ne-kantierin-ne-gjermani\/\" \/>\n<meta property=\"og:site_name\" content=\"Ve\u00e7 artikuj p\u00ebrmbledh\u00ebs\" \/>\n<meta property=\"article:publisher\" content=\"https:\/\/www.facebook.com\/press07\/\" \/>\n<meta property=\"article:published_time\" content=\"2023-11-02T13:34:11+00:00\" \/>\n<meta property=\"article:modified_time\" content=\"2023-11-02T13:34:29+00:00\" \/>\n<meta property=\"og:image\" content=\"https:\/\/permbledhja.com\/wp-content\/uploads\/2023\/11\/1-13-587x360-1.jpg\" \/>\n\t<meta property=\"og:image:width\" content=\"587\" \/>\n\t<meta property=\"og:image:height\" content=\"360\" \/>\n\t<meta property=\"og:image:type\" content=\"image\/jpeg\" \/>\n<meta name=\"author\" content=\"M M\" \/>\n<meta name=\"twitter:card\" content=\"summary_large_image\" \/>\n<meta name=\"twitter:label1\" content=\"Written by\" \/>\n\t<meta name=\"twitter:data1\" content=\"M M\" \/>\n\t<meta name=\"twitter:label2\" content=\"Est. reading time\" \/>\n\t<meta name=\"twitter:data2\" content=\"2 minuta\" \/>\n<script type=\"application\/ld+json\" class=\"yoast-schema-graph\">{\"@context\":\"https:\/\/schema.org\",\"@graph\":[{\"@type\":\"Article\",\"@id\":\"https:\/\/permbledhja.com\/sq\/punonin-ne-te-zezen-per-nje-shef-kosovar-keta-jane-punetoret-shqiptare-qe-vdiqen-ne-kantierin-ne-gjermani\/#article\",\"isPartOf\":{\"@id\":\"https:\/\/permbledhja.com\/sq\/punonin-ne-te-zezen-per-nje-shef-kosovar-keta-jane-punetoret-shqiptare-qe-vdiqen-ne-kantierin-ne-gjermani\/\"},\"author\":{\"name\":\"M M\",\"@id\":\"https:\/\/permbledhja.com\/#\/schema\/person\/d23f13f59b5722643933d6780783acf3\"},\"headline\":\"Punonin n\u00eb t\u00eb zez\u00ebn p\u00ebr nj\u00eb shef kosovar, k\u00ebta jan\u00eb pun\u00ebtor\u00ebt shqiptar\u00eb q\u00eb vdiq\u00ebn n\u00eb kantierin n\u00eb Gjermani\",\"datePublished\":\"2023-11-02T13:34:11+00:00\",\"dateModified\":\"2023-11-02T13:34:29+00:00\",\"mainEntityOfPage\":{\"@id\":\"https:\/\/permbledhja.com\/sq\/punonin-ne-te-zezen-per-nje-shef-kosovar-keta-jane-punetoret-shqiptare-qe-vdiqen-ne-kantierin-ne-gjermani\/\"},\"wordCount\":480,\"publisher\":{\"@id\":\"https:\/\/permbledhja.com\/#organization\"},\"articleSection\":[\"Lajme\"],\"inLanguage\":\"sq\"},{\"@type\":\"WebPage\",\"@id\":\"https:\/\/permbledhja.com\/sq\/punonin-ne-te-zezen-per-nje-shef-kosovar-keta-jane-punetoret-shqiptare-qe-vdiqen-ne-kantierin-ne-gjermani\/\",\"url\":\"https:\/\/permbledhja.com\/sq\/punonin-ne-te-zezen-per-nje-shef-kosovar-keta-jane-punetoret-shqiptare-qe-vdiqen-ne-kantierin-ne-gjermani\/\",\"name\":\"Punonin n\u00eb t\u00eb zez\u00ebn p\u00ebr nj\u00eb shef kosovar, k\u00ebta jan\u00eb pun\u00ebtor\u00ebt shqiptar\u00eb q\u00eb vdiq\u00ebn n\u00eb kantierin n\u00eb Gjermani\",\"isPartOf\":{\"@id\":\"https:\/\/permbledhja.com\/#website\"},\"datePublished\":\"2023-11-02T13:34:11+00:00\",\"dateModified\":\"2023-11-02T13:34:29+00:00\",\"breadcrumb\":{\"@id\":\"https:\/\/permbledhja.com\/sq\/punonin-ne-te-zezen-per-nje-shef-kosovar-keta-jane-punetoret-shqiptare-qe-vdiqen-ne-kantierin-ne-gjermani\/#breadcrumb\"},\"inLanguage\":\"sq\",\"potentialAction\":[{\"@type\":\"ReadAction\",\"target\":[\"https:\/\/permbledhja.com\/sq\/punonin-ne-te-zezen-per-nje-shef-kosovar-keta-jane-punetoret-shqiptare-qe-vdiqen-ne-kantierin-ne-gjermani\/\"]}]},{\"@type\":\"BreadcrumbList\",\"@id\":\"https:\/\/permbledhja.com\/sq\/punonin-ne-te-zezen-per-nje-shef-kosovar-keta-jane-punetoret-shqiptare-qe-vdiqen-ne-kantierin-ne-gjermani\/#breadcrumb\",\"itemListElement\":[{\"@type\":\"ListItem\",\"position\":1,\"name\":\"Ballina\",\"item\":\"https:\/\/permbledhja.com\/sq\/\"},{\"@type\":\"ListItem\",\"position\":2,\"name\":\"Punonin n\u00eb t\u00eb zez\u00ebn p\u00ebr nj\u00eb shef kosovar, k\u00ebta jan\u00eb pun\u00ebtor\u00ebt shqiptar\u00eb q\u00eb vdiq\u00ebn n\u00eb kantierin n\u00eb Gjermani\"}]},{\"@type\":\"WebSite\",\"@id\":\"https:\/\/permbledhja.com\/#website\",\"url\":\"https:\/\/permbledhja.com\/\",\"name\":\"Ve\u00e7 artikuj p\u00ebrmbledh\u00ebs\",\"description\":\"\",\"publisher\":{\"@id\":\"https:\/\/permbledhja.com\/#organization\"},\"potentialAction\":[{\"@type\":\"SearchAction\",\"target\":{\"@type\":\"EntryPoint\",\"urlTemplate\":\"https:\/\/permbledhja.com\/?s={search_term_string}\"},\"query-input\":\"required name=search_term_string\"}],\"inLanguage\":\"sq\"},{\"@type\":\"Organization\",\"@id\":\"https:\/\/permbledhja.com\/#organization\",\"name\":\"MK Media & Pr\",\"url\":\"https:\/\/permbledhja.com\/\",\"logo\":{\"@type\":\"ImageObject\",\"inLanguage\":\"sq\",\"@id\":\"https:\/\/permbledhja.com\/#\/schema\/logo\/image\/\",\"url\":\"https:\/\/permbledhja.com\/wp-content\/uploads\/2021\/12\/07-Press-Logo.jpg\",\"contentUrl\":\"https:\/\/permbledhja.com\/wp-content\/uploads\/2021\/12\/07-Press-Logo.jpg\",\"width\":512,\"height\":512,\"caption\":\"MK Media & Pr\"},\"image\":{\"@id\":\"https:\/\/permbledhja.com\/#\/schema\/logo\/image\/\"},\"sameAs\":[\"https:\/\/www.facebook.com\/press07\/\"]},{\"@type\":\"Person\",\"@id\":\"https:\/\/permbledhja.com\/#\/schema\/person\/d23f13f59b5722643933d6780783acf3\",\"name\":\"M M\",\"image\":{\"@type\":\"ImageObject\",\"inLanguage\":\"sq\",\"@id\":\"https:\/\/permbledhja.com\/#\/schema\/person\/image\/\",\"url\":\"https:\/\/secure.gravatar.com\/avatar\/e2835a76ca7c31a2416b2d51c4ec9a8f?s=96&d=mm&r=g\",\"contentUrl\":\"https:\/\/secure.gravatar.com\/avatar\/e2835a76ca7c31a2416b2d51c4ec9a8f?s=96&d=mm&r=g\",\"caption\":\"M M\"},\"sameAs\":[\"http:\/\/MM\"],\"url\":\"https:\/\/permbledhja.com\/sq\/author\/muhamet\/\"}]}<\/script>\n<!-- \/ Yoast SEO plugin. -->","yoast_head_json":{"title":"Punonin n\u00eb t\u00eb zez\u00ebn p\u00ebr nj\u00eb shef kosovar, k\u00ebta jan\u00eb pun\u00ebtor\u00ebt shqiptar\u00eb q\u00eb vdiq\u00ebn n\u00eb kantierin n\u00eb Gjermani","robots":{"index":"index","follow":"follow","max-snippet":"max-snippet:-1","max-image-preview":"max-image-preview:large","max-video-preview":"max-video-preview:-1"},"canonical":"https:\/\/permbledhja.com\/sq\/punonin-ne-te-zezen-per-nje-shef-kosovar-keta-jane-punetoret-shqiptare-qe-vdiqen-ne-kantierin-ne-gjermani\/","og_locale":"sq_AL","og_type":"article","og_title":"Punonin n\u00eb t\u00eb zez\u00ebn p\u00ebr nj\u00eb shef kosovar, k\u00ebta jan\u00eb pun\u00ebtor\u00ebt shqiptar\u00eb q\u00eb vdiq\u00ebn n\u00eb kantierin n\u00eb Gjermani","og_description":"Mediat gjermane zbulojn\u00eb detaje t\u00eb reja lidhur me aksidentin e r\u00ebnd\u00eb n\u00eb pun\u00eb t\u00eb ndodhur n\u00eb nj\u00eb kantier nd\u00ebrtimi n\u00eb Hafencity t\u00eb Hamburgut t\u00eb h\u00ebn\u00ebn e 30 tetorit, ku humb\u00ebn jet\u00ebn disa shqiptar\u00eb dhe nj\u00eb pun\u00ebtor tjet\u00ebr mbeti i plagosur, transmeton albinfo. Policia n\u00eb fillim kishte deklaruar se viktimat ishin bullgar\u00eb, por m\u00eb pas korrigjoi [&hellip;]","og_url":"https:\/\/permbledhja.com\/sq\/punonin-ne-te-zezen-per-nje-shef-kosovar-keta-jane-punetoret-shqiptare-qe-vdiqen-ne-kantierin-ne-gjermani\/","og_site_name":"Ve\u00e7 artikuj p\u00ebrmbledh\u00ebs","article_publisher":"https:\/\/www.facebook.com\/press07\/","article_published_time":"2023-11-02T13:34:11+00:00","article_modified_time":"2023-11-02T13:34:29+00:00","og_image":[{"width":587,"height":360,"url":"https:\/\/permbledhja.com\/wp-content\/uploads\/2023\/11\/1-13-587x360-1.jpg","type":"image\/jpeg"}],"author":"M M","twitter_card":"summary_large_image","twitter_misc":{"Written by":"M M","Est. reading time":"2 minuta"},"schema":{"@context":"https:\/\/schema.org","@graph":[{"@type":"Article","@id":"https:\/\/permbledhja.com\/sq\/punonin-ne-te-zezen-per-nje-shef-kosovar-keta-jane-punetoret-shqiptare-qe-vdiqen-ne-kantierin-ne-gjermani\/#article","isPartOf":{"@id":"https:\/\/permbledhja.com\/sq\/punonin-ne-te-zezen-per-nje-shef-kosovar-keta-jane-punetoret-shqiptare-qe-vdiqen-ne-kantierin-ne-gjermani\/"},"author":{"name":"M M","@id":"https:\/\/permbledhja.com\/#\/schema\/person\/d23f13f59b5722643933d6780783acf3"},"headline":"Punonin n\u00eb t\u00eb zez\u00ebn p\u00ebr nj\u00eb shef kosovar, k\u00ebta jan\u00eb pun\u00ebtor\u00ebt shqiptar\u00eb q\u00eb vdiq\u00ebn n\u00eb kantierin n\u00eb Gjermani","datePublished":"2023-11-02T13:34:11+00:00","dateModified":"2023-11-02T13:34:29+00:00","mainEntityOfPage":{"@id":"https:\/\/permbledhja.com\/sq\/punonin-ne-te-zezen-per-nje-shef-kosovar-keta-jane-punetoret-shqiptare-qe-vdiqen-ne-kantierin-ne-gjermani\/"},"wordCount":480,"publisher":{"@id":"https:\/\/permbledhja.com\/#organization"},"articleSection":["Lajme"],"inLanguage":"sq"},{"@type":"WebPage","@id":"https:\/\/permbledhja.com\/sq\/punonin-ne-te-zezen-per-nje-shef-kosovar-keta-jane-punetoret-shqiptare-qe-vdiqen-ne-kantierin-ne-gjermani\/","url":"https:\/\/permbledhja.com\/sq\/punonin-ne-te-zezen-per-nje-shef-kosovar-keta-jane-punetoret-shqiptare-qe-vdiqen-ne-kantierin-ne-gjermani\/","name":"Punonin n\u00eb t\u00eb zez\u00ebn p\u00ebr nj\u00eb shef kosovar, k\u00ebta jan\u00eb pun\u00ebtor\u00ebt shqiptar\u00eb q\u00eb vdiq\u00ebn n\u00eb kantierin n\u00eb Gjermani","isPartOf":{"@id":"https:\/\/permbledhja.com\/#website"},"datePublished":"2023-11-02T13:34:11+00:00","dateModified":"2023-11-02T13:34:29+00:00","breadcrumb":{"@id":"https:\/\/permbledhja.com\/sq\/punonin-ne-te-zezen-per-nje-shef-kosovar-keta-jane-punetoret-shqiptare-qe-vdiqen-ne-kantierin-ne-gjermani\/#breadcrumb"},"inLanguage":"sq","potentialAction":[{"@type":"ReadAction","target":["https:\/\/permbledhja.com\/sq\/punonin-ne-te-zezen-per-nje-shef-kosovar-keta-jane-punetoret-shqiptare-qe-vdiqen-ne-kantierin-ne-gjermani\/"]}]},{"@type":"BreadcrumbList","@id":"https:\/\/permbledhja.com\/sq\/punonin-ne-te-zezen-per-nje-shef-kosovar-keta-jane-punetoret-shqiptare-qe-vdiqen-ne-kantierin-ne-gjermani\/#breadcrumb","itemListElement":[{"@type":"ListItem","position":1,"name":"Ballina","item":"https:\/\/permbledhja.com\/sq\/"},{"@type":"ListItem","position":2,"name":"Punonin n\u00eb t\u00eb zez\u00ebn p\u00ebr nj\u00eb shef kosovar, k\u00ebta jan\u00eb pun\u00ebtor\u00ebt shqiptar\u00eb q\u00eb vdiq\u00ebn n\u00eb kantierin n\u00eb Gjermani"}]},{"@type":"WebSite","@id":"https:\/\/permbledhja.com\/#website","url":"https:\/\/permbledhja.com\/","name":"Ve\u00e7 artikuj p\u00ebrmbledh\u00ebs","description":"","publisher":{"@id":"https:\/\/permbledhja.com\/#organization"},"potentialAction":[{"@type":"SearchAction","target":{"@type":"EntryPoint","urlTemplate":"https:\/\/permbledhja.com\/?s={search_term_string}"},"query-input":"required name=search_term_string"}],"inLanguage":"sq"},{"@type":"Organization","@id":"https:\/\/permbledhja.com\/#organization","name":"MK Media & Pr","url":"https:\/\/permbledhja.com\/","logo":{"@type":"ImageObject","inLanguage":"sq","@id":"https:\/\/permbledhja.com\/#\/schema\/logo\/image\/","url":"https:\/\/permbledhja.com\/wp-content\/uploads\/2021\/12\/07-Press-Logo.jpg","contentUrl":"https:\/\/permbledhja.com\/wp-content\/uploads\/2021\/12\/07-Press-Logo.jpg","width":512,"height":512,"caption":"MK Media & Pr"},"image":{"@id":"https:\/\/permbledhja.com\/#\/schema\/logo\/image\/"},"sameAs":["https:\/\/www.facebook.com\/press07\/"]},{"@type":"Person","@id":"https:\/\/permbledhja.com\/#\/schema\/person\/d23f13f59b5722643933d6780783acf3","name":"M M","image":{"@type":"ImageObject","inLanguage":"sq","@id":"https:\/\/permbledhja.com\/#\/schema\/person\/image\/","url":"https:\/\/secure.gravatar.com\/avatar\/e2835a76ca7c31a2416b2d51c4ec9a8f?s=96&d=mm&r=g","contentUrl":"https:\/\/secure.gravatar.com\/avatar\/e2835a76ca7c31a2416b2d51c4ec9a8f?s=96&d=mm&r=g","caption":"M M"},"sameAs":["http:\/\/MM"],"url":"https:\/\/permbledhja.com\/sq\/author\/muhamet\/"}]}},"_links":{"self":[{"href":"https:\/\/permbledhja.com\/sq\/wp-json\/wp\/v2\/posts\/34362"}],"collection":[{"href":"https:\/\/permbledhja.com\/sq\/wp-json\/wp\/v2\/posts"}],"about":[{"href":"https:\/\/permbledhja.com\/sq\/wp-json\/wp\/v2\/types\/post"}],"author":[{"embeddable":true,"href":"https:\/\/permbledhja.com\/sq\/wp-json\/wp\/v2\/users\/2"}],"replies":[{"embeddable":true,"href":"https:\/\/permbledhja.com\/sq\/wp-json\/wp\/v2\/comments?post=34362"}],"version-history":[{"count":2,"href":"https:\/\/permbledhja.com\/sq\/wp-json\/wp\/v2\/posts\/34362\/revisions"}],"predecessor-version":[{"id":34365,"href":"https:\/\/permbledhja.com\/sq\/wp-json\/wp\/v2\/posts\/34362\/revisions\/34365"}],"wp:featuredmedia":[{"embeddable":true,"href":"https:\/\/permbledhja.com\/sq\/wp-json\/wp\/v2\/media\/34363"}],"wp:attachment":[{"href":"https:\/\/permbledhja.com\/sq\/wp-json\/wp\/v2\/media?parent=34362"}],"wp:term":[{"taxonomy":"category","embeddable":true,"href":"https:\/\/permbledhja.com\/sq\/wp-json\/wp\/v2\/categories?post=34362"},{"taxonomy":"post_tag","embeddable":true,"href":"https:\/\/permbledhja.com\/sq\/wp-json\/wp\/v2\/tags?post=34362"}],"curies":[{"name":"wp","href":"https:\/\/api.w.org\/{rel}","templated":true}]}}