{"id":3433,"date":"2022-07-30T09:58:20","date_gmt":"2022-07-30T09:58:20","guid":{"rendered":"https:\/\/permbledhja.com\/?p=3433"},"modified":"2022-07-30T09:58:20","modified_gmt":"2022-07-30T09:58:20","slug":"u-aksidentua-ne-zvicer-vdes-e-reja-shqiptare","status":"publish","type":"post","link":"https:\/\/permbledhja.com\/sq\/u-aksidentua-ne-zvicer-vdes-e-reja-shqiptare\/","title":{"rendered":"U aksidentua n\u00eb Zvic\u00ebr, vdes e reja shqiptare"},"content":{"rendered":"<p><strong>E reja nga T\u00ebrpeza, Donika Bajrami, ka nd\u00ebrruar jet\u00eb n\u00eb nj\u00eb aksident n\u00eb Zvic\u00ebr.<\/strong><\/p>\n<p>Lajmin e kan\u00eb b\u00ebr\u00eb t\u00eb ditur familjar\u00eb t\u00eb saj.<\/p>\n<p>Varrimi i t\u00eb ndjer\u00ebs nuk \u00ebsht\u00eb caktuar ende.<\/p>\n<p>https:\/\/permbledhja.com\/me-thane-nje-ndeshje-e-vogel-rrefimi-rreqethes-i-babait-te-36-vjecarit-qe-vdiq-me-gruan-ne-aksident\/<\/p>\n<p><em>\u201cNjoftojm\u00eb t\u00eb af\u00ebrmit, miqt\u00eb e dashamir\u00ebt q\u00eb pas nj\u00eb aksidenti t\u00eb r\u00ebnd\u00eb sot n\u00eb or\u00ebt e hershme t\u00eb m\u00ebngjesit nd\u00ebrroi jet\u00eb vajza, motra jon\u00eb, Donika Bajrami. P\u00ebr varrimin e t\u00eb ndjer\u00ebs ju njoftojm\u00eb m\u00eb von\u00eb\u201d<\/em> ka shkruar n\u00eb facebook nj\u00eb familjare e viktim\u00ebs.<\/p>\n<p>Nuk \u00ebsht\u00eb b\u00ebr\u00eb akoma e ditur n\u00ebse nga aksidenti n\u00eb fjal\u00eb ka t\u00eb l\u00ebnduar apo viktima t\u00eb tjera.<\/p>\n<p><img loading=\"lazy\" decoding=\"async\" src=\"https:\/\/permbledhja.com\/wp-content\/uploads\/2022\/07\/295719950_2722383021239976_7397998398953116016_n.jpg\" alt=\"\" width=\"1242\" height=\"1537\" class=\"alignnone size-full wp-image-3434\" srcset=\"https:\/\/permbledhja.com\/wp-content\/uploads\/2022\/07\/295719950_2722383021239976_7397998398953116016_n.jpg 1242w, https:\/\/permbledhja.com\/wp-content\/uploads\/2022\/07\/295719950_2722383021239976_7397998398953116016_n-242x300.jpg 242w, https:\/\/permbledhja.com\/wp-content\/uploads\/2022\/07\/295719950_2722383021239976_7397998398953116016_n-827x1024.jpg 827w, https:\/\/permbledhja.com\/wp-content\/uploads\/2022\/07\/295719950_2722383021239976_7397998398953116016_n-768x950.jpg 768w, https:\/\/permbledhja.com\/wp-content\/uploads\/2022\/07\/295719950_2722383021239976_7397998398953116016_n-10x12.jpg 10w\" sizes=\"(max-width: 1242px) 100vw, 1242px\" \/><\/p>\n<p>https:\/\/permbledhja.com\/e-dhimbshme-humb-jeten-21-vjecari-shqiptar-ne-kroaci-bie-nga-20-metra-lartesi-ne-vendin-ku-punonte\/<\/p>\n","protected":false},"excerpt":{"rendered":"<p>E reja nga T\u00ebrpeza, Donika Bajrami, ka nd\u00ebrruar jet\u00eb n\u00eb nj\u00eb aksident n\u00eb Zvic\u00ebr. Lajmin e kan\u00eb b\u00ebr\u00eb t\u00eb ditur familjar\u00eb t\u00eb saj. Varrimi i t\u00eb ndjer\u00ebs nuk \u00ebsht\u00eb caktuar ende. https:\/\/permbledhja.com\/me-thane-nje-ndeshje-e-vogel-rrefimi-rreqethes-i-babait-te-36-vjecarit-qe-vdiq-me-gruan-ne-aksident\/ \u201cNjoftojm\u00eb t\u00eb af\u00ebrmit, miqt\u00eb e dashamir\u00ebt q\u00eb pas nj\u00eb aksidenti t\u00eb r\u00ebnd\u00eb sot n\u00eb or\u00ebt e hershme t\u00eb m\u00ebngjesit nd\u00ebrroi jet\u00eb vajza, motra [&hellip;]<\/p>\n","protected":false},"author":1,"featured_media":3435,"comment_status":"closed","ping_status":"closed","sticky":false,"template":"","format":"standard","meta":{"_monsterinsights_skip_tracking":false,"_monsterinsights_sitenote_active":false,"_monsterinsights_sitenote_note":"","_monsterinsights_sitenote_category":0,"_uf_show_specific_survey":0,"_uf_disable_surveys":false,"footnotes":""},"categories":[23,15],"tags":[40,247],"yoast_head":"<!-- This site is optimized with the Yoast SEO plugin v21.5 - https:\/\/yoast.com\/wordpress\/plugins\/seo\/ -->\n<title>U aksidentua n\u00eb Zvic\u00ebr, vdes e reja shqiptare<\/title>\n<meta name=\"robots\" content=\"index, follow, max-snippet:-1, max-image-preview:large, max-video-preview:-1\" \/>\n<link rel=\"canonical\" href=\"https:\/\/permbledhja.com\/sq\/u-aksidentua-ne-zvicer-vdes-e-reja-shqiptare\/\" \/>\n<meta property=\"og:locale\" content=\"sq_AL\" \/>\n<meta property=\"og:type\" content=\"article\" \/>\n<meta property=\"og:title\" content=\"U aksidentua n\u00eb Zvic\u00ebr, vdes e reja shqiptare\" \/>\n<meta property=\"og:description\" content=\"E reja nga T\u00ebrpeza, Donika Bajrami, ka nd\u00ebrruar jet\u00eb n\u00eb nj\u00eb aksident n\u00eb Zvic\u00ebr. Lajmin e kan\u00eb b\u00ebr\u00eb t\u00eb ditur familjar\u00eb t\u00eb saj. Varrimi i t\u00eb ndjer\u00ebs nuk \u00ebsht\u00eb caktuar ende. https:\/\/permbledhja.com\/me-thane-nje-ndeshje-e-vogel-rrefimi-rreqethes-i-babait-te-36-vjecarit-qe-vdiq-me-gruan-ne-aksident\/ \u201cNjoftojm\u00eb t\u00eb af\u00ebrmit, miqt\u00eb e dashamir\u00ebt q\u00eb pas nj\u00eb aksidenti t\u00eb r\u00ebnd\u00eb sot n\u00eb or\u00ebt e hershme t\u00eb m\u00ebngjesit nd\u00ebrroi jet\u00eb vajza, motra [&hellip;]\" \/>\n<meta property=\"og:url\" content=\"https:\/\/permbledhja.com\/sq\/u-aksidentua-ne-zvicer-vdes-e-reja-shqiptare\/\" \/>\n<meta property=\"og:site_name\" content=\"Ve\u00e7 artikuj p\u00ebrmbledh\u00ebs\" \/>\n<meta property=\"article:publisher\" content=\"https:\/\/www.facebook.com\/press07\/\" \/>\n<meta property=\"article:author\" content=\"https:\/\/www.facebook.com\/kafexhiu.muharrem\/\" \/>\n<meta property=\"article:published_time\" content=\"2022-07-30T09:58:20+00:00\" \/>\n<meta property=\"og:image\" content=\"https:\/\/permbledhja.com\/wp-content\/uploads\/2022\/07\/11222-1.jpg\" \/>\n\t<meta property=\"og:image:width\" content=\"2536\" \/>\n\t<meta property=\"og:image:height\" content=\"1417\" \/>\n\t<meta property=\"og:image:type\" content=\"image\/jpeg\" \/>\n<meta name=\"author\" content=\"P\u00ebrmbledhja\" \/>\n<meta name=\"twitter:card\" content=\"summary_large_image\" \/>\n<meta name=\"twitter:label1\" content=\"Written by\" \/>\n\t<meta name=\"twitter:data1\" content=\"P\u00ebrmbledhja\" \/>\n\t<meta name=\"twitter:label2\" content=\"Est. reading time\" \/>\n\t<meta name=\"twitter:data2\" content=\"1 minut\u00eb\" \/>\n<script type=\"application\/ld+json\" class=\"yoast-schema-graph\">{\"@context\":\"https:\/\/schema.org\",\"@graph\":[{\"@type\":\"Article\",\"@id\":\"https:\/\/permbledhja.com\/u-aksidentua-ne-zvicer-vdes-e-reja-shqiptare\/#article\",\"isPartOf\":{\"@id\":\"https:\/\/permbledhja.com\/u-aksidentua-ne-zvicer-vdes-e-reja-shqiptare\/\"},\"author\":{\"name\":\"P\u00ebrmbledhja\",\"@id\":\"https:\/\/permbledhja.com\/#\/schema\/person\/0d064377258d3221e50693947b9eb4fe\"},\"headline\":\"U aksidentua n\u00eb Zvic\u00ebr, vdes e reja shqiptare\",\"datePublished\":\"2022-07-30T09:58:20+00:00\",\"dateModified\":\"2022-07-30T09:58:20+00:00\",\"mainEntityOfPage\":{\"@id\":\"https:\/\/permbledhja.com\/u-aksidentua-ne-zvicer-vdes-e-reja-shqiptare\/\"},\"wordCount\":129,\"publisher\":{\"@id\":\"https:\/\/permbledhja.com\/#organization\"},\"keywords\":[\"Aksident\",\"Zvic\u00ebr\"],\"articleSection\":[\"Komb\u00ebtare\",\"Lajme\"],\"inLanguage\":\"sq\"},{\"@type\":\"WebPage\",\"@id\":\"https:\/\/permbledhja.com\/u-aksidentua-ne-zvicer-vdes-e-reja-shqiptare\/\",\"url\":\"https:\/\/permbledhja.com\/u-aksidentua-ne-zvicer-vdes-e-reja-shqiptare\/\",\"name\":\"U aksidentua n\u00eb Zvic\u00ebr, vdes e reja shqiptare\",\"isPartOf\":{\"@id\":\"https:\/\/permbledhja.com\/#website\"},\"datePublished\":\"2022-07-30T09:58:20+00:00\",\"dateModified\":\"2022-07-30T09:58:20+00:00\",\"breadcrumb\":{\"@id\":\"https:\/\/permbledhja.com\/u-aksidentua-ne-zvicer-vdes-e-reja-shqiptare\/#breadcrumb\"},\"inLanguage\":\"sq\",\"potentialAction\":[{\"@type\":\"ReadAction\",\"target\":[\"https:\/\/permbledhja.com\/u-aksidentua-ne-zvicer-vdes-e-reja-shqiptare\/\"]}]},{\"@type\":\"BreadcrumbList\",\"@id\":\"https:\/\/permbledhja.com\/u-aksidentua-ne-zvicer-vdes-e-reja-shqiptare\/#breadcrumb\",\"itemListElement\":[{\"@type\":\"ListItem\",\"position\":1,\"name\":\"Ballina\",\"item\":\"https:\/\/permbledhja.com\/sq\/\"},{\"@type\":\"ListItem\",\"position\":2,\"name\":\"U aksidentua n\u00eb Zvic\u00ebr, vdes e reja shqiptare\"}]},{\"@type\":\"WebSite\",\"@id\":\"https:\/\/permbledhja.com\/#website\",\"url\":\"https:\/\/permbledhja.com\/\",\"name\":\"Ve\u00e7 artikuj p\u00ebrmbledh\u00ebs\",\"description\":\"\",\"publisher\":{\"@id\":\"https:\/\/permbledhja.com\/#organization\"},\"potentialAction\":[{\"@type\":\"SearchAction\",\"target\":{\"@type\":\"EntryPoint\",\"urlTemplate\":\"https:\/\/permbledhja.com\/?s={search_term_string}\"},\"query-input\":\"required name=search_term_string\"}],\"inLanguage\":\"sq\"},{\"@type\":\"Organization\",\"@id\":\"https:\/\/permbledhja.com\/#organization\",\"name\":\"MK Media & Pr\",\"url\":\"https:\/\/permbledhja.com\/\",\"logo\":{\"@type\":\"ImageObject\",\"inLanguage\":\"sq\",\"@id\":\"https:\/\/permbledhja.com\/#\/schema\/logo\/image\/\",\"url\":\"https:\/\/permbledhja.com\/wp-content\/uploads\/2021\/12\/07-Press-Logo.jpg\",\"contentUrl\":\"https:\/\/permbledhja.com\/wp-content\/uploads\/2021\/12\/07-Press-Logo.jpg\",\"width\":512,\"height\":512,\"caption\":\"MK Media & Pr\"},\"image\":{\"@id\":\"https:\/\/permbledhja.com\/#\/schema\/logo\/image\/\"},\"sameAs\":[\"https:\/\/www.facebook.com\/press07\/\"]},{\"@type\":\"Person\",\"@id\":\"https:\/\/permbledhja.com\/#\/schema\/person\/0d064377258d3221e50693947b9eb4fe\",\"name\":\"P\u00ebrmbledhja\",\"image\":{\"@type\":\"ImageObject\",\"inLanguage\":\"sq\",\"@id\":\"https:\/\/permbledhja.com\/#\/schema\/person\/image\/\",\"url\":\"https:\/\/permbledhja.com\/wp-content\/uploads\/2026\/01\/452004717_1040944174702970_8932037511805513407_n-96x96.jpg\",\"contentUrl\":\"https:\/\/permbledhja.com\/wp-content\/uploads\/2026\/01\/452004717_1040944174702970_8932037511805513407_n-96x96.jpg\",\"caption\":\"P\u00ebrmbledhja\"},\"sameAs\":[\"https:\/\/www.facebook.com\/kafexhiu.muharrem\/\",\"https:\/\/www.instagram.com\/muharrem_kafexhiu\/\"],\"url\":\"https:\/\/permbledhja.com\/sq\/author\/admin\/\"}]}<\/script>\n<!-- \/ Yoast SEO plugin. -->","yoast_head_json":{"title":"U aksidentua n\u00eb Zvic\u00ebr, vdes e reja shqiptare","robots":{"index":"index","follow":"follow","max-snippet":"max-snippet:-1","max-image-preview":"max-image-preview:large","max-video-preview":"max-video-preview:-1"},"canonical":"https:\/\/permbledhja.com\/sq\/u-aksidentua-ne-zvicer-vdes-e-reja-shqiptare\/","og_locale":"sq_AL","og_type":"article","og_title":"U aksidentua n\u00eb Zvic\u00ebr, vdes e reja shqiptare","og_description":"E reja nga T\u00ebrpeza, Donika Bajrami, ka nd\u00ebrruar jet\u00eb n\u00eb nj\u00eb aksident n\u00eb Zvic\u00ebr. Lajmin e kan\u00eb b\u00ebr\u00eb t\u00eb ditur familjar\u00eb t\u00eb saj. Varrimi i t\u00eb ndjer\u00ebs nuk \u00ebsht\u00eb caktuar ende. https:\/\/permbledhja.com\/me-thane-nje-ndeshje-e-vogel-rrefimi-rreqethes-i-babait-te-36-vjecarit-qe-vdiq-me-gruan-ne-aksident\/ \u201cNjoftojm\u00eb t\u00eb af\u00ebrmit, miqt\u00eb e dashamir\u00ebt q\u00eb pas nj\u00eb aksidenti t\u00eb r\u00ebnd\u00eb sot n\u00eb or\u00ebt e hershme t\u00eb m\u00ebngjesit nd\u00ebrroi jet\u00eb vajza, motra [&hellip;]","og_url":"https:\/\/permbledhja.com\/sq\/u-aksidentua-ne-zvicer-vdes-e-reja-shqiptare\/","og_site_name":"Ve\u00e7 artikuj p\u00ebrmbledh\u00ebs","article_publisher":"https:\/\/www.facebook.com\/press07\/","article_author":"https:\/\/www.facebook.com\/kafexhiu.muharrem\/","article_published_time":"2022-07-30T09:58:20+00:00","og_image":[{"width":2536,"height":1417,"url":"https:\/\/permbledhja.com\/wp-content\/uploads\/2022\/07\/11222-1.jpg","type":"image\/jpeg"}],"author":"P\u00ebrmbledhja","twitter_card":"summary_large_image","twitter_misc":{"Written by":"P\u00ebrmbledhja","Est. reading time":"1 minut\u00eb"},"schema":{"@context":"https:\/\/schema.org","@graph":[{"@type":"Article","@id":"https:\/\/permbledhja.com\/u-aksidentua-ne-zvicer-vdes-e-reja-shqiptare\/#article","isPartOf":{"@id":"https:\/\/permbledhja.com\/u-aksidentua-ne-zvicer-vdes-e-reja-shqiptare\/"},"author":{"name":"P\u00ebrmbledhja","@id":"https:\/\/permbledhja.com\/#\/schema\/person\/0d064377258d3221e50693947b9eb4fe"},"headline":"U aksidentua n\u00eb Zvic\u00ebr, vdes e reja shqiptare","datePublished":"2022-07-30T09:58:20+00:00","dateModified":"2022-07-30T09:58:20+00:00","mainEntityOfPage":{"@id":"https:\/\/permbledhja.com\/u-aksidentua-ne-zvicer-vdes-e-reja-shqiptare\/"},"wordCount":129,"publisher":{"@id":"https:\/\/permbledhja.com\/#organization"},"keywords":["Aksident","Zvic\u00ebr"],"articleSection":["Komb\u00ebtare","Lajme"],"inLanguage":"sq"},{"@type":"WebPage","@id":"https:\/\/permbledhja.com\/u-aksidentua-ne-zvicer-vdes-e-reja-shqiptare\/","url":"https:\/\/permbledhja.com\/u-aksidentua-ne-zvicer-vdes-e-reja-shqiptare\/","name":"U aksidentua n\u00eb Zvic\u00ebr, vdes e reja shqiptare","isPartOf":{"@id":"https:\/\/permbledhja.com\/#website"},"datePublished":"2022-07-30T09:58:20+00:00","dateModified":"2022-07-30T09:58:20+00:00","breadcrumb":{"@id":"https:\/\/permbledhja.com\/u-aksidentua-ne-zvicer-vdes-e-reja-shqiptare\/#breadcrumb"},"inLanguage":"sq","potentialAction":[{"@type":"ReadAction","target":["https:\/\/permbledhja.com\/u-aksidentua-ne-zvicer-vdes-e-reja-shqiptare\/"]}]},{"@type":"BreadcrumbList","@id":"https:\/\/permbledhja.com\/u-aksidentua-ne-zvicer-vdes-e-reja-shqiptare\/#breadcrumb","itemListElement":[{"@type":"ListItem","position":1,"name":"Ballina","item":"https:\/\/permbledhja.com\/sq\/"},{"@type":"ListItem","position":2,"name":"U aksidentua n\u00eb Zvic\u00ebr, vdes e reja shqiptare"}]},{"@type":"WebSite","@id":"https:\/\/permbledhja.com\/#website","url":"https:\/\/permbledhja.com\/","name":"Ve\u00e7 artikuj p\u00ebrmbledh\u00ebs","description":"","publisher":{"@id":"https:\/\/permbledhja.com\/#organization"},"potentialAction":[{"@type":"SearchAction","target":{"@type":"EntryPoint","urlTemplate":"https:\/\/permbledhja.com\/?s={search_term_string}"},"query-input":"required name=search_term_string"}],"inLanguage":"sq"},{"@type":"Organization","@id":"https:\/\/permbledhja.com\/#organization","name":"MK Media & Pr","url":"https:\/\/permbledhja.com\/","logo":{"@type":"ImageObject","inLanguage":"sq","@id":"https:\/\/permbledhja.com\/#\/schema\/logo\/image\/","url":"https:\/\/permbledhja.com\/wp-content\/uploads\/2021\/12\/07-Press-Logo.jpg","contentUrl":"https:\/\/permbledhja.com\/wp-content\/uploads\/2021\/12\/07-Press-Logo.jpg","width":512,"height":512,"caption":"MK Media & Pr"},"image":{"@id":"https:\/\/permbledhja.com\/#\/schema\/logo\/image\/"},"sameAs":["https:\/\/www.facebook.com\/press07\/"]},{"@type":"Person","@id":"https:\/\/permbledhja.com\/#\/schema\/person\/0d064377258d3221e50693947b9eb4fe","name":"P\u00ebrmbledhja","image":{"@type":"ImageObject","inLanguage":"sq","@id":"https:\/\/permbledhja.com\/#\/schema\/person\/image\/","url":"https:\/\/permbledhja.com\/wp-content\/uploads\/2026\/01\/452004717_1040944174702970_8932037511805513407_n-96x96.jpg","contentUrl":"https:\/\/permbledhja.com\/wp-content\/uploads\/2026\/01\/452004717_1040944174702970_8932037511805513407_n-96x96.jpg","caption":"P\u00ebrmbledhja"},"sameAs":["https:\/\/www.facebook.com\/kafexhiu.muharrem\/","https:\/\/www.instagram.com\/muharrem_kafexhiu\/"],"url":"https:\/\/permbledhja.com\/sq\/author\/admin\/"}]}},"_links":{"self":[{"href":"https:\/\/permbledhja.com\/sq\/wp-json\/wp\/v2\/posts\/3433"}],"collection":[{"href":"https:\/\/permbledhja.com\/sq\/wp-json\/wp\/v2\/posts"}],"about":[{"href":"https:\/\/permbledhja.com\/sq\/wp-json\/wp\/v2\/types\/post"}],"author":[{"embeddable":true,"href":"https:\/\/permbledhja.com\/sq\/wp-json\/wp\/v2\/users\/1"}],"replies":[{"embeddable":true,"href":"https:\/\/permbledhja.com\/sq\/wp-json\/wp\/v2\/comments?post=3433"}],"version-history":[{"count":1,"href":"https:\/\/permbledhja.com\/sq\/wp-json\/wp\/v2\/posts\/3433\/revisions"}],"predecessor-version":[{"id":3436,"href":"https:\/\/permbledhja.com\/sq\/wp-json\/wp\/v2\/posts\/3433\/revisions\/3436"}],"wp:featuredmedia":[{"embeddable":true,"href":"https:\/\/permbledhja.com\/sq\/wp-json\/wp\/v2\/media\/3435"}],"wp:attachment":[{"href":"https:\/\/permbledhja.com\/sq\/wp-json\/wp\/v2\/media?parent=3433"}],"wp:term":[{"taxonomy":"category","embeddable":true,"href":"https:\/\/permbledhja.com\/sq\/wp-json\/wp\/v2\/categories?post=3433"},{"taxonomy":"post_tag","embeddable":true,"href":"https:\/\/permbledhja.com\/sq\/wp-json\/wp\/v2\/tags?post=3433"}],"curies":[{"name":"wp","href":"https:\/\/api.w.org\/{rel}","templated":true}]}}