{"id":34140,"date":"2023-11-01T10:32:11","date_gmt":"2023-11-01T10:32:11","guid":{"rendered":"https:\/\/permbledhja.com\/?p=34140"},"modified":"2023-11-01T10:32:11","modified_gmt":"2023-11-01T10:32:11","slug":"ky-eshte-personi-nga-opterusha-qe-vdiq-pasi-ra-ne-bunar","status":"publish","type":"post","link":"https:\/\/permbledhja.com\/sq\/ky-eshte-personi-nga-opterusha-qe-vdiq-pasi-ra-ne-bunar\/","title":{"rendered":"Ky \u00ebsht\u00eb personi nga Opterusha q\u00eb vdiq pasi ra n\u00eb bunar"},"content":{"rendered":"<h3>Or\u00ebt e para t\u00eb dit\u00ebs s\u00eb sotme, 07 Press raportoi p\u00ebr vdekjen e nj\u00eb personi n\u00eb Opterush\u00eb t\u00eb Rahovecit.<\/h3>\n<p>M\u00eb von\u00eb, 07 Press m\u00ebsoi se i ndjeri \u00ebsht\u00eb Mersel Isuf Spahiu.<\/p>\n<p>Nd\u00ebrkaq tani, redaksia jon\u00eb ka arritur t\u00eb siguroj\u00eb edhe fotografin\u00eb e t\u00eb ndjerit.<\/p>\n<p>Duhet rip\u00ebrs\u00ebritur at\u00eb se banor\u00ebt i kan\u00eb th\u00ebn\u00eb 07 Press q\u00eb i nj\u00ebjti kishte probleme mentale.<\/p>\n<p><img loading=\"lazy\" decoding=\"async\" class=\"alignnone size-full wp-image-34142\" src=\"https:\/\/permbledhja.com\/wp-content\/uploads\/2023\/11\/F0DE907F-9884-4C24-B0D0-75F8C0B02141.png\" alt=\"\" width=\"1080\" height=\"1920\" srcset=\"https:\/\/permbledhja.com\/wp-content\/uploads\/2023\/11\/F0DE907F-9884-4C24-B0D0-75F8C0B02141.png 1080w, https:\/\/permbledhja.com\/wp-content\/uploads\/2023\/11\/F0DE907F-9884-4C24-B0D0-75F8C0B02141-169x300.png 169w, https:\/\/permbledhja.com\/wp-content\/uploads\/2023\/11\/F0DE907F-9884-4C24-B0D0-75F8C0B02141-576x1024.png 576w, https:\/\/permbledhja.com\/wp-content\/uploads\/2023\/11\/F0DE907F-9884-4C24-B0D0-75F8C0B02141-768x1365.png 768w, https:\/\/permbledhja.com\/wp-content\/uploads\/2023\/11\/F0DE907F-9884-4C24-B0D0-75F8C0B02141-864x1536.png 864w, https:\/\/permbledhja.com\/wp-content\/uploads\/2023\/11\/F0DE907F-9884-4C24-B0D0-75F8C0B02141-7x12.png 7w\" sizes=\"(max-width: 1080px) 100vw, 1080px\" \/><\/p>\n","protected":false},"excerpt":{"rendered":"<p>Or\u00ebt e para t\u00eb dit\u00ebs s\u00eb sotme, 07 Press raportoi p\u00ebr vdekjen e nj\u00eb personi n\u00eb Opterush\u00eb t\u00eb Rahovecit. M\u00eb von\u00eb, 07 Press m\u00ebsoi se i ndjeri \u00ebsht\u00eb Mersel Isuf Spahiu. Nd\u00ebrkaq tani, redaksia jon\u00eb ka arritur t\u00eb siguroj\u00eb edhe fotografin\u00eb e t\u00eb ndjerit. Duhet rip\u00ebrs\u00ebritur at\u00eb se banor\u00ebt i kan\u00eb th\u00ebn\u00eb 07 Press q\u00eb [&hellip;]<\/p>\n","protected":false},"author":1,"featured_media":34141,"comment_status":"closed","ping_status":"closed","sticky":false,"template":"","format":"standard","meta":{"_monsterinsights_skip_tracking":false,"_monsterinsights_sitenote_active":false,"_monsterinsights_sitenote_note":"","_monsterinsights_sitenote_category":0,"_uf_show_specific_survey":0,"_uf_disable_surveys":false,"footnotes":""},"categories":[23,15,17],"tags":[2199],"yoast_head":"<!-- This site is optimized with the Yoast SEO plugin v21.5 - https:\/\/yoast.com\/wordpress\/plugins\/seo\/ -->\n<title>Ky \u00ebsht\u00eb personi nga Opterusha q\u00eb vdiq pasi ra n\u00eb bunar<\/title>\n<meta name=\"robots\" content=\"index, follow, max-snippet:-1, max-image-preview:large, max-video-preview:-1\" \/>\n<link rel=\"canonical\" href=\"https:\/\/permbledhja.com\/sq\/ky-eshte-personi-nga-opterusha-qe-vdiq-pasi-ra-ne-bunar\/\" \/>\n<meta property=\"og:locale\" content=\"sq_AL\" \/>\n<meta property=\"og:type\" content=\"article\" \/>\n<meta property=\"og:title\" content=\"Ky \u00ebsht\u00eb personi nga Opterusha q\u00eb vdiq pasi ra n\u00eb bunar\" \/>\n<meta property=\"og:description\" content=\"Or\u00ebt e para t\u00eb dit\u00ebs s\u00eb sotme, 07 Press raportoi p\u00ebr vdekjen e nj\u00eb personi n\u00eb Opterush\u00eb t\u00eb Rahovecit. M\u00eb von\u00eb, 07 Press m\u00ebsoi se i ndjeri \u00ebsht\u00eb Mersel Isuf Spahiu. Nd\u00ebrkaq tani, redaksia jon\u00eb ka arritur t\u00eb siguroj\u00eb edhe fotografin\u00eb e t\u00eb ndjerit. Duhet rip\u00ebrs\u00ebritur at\u00eb se banor\u00ebt i kan\u00eb th\u00ebn\u00eb 07 Press q\u00eb [&hellip;]\" \/>\n<meta property=\"og:url\" content=\"https:\/\/permbledhja.com\/sq\/ky-eshte-personi-nga-opterusha-qe-vdiq-pasi-ra-ne-bunar\/\" \/>\n<meta property=\"og:site_name\" content=\"Ve\u00e7 artikuj p\u00ebrmbledh\u00ebs\" \/>\n<meta property=\"article:publisher\" content=\"https:\/\/www.facebook.com\/press07\/\" \/>\n<meta property=\"article:author\" content=\"https:\/\/www.facebook.com\/kafexhiu.muharrem\/\" \/>\n<meta property=\"article:published_time\" content=\"2023-11-01T10:32:11+00:00\" \/>\n<meta property=\"og:image\" content=\"https:\/\/permbledhja.com\/wp-content\/uploads\/2023\/11\/A9D718E8-CF8E-445A-AE61-1F86FEF1303B-1024x576.png\" \/>\n\t<meta property=\"og:image:width\" content=\"1024\" \/>\n\t<meta property=\"og:image:height\" content=\"576\" \/>\n\t<meta property=\"og:image:type\" content=\"image\/png\" \/>\n<meta name=\"author\" content=\"P\u00ebrmbledhja\" \/>\n<meta name=\"twitter:card\" content=\"summary_large_image\" \/>\n<meta name=\"twitter:label1\" content=\"Written by\" \/>\n\t<meta name=\"twitter:data1\" content=\"P\u00ebrmbledhja\" \/>\n<script type=\"application\/ld+json\" class=\"yoast-schema-graph\">{\"@context\":\"https:\/\/schema.org\",\"@graph\":[{\"@type\":\"Article\",\"@id\":\"https:\/\/permbledhja.com\/sq\/ky-eshte-personi-nga-opterusha-qe-vdiq-pasi-ra-ne-bunar\/#article\",\"isPartOf\":{\"@id\":\"https:\/\/permbledhja.com\/sq\/ky-eshte-personi-nga-opterusha-qe-vdiq-pasi-ra-ne-bunar\/\"},\"author\":{\"name\":\"P\u00ebrmbledhja\",\"@id\":\"https:\/\/permbledhja.com\/#\/schema\/person\/0d064377258d3221e50693947b9eb4fe\"},\"headline\":\"Ky \u00ebsht\u00eb personi nga Opterusha q\u00eb vdiq pasi ra n\u00eb bunar\",\"datePublished\":\"2023-11-01T10:32:11+00:00\",\"dateModified\":\"2023-11-01T10:32:11+00:00\",\"mainEntityOfPage\":{\"@id\":\"https:\/\/permbledhja.com\/sq\/ky-eshte-personi-nga-opterusha-qe-vdiq-pasi-ra-ne-bunar\/\"},\"wordCount\":78,\"publisher\":{\"@id\":\"https:\/\/permbledhja.com\/#organization\"},\"keywords\":[\"Opterush\u00eb\"],\"articleSection\":[\"Komb\u00ebtare\",\"Lajme\",\"Rahovec\"],\"inLanguage\":\"sq\"},{\"@type\":\"WebPage\",\"@id\":\"https:\/\/permbledhja.com\/sq\/ky-eshte-personi-nga-opterusha-qe-vdiq-pasi-ra-ne-bunar\/\",\"url\":\"https:\/\/permbledhja.com\/sq\/ky-eshte-personi-nga-opterusha-qe-vdiq-pasi-ra-ne-bunar\/\",\"name\":\"Ky \u00ebsht\u00eb personi nga Opterusha q\u00eb vdiq pasi ra n\u00eb bunar\",\"isPartOf\":{\"@id\":\"https:\/\/permbledhja.com\/#website\"},\"datePublished\":\"2023-11-01T10:32:11+00:00\",\"dateModified\":\"2023-11-01T10:32:11+00:00\",\"breadcrumb\":{\"@id\":\"https:\/\/permbledhja.com\/sq\/ky-eshte-personi-nga-opterusha-qe-vdiq-pasi-ra-ne-bunar\/#breadcrumb\"},\"inLanguage\":\"sq\",\"potentialAction\":[{\"@type\":\"ReadAction\",\"target\":[\"https:\/\/permbledhja.com\/sq\/ky-eshte-personi-nga-opterusha-qe-vdiq-pasi-ra-ne-bunar\/\"]}]},{\"@type\":\"BreadcrumbList\",\"@id\":\"https:\/\/permbledhja.com\/sq\/ky-eshte-personi-nga-opterusha-qe-vdiq-pasi-ra-ne-bunar\/#breadcrumb\",\"itemListElement\":[{\"@type\":\"ListItem\",\"position\":1,\"name\":\"Ballina\",\"item\":\"https:\/\/permbledhja.com\/sq\/\"},{\"@type\":\"ListItem\",\"position\":2,\"name\":\"Ky \u00ebsht\u00eb personi nga Opterusha q\u00eb vdiq pasi ra n\u00eb bunar\"}]},{\"@type\":\"WebSite\",\"@id\":\"https:\/\/permbledhja.com\/#website\",\"url\":\"https:\/\/permbledhja.com\/\",\"name\":\"Ve\u00e7 artikuj p\u00ebrmbledh\u00ebs\",\"description\":\"\",\"publisher\":{\"@id\":\"https:\/\/permbledhja.com\/#organization\"},\"potentialAction\":[{\"@type\":\"SearchAction\",\"target\":{\"@type\":\"EntryPoint\",\"urlTemplate\":\"https:\/\/permbledhja.com\/?s={search_term_string}\"},\"query-input\":\"required name=search_term_string\"}],\"inLanguage\":\"sq\"},{\"@type\":\"Organization\",\"@id\":\"https:\/\/permbledhja.com\/#organization\",\"name\":\"MK Media & Pr\",\"url\":\"https:\/\/permbledhja.com\/\",\"logo\":{\"@type\":\"ImageObject\",\"inLanguage\":\"sq\",\"@id\":\"https:\/\/permbledhja.com\/#\/schema\/logo\/image\/\",\"url\":\"https:\/\/permbledhja.com\/wp-content\/uploads\/2021\/12\/07-Press-Logo.jpg\",\"contentUrl\":\"https:\/\/permbledhja.com\/wp-content\/uploads\/2021\/12\/07-Press-Logo.jpg\",\"width\":512,\"height\":512,\"caption\":\"MK Media & Pr\"},\"image\":{\"@id\":\"https:\/\/permbledhja.com\/#\/schema\/logo\/image\/\"},\"sameAs\":[\"https:\/\/www.facebook.com\/press07\/\"]},{\"@type\":\"Person\",\"@id\":\"https:\/\/permbledhja.com\/#\/schema\/person\/0d064377258d3221e50693947b9eb4fe\",\"name\":\"P\u00ebrmbledhja\",\"image\":{\"@type\":\"ImageObject\",\"inLanguage\":\"sq\",\"@id\":\"https:\/\/permbledhja.com\/#\/schema\/person\/image\/\",\"url\":\"https:\/\/permbledhja.com\/wp-content\/uploads\/2026\/01\/452004717_1040944174702970_8932037511805513407_n-96x96.jpg\",\"contentUrl\":\"https:\/\/permbledhja.com\/wp-content\/uploads\/2026\/01\/452004717_1040944174702970_8932037511805513407_n-96x96.jpg\",\"caption\":\"P\u00ebrmbledhja\"},\"sameAs\":[\"https:\/\/www.facebook.com\/kafexhiu.muharrem\/\",\"https:\/\/www.instagram.com\/muharrem_kafexhiu\/\"],\"url\":\"https:\/\/permbledhja.com\/sq\/author\/admin\/\"}]}<\/script>\n<!-- \/ Yoast SEO plugin. -->","yoast_head_json":{"title":"Ky \u00ebsht\u00eb personi nga Opterusha q\u00eb vdiq pasi ra n\u00eb bunar","robots":{"index":"index","follow":"follow","max-snippet":"max-snippet:-1","max-image-preview":"max-image-preview:large","max-video-preview":"max-video-preview:-1"},"canonical":"https:\/\/permbledhja.com\/sq\/ky-eshte-personi-nga-opterusha-qe-vdiq-pasi-ra-ne-bunar\/","og_locale":"sq_AL","og_type":"article","og_title":"Ky \u00ebsht\u00eb personi nga Opterusha q\u00eb vdiq pasi ra n\u00eb bunar","og_description":"Or\u00ebt e para t\u00eb dit\u00ebs s\u00eb sotme, 07 Press raportoi p\u00ebr vdekjen e nj\u00eb personi n\u00eb Opterush\u00eb t\u00eb Rahovecit. M\u00eb von\u00eb, 07 Press m\u00ebsoi se i ndjeri \u00ebsht\u00eb Mersel Isuf Spahiu. Nd\u00ebrkaq tani, redaksia jon\u00eb ka arritur t\u00eb siguroj\u00eb edhe fotografin\u00eb e t\u00eb ndjerit. Duhet rip\u00ebrs\u00ebritur at\u00eb se banor\u00ebt i kan\u00eb th\u00ebn\u00eb 07 Press q\u00eb [&hellip;]","og_url":"https:\/\/permbledhja.com\/sq\/ky-eshte-personi-nga-opterusha-qe-vdiq-pasi-ra-ne-bunar\/","og_site_name":"Ve\u00e7 artikuj p\u00ebrmbledh\u00ebs","article_publisher":"https:\/\/www.facebook.com\/press07\/","article_author":"https:\/\/www.facebook.com\/kafexhiu.muharrem\/","article_published_time":"2023-11-01T10:32:11+00:00","og_image":[{"width":1024,"height":576,"url":"https:\/\/permbledhja.com\/wp-content\/uploads\/2023\/11\/A9D718E8-CF8E-445A-AE61-1F86FEF1303B-1024x576.png","type":"image\/png"}],"author":"P\u00ebrmbledhja","twitter_card":"summary_large_image","twitter_misc":{"Written by":"P\u00ebrmbledhja"},"schema":{"@context":"https:\/\/schema.org","@graph":[{"@type":"Article","@id":"https:\/\/permbledhja.com\/sq\/ky-eshte-personi-nga-opterusha-qe-vdiq-pasi-ra-ne-bunar\/#article","isPartOf":{"@id":"https:\/\/permbledhja.com\/sq\/ky-eshte-personi-nga-opterusha-qe-vdiq-pasi-ra-ne-bunar\/"},"author":{"name":"P\u00ebrmbledhja","@id":"https:\/\/permbledhja.com\/#\/schema\/person\/0d064377258d3221e50693947b9eb4fe"},"headline":"Ky \u00ebsht\u00eb personi nga Opterusha q\u00eb vdiq pasi ra n\u00eb bunar","datePublished":"2023-11-01T10:32:11+00:00","dateModified":"2023-11-01T10:32:11+00:00","mainEntityOfPage":{"@id":"https:\/\/permbledhja.com\/sq\/ky-eshte-personi-nga-opterusha-qe-vdiq-pasi-ra-ne-bunar\/"},"wordCount":78,"publisher":{"@id":"https:\/\/permbledhja.com\/#organization"},"keywords":["Opterush\u00eb"],"articleSection":["Komb\u00ebtare","Lajme","Rahovec"],"inLanguage":"sq"},{"@type":"WebPage","@id":"https:\/\/permbledhja.com\/sq\/ky-eshte-personi-nga-opterusha-qe-vdiq-pasi-ra-ne-bunar\/","url":"https:\/\/permbledhja.com\/sq\/ky-eshte-personi-nga-opterusha-qe-vdiq-pasi-ra-ne-bunar\/","name":"Ky \u00ebsht\u00eb personi nga Opterusha q\u00eb vdiq pasi ra n\u00eb bunar","isPartOf":{"@id":"https:\/\/permbledhja.com\/#website"},"datePublished":"2023-11-01T10:32:11+00:00","dateModified":"2023-11-01T10:32:11+00:00","breadcrumb":{"@id":"https:\/\/permbledhja.com\/sq\/ky-eshte-personi-nga-opterusha-qe-vdiq-pasi-ra-ne-bunar\/#breadcrumb"},"inLanguage":"sq","potentialAction":[{"@type":"ReadAction","target":["https:\/\/permbledhja.com\/sq\/ky-eshte-personi-nga-opterusha-qe-vdiq-pasi-ra-ne-bunar\/"]}]},{"@type":"BreadcrumbList","@id":"https:\/\/permbledhja.com\/sq\/ky-eshte-personi-nga-opterusha-qe-vdiq-pasi-ra-ne-bunar\/#breadcrumb","itemListElement":[{"@type":"ListItem","position":1,"name":"Ballina","item":"https:\/\/permbledhja.com\/sq\/"},{"@type":"ListItem","position":2,"name":"Ky \u00ebsht\u00eb personi nga Opterusha q\u00eb vdiq pasi ra n\u00eb bunar"}]},{"@type":"WebSite","@id":"https:\/\/permbledhja.com\/#website","url":"https:\/\/permbledhja.com\/","name":"Ve\u00e7 artikuj p\u00ebrmbledh\u00ebs","description":"","publisher":{"@id":"https:\/\/permbledhja.com\/#organization"},"potentialAction":[{"@type":"SearchAction","target":{"@type":"EntryPoint","urlTemplate":"https:\/\/permbledhja.com\/?s={search_term_string}"},"query-input":"required name=search_term_string"}],"inLanguage":"sq"},{"@type":"Organization","@id":"https:\/\/permbledhja.com\/#organization","name":"MK Media & Pr","url":"https:\/\/permbledhja.com\/","logo":{"@type":"ImageObject","inLanguage":"sq","@id":"https:\/\/permbledhja.com\/#\/schema\/logo\/image\/","url":"https:\/\/permbledhja.com\/wp-content\/uploads\/2021\/12\/07-Press-Logo.jpg","contentUrl":"https:\/\/permbledhja.com\/wp-content\/uploads\/2021\/12\/07-Press-Logo.jpg","width":512,"height":512,"caption":"MK Media & Pr"},"image":{"@id":"https:\/\/permbledhja.com\/#\/schema\/logo\/image\/"},"sameAs":["https:\/\/www.facebook.com\/press07\/"]},{"@type":"Person","@id":"https:\/\/permbledhja.com\/#\/schema\/person\/0d064377258d3221e50693947b9eb4fe","name":"P\u00ebrmbledhja","image":{"@type":"ImageObject","inLanguage":"sq","@id":"https:\/\/permbledhja.com\/#\/schema\/person\/image\/","url":"https:\/\/permbledhja.com\/wp-content\/uploads\/2026\/01\/452004717_1040944174702970_8932037511805513407_n-96x96.jpg","contentUrl":"https:\/\/permbledhja.com\/wp-content\/uploads\/2026\/01\/452004717_1040944174702970_8932037511805513407_n-96x96.jpg","caption":"P\u00ebrmbledhja"},"sameAs":["https:\/\/www.facebook.com\/kafexhiu.muharrem\/","https:\/\/www.instagram.com\/muharrem_kafexhiu\/"],"url":"https:\/\/permbledhja.com\/sq\/author\/admin\/"}]}},"_links":{"self":[{"href":"https:\/\/permbledhja.com\/sq\/wp-json\/wp\/v2\/posts\/34140"}],"collection":[{"href":"https:\/\/permbledhja.com\/sq\/wp-json\/wp\/v2\/posts"}],"about":[{"href":"https:\/\/permbledhja.com\/sq\/wp-json\/wp\/v2\/types\/post"}],"author":[{"embeddable":true,"href":"https:\/\/permbledhja.com\/sq\/wp-json\/wp\/v2\/users\/1"}],"replies":[{"embeddable":true,"href":"https:\/\/permbledhja.com\/sq\/wp-json\/wp\/v2\/comments?post=34140"}],"version-history":[{"count":1,"href":"https:\/\/permbledhja.com\/sq\/wp-json\/wp\/v2\/posts\/34140\/revisions"}],"predecessor-version":[{"id":34143,"href":"https:\/\/permbledhja.com\/sq\/wp-json\/wp\/v2\/posts\/34140\/revisions\/34143"}],"wp:featuredmedia":[{"embeddable":true,"href":"https:\/\/permbledhja.com\/sq\/wp-json\/wp\/v2\/media\/34141"}],"wp:attachment":[{"href":"https:\/\/permbledhja.com\/sq\/wp-json\/wp\/v2\/media?parent=34140"}],"wp:term":[{"taxonomy":"category","embeddable":true,"href":"https:\/\/permbledhja.com\/sq\/wp-json\/wp\/v2\/categories?post=34140"},{"taxonomy":"post_tag","embeddable":true,"href":"https:\/\/permbledhja.com\/sq\/wp-json\/wp\/v2\/tags?post=34140"}],"curies":[{"name":"wp","href":"https:\/\/api.w.org\/{rel}","templated":true}]}}