{"id":34133,"date":"2023-11-01T10:13:58","date_gmt":"2023-11-01T10:13:58","guid":{"rendered":"https:\/\/permbledhja.com\/?p=34133"},"modified":"2023-11-01T10:13:58","modified_gmt":"2023-11-01T10:13:58","slug":"vuciq-nenshkruan-vendimin-shpall-zgjedhjet-me-17-dhjetor-permend-kosoven","status":"publish","type":"post","link":"https:\/\/permbledhja.com\/sq\/vuciq-nenshkruan-vendimin-shpall-zgjedhjet-me-17-dhjetor-permend-kosoven\/","title":{"rendered":"Vu\u00e7iq n\u00ebnshkruan vendimin \u2013 shpall zgjedhjet m\u00eb 17 dhjetor, p\u00ebrmend Kosov\u00ebn"},"content":{"rendered":"<h3>Presidenti i Serbis\u00eb, Aleksandar Vu\u00e7iq, ka n\u00ebnshkruar vendimin p\u00ebr shpalljen e zgjedhjeve t\u00eb jasht\u00ebzakonshme parlamentare.<\/h3>\n<p>Sipas vendimit zgjedhjet do t\u00eb mbahen t\u00eb diel\u00ebn e 17 dhjetorit, raporton Danas.<\/p>\n<p>N\u00eb t\u00eb nj\u00ebjt\u00ebn di t\u00eb do t\u00eb mbahen edhe zgjedhjet lokale n\u00eb 65 qytete serbe, gj\u00eb p\u00ebr t\u00eb cil\u00ebn \u00ebsht\u00eb b\u00ebr\u00eb e ditur sot.<\/p>\n<p>Vu\u00e7iq u ka uruar qytetar\u00ebve zgjedhje t\u00eb mbar\u00eb.<\/p>\n<p>\u201cJetojm\u00eb n\u00eb koh\u00eb t\u00eb v\u00ebshtira p\u00ebr t\u00eb gjith\u00eb bot\u00ebn. N\u00eb koh\u00eb luftrash dhe konfliktesh, t\u00eb gjith\u00eb duhet t\u00eb jemi t\u00eb bashkuar p\u00ebr t\u00eb ruajtur interesat jetike komb\u00ebtare dhe shtet\u00ebrore\u201d.<\/p>\n<p>\u201cN\u00eb nj\u00eb koh\u00eb kur do t\u00eb jemi n\u00ebn presion numerik p\u00ebr shkak t\u00eb marr\u00ebdh\u00ebnieve me Kosov\u00ebn dhe \u00e7\u00ebshtje t\u00eb tjera globale. Serbia duhet t\u00eb ruaj\u00eb paqen dhe stabilitetin, por edhe kohezionin e brendsh\u00ebm. Kjo fushat\u00eb \u00ebsht\u00eb nj\u00eb mund\u00ebsi p\u00ebr t\u2019u prezantuar qytetar\u00ebve n\u00eb m\u00ebnyr\u00eb t\u00eb civilizuar ide dhe programe dhe politika t\u00eb ndryshme q\u00eb kurr\u00eb nuk do t\u00eb k\u00ebrc\u00ebnojn\u00eb interesat tona jetike dhe komb\u00ebtare\u201d, tha Vu\u00e7iq.<\/p>\n<p>Vet\u00ebm dy dit\u00eb m\u00eb par\u00eb qeveria i ka b\u00ebr\u00eb thirrje, Vu\u00e7iqit q\u00eb ta b\u00ebj\u00eb shp\u00ebrndarjen e parlamentit.<\/p>\n","protected":false},"excerpt":{"rendered":"<p>Presidenti i Serbis\u00eb, Aleksandar Vu\u00e7iq, ka n\u00ebnshkruar vendimin p\u00ebr shpalljen e zgjedhjeve t\u00eb jasht\u00ebzakonshme parlamentare. Sipas vendimit zgjedhjet do t\u00eb mbahen t\u00eb diel\u00ebn e 17 dhjetorit, raporton Danas. N\u00eb t\u00eb nj\u00ebjt\u00ebn di t\u00eb do t\u00eb mbahen edhe zgjedhjet lokale n\u00eb 65 qytete serbe, gj\u00eb p\u00ebr t\u00eb cil\u00ebn \u00ebsht\u00eb b\u00ebr\u00eb e ditur sot. Vu\u00e7iq u ka [&hellip;]<\/p>\n","protected":false},"author":2,"featured_media":34134,"comment_status":"closed","ping_status":"closed","sticky":false,"template":"","format":"standard","meta":{"_monsterinsights_skip_tracking":false,"_monsterinsights_sitenote_active":false,"_monsterinsights_sitenote_note":"","_monsterinsights_sitenote_category":0,"_uf_show_specific_survey":0,"_uf_disable_surveys":false,"footnotes":""},"categories":[23,15],"tags":[658],"yoast_head":"<!-- This site is optimized with the Yoast SEO plugin v21.5 - https:\/\/yoast.com\/wordpress\/plugins\/seo\/ -->\n<title>Vu\u00e7iq n\u00ebnshkruan vendimin \u2013 shpall zgjedhjet m\u00eb 17 dhjetor, p\u00ebrmend Kosov\u00ebn<\/title>\n<meta name=\"robots\" content=\"index, follow, max-snippet:-1, max-image-preview:large, max-video-preview:-1\" \/>\n<link rel=\"canonical\" href=\"https:\/\/permbledhja.com\/sq\/vuciq-nenshkruan-vendimin-shpall-zgjedhjet-me-17-dhjetor-permend-kosoven\/\" \/>\n<meta property=\"og:locale\" content=\"sq_AL\" \/>\n<meta property=\"og:type\" content=\"article\" \/>\n<meta property=\"og:title\" content=\"Vu\u00e7iq n\u00ebnshkruan vendimin \u2013 shpall zgjedhjet m\u00eb 17 dhjetor, p\u00ebrmend Kosov\u00ebn\" \/>\n<meta property=\"og:description\" content=\"Presidenti i Serbis\u00eb, Aleksandar Vu\u00e7iq, ka n\u00ebnshkruar vendimin p\u00ebr shpalljen e zgjedhjeve t\u00eb jasht\u00ebzakonshme parlamentare. Sipas vendimit zgjedhjet do t\u00eb mbahen t\u00eb diel\u00ebn e 17 dhjetorit, raporton Danas. N\u00eb t\u00eb nj\u00ebjt\u00ebn di t\u00eb do t\u00eb mbahen edhe zgjedhjet lokale n\u00eb 65 qytete serbe, gj\u00eb p\u00ebr t\u00eb cil\u00ebn \u00ebsht\u00eb b\u00ebr\u00eb e ditur sot. Vu\u00e7iq u ka [&hellip;]\" \/>\n<meta property=\"og:url\" content=\"https:\/\/permbledhja.com\/sq\/vuciq-nenshkruan-vendimin-shpall-zgjedhjet-me-17-dhjetor-permend-kosoven\/\" \/>\n<meta property=\"og:site_name\" content=\"Ve\u00e7 artikuj p\u00ebrmbledh\u00ebs\" \/>\n<meta property=\"article:publisher\" content=\"https:\/\/www.facebook.com\/press07\/\" \/>\n<meta property=\"article:published_time\" content=\"2023-11-01T10:13:58+00:00\" \/>\n<meta property=\"og:image\" content=\"https:\/\/permbledhja.com\/wp-content\/uploads\/2023\/11\/vuciq.webp\" \/>\n\t<meta property=\"og:image:width\" content=\"932\" \/>\n\t<meta property=\"og:image:height\" content=\"553\" \/>\n\t<meta property=\"og:image:type\" content=\"image\/webp\" \/>\n<meta name=\"author\" content=\"M M\" \/>\n<meta name=\"twitter:card\" content=\"summary_large_image\" \/>\n<meta name=\"twitter:label1\" content=\"Written by\" \/>\n\t<meta name=\"twitter:data1\" content=\"M M\" \/>\n\t<meta name=\"twitter:label2\" content=\"Est. reading time\" \/>\n\t<meta name=\"twitter:data2\" content=\"1 minut\u00eb\" \/>\n<script type=\"application\/ld+json\" class=\"yoast-schema-graph\">{\"@context\":\"https:\/\/schema.org\",\"@graph\":[{\"@type\":\"Article\",\"@id\":\"https:\/\/permbledhja.com\/vuciq-nenshkruan-vendimin-shpall-zgjedhjet-me-17-dhjetor-permend-kosoven\/#article\",\"isPartOf\":{\"@id\":\"https:\/\/permbledhja.com\/vuciq-nenshkruan-vendimin-shpall-zgjedhjet-me-17-dhjetor-permend-kosoven\/\"},\"author\":{\"name\":\"M M\",\"@id\":\"https:\/\/permbledhja.com\/#\/schema\/person\/d23f13f59b5722643933d6780783acf3\"},\"headline\":\"Vu\u00e7iq n\u00ebnshkruan vendimin \u2013 shpall zgjedhjet m\u00eb 17 dhjetor, p\u00ebrmend Kosov\u00ebn\",\"datePublished\":\"2023-11-01T10:13:58+00:00\",\"dateModified\":\"2023-11-01T10:13:58+00:00\",\"mainEntityOfPage\":{\"@id\":\"https:\/\/permbledhja.com\/vuciq-nenshkruan-vendimin-shpall-zgjedhjet-me-17-dhjetor-permend-kosoven\/\"},\"wordCount\":221,\"publisher\":{\"@id\":\"https:\/\/permbledhja.com\/#organization\"},\"keywords\":[\"Aleksandar Vu\u00e7iq\"],\"articleSection\":[\"Komb\u00ebtare\",\"Lajme\"],\"inLanguage\":\"sq\"},{\"@type\":\"WebPage\",\"@id\":\"https:\/\/permbledhja.com\/vuciq-nenshkruan-vendimin-shpall-zgjedhjet-me-17-dhjetor-permend-kosoven\/\",\"url\":\"https:\/\/permbledhja.com\/vuciq-nenshkruan-vendimin-shpall-zgjedhjet-me-17-dhjetor-permend-kosoven\/\",\"name\":\"Vu\u00e7iq n\u00ebnshkruan vendimin \u2013 shpall zgjedhjet m\u00eb 17 dhjetor, p\u00ebrmend Kosov\u00ebn\",\"isPartOf\":{\"@id\":\"https:\/\/permbledhja.com\/#website\"},\"datePublished\":\"2023-11-01T10:13:58+00:00\",\"dateModified\":\"2023-11-01T10:13:58+00:00\",\"breadcrumb\":{\"@id\":\"https:\/\/permbledhja.com\/vuciq-nenshkruan-vendimin-shpall-zgjedhjet-me-17-dhjetor-permend-kosoven\/#breadcrumb\"},\"inLanguage\":\"sq\",\"potentialAction\":[{\"@type\":\"ReadAction\",\"target\":[\"https:\/\/permbledhja.com\/vuciq-nenshkruan-vendimin-shpall-zgjedhjet-me-17-dhjetor-permend-kosoven\/\"]}]},{\"@type\":\"BreadcrumbList\",\"@id\":\"https:\/\/permbledhja.com\/vuciq-nenshkruan-vendimin-shpall-zgjedhjet-me-17-dhjetor-permend-kosoven\/#breadcrumb\",\"itemListElement\":[{\"@type\":\"ListItem\",\"position\":1,\"name\":\"Ballina\",\"item\":\"https:\/\/permbledhja.com\/sq\/\"},{\"@type\":\"ListItem\",\"position\":2,\"name\":\"Vu\u00e7iq n\u00ebnshkruan vendimin \u2013 shpall zgjedhjet m\u00eb 17 dhjetor, p\u00ebrmend Kosov\u00ebn\"}]},{\"@type\":\"WebSite\",\"@id\":\"https:\/\/permbledhja.com\/#website\",\"url\":\"https:\/\/permbledhja.com\/\",\"name\":\"Ve\u00e7 artikuj p\u00ebrmbledh\u00ebs\",\"description\":\"\",\"publisher\":{\"@id\":\"https:\/\/permbledhja.com\/#organization\"},\"potentialAction\":[{\"@type\":\"SearchAction\",\"target\":{\"@type\":\"EntryPoint\",\"urlTemplate\":\"https:\/\/permbledhja.com\/?s={search_term_string}\"},\"query-input\":\"required name=search_term_string\"}],\"inLanguage\":\"sq\"},{\"@type\":\"Organization\",\"@id\":\"https:\/\/permbledhja.com\/#organization\",\"name\":\"MK Media & Pr\",\"url\":\"https:\/\/permbledhja.com\/\",\"logo\":{\"@type\":\"ImageObject\",\"inLanguage\":\"sq\",\"@id\":\"https:\/\/permbledhja.com\/#\/schema\/logo\/image\/\",\"url\":\"https:\/\/permbledhja.com\/wp-content\/uploads\/2021\/12\/07-Press-Logo.jpg\",\"contentUrl\":\"https:\/\/permbledhja.com\/wp-content\/uploads\/2021\/12\/07-Press-Logo.jpg\",\"width\":512,\"height\":512,\"caption\":\"MK Media & Pr\"},\"image\":{\"@id\":\"https:\/\/permbledhja.com\/#\/schema\/logo\/image\/\"},\"sameAs\":[\"https:\/\/www.facebook.com\/press07\/\"]},{\"@type\":\"Person\",\"@id\":\"https:\/\/permbledhja.com\/#\/schema\/person\/d23f13f59b5722643933d6780783acf3\",\"name\":\"M M\",\"image\":{\"@type\":\"ImageObject\",\"inLanguage\":\"sq\",\"@id\":\"https:\/\/permbledhja.com\/#\/schema\/person\/image\/\",\"url\":\"https:\/\/secure.gravatar.com\/avatar\/e2835a76ca7c31a2416b2d51c4ec9a8f?s=96&d=mm&r=g\",\"contentUrl\":\"https:\/\/secure.gravatar.com\/avatar\/e2835a76ca7c31a2416b2d51c4ec9a8f?s=96&d=mm&r=g\",\"caption\":\"M M\"},\"sameAs\":[\"http:\/\/MM\"],\"url\":\"https:\/\/permbledhja.com\/sq\/author\/muhamet\/\"}]}<\/script>\n<!-- \/ Yoast SEO plugin. -->","yoast_head_json":{"title":"Vu\u00e7iq n\u00ebnshkruan vendimin \u2013 shpall zgjedhjet m\u00eb 17 dhjetor, p\u00ebrmend Kosov\u00ebn","robots":{"index":"index","follow":"follow","max-snippet":"max-snippet:-1","max-image-preview":"max-image-preview:large","max-video-preview":"max-video-preview:-1"},"canonical":"https:\/\/permbledhja.com\/sq\/vuciq-nenshkruan-vendimin-shpall-zgjedhjet-me-17-dhjetor-permend-kosoven\/","og_locale":"sq_AL","og_type":"article","og_title":"Vu\u00e7iq n\u00ebnshkruan vendimin \u2013 shpall zgjedhjet m\u00eb 17 dhjetor, p\u00ebrmend Kosov\u00ebn","og_description":"Presidenti i Serbis\u00eb, Aleksandar Vu\u00e7iq, ka n\u00ebnshkruar vendimin p\u00ebr shpalljen e zgjedhjeve t\u00eb jasht\u00ebzakonshme parlamentare. Sipas vendimit zgjedhjet do t\u00eb mbahen t\u00eb diel\u00ebn e 17 dhjetorit, raporton Danas. N\u00eb t\u00eb nj\u00ebjt\u00ebn di t\u00eb do t\u00eb mbahen edhe zgjedhjet lokale n\u00eb 65 qytete serbe, gj\u00eb p\u00ebr t\u00eb cil\u00ebn \u00ebsht\u00eb b\u00ebr\u00eb e ditur sot. Vu\u00e7iq u ka [&hellip;]","og_url":"https:\/\/permbledhja.com\/sq\/vuciq-nenshkruan-vendimin-shpall-zgjedhjet-me-17-dhjetor-permend-kosoven\/","og_site_name":"Ve\u00e7 artikuj p\u00ebrmbledh\u00ebs","article_publisher":"https:\/\/www.facebook.com\/press07\/","article_published_time":"2023-11-01T10:13:58+00:00","og_image":[{"width":932,"height":553,"url":"https:\/\/permbledhja.com\/wp-content\/uploads\/2023\/11\/vuciq.webp","type":"image\/webp"}],"author":"M M","twitter_card":"summary_large_image","twitter_misc":{"Written by":"M M","Est. reading time":"1 minut\u00eb"},"schema":{"@context":"https:\/\/schema.org","@graph":[{"@type":"Article","@id":"https:\/\/permbledhja.com\/vuciq-nenshkruan-vendimin-shpall-zgjedhjet-me-17-dhjetor-permend-kosoven\/#article","isPartOf":{"@id":"https:\/\/permbledhja.com\/vuciq-nenshkruan-vendimin-shpall-zgjedhjet-me-17-dhjetor-permend-kosoven\/"},"author":{"name":"M M","@id":"https:\/\/permbledhja.com\/#\/schema\/person\/d23f13f59b5722643933d6780783acf3"},"headline":"Vu\u00e7iq n\u00ebnshkruan vendimin \u2013 shpall zgjedhjet m\u00eb 17 dhjetor, p\u00ebrmend Kosov\u00ebn","datePublished":"2023-11-01T10:13:58+00:00","dateModified":"2023-11-01T10:13:58+00:00","mainEntityOfPage":{"@id":"https:\/\/permbledhja.com\/vuciq-nenshkruan-vendimin-shpall-zgjedhjet-me-17-dhjetor-permend-kosoven\/"},"wordCount":221,"publisher":{"@id":"https:\/\/permbledhja.com\/#organization"},"keywords":["Aleksandar Vu\u00e7iq"],"articleSection":["Komb\u00ebtare","Lajme"],"inLanguage":"sq"},{"@type":"WebPage","@id":"https:\/\/permbledhja.com\/vuciq-nenshkruan-vendimin-shpall-zgjedhjet-me-17-dhjetor-permend-kosoven\/","url":"https:\/\/permbledhja.com\/vuciq-nenshkruan-vendimin-shpall-zgjedhjet-me-17-dhjetor-permend-kosoven\/","name":"Vu\u00e7iq n\u00ebnshkruan vendimin \u2013 shpall zgjedhjet m\u00eb 17 dhjetor, p\u00ebrmend Kosov\u00ebn","isPartOf":{"@id":"https:\/\/permbledhja.com\/#website"},"datePublished":"2023-11-01T10:13:58+00:00","dateModified":"2023-11-01T10:13:58+00:00","breadcrumb":{"@id":"https:\/\/permbledhja.com\/vuciq-nenshkruan-vendimin-shpall-zgjedhjet-me-17-dhjetor-permend-kosoven\/#breadcrumb"},"inLanguage":"sq","potentialAction":[{"@type":"ReadAction","target":["https:\/\/permbledhja.com\/vuciq-nenshkruan-vendimin-shpall-zgjedhjet-me-17-dhjetor-permend-kosoven\/"]}]},{"@type":"BreadcrumbList","@id":"https:\/\/permbledhja.com\/vuciq-nenshkruan-vendimin-shpall-zgjedhjet-me-17-dhjetor-permend-kosoven\/#breadcrumb","itemListElement":[{"@type":"ListItem","position":1,"name":"Ballina","item":"https:\/\/permbledhja.com\/sq\/"},{"@type":"ListItem","position":2,"name":"Vu\u00e7iq n\u00ebnshkruan vendimin \u2013 shpall zgjedhjet m\u00eb 17 dhjetor, p\u00ebrmend Kosov\u00ebn"}]},{"@type":"WebSite","@id":"https:\/\/permbledhja.com\/#website","url":"https:\/\/permbledhja.com\/","name":"Ve\u00e7 artikuj p\u00ebrmbledh\u00ebs","description":"","publisher":{"@id":"https:\/\/permbledhja.com\/#organization"},"potentialAction":[{"@type":"SearchAction","target":{"@type":"EntryPoint","urlTemplate":"https:\/\/permbledhja.com\/?s={search_term_string}"},"query-input":"required name=search_term_string"}],"inLanguage":"sq"},{"@type":"Organization","@id":"https:\/\/permbledhja.com\/#organization","name":"MK Media & Pr","url":"https:\/\/permbledhja.com\/","logo":{"@type":"ImageObject","inLanguage":"sq","@id":"https:\/\/permbledhja.com\/#\/schema\/logo\/image\/","url":"https:\/\/permbledhja.com\/wp-content\/uploads\/2021\/12\/07-Press-Logo.jpg","contentUrl":"https:\/\/permbledhja.com\/wp-content\/uploads\/2021\/12\/07-Press-Logo.jpg","width":512,"height":512,"caption":"MK Media & Pr"},"image":{"@id":"https:\/\/permbledhja.com\/#\/schema\/logo\/image\/"},"sameAs":["https:\/\/www.facebook.com\/press07\/"]},{"@type":"Person","@id":"https:\/\/permbledhja.com\/#\/schema\/person\/d23f13f59b5722643933d6780783acf3","name":"M M","image":{"@type":"ImageObject","inLanguage":"sq","@id":"https:\/\/permbledhja.com\/#\/schema\/person\/image\/","url":"https:\/\/secure.gravatar.com\/avatar\/e2835a76ca7c31a2416b2d51c4ec9a8f?s=96&d=mm&r=g","contentUrl":"https:\/\/secure.gravatar.com\/avatar\/e2835a76ca7c31a2416b2d51c4ec9a8f?s=96&d=mm&r=g","caption":"M M"},"sameAs":["http:\/\/MM"],"url":"https:\/\/permbledhja.com\/sq\/author\/muhamet\/"}]}},"_links":{"self":[{"href":"https:\/\/permbledhja.com\/sq\/wp-json\/wp\/v2\/posts\/34133"}],"collection":[{"href":"https:\/\/permbledhja.com\/sq\/wp-json\/wp\/v2\/posts"}],"about":[{"href":"https:\/\/permbledhja.com\/sq\/wp-json\/wp\/v2\/types\/post"}],"author":[{"embeddable":true,"href":"https:\/\/permbledhja.com\/sq\/wp-json\/wp\/v2\/users\/2"}],"replies":[{"embeddable":true,"href":"https:\/\/permbledhja.com\/sq\/wp-json\/wp\/v2\/comments?post=34133"}],"version-history":[{"count":1,"href":"https:\/\/permbledhja.com\/sq\/wp-json\/wp\/v2\/posts\/34133\/revisions"}],"predecessor-version":[{"id":34135,"href":"https:\/\/permbledhja.com\/sq\/wp-json\/wp\/v2\/posts\/34133\/revisions\/34135"}],"wp:featuredmedia":[{"embeddable":true,"href":"https:\/\/permbledhja.com\/sq\/wp-json\/wp\/v2\/media\/34134"}],"wp:attachment":[{"href":"https:\/\/permbledhja.com\/sq\/wp-json\/wp\/v2\/media?parent=34133"}],"wp:term":[{"taxonomy":"category","embeddable":true,"href":"https:\/\/permbledhja.com\/sq\/wp-json\/wp\/v2\/categories?post=34133"},{"taxonomy":"post_tag","embeddable":true,"href":"https:\/\/permbledhja.com\/sq\/wp-json\/wp\/v2\/tags?post=34133"}],"curies":[{"name":"wp","href":"https:\/\/api.w.org\/{rel}","templated":true}]}}