{"id":34130,"date":"2023-11-01T10:02:02","date_gmt":"2023-11-01T10:02:02","guid":{"rendered":"https:\/\/permbledhja.com\/?p=34130"},"modified":"2023-11-01T10:02:02","modified_gmt":"2023-11-01T10:02:02","slug":"ju-premtonte-investime-dhe-ju-thoshte-se-do-ti-kete-ne-zemer-nente-dite-pas-greves-kurti-smerret-me-minatoret","status":"publish","type":"post","link":"https:\/\/permbledhja.com\/sq\/ju-premtonte-investime-dhe-ju-thoshte-se-do-ti-kete-ne-zemer-nente-dite-pas-greves-kurti-smerret-me-minatoret\/","title":{"rendered":"Ju premtonte investime dhe ju thoshte se do t\u2019i ket\u00eb n\u00eb zem\u00ebr, n\u00ebnt\u00eb dit\u00eb pas grev\u00ebs Kurti s\u2019merret me minator\u00ebt"},"content":{"rendered":"<h3>Tash e n\u00ebnt\u00eb dit\u00eb minator\u00ebt e Trep\u00e7\u00ebs s\u00eb Stant\u00ebrgut jan\u00eb n\u00eb grev\u00eb dhe gjendja e tyre nuk raportohet e q\u00ebndrueshme.<\/h3>\n<p>Por, pavar\u00ebsisht k\u00ebsaj, i pari i ekzekutivit, Albin Kurti, s\u2019e ka marr\u00eb mundin t\u2019i takoj\u00eb minator\u00ebt si dikur dhe t\u00eb ju premtoj\u00eb se do t\u00eb merret me k\u00ebrkesat e tyre \u2013 ashtu s\u00eb paku si\u00e7 ishte zotuar tri vjet m\u00eb par\u00eb \u2013 p\u00ebr investime dhe kushte m\u00eb t\u00eb mira t\u00eb pun\u00ebs p\u00ebr ta.<\/p>\n<p>Kryeministri Albin Kurti n\u00eb vitin 2020 kishte shkruar n\u00eb minier\u00ebn e Trep\u00e7\u00ebs n\u00eb Stant\u00ebrg p\u00ebr t\u00eb sh\u00ebnuar 31 vjetorin e grev\u00ebs s\u00eb minator\u00ebve.<\/p>\n<p>Nga atje Kurti ju premtonte investime dhe kushte m\u00eb t\u00eb mira minator\u00ebv\u00eb q\u00eb m\u00eb 1989 kishin grevuar p\u00ebr mbrojtjen e t\u00eb drejtave kushtetuese.<\/p>\n<p>M\u00eb 20 shkurt t\u00eb atij viti rreth 1.300 minator\u00eb ishin ngujuar thell\u00eb n\u00ebn tok\u00eb p\u00ebr 8 dit\u00eb rresht n\u00eb horizontet e 8-a dhe 9-a.<\/p>\n<p>\u201c\u00cbsht\u00eb g\u00ebzim e nder t\u00eb jem me ju sot n\u00eb sh\u00ebnim t\u00eb nj\u00eb ngjarjeje aq t\u00eb r\u00ebnd\u00ebsishme p\u00ebr Trep\u00e7\u00ebn, p\u00ebr Mitrovic\u00ebn, p\u00ebr Kosov\u00ebn, e madje edhe m\u00eb gjer\u00eb se kaq, nj\u00eb ngjarje q\u00eb vulosi nj\u00eb epok\u00eb dhe sot ndodhet n\u00eb kujtes\u00ebn ton\u00eb kolektive\u201d, thoshte Kurti, shkruan\u00a0Gazeta Sinjali.<\/p>\n<p>\u201cAjo q\u00eb u shfaq n\u00eb ato 8 dit\u00eb grev\u00eb t\u00eb vitit 1989 nuk ishte vet\u00ebm guximi i minator\u00ebve p\u00ebr t\u00eb mos u n\u00ebnshtruar ndaj nj\u00eb sistemi t\u00eb padrejt\u00eb, por edhe njohuria e thell\u00eb politike q\u00eb minator\u00ebt kishin p\u00ebr gjith\u00eb situat\u00ebn n\u00eb ish Jugosllavi e sidomos p\u00ebr t\u00eb drejtat e popullit shqiptar\u201d, vazhdonte Kurti fjalimin, duke th\u00ebn\u00eb se \u201c31 vjet m\u00eb von\u00eb shum\u00eb gj\u00ebra kan\u00eb ndryshuar n\u00eb bot\u00eb por shum\u00eb pak k\u00ebtu n\u00eb Trep\u00e7\u00eb\u201d.<\/p>\n<p>\u201cPunishtet kan\u00eb mbetur ashtu si ishin, pa investime e pa mir\u00ebmbajtjen e duhur. Prodhimtaria \u00ebsht\u00eb e mang\u00ebt e minator\u00ebt jan\u00eb rralluar e moshuar\u201d.<\/p>\n<p>Ai premtonte qe Qeveria e tij do t\u00eb kujdesej p\u00ebr pasurit\u00eb publike.<\/p>\n<p>\u201cTrep\u00e7a \u00ebsht\u00eb thesar publik t\u00eb cilin ne duam ta revitalizojm\u00eb dhe t\u2019ia kthejm\u00eb shk\u00eblqimin e saj\u201d.<\/p>\n<p>\u201cTrep\u00e7a ka nevoj\u00eb p\u00ebr investime t\u00eb jashtme e p\u00ebr qasje n\u00eb tregje t\u00eb huaja. Do t\u00eb fillojm\u00eb me nj\u00eb plan t\u00eb fizibilitetit p\u00ebr Trep\u00e7\u00ebn p\u00ebr rritjen e prodhimit duke u mb\u00ebshtetur n\u00eb alternativ\u00ebn m\u00eb t\u00eb arsyeshme ekonomike, teknologjike, sociale e mjedisore\u201d.<\/p>\n<p>\u201cTrep\u00e7a \u00ebsht\u00eb edhe krenari edhe shans p\u00ebr Kosov\u00ebn, kurse minator\u00ebt, populli e Qeveria do t\u2019i ken\u00eb gjithmon\u00eb n\u00eb zem\u00ebr\u201d, deklaronte Kurti para minator\u00ebve<\/p>\n<p>Por, sot 3 vjet nga kjo vizit\u00eb n\u00eb Trep\u00e7\u00eb \u2013 gjendja atje nuk ka ndryshuar \u2013 si\u00e7 premtonte kryeministri Albin Kurti.<\/p>\n<p>Madje p\u00ebr shkak t\u00eb kushteve jo t\u00eb mira, dhe pagave jo t\u00eb rregullta, tash e n\u00ebnt\u00eb dit\u00eb minator\u00ebt e Trep\u00e7\u00ebs s\u00eb Stant\u00ebrgut jan\u00eb n\u00eb grev\u00eb dhe gjendja e tyre nuk raportohet e q\u00ebndrueshme.<\/p>\n<p>Por, pavar\u00ebsisht k\u00ebsaj \u2013 i pari i ekzekutivit s\u2019e ka marr\u00eb mundin t\u2019i takoj\u00eb minator\u00ebt si dikur dhe t\u00eb ju premtoj\u00eb se do t\u00eb merret me k\u00ebrkesat e tyre \u2013 ashtu s\u00eb paku si\u00e7 ishte zotuar tri vjet m\u00eb par\u00eb p\u00ebr investime dhe kushte m\u00eb t\u00eb mira t\u00eb pun\u00ebs p\u00ebr ta.<\/p>\n<p>Se k\u00ebrkesat e minstor\u00ebve nuk jan\u00eb plot\u00ebsuar e ka konfirmuar Ibrahim Januzi, kryesindikalist i minator\u00ebve t\u00eb Trep\u00e7\u00ebs.<\/p>\n<p>\u201cN\u00eb fund pat\u00ebm nj\u00eb takim ku nuk mor\u00ebm asgj\u00eb\u201d, tha ai k\u00ebt\u00eb m\u00ebngjes.<\/p>\n<p>Ai tha se nuk arrit\u00ebn t\u00eb marrin vendimin p\u00ebr realizimin e k\u00ebrkesave, pavar\u00ebsisht se fillimisht u pajtuan q\u00eb ato t\u00eb realizoheshin nga Qeveria e Albin Kurtit.<\/p>\n<p>\u201cN\u00eb mbledhjen e Komisionit p\u00ebr Ekonomi arrit\u00ebm me deputet\u00ebt e pozites marrveshje q\u00eb t\u00eb realizohen k\u00ebrkesat e minator\u00ebve\u201d, tha Januzi, i cili zbuloi se pavar\u00ebsisht bisedimeve n\u00eb fund nuk mor\u00ebn at\u00eb q\u00eb d\u00ebsh\u00ebn.<\/p>\n<p>K\u00ebshtu tha kryesindikalisti Januzi pas takimit q\u00eb \u00ebsht\u00eb mbajtur mbr\u00ebm\u00eb n\u00eb zyrat e Sindikat\u00ebs me deputet\u00ebt e L\u00ebvizjes Vet\u00ebvendosje, e q\u00eb ishin Armend Muja, Arjeta Fejza, Halil Tha\u00e7i, si dhe zyrtar\u00eb t\u00eb Ministris\u00eb s\u00eb Ekonomis\u00eb.<\/p>\n<p>Ky takim erdhi pas atij q\u00eb gjat\u00eb dit\u00ebs pat\u00ebn sindikalist\u00ebt e minator\u00ebve me deputet\u00ebt t\u00eb Kuvendit t\u00eb Kosov\u00ebs dhe p\u00ebrfaq\u00ebsues t\u00eb Ministris\u00eb.<\/p>\n<p>Minator\u00ebt e Mitrovic\u00ebs tash e n\u00ebnt\u00eb dit\u00eb jan\u00eb n\u00eb grev\u00eb dhe po k\u00ebrkojn\u00eb p\u00ebrmir\u00ebsim t\u00eb kushteve t\u00eb pun\u00ebs, paga t\u00eb rregullta, sigurime sh\u00ebndet\u00ebsore dhe largimin e kryeshefit t\u00eb nd\u00ebrmarrjes.<\/p>\n<p>Kryesindikalisti Januzi konfimron<strong>\u00a0<\/strong>se \u201cgreva do t\u00eb vazhdoj\u00eb deri n\u00eb plot\u00ebsimin e t\u00eb gjitha k\u00ebrkesave\u201d.<\/p>\n<p>Kompleksi metalurgjik Trep\u00e7a \u00ebsht\u00eb shoq\u00ebri aksionare: 80 p\u00ebr qind e aksioneve jan\u00eb t\u00eb Qeveris\u00eb se Kosov\u00ebs, 20 p\u00ebr qind jan\u00eb t\u00eb punonj\u00ebsve t\u00eb k\u00ebsaj nd\u00ebrmarrjeje.<\/p>\n<p>Deri n\u00eb vitet \u201990 kur \u00ebsht\u00eb p\u00ebrkeq\u00ebsuar situata politike, ajo \u00ebsht\u00eb llogaritur si nj\u00eb prej nd\u00ebrmarrjeve m\u00eb t\u00eb m\u00ebdha jo vet\u00ebm n\u00eb Kosov\u00eb, por edhe n\u00eb territorin e Jugosllavis\u00eb s\u00eb at\u00ebhershme. Nga minierat e Trep\u00e7\u00ebs at\u00eb koh\u00eb jan\u00eb nxjerr\u00eb rreth 600 mij\u00eb ton\u00eb xehe n\u00eb vit.<\/p>\n<p>Me rreth 20.000 pun\u00ebtor\u00eb, \u00ebsht\u00eb cil\u00ebsuar si shtylla kryesore e ekonomis\u00eb s\u00eb Kosov\u00ebs dhe ish-Jugosllavis\u00eb. Sot i ka rreth 700 minator\u00eb.<\/p>\n<p>Minator\u00ebt e kombinatit metalurgjik Trep\u00e7a, sot punojn\u00eb n\u00eb kushte t\u00eb rrezikshme p\u00ebr pun\u00eb. Krahas shum\u00eb problemeve dhe munges\u00ebs s\u00eb siguris\u00eb, makinerit\u00eb e vjetra mbi 50 vjet jan\u00eb shqet\u00ebsim i madh.<\/p>\n<p>Produktet kryesore, t\u00eb cilat i prodhon Trep\u00e7a jan\u00eb: koncentrati i plumbit dhe zinkut me p\u00ebrmbajtje t\u00eb argjendit, arit dhe elementeve tjera.<\/p>\n<p>&nbsp;<\/p>\n","protected":false},"excerpt":{"rendered":"<p>Tash e n\u00ebnt\u00eb dit\u00eb minator\u00ebt e Trep\u00e7\u00ebs s\u00eb Stant\u00ebrgut jan\u00eb n\u00eb grev\u00eb dhe gjendja e tyre nuk raportohet e q\u00ebndrueshme. Por, pavar\u00ebsisht k\u00ebsaj, i pari i ekzekutivit, Albin Kurti, s\u2019e ka marr\u00eb mundin t\u2019i takoj\u00eb minator\u00ebt si dikur dhe t\u00eb ju premtoj\u00eb se do t\u00eb merret me k\u00ebrkesat e tyre \u2013 ashtu s\u00eb paku si\u00e7 [&hellip;]<\/p>\n","protected":false},"author":2,"featured_media":34131,"comment_status":"closed","ping_status":"closed","sticky":false,"template":"","format":"standard","meta":{"_monsterinsights_skip_tracking":false,"_monsterinsights_sitenote_active":false,"_monsterinsights_sitenote_note":"","_monsterinsights_sitenote_category":0,"_uf_show_specific_survey":0,"_uf_disable_surveys":false,"footnotes":""},"categories":[1146,15],"tags":[86],"yoast_head":"<!-- This site is optimized with the Yoast SEO plugin v21.5 - https:\/\/yoast.com\/wordpress\/plugins\/seo\/ -->\n<title>Ju premtonte investime dhe ju thoshte se do t\u2019i ket\u00eb n\u00eb zem\u00ebr, n\u00ebnt\u00eb dit\u00eb pas grev\u00ebs Kurti s\u2019merret me minator\u00ebt<\/title>\n<meta name=\"robots\" content=\"index, follow, max-snippet:-1, max-image-preview:large, max-video-preview:-1\" \/>\n<link rel=\"canonical\" href=\"https:\/\/permbledhja.com\/sq\/ju-premtonte-investime-dhe-ju-thoshte-se-do-ti-kete-ne-zemer-nente-dite-pas-greves-kurti-smerret-me-minatoret\/\" \/>\n<meta property=\"og:locale\" content=\"sq_AL\" \/>\n<meta property=\"og:type\" content=\"article\" \/>\n<meta property=\"og:title\" content=\"Ju premtonte investime dhe ju thoshte se do t\u2019i ket\u00eb n\u00eb zem\u00ebr, n\u00ebnt\u00eb dit\u00eb pas grev\u00ebs Kurti s\u2019merret me minator\u00ebt\" \/>\n<meta property=\"og:description\" content=\"Tash e n\u00ebnt\u00eb dit\u00eb minator\u00ebt e Trep\u00e7\u00ebs s\u00eb Stant\u00ebrgut jan\u00eb n\u00eb grev\u00eb dhe gjendja e tyre nuk raportohet e q\u00ebndrueshme. Por, pavar\u00ebsisht k\u00ebsaj, i pari i ekzekutivit, Albin Kurti, s\u2019e ka marr\u00eb mundin t\u2019i takoj\u00eb minator\u00ebt si dikur dhe t\u00eb ju premtoj\u00eb se do t\u00eb merret me k\u00ebrkesat e tyre \u2013 ashtu s\u00eb paku si\u00e7 [&hellip;]\" \/>\n<meta property=\"og:url\" content=\"https:\/\/permbledhja.com\/sq\/ju-premtonte-investime-dhe-ju-thoshte-se-do-ti-kete-ne-zemer-nente-dite-pas-greves-kurti-smerret-me-minatoret\/\" \/>\n<meta property=\"og:site_name\" content=\"Ve\u00e7 artikuj p\u00ebrmbledh\u00ebs\" \/>\n<meta property=\"article:publisher\" content=\"https:\/\/www.facebook.com\/press07\/\" \/>\n<meta property=\"article:published_time\" content=\"2023-11-01T10:02:02+00:00\" \/>\n<meta property=\"og:image\" content=\"https:\/\/permbledhja.com\/wp-content\/uploads\/2023\/11\/87025853_809247772908442_5852180587644715008_n.jpg\" \/>\n\t<meta property=\"og:image:width\" content=\"2048\" \/>\n\t<meta property=\"og:image:height\" content=\"1365\" \/>\n\t<meta property=\"og:image:type\" content=\"image\/jpeg\" \/>\n<meta name=\"author\" content=\"M M\" \/>\n<meta name=\"twitter:card\" content=\"summary_large_image\" \/>\n<meta name=\"twitter:label1\" content=\"Written by\" \/>\n\t<meta name=\"twitter:data1\" content=\"M M\" \/>\n\t<meta name=\"twitter:label2\" content=\"Est. reading time\" \/>\n\t<meta name=\"twitter:data2\" content=\"5 minuta\" \/>\n<script type=\"application\/ld+json\" class=\"yoast-schema-graph\">{\"@context\":\"https:\/\/schema.org\",\"@graph\":[{\"@type\":\"Article\",\"@id\":\"https:\/\/permbledhja.com\/sq\/ju-premtonte-investime-dhe-ju-thoshte-se-do-ti-kete-ne-zemer-nente-dite-pas-greves-kurti-smerret-me-minatoret\/#article\",\"isPartOf\":{\"@id\":\"https:\/\/permbledhja.com\/sq\/ju-premtonte-investime-dhe-ju-thoshte-se-do-ti-kete-ne-zemer-nente-dite-pas-greves-kurti-smerret-me-minatoret\/\"},\"author\":{\"name\":\"M M\",\"@id\":\"https:\/\/permbledhja.com\/#\/schema\/person\/d23f13f59b5722643933d6780783acf3\"},\"headline\":\"Ju premtonte investime dhe ju thoshte se do t\u2019i ket\u00eb n\u00eb zem\u00ebr, n\u00ebnt\u00eb dit\u00eb pas grev\u00ebs Kurti s\u2019merret me minator\u00ebt\",\"datePublished\":\"2023-11-01T10:02:02+00:00\",\"dateModified\":\"2023-11-01T10:02:02+00:00\",\"mainEntityOfPage\":{\"@id\":\"https:\/\/permbledhja.com\/sq\/ju-premtonte-investime-dhe-ju-thoshte-se-do-ti-kete-ne-zemer-nente-dite-pas-greves-kurti-smerret-me-minatoret\/\"},\"wordCount\":979,\"publisher\":{\"@id\":\"https:\/\/permbledhja.com\/#organization\"},\"keywords\":[\"Albin Kurti\"],\"articleSection\":[\"Kryesoret\",\"Lajme\"],\"inLanguage\":\"sq\"},{\"@type\":\"WebPage\",\"@id\":\"https:\/\/permbledhja.com\/sq\/ju-premtonte-investime-dhe-ju-thoshte-se-do-ti-kete-ne-zemer-nente-dite-pas-greves-kurti-smerret-me-minatoret\/\",\"url\":\"https:\/\/permbledhja.com\/sq\/ju-premtonte-investime-dhe-ju-thoshte-se-do-ti-kete-ne-zemer-nente-dite-pas-greves-kurti-smerret-me-minatoret\/\",\"name\":\"Ju premtonte investime dhe ju thoshte se do t\u2019i ket\u00eb n\u00eb zem\u00ebr, n\u00ebnt\u00eb dit\u00eb pas grev\u00ebs Kurti s\u2019merret me minator\u00ebt\",\"isPartOf\":{\"@id\":\"https:\/\/permbledhja.com\/#website\"},\"datePublished\":\"2023-11-01T10:02:02+00:00\",\"dateModified\":\"2023-11-01T10:02:02+00:00\",\"breadcrumb\":{\"@id\":\"https:\/\/permbledhja.com\/sq\/ju-premtonte-investime-dhe-ju-thoshte-se-do-ti-kete-ne-zemer-nente-dite-pas-greves-kurti-smerret-me-minatoret\/#breadcrumb\"},\"inLanguage\":\"sq\",\"potentialAction\":[{\"@type\":\"ReadAction\",\"target\":[\"https:\/\/permbledhja.com\/sq\/ju-premtonte-investime-dhe-ju-thoshte-se-do-ti-kete-ne-zemer-nente-dite-pas-greves-kurti-smerret-me-minatoret\/\"]}]},{\"@type\":\"BreadcrumbList\",\"@id\":\"https:\/\/permbledhja.com\/sq\/ju-premtonte-investime-dhe-ju-thoshte-se-do-ti-kete-ne-zemer-nente-dite-pas-greves-kurti-smerret-me-minatoret\/#breadcrumb\",\"itemListElement\":[{\"@type\":\"ListItem\",\"position\":1,\"name\":\"Ballina\",\"item\":\"https:\/\/permbledhja.com\/sq\/\"},{\"@type\":\"ListItem\",\"position\":2,\"name\":\"Ju premtonte investime dhe ju thoshte se do t\u2019i ket\u00eb n\u00eb zem\u00ebr, n\u00ebnt\u00eb dit\u00eb pas grev\u00ebs Kurti s\u2019merret me minator\u00ebt\"}]},{\"@type\":\"WebSite\",\"@id\":\"https:\/\/permbledhja.com\/#website\",\"url\":\"https:\/\/permbledhja.com\/\",\"name\":\"Ve\u00e7 artikuj p\u00ebrmbledh\u00ebs\",\"description\":\"\",\"publisher\":{\"@id\":\"https:\/\/permbledhja.com\/#organization\"},\"potentialAction\":[{\"@type\":\"SearchAction\",\"target\":{\"@type\":\"EntryPoint\",\"urlTemplate\":\"https:\/\/permbledhja.com\/?s={search_term_string}\"},\"query-input\":\"required name=search_term_string\"}],\"inLanguage\":\"sq\"},{\"@type\":\"Organization\",\"@id\":\"https:\/\/permbledhja.com\/#organization\",\"name\":\"MK Media & Pr\",\"url\":\"https:\/\/permbledhja.com\/\",\"logo\":{\"@type\":\"ImageObject\",\"inLanguage\":\"sq\",\"@id\":\"https:\/\/permbledhja.com\/#\/schema\/logo\/image\/\",\"url\":\"https:\/\/permbledhja.com\/wp-content\/uploads\/2021\/12\/07-Press-Logo.jpg\",\"contentUrl\":\"https:\/\/permbledhja.com\/wp-content\/uploads\/2021\/12\/07-Press-Logo.jpg\",\"width\":512,\"height\":512,\"caption\":\"MK Media & Pr\"},\"image\":{\"@id\":\"https:\/\/permbledhja.com\/#\/schema\/logo\/image\/\"},\"sameAs\":[\"https:\/\/www.facebook.com\/press07\/\"]},{\"@type\":\"Person\",\"@id\":\"https:\/\/permbledhja.com\/#\/schema\/person\/d23f13f59b5722643933d6780783acf3\",\"name\":\"M M\",\"image\":{\"@type\":\"ImageObject\",\"inLanguage\":\"sq\",\"@id\":\"https:\/\/permbledhja.com\/#\/schema\/person\/image\/\",\"url\":\"https:\/\/secure.gravatar.com\/avatar\/e2835a76ca7c31a2416b2d51c4ec9a8f?s=96&d=mm&r=g\",\"contentUrl\":\"https:\/\/secure.gravatar.com\/avatar\/e2835a76ca7c31a2416b2d51c4ec9a8f?s=96&d=mm&r=g\",\"caption\":\"M M\"},\"sameAs\":[\"http:\/\/MM\"],\"url\":\"https:\/\/permbledhja.com\/sq\/author\/muhamet\/\"}]}<\/script>\n<!-- \/ Yoast SEO plugin. -->","yoast_head_json":{"title":"Ju premtonte investime dhe ju thoshte se do t\u2019i ket\u00eb n\u00eb zem\u00ebr, n\u00ebnt\u00eb dit\u00eb pas grev\u00ebs Kurti s\u2019merret me minator\u00ebt","robots":{"index":"index","follow":"follow","max-snippet":"max-snippet:-1","max-image-preview":"max-image-preview:large","max-video-preview":"max-video-preview:-1"},"canonical":"https:\/\/permbledhja.com\/sq\/ju-premtonte-investime-dhe-ju-thoshte-se-do-ti-kete-ne-zemer-nente-dite-pas-greves-kurti-smerret-me-minatoret\/","og_locale":"sq_AL","og_type":"article","og_title":"Ju premtonte investime dhe ju thoshte se do t\u2019i ket\u00eb n\u00eb zem\u00ebr, n\u00ebnt\u00eb dit\u00eb pas grev\u00ebs Kurti s\u2019merret me minator\u00ebt","og_description":"Tash e n\u00ebnt\u00eb dit\u00eb minator\u00ebt e Trep\u00e7\u00ebs s\u00eb Stant\u00ebrgut jan\u00eb n\u00eb grev\u00eb dhe gjendja e tyre nuk raportohet e q\u00ebndrueshme. Por, pavar\u00ebsisht k\u00ebsaj, i pari i ekzekutivit, Albin Kurti, s\u2019e ka marr\u00eb mundin t\u2019i takoj\u00eb minator\u00ebt si dikur dhe t\u00eb ju premtoj\u00eb se do t\u00eb merret me k\u00ebrkesat e tyre \u2013 ashtu s\u00eb paku si\u00e7 [&hellip;]","og_url":"https:\/\/permbledhja.com\/sq\/ju-premtonte-investime-dhe-ju-thoshte-se-do-ti-kete-ne-zemer-nente-dite-pas-greves-kurti-smerret-me-minatoret\/","og_site_name":"Ve\u00e7 artikuj p\u00ebrmbledh\u00ebs","article_publisher":"https:\/\/www.facebook.com\/press07\/","article_published_time":"2023-11-01T10:02:02+00:00","og_image":[{"width":2048,"height":1365,"url":"https:\/\/permbledhja.com\/wp-content\/uploads\/2023\/11\/87025853_809247772908442_5852180587644715008_n.jpg","type":"image\/jpeg"}],"author":"M M","twitter_card":"summary_large_image","twitter_misc":{"Written by":"M M","Est. reading time":"5 minuta"},"schema":{"@context":"https:\/\/schema.org","@graph":[{"@type":"Article","@id":"https:\/\/permbledhja.com\/sq\/ju-premtonte-investime-dhe-ju-thoshte-se-do-ti-kete-ne-zemer-nente-dite-pas-greves-kurti-smerret-me-minatoret\/#article","isPartOf":{"@id":"https:\/\/permbledhja.com\/sq\/ju-premtonte-investime-dhe-ju-thoshte-se-do-ti-kete-ne-zemer-nente-dite-pas-greves-kurti-smerret-me-minatoret\/"},"author":{"name":"M M","@id":"https:\/\/permbledhja.com\/#\/schema\/person\/d23f13f59b5722643933d6780783acf3"},"headline":"Ju premtonte investime dhe ju thoshte se do t\u2019i ket\u00eb n\u00eb zem\u00ebr, n\u00ebnt\u00eb dit\u00eb pas grev\u00ebs Kurti s\u2019merret me minator\u00ebt","datePublished":"2023-11-01T10:02:02+00:00","dateModified":"2023-11-01T10:02:02+00:00","mainEntityOfPage":{"@id":"https:\/\/permbledhja.com\/sq\/ju-premtonte-investime-dhe-ju-thoshte-se-do-ti-kete-ne-zemer-nente-dite-pas-greves-kurti-smerret-me-minatoret\/"},"wordCount":979,"publisher":{"@id":"https:\/\/permbledhja.com\/#organization"},"keywords":["Albin Kurti"],"articleSection":["Kryesoret","Lajme"],"inLanguage":"sq"},{"@type":"WebPage","@id":"https:\/\/permbledhja.com\/sq\/ju-premtonte-investime-dhe-ju-thoshte-se-do-ti-kete-ne-zemer-nente-dite-pas-greves-kurti-smerret-me-minatoret\/","url":"https:\/\/permbledhja.com\/sq\/ju-premtonte-investime-dhe-ju-thoshte-se-do-ti-kete-ne-zemer-nente-dite-pas-greves-kurti-smerret-me-minatoret\/","name":"Ju premtonte investime dhe ju thoshte se do t\u2019i ket\u00eb n\u00eb zem\u00ebr, n\u00ebnt\u00eb dit\u00eb pas grev\u00ebs Kurti s\u2019merret me minator\u00ebt","isPartOf":{"@id":"https:\/\/permbledhja.com\/#website"},"datePublished":"2023-11-01T10:02:02+00:00","dateModified":"2023-11-01T10:02:02+00:00","breadcrumb":{"@id":"https:\/\/permbledhja.com\/sq\/ju-premtonte-investime-dhe-ju-thoshte-se-do-ti-kete-ne-zemer-nente-dite-pas-greves-kurti-smerret-me-minatoret\/#breadcrumb"},"inLanguage":"sq","potentialAction":[{"@type":"ReadAction","target":["https:\/\/permbledhja.com\/sq\/ju-premtonte-investime-dhe-ju-thoshte-se-do-ti-kete-ne-zemer-nente-dite-pas-greves-kurti-smerret-me-minatoret\/"]}]},{"@type":"BreadcrumbList","@id":"https:\/\/permbledhja.com\/sq\/ju-premtonte-investime-dhe-ju-thoshte-se-do-ti-kete-ne-zemer-nente-dite-pas-greves-kurti-smerret-me-minatoret\/#breadcrumb","itemListElement":[{"@type":"ListItem","position":1,"name":"Ballina","item":"https:\/\/permbledhja.com\/sq\/"},{"@type":"ListItem","position":2,"name":"Ju premtonte investime dhe ju thoshte se do t\u2019i ket\u00eb n\u00eb zem\u00ebr, n\u00ebnt\u00eb dit\u00eb pas grev\u00ebs Kurti s\u2019merret me minator\u00ebt"}]},{"@type":"WebSite","@id":"https:\/\/permbledhja.com\/#website","url":"https:\/\/permbledhja.com\/","name":"Ve\u00e7 artikuj p\u00ebrmbledh\u00ebs","description":"","publisher":{"@id":"https:\/\/permbledhja.com\/#organization"},"potentialAction":[{"@type":"SearchAction","target":{"@type":"EntryPoint","urlTemplate":"https:\/\/permbledhja.com\/?s={search_term_string}"},"query-input":"required name=search_term_string"}],"inLanguage":"sq"},{"@type":"Organization","@id":"https:\/\/permbledhja.com\/#organization","name":"MK Media & Pr","url":"https:\/\/permbledhja.com\/","logo":{"@type":"ImageObject","inLanguage":"sq","@id":"https:\/\/permbledhja.com\/#\/schema\/logo\/image\/","url":"https:\/\/permbledhja.com\/wp-content\/uploads\/2021\/12\/07-Press-Logo.jpg","contentUrl":"https:\/\/permbledhja.com\/wp-content\/uploads\/2021\/12\/07-Press-Logo.jpg","width":512,"height":512,"caption":"MK Media & Pr"},"image":{"@id":"https:\/\/permbledhja.com\/#\/schema\/logo\/image\/"},"sameAs":["https:\/\/www.facebook.com\/press07\/"]},{"@type":"Person","@id":"https:\/\/permbledhja.com\/#\/schema\/person\/d23f13f59b5722643933d6780783acf3","name":"M M","image":{"@type":"ImageObject","inLanguage":"sq","@id":"https:\/\/permbledhja.com\/#\/schema\/person\/image\/","url":"https:\/\/secure.gravatar.com\/avatar\/e2835a76ca7c31a2416b2d51c4ec9a8f?s=96&d=mm&r=g","contentUrl":"https:\/\/secure.gravatar.com\/avatar\/e2835a76ca7c31a2416b2d51c4ec9a8f?s=96&d=mm&r=g","caption":"M M"},"sameAs":["http:\/\/MM"],"url":"https:\/\/permbledhja.com\/sq\/author\/muhamet\/"}]}},"_links":{"self":[{"href":"https:\/\/permbledhja.com\/sq\/wp-json\/wp\/v2\/posts\/34130"}],"collection":[{"href":"https:\/\/permbledhja.com\/sq\/wp-json\/wp\/v2\/posts"}],"about":[{"href":"https:\/\/permbledhja.com\/sq\/wp-json\/wp\/v2\/types\/post"}],"author":[{"embeddable":true,"href":"https:\/\/permbledhja.com\/sq\/wp-json\/wp\/v2\/users\/2"}],"replies":[{"embeddable":true,"href":"https:\/\/permbledhja.com\/sq\/wp-json\/wp\/v2\/comments?post=34130"}],"version-history":[{"count":1,"href":"https:\/\/permbledhja.com\/sq\/wp-json\/wp\/v2\/posts\/34130\/revisions"}],"predecessor-version":[{"id":34132,"href":"https:\/\/permbledhja.com\/sq\/wp-json\/wp\/v2\/posts\/34130\/revisions\/34132"}],"wp:featuredmedia":[{"embeddable":true,"href":"https:\/\/permbledhja.com\/sq\/wp-json\/wp\/v2\/media\/34131"}],"wp:attachment":[{"href":"https:\/\/permbledhja.com\/sq\/wp-json\/wp\/v2\/media?parent=34130"}],"wp:term":[{"taxonomy":"category","embeddable":true,"href":"https:\/\/permbledhja.com\/sq\/wp-json\/wp\/v2\/categories?post=34130"},{"taxonomy":"post_tag","embeddable":true,"href":"https:\/\/permbledhja.com\/sq\/wp-json\/wp\/v2\/tags?post=34130"}],"curies":[{"name":"wp","href":"https:\/\/api.w.org\/{rel}","templated":true}]}}