{"id":34124,"date":"2023-11-01T09:42:05","date_gmt":"2023-11-01T09:42:05","guid":{"rendered":"https:\/\/permbledhja.com\/?p=34124"},"modified":"2023-11-01T09:42:05","modified_gmt":"2023-11-01T09:42:05","slug":"kurti-publikon-te-arriturat-per-komunitetet-kosova-eshte-republike-e-te-gjitheve-jo-vetem-e-shumices","status":"publish","type":"post","link":"https:\/\/permbledhja.com\/sq\/kurti-publikon-te-arriturat-per-komunitetet-kosova-eshte-republike-e-te-gjitheve-jo-vetem-e-shumices\/","title":{"rendered":"Kurti publikon t\u00eb arriturat p\u00ebr komunitetet: Kosova \u00ebsht\u00eb Republik\u00eb e t\u00eb gjith\u00ebve, jo vet\u00ebm e shumic\u00ebs"},"content":{"rendered":"<h3>Kryeministri i Republik\u00ebs s\u00eb Kosov\u00ebs, Albin Kurti, ka publikuar t\u00eb arriturat e qeverisjes s\u00eb tij p\u00ebr komunitetet jo shumic\u00eb n\u00eb vend.<\/h3>\n<p>P\u00ebrmes nj\u00eb postimi n\u00eb rrjetin social Facebook, Kurti ka th\u00ebn\u00eb se Kosova \u00ebsht\u00eb Republik\u00eb e t\u00eb gjith\u00ebve dhe jo vet\u00ebm e shumic\u00ebs.<\/p>\n<p>Ai pohoi se gjat\u00eb vitit 2022 Qeveria ka mb\u00ebshtetur 123 projekte p\u00ebr biznese t\u00eb vogla dhe start-ups nga radh\u00ebt e t\u00eb gjitha komuniteteve.<\/p>\n<p>\u201cN\u00eb vitin 2022, mb\u00ebshtet\u00ebm 123 projekte p\u00ebr biznese t\u00eb vogla dhe start-ups nga radh\u00ebt e t\u00eb gjitha komuniteteve. K\u00ebt\u00eb vit, ndam\u00eb p\u00ebr her\u00eb t\u00eb par\u00eb nj\u00eb Fond t\u00eb ve\u00e7ant\u00eb p\u00ebr komunitete jo shumic\u00eb, n\u00eb vler\u00ebn prej 3 milion\u00eb eurove, me t\u00eb cilat financuam 259 grante p\u00ebr fermer\u00eb, start-ups dhe OJQ me q\u00ebllim nxitjen e pun\u00ebsimit te k\u00ebto komunitete\u201d, shkroi ai.<\/p>\n<p>M\u00eb tej Kurti tha se kan\u00eb themeluar edhe Grupin nd\u00ebrinstitucional p\u00ebr Promovimin e Pun\u00ebsimit t\u00eb Rom\u00ebve, Ashkalive dhe Egjiptian\u00ebve.<\/p>\n<p>\u201cVitin e kaluar, 104 qytetar\u00eb t\u00eb k\u00ebtyre tri komuniteteve, p\u00ebrfituan nga trajnimet q\u00eb ofrohen nga Qendra e Trajnimeve Profesionale \u2013 trefish m\u00eb shum\u00eb se nj\u00eb vit m\u00eb her\u00ebt. Nd\u00ebrsa t\u00eb dh\u00ebnat e Agjencis\u00eb s\u00eb Pun\u00ebsimit p\u00ebr vitin 2022 tregojn\u00eb se \u00ebsht\u00eb sh\u00ebnuar nj\u00eb rritje prej 31% t\u00eb numrit t\u00eb vendeve t\u00eb pun\u00ebs q\u00eb kjo agjenci ka gjetur p\u00ebr komunitetet jo shumic\u00eb, nd\u00ebrkaq q\u00eb numri i vendeve t\u00eb pun\u00ebs p\u00ebr komunitete jo shumic\u00eb, p\u00ebrb\u00ebn 12.5% t\u00eb totalit t\u00eb vendeve t\u00eb pun\u00ebs t\u00eb gjetura p\u00ebrmes k\u00ebsaj agjencie. M\u00eb tej, komunitetet jo shumic\u00eb p\u00ebrb\u00ebjn\u00eb 17% t\u00eb subvencioneve t\u00eb Ministris\u00eb s\u00eb Ekonomis\u00eb p\u00ebr pajisje efi\u00e7iente, n\u00eb kuad\u00ebr t\u00eb masave tona p\u00ebr efi\u00e7enc\u00eb t\u00eb energjis\u00eb. 9% e praktikant\u00ebve me pages\u00eb p\u00ebrmes programit t\u00eb Ministris\u00eb s\u00eb Financave, Pun\u00ebs dhe Transfereve \u201cKosovo Generation Unlimited\u201d, vijn\u00eb nga radh\u00ebt e komuniteteve jo shumic\u00eb, p\u00ebrqindje kjo p\u00ebrfaq\u00ebsuese n\u00eb raport me t\u00ebr\u00ebsin\u00eb e popullat\u00ebs\u201d, tha kryeministri.<\/p>\n<p>Ai njoftoi se krahas buxhetit \u00a0t\u00eb Ministris\u00eb p\u00ebr Komunitete dhe Kthim p\u00ebr nd\u00ebrtimin e sht\u00ebpive t\u00eb reja p\u00ebr 19 familje, pakove ushqimore dhe higjienike p\u00ebr 373 familje, orendi p\u00ebr 58 familje dhe materiale nd\u00ebrtimore p\u00ebr 102 sosh, p\u00ebrmes Ministris\u00eb s\u00eb Administrimit t\u00eb Pushtetit Lokal, jan\u00eb ndar\u00eb edhe 2 milion\u00eb euro p\u00ebr nd\u00ebrtimin dhe rinovimin e sht\u00ebpive bashk\u00eb me 1 milion tjera p\u00ebr projekte infrastrukturore prej t\u00eb cilave p\u00ebrfitojn\u00eb ve\u00e7an\u00ebrisht pjes\u00ebtar\u00ebt e komuniteve jo shumic\u00eb.<\/p>\n<p>\u201cNd\u00ebr 15 vite, bazuar n\u00eb t\u00eb dh\u00ebnat vjetore t\u00eb buxhetit 2008-2022, 10 komunat me shumic\u00eb serbe kan\u00eb pasur 62% m\u00eb shum\u00eb buxhet p\u00ebr kok\u00eb banori se 28 komunat tjera t\u00eb Republik\u00ebs. Sivjet kan\u00eb qen\u00eb t\u00eb planifikuara gjithsej 149 projekte kapitale n\u00eb komunat me shumic\u00eb serbe q\u00eb kapin vler\u00ebn e p\u00ebrgjithshme prej 12.3 milion\u00eb euro.<\/p>\n<p>N\u00eb p\u00ebrputhje me Ligjin p\u00ebr P\u00ebrdorimin e Gjuh\u00ebve Zyrtare, kemi rritur kapacitetet e Zyr\u00ebs p\u00ebr Kontrollin dhe Harmonizimin Gjuh\u00ebsor n\u00eb gjuh\u00ebt zyrtare. E p\u00ebrtej ligjit, s\u00eb fundmi kemi filluar edhe transmetimin e drejtp\u00ebrdrejt\u00eb t\u00eb mbledhjeve t\u00eb Qeveris\u00eb n\u00eb gjuh\u00ebn serbe, p\u00ebr informim m\u00eb t\u00eb mir\u00eb dhe m\u00eb t\u00eb drejt\u00eb t\u00eb qytetar\u00ebve serb\u00eb me vendimet e qeveris\u00eb s\u00eb tyre.<\/p>\n<p>Nga shkurti i k\u00ebtij viti e kemi rifilluar procesin e verifikimit t\u00eb diplomave t\u00eb Universitetit t\u00eb Mitrovic\u00ebs s\u00eb Veriut duke ofruar k\u00ebshtu m\u00eb shum\u00eb mund\u00ebsi t\u00eb reja t\u00eb pun\u00ebsimit bart\u00ebsve t\u00eb k\u00ebtyre diplomave\u201d, shkroi Kurti.<\/p>\n<p><iframe loading=\"lazy\" style=\"border: none; overflow: hidden;\" src=\"https:\/\/www.facebook.com\/plugins\/post.php?href=https%3A%2F%2Fwww.facebook.com%2Falbini2017%2Fposts%2Fpfbid0EdpTjeLtJzVyPHSguPdBtn4cyBaY61ETTKjjrdb4Ghwqt1zxjbba7Uog7iffLtXhl&amp;show_text=true&amp;width=500\" width=\"500\" height=\"712\" frameborder=\"0\" scrolling=\"no\" allowfullscreen=\"allowfullscreen\"><\/iframe><\/p>\n","protected":false},"excerpt":{"rendered":"<p>Kryeministri i Republik\u00ebs s\u00eb Kosov\u00ebs, Albin Kurti, ka publikuar t\u00eb arriturat e qeverisjes s\u00eb tij p\u00ebr komunitetet jo shumic\u00eb n\u00eb vend. P\u00ebrmes nj\u00eb postimi n\u00eb rrjetin social Facebook, Kurti ka th\u00ebn\u00eb se Kosova \u00ebsht\u00eb Republik\u00eb e t\u00eb gjith\u00ebve dhe jo vet\u00ebm e shumic\u00ebs. Ai pohoi se gjat\u00eb vitit 2022 Qeveria ka mb\u00ebshtetur 123 projekte p\u00ebr [&hellip;]<\/p>\n","protected":false},"author":2,"featured_media":34125,"comment_status":"closed","ping_status":"closed","sticky":false,"template":"","format":"standard","meta":{"_monsterinsights_skip_tracking":false,"_monsterinsights_sitenote_active":false,"_monsterinsights_sitenote_note":"","_monsterinsights_sitenote_category":0,"_uf_show_specific_survey":0,"_uf_disable_surveys":false,"footnotes":""},"categories":[1146,15],"tags":[86],"yoast_head":"<!-- This site is optimized with the Yoast SEO plugin v21.5 - https:\/\/yoast.com\/wordpress\/plugins\/seo\/ -->\n<title>Kurti publikon t\u00eb arriturat p\u00ebr komunitetet: Kosova \u00ebsht\u00eb Republik\u00eb e t\u00eb gjith\u00ebve, jo vet\u00ebm e shumic\u00ebs<\/title>\n<meta name=\"robots\" content=\"index, follow, max-snippet:-1, max-image-preview:large, max-video-preview:-1\" \/>\n<link rel=\"canonical\" href=\"https:\/\/permbledhja.com\/sq\/kurti-publikon-te-arriturat-per-komunitetet-kosova-eshte-republike-e-te-gjitheve-jo-vetem-e-shumices\/\" \/>\n<meta property=\"og:locale\" content=\"sq_AL\" \/>\n<meta property=\"og:type\" content=\"article\" \/>\n<meta property=\"og:title\" content=\"Kurti publikon t\u00eb arriturat p\u00ebr komunitetet: Kosova \u00ebsht\u00eb Republik\u00eb e t\u00eb gjith\u00ebve, jo vet\u00ebm e shumic\u00ebs\" \/>\n<meta property=\"og:description\" content=\"Kryeministri i Republik\u00ebs s\u00eb Kosov\u00ebs, Albin Kurti, ka publikuar t\u00eb arriturat e qeverisjes s\u00eb tij p\u00ebr komunitetet jo shumic\u00eb n\u00eb vend. P\u00ebrmes nj\u00eb postimi n\u00eb rrjetin social Facebook, Kurti ka th\u00ebn\u00eb se Kosova \u00ebsht\u00eb Republik\u00eb e t\u00eb gjith\u00ebve dhe jo vet\u00ebm e shumic\u00ebs. Ai pohoi se gjat\u00eb vitit 2022 Qeveria ka mb\u00ebshtetur 123 projekte p\u00ebr [&hellip;]\" \/>\n<meta property=\"og:url\" content=\"https:\/\/permbledhja.com\/sq\/kurti-publikon-te-arriturat-per-komunitetet-kosova-eshte-republike-e-te-gjitheve-jo-vetem-e-shumices\/\" \/>\n<meta property=\"og:site_name\" content=\"Ve\u00e7 artikuj p\u00ebrmbledh\u00ebs\" \/>\n<meta property=\"article:publisher\" content=\"https:\/\/www.facebook.com\/press07\/\" \/>\n<meta property=\"article:published_time\" content=\"2023-11-01T09:42:05+00:00\" \/>\n<meta property=\"og:image\" content=\"https:\/\/permbledhja.com\/wp-content\/uploads\/2023\/11\/1200x800.jpg\" \/>\n\t<meta property=\"og:image:width\" content=\"1200\" \/>\n\t<meta property=\"og:image:height\" content=\"800\" \/>\n\t<meta property=\"og:image:type\" content=\"image\/jpeg\" \/>\n<meta name=\"author\" content=\"M M\" \/>\n<meta name=\"twitter:card\" content=\"summary_large_image\" \/>\n<meta name=\"twitter:label1\" content=\"Written by\" \/>\n\t<meta name=\"twitter:data1\" content=\"M M\" \/>\n\t<meta name=\"twitter:label2\" content=\"Est. reading time\" \/>\n\t<meta name=\"twitter:data2\" content=\"3 minuta\" \/>\n<script type=\"application\/ld+json\" class=\"yoast-schema-graph\">{\"@context\":\"https:\/\/schema.org\",\"@graph\":[{\"@type\":\"Article\",\"@id\":\"https:\/\/permbledhja.com\/sq\/kurti-publikon-te-arriturat-per-komunitetet-kosova-eshte-republike-e-te-gjitheve-jo-vetem-e-shumices\/#article\",\"isPartOf\":{\"@id\":\"https:\/\/permbledhja.com\/sq\/kurti-publikon-te-arriturat-per-komunitetet-kosova-eshte-republike-e-te-gjitheve-jo-vetem-e-shumices\/\"},\"author\":{\"name\":\"M M\",\"@id\":\"https:\/\/permbledhja.com\/#\/schema\/person\/d23f13f59b5722643933d6780783acf3\"},\"headline\":\"Kurti publikon t\u00eb arriturat p\u00ebr komunitetet: Kosova \u00ebsht\u00eb Republik\u00eb e t\u00eb gjith\u00ebve, jo vet\u00ebm e shumic\u00ebs\",\"datePublished\":\"2023-11-01T09:42:05+00:00\",\"dateModified\":\"2023-11-01T09:42:05+00:00\",\"mainEntityOfPage\":{\"@id\":\"https:\/\/permbledhja.com\/sq\/kurti-publikon-te-arriturat-per-komunitetet-kosova-eshte-republike-e-te-gjitheve-jo-vetem-e-shumices\/\"},\"wordCount\":615,\"publisher\":{\"@id\":\"https:\/\/permbledhja.com\/#organization\"},\"keywords\":[\"Albin Kurti\"],\"articleSection\":[\"Kryesoret\",\"Lajme\"],\"inLanguage\":\"sq\"},{\"@type\":\"WebPage\",\"@id\":\"https:\/\/permbledhja.com\/sq\/kurti-publikon-te-arriturat-per-komunitetet-kosova-eshte-republike-e-te-gjitheve-jo-vetem-e-shumices\/\",\"url\":\"https:\/\/permbledhja.com\/sq\/kurti-publikon-te-arriturat-per-komunitetet-kosova-eshte-republike-e-te-gjitheve-jo-vetem-e-shumices\/\",\"name\":\"Kurti publikon t\u00eb arriturat p\u00ebr komunitetet: Kosova \u00ebsht\u00eb Republik\u00eb e t\u00eb gjith\u00ebve, jo vet\u00ebm e shumic\u00ebs\",\"isPartOf\":{\"@id\":\"https:\/\/permbledhja.com\/#website\"},\"datePublished\":\"2023-11-01T09:42:05+00:00\",\"dateModified\":\"2023-11-01T09:42:05+00:00\",\"breadcrumb\":{\"@id\":\"https:\/\/permbledhja.com\/sq\/kurti-publikon-te-arriturat-per-komunitetet-kosova-eshte-republike-e-te-gjitheve-jo-vetem-e-shumices\/#breadcrumb\"},\"inLanguage\":\"sq\",\"potentialAction\":[{\"@type\":\"ReadAction\",\"target\":[\"https:\/\/permbledhja.com\/sq\/kurti-publikon-te-arriturat-per-komunitetet-kosova-eshte-republike-e-te-gjitheve-jo-vetem-e-shumices\/\"]}]},{\"@type\":\"BreadcrumbList\",\"@id\":\"https:\/\/permbledhja.com\/sq\/kurti-publikon-te-arriturat-per-komunitetet-kosova-eshte-republike-e-te-gjitheve-jo-vetem-e-shumices\/#breadcrumb\",\"itemListElement\":[{\"@type\":\"ListItem\",\"position\":1,\"name\":\"Ballina\",\"item\":\"https:\/\/permbledhja.com\/sq\/\"},{\"@type\":\"ListItem\",\"position\":2,\"name\":\"Kurti publikon t\u00eb arriturat p\u00ebr komunitetet: Kosova \u00ebsht\u00eb Republik\u00eb e t\u00eb gjith\u00ebve, jo vet\u00ebm e shumic\u00ebs\"}]},{\"@type\":\"WebSite\",\"@id\":\"https:\/\/permbledhja.com\/#website\",\"url\":\"https:\/\/permbledhja.com\/\",\"name\":\"Ve\u00e7 artikuj p\u00ebrmbledh\u00ebs\",\"description\":\"\",\"publisher\":{\"@id\":\"https:\/\/permbledhja.com\/#organization\"},\"potentialAction\":[{\"@type\":\"SearchAction\",\"target\":{\"@type\":\"EntryPoint\",\"urlTemplate\":\"https:\/\/permbledhja.com\/?s={search_term_string}\"},\"query-input\":\"required name=search_term_string\"}],\"inLanguage\":\"sq\"},{\"@type\":\"Organization\",\"@id\":\"https:\/\/permbledhja.com\/#organization\",\"name\":\"MK Media & Pr\",\"url\":\"https:\/\/permbledhja.com\/\",\"logo\":{\"@type\":\"ImageObject\",\"inLanguage\":\"sq\",\"@id\":\"https:\/\/permbledhja.com\/#\/schema\/logo\/image\/\",\"url\":\"https:\/\/permbledhja.com\/wp-content\/uploads\/2021\/12\/07-Press-Logo.jpg\",\"contentUrl\":\"https:\/\/permbledhja.com\/wp-content\/uploads\/2021\/12\/07-Press-Logo.jpg\",\"width\":512,\"height\":512,\"caption\":\"MK Media & Pr\"},\"image\":{\"@id\":\"https:\/\/permbledhja.com\/#\/schema\/logo\/image\/\"},\"sameAs\":[\"https:\/\/www.facebook.com\/press07\/\"]},{\"@type\":\"Person\",\"@id\":\"https:\/\/permbledhja.com\/#\/schema\/person\/d23f13f59b5722643933d6780783acf3\",\"name\":\"M M\",\"image\":{\"@type\":\"ImageObject\",\"inLanguage\":\"sq\",\"@id\":\"https:\/\/permbledhja.com\/#\/schema\/person\/image\/\",\"url\":\"https:\/\/secure.gravatar.com\/avatar\/e2835a76ca7c31a2416b2d51c4ec9a8f?s=96&d=mm&r=g\",\"contentUrl\":\"https:\/\/secure.gravatar.com\/avatar\/e2835a76ca7c31a2416b2d51c4ec9a8f?s=96&d=mm&r=g\",\"caption\":\"M M\"},\"sameAs\":[\"http:\/\/MM\"],\"url\":\"https:\/\/permbledhja.com\/sq\/author\/muhamet\/\"}]}<\/script>\n<!-- \/ Yoast SEO plugin. -->","yoast_head_json":{"title":"Kurti publikon t\u00eb arriturat p\u00ebr komunitetet: Kosova \u00ebsht\u00eb Republik\u00eb e t\u00eb gjith\u00ebve, jo vet\u00ebm e shumic\u00ebs","robots":{"index":"index","follow":"follow","max-snippet":"max-snippet:-1","max-image-preview":"max-image-preview:large","max-video-preview":"max-video-preview:-1"},"canonical":"https:\/\/permbledhja.com\/sq\/kurti-publikon-te-arriturat-per-komunitetet-kosova-eshte-republike-e-te-gjitheve-jo-vetem-e-shumices\/","og_locale":"sq_AL","og_type":"article","og_title":"Kurti publikon t\u00eb arriturat p\u00ebr komunitetet: Kosova \u00ebsht\u00eb Republik\u00eb e t\u00eb gjith\u00ebve, jo vet\u00ebm e shumic\u00ebs","og_description":"Kryeministri i Republik\u00ebs s\u00eb Kosov\u00ebs, Albin Kurti, ka publikuar t\u00eb arriturat e qeverisjes s\u00eb tij p\u00ebr komunitetet jo shumic\u00eb n\u00eb vend. P\u00ebrmes nj\u00eb postimi n\u00eb rrjetin social Facebook, Kurti ka th\u00ebn\u00eb se Kosova \u00ebsht\u00eb Republik\u00eb e t\u00eb gjith\u00ebve dhe jo vet\u00ebm e shumic\u00ebs. Ai pohoi se gjat\u00eb vitit 2022 Qeveria ka mb\u00ebshtetur 123 projekte p\u00ebr [&hellip;]","og_url":"https:\/\/permbledhja.com\/sq\/kurti-publikon-te-arriturat-per-komunitetet-kosova-eshte-republike-e-te-gjitheve-jo-vetem-e-shumices\/","og_site_name":"Ve\u00e7 artikuj p\u00ebrmbledh\u00ebs","article_publisher":"https:\/\/www.facebook.com\/press07\/","article_published_time":"2023-11-01T09:42:05+00:00","og_image":[{"width":1200,"height":800,"url":"https:\/\/permbledhja.com\/wp-content\/uploads\/2023\/11\/1200x800.jpg","type":"image\/jpeg"}],"author":"M M","twitter_card":"summary_large_image","twitter_misc":{"Written by":"M M","Est. reading time":"3 minuta"},"schema":{"@context":"https:\/\/schema.org","@graph":[{"@type":"Article","@id":"https:\/\/permbledhja.com\/sq\/kurti-publikon-te-arriturat-per-komunitetet-kosova-eshte-republike-e-te-gjitheve-jo-vetem-e-shumices\/#article","isPartOf":{"@id":"https:\/\/permbledhja.com\/sq\/kurti-publikon-te-arriturat-per-komunitetet-kosova-eshte-republike-e-te-gjitheve-jo-vetem-e-shumices\/"},"author":{"name":"M M","@id":"https:\/\/permbledhja.com\/#\/schema\/person\/d23f13f59b5722643933d6780783acf3"},"headline":"Kurti publikon t\u00eb arriturat p\u00ebr komunitetet: Kosova \u00ebsht\u00eb Republik\u00eb e t\u00eb gjith\u00ebve, jo vet\u00ebm e shumic\u00ebs","datePublished":"2023-11-01T09:42:05+00:00","dateModified":"2023-11-01T09:42:05+00:00","mainEntityOfPage":{"@id":"https:\/\/permbledhja.com\/sq\/kurti-publikon-te-arriturat-per-komunitetet-kosova-eshte-republike-e-te-gjitheve-jo-vetem-e-shumices\/"},"wordCount":615,"publisher":{"@id":"https:\/\/permbledhja.com\/#organization"},"keywords":["Albin Kurti"],"articleSection":["Kryesoret","Lajme"],"inLanguage":"sq"},{"@type":"WebPage","@id":"https:\/\/permbledhja.com\/sq\/kurti-publikon-te-arriturat-per-komunitetet-kosova-eshte-republike-e-te-gjitheve-jo-vetem-e-shumices\/","url":"https:\/\/permbledhja.com\/sq\/kurti-publikon-te-arriturat-per-komunitetet-kosova-eshte-republike-e-te-gjitheve-jo-vetem-e-shumices\/","name":"Kurti publikon t\u00eb arriturat p\u00ebr komunitetet: Kosova \u00ebsht\u00eb Republik\u00eb e t\u00eb gjith\u00ebve, jo vet\u00ebm e shumic\u00ebs","isPartOf":{"@id":"https:\/\/permbledhja.com\/#website"},"datePublished":"2023-11-01T09:42:05+00:00","dateModified":"2023-11-01T09:42:05+00:00","breadcrumb":{"@id":"https:\/\/permbledhja.com\/sq\/kurti-publikon-te-arriturat-per-komunitetet-kosova-eshte-republike-e-te-gjitheve-jo-vetem-e-shumices\/#breadcrumb"},"inLanguage":"sq","potentialAction":[{"@type":"ReadAction","target":["https:\/\/permbledhja.com\/sq\/kurti-publikon-te-arriturat-per-komunitetet-kosova-eshte-republike-e-te-gjitheve-jo-vetem-e-shumices\/"]}]},{"@type":"BreadcrumbList","@id":"https:\/\/permbledhja.com\/sq\/kurti-publikon-te-arriturat-per-komunitetet-kosova-eshte-republike-e-te-gjitheve-jo-vetem-e-shumices\/#breadcrumb","itemListElement":[{"@type":"ListItem","position":1,"name":"Ballina","item":"https:\/\/permbledhja.com\/sq\/"},{"@type":"ListItem","position":2,"name":"Kurti publikon t\u00eb arriturat p\u00ebr komunitetet: Kosova \u00ebsht\u00eb Republik\u00eb e t\u00eb gjith\u00ebve, jo vet\u00ebm e shumic\u00ebs"}]},{"@type":"WebSite","@id":"https:\/\/permbledhja.com\/#website","url":"https:\/\/permbledhja.com\/","name":"Ve\u00e7 artikuj p\u00ebrmbledh\u00ebs","description":"","publisher":{"@id":"https:\/\/permbledhja.com\/#organization"},"potentialAction":[{"@type":"SearchAction","target":{"@type":"EntryPoint","urlTemplate":"https:\/\/permbledhja.com\/?s={search_term_string}"},"query-input":"required name=search_term_string"}],"inLanguage":"sq"},{"@type":"Organization","@id":"https:\/\/permbledhja.com\/#organization","name":"MK Media & Pr","url":"https:\/\/permbledhja.com\/","logo":{"@type":"ImageObject","inLanguage":"sq","@id":"https:\/\/permbledhja.com\/#\/schema\/logo\/image\/","url":"https:\/\/permbledhja.com\/wp-content\/uploads\/2021\/12\/07-Press-Logo.jpg","contentUrl":"https:\/\/permbledhja.com\/wp-content\/uploads\/2021\/12\/07-Press-Logo.jpg","width":512,"height":512,"caption":"MK Media & Pr"},"image":{"@id":"https:\/\/permbledhja.com\/#\/schema\/logo\/image\/"},"sameAs":["https:\/\/www.facebook.com\/press07\/"]},{"@type":"Person","@id":"https:\/\/permbledhja.com\/#\/schema\/person\/d23f13f59b5722643933d6780783acf3","name":"M M","image":{"@type":"ImageObject","inLanguage":"sq","@id":"https:\/\/permbledhja.com\/#\/schema\/person\/image\/","url":"https:\/\/secure.gravatar.com\/avatar\/e2835a76ca7c31a2416b2d51c4ec9a8f?s=96&d=mm&r=g","contentUrl":"https:\/\/secure.gravatar.com\/avatar\/e2835a76ca7c31a2416b2d51c4ec9a8f?s=96&d=mm&r=g","caption":"M M"},"sameAs":["http:\/\/MM"],"url":"https:\/\/permbledhja.com\/sq\/author\/muhamet\/"}]}},"_links":{"self":[{"href":"https:\/\/permbledhja.com\/sq\/wp-json\/wp\/v2\/posts\/34124"}],"collection":[{"href":"https:\/\/permbledhja.com\/sq\/wp-json\/wp\/v2\/posts"}],"about":[{"href":"https:\/\/permbledhja.com\/sq\/wp-json\/wp\/v2\/types\/post"}],"author":[{"embeddable":true,"href":"https:\/\/permbledhja.com\/sq\/wp-json\/wp\/v2\/users\/2"}],"replies":[{"embeddable":true,"href":"https:\/\/permbledhja.com\/sq\/wp-json\/wp\/v2\/comments?post=34124"}],"version-history":[{"count":1,"href":"https:\/\/permbledhja.com\/sq\/wp-json\/wp\/v2\/posts\/34124\/revisions"}],"predecessor-version":[{"id":34126,"href":"https:\/\/permbledhja.com\/sq\/wp-json\/wp\/v2\/posts\/34124\/revisions\/34126"}],"wp:featuredmedia":[{"embeddable":true,"href":"https:\/\/permbledhja.com\/sq\/wp-json\/wp\/v2\/media\/34125"}],"wp:attachment":[{"href":"https:\/\/permbledhja.com\/sq\/wp-json\/wp\/v2\/media?parent=34124"}],"wp:term":[{"taxonomy":"category","embeddable":true,"href":"https:\/\/permbledhja.com\/sq\/wp-json\/wp\/v2\/categories?post=34124"},{"taxonomy":"post_tag","embeddable":true,"href":"https:\/\/permbledhja.com\/sq\/wp-json\/wp\/v2\/tags?post=34124"}],"curies":[{"name":"wp","href":"https:\/\/api.w.org\/{rel}","templated":true}]}}