{"id":34121,"date":"2023-11-01T09:18:32","date_gmt":"2023-11-01T09:18:32","guid":{"rendered":"https:\/\/permbledhja.com\/?p=34121"},"modified":"2023-11-01T09:18:32","modified_gmt":"2023-11-01T09:18:32","slug":"ministri-shqiptar-ne-mal-te-zi-terheqja-e-njohjes-se-kosoves-mision-i-pamundur","status":"publish","type":"post","link":"https:\/\/permbledhja.com\/sq\/ministri-shqiptar-ne-mal-te-zi-terheqja-e-njohjes-se-kosoves-mision-i-pamundur\/","title":{"rendered":"Ministri shqiptar n\u00eb Mal t\u00eb Zi: T\u00ebrheqja e njohjes s\u00eb Kosov\u00ebs, mision i pamundur"},"content":{"rendered":"<h3>Ministri p\u00ebr t\u00eb drejtat e njeriut dhe minoriteteve n\u00eb Malin e Zi, Fatmir Gjeka tha se ka shum\u00eb pak shanse q\u00eb Mali i Zi ta t\u00ebrheq\u00eb njohjen p\u00ebr Kosov\u00ebn.<\/h3>\n<p>Gjeka tha se me informacionet q\u00eb kan\u00eb, ky \u00ebsht\u00eb \u201cmision i pamundur\u201d.<\/p>\n<p>\u201cP\u00ebr t\u00eb ardhur te ajo ka shansa shum\u00eb t\u00eb vogla, shansa minimale. Ajo \u00ebsht\u00eb vet\u00ebm teorike, hipotetike. Me at\u00eb \u00e7far\u00eb kemi p\u00ebrvoj\u00eb politike, me \u00e7far\u00eb kemi njohuri dhe me \u00e7far\u00eb jemi n\u00eb kontakt me shumic\u00ebn d\u00ebrrmuese, p\u00ebr t\u00eb ardhur te ajo \u00ebsht\u00eb e v\u00ebshtir\u00eb, nj\u00eb mision i pamundur\u201d, tha ai mbr\u00ebm\u00eb n\u00eb Euronews.<\/p>\n<p>Gjeka tha se subjektet pro-serbe po akuzohen se si kan\u00eb pranuar nj\u00eb qeveri pro-NATO.<\/p>\n<p>Gjeka \u00ebsht\u00eb nj\u00eb nga tre ministrat n\u00eb kabinetin e ri qeveritar. Aty \u00ebsht\u00eb edhe Nik Gjeloshaj q\u00eb ka marr\u00eb edhe postin e z\u00ebvend\u00ebskryeministrit p\u00ebr politika ekonomike, si dhe Marash Dukaj, minist\u00ebr i Administrat\u00ebs Publike.<\/p>\n<p>Zgjedhja e Qeveris\u00eb i dha fund mandatit teknik Qeveris\u00eb s\u00eb Dritan Abazoviqit, e cila mori mocion mosbesimi n\u00eb gusht t\u00eb vitit 2022.<\/p>\n","protected":false},"excerpt":{"rendered":"<p>Ministri p\u00ebr t\u00eb drejtat e njeriut dhe minoriteteve n\u00eb Malin e Zi, Fatmir Gjeka tha se ka shum\u00eb pak shanse q\u00eb Mali i Zi ta t\u00ebrheq\u00eb njohjen p\u00ebr Kosov\u00ebn. Gjeka tha se me informacionet q\u00eb kan\u00eb, ky \u00ebsht\u00eb \u201cmision i pamundur\u201d. \u201cP\u00ebr t\u00eb ardhur te ajo ka shansa shum\u00eb t\u00eb vogla, shansa minimale. Ajo \u00ebsht\u00eb [&hellip;]<\/p>\n","protected":false},"author":2,"featured_media":34122,"comment_status":"closed","ping_status":"closed","sticky":false,"template":"","format":"standard","meta":{"_monsterinsights_skip_tracking":false,"_monsterinsights_sitenote_active":false,"_monsterinsights_sitenote_note":"","_monsterinsights_sitenote_category":0,"_uf_show_specific_survey":0,"_uf_disable_surveys":false,"footnotes":""},"categories":[23,15],"tags":[],"yoast_head":"<!-- This site is optimized with the Yoast SEO plugin v21.5 - https:\/\/yoast.com\/wordpress\/plugins\/seo\/ -->\n<title>Ministri shqiptar n\u00eb Mal t\u00eb Zi: T\u00ebrheqja e njohjes s\u00eb Kosov\u00ebs, mision i pamundur<\/title>\n<meta name=\"robots\" content=\"index, follow, max-snippet:-1, max-image-preview:large, max-video-preview:-1\" \/>\n<link rel=\"canonical\" href=\"https:\/\/permbledhja.com\/sq\/ministri-shqiptar-ne-mal-te-zi-terheqja-e-njohjes-se-kosoves-mision-i-pamundur\/\" \/>\n<meta property=\"og:locale\" content=\"sq_AL\" \/>\n<meta property=\"og:type\" content=\"article\" \/>\n<meta property=\"og:title\" content=\"Ministri shqiptar n\u00eb Mal t\u00eb Zi: T\u00ebrheqja e njohjes s\u00eb Kosov\u00ebs, mision i pamundur\" \/>\n<meta property=\"og:description\" content=\"Ministri p\u00ebr t\u00eb drejtat e njeriut dhe minoriteteve n\u00eb Malin e Zi, Fatmir Gjeka tha se ka shum\u00eb pak shanse q\u00eb Mali i Zi ta t\u00ebrheq\u00eb njohjen p\u00ebr Kosov\u00ebn. Gjeka tha se me informacionet q\u00eb kan\u00eb, ky \u00ebsht\u00eb \u201cmision i pamundur\u201d. \u201cP\u00ebr t\u00eb ardhur te ajo ka shansa shum\u00eb t\u00eb vogla, shansa minimale. Ajo \u00ebsht\u00eb [&hellip;]\" \/>\n<meta property=\"og:url\" content=\"https:\/\/permbledhja.com\/sq\/ministri-shqiptar-ne-mal-te-zi-terheqja-e-njohjes-se-kosoves-mision-i-pamundur\/\" \/>\n<meta property=\"og:site_name\" content=\"Ve\u00e7 artikuj p\u00ebrmbledh\u00ebs\" \/>\n<meta property=\"article:publisher\" content=\"https:\/\/www.facebook.com\/press07\/\" \/>\n<meta property=\"article:published_time\" content=\"2023-11-01T09:18:32+00:00\" \/>\n<meta property=\"og:image\" content=\"https:\/\/permbledhja.com\/wp-content\/uploads\/2023\/11\/Screenshot_7-e1698828189983.webp\" \/>\n\t<meta property=\"og:image:width\" content=\"823\" \/>\n\t<meta property=\"og:image:height\" content=\"483\" \/>\n\t<meta property=\"og:image:type\" content=\"image\/webp\" \/>\n<meta name=\"author\" content=\"M M\" \/>\n<meta name=\"twitter:card\" content=\"summary_large_image\" \/>\n<meta name=\"twitter:label1\" content=\"Written by\" \/>\n\t<meta name=\"twitter:data1\" content=\"M M\" \/>\n\t<meta name=\"twitter:label2\" content=\"Est. reading time\" \/>\n\t<meta name=\"twitter:data2\" content=\"1 minut\u00eb\" \/>\n<script type=\"application\/ld+json\" class=\"yoast-schema-graph\">{\"@context\":\"https:\/\/schema.org\",\"@graph\":[{\"@type\":\"Article\",\"@id\":\"https:\/\/permbledhja.com\/ministri-shqiptar-ne-mal-te-zi-terheqja-e-njohjes-se-kosoves-mision-i-pamundur\/#article\",\"isPartOf\":{\"@id\":\"https:\/\/permbledhja.com\/ministri-shqiptar-ne-mal-te-zi-terheqja-e-njohjes-se-kosoves-mision-i-pamundur\/\"},\"author\":{\"name\":\"M M\",\"@id\":\"https:\/\/permbledhja.com\/#\/schema\/person\/d23f13f59b5722643933d6780783acf3\"},\"headline\":\"Ministri shqiptar n\u00eb Mal t\u00eb Zi: T\u00ebrheqja e njohjes s\u00eb Kosov\u00ebs, mision i pamundur\",\"datePublished\":\"2023-11-01T09:18:32+00:00\",\"dateModified\":\"2023-11-01T09:18:32+00:00\",\"mainEntityOfPage\":{\"@id\":\"https:\/\/permbledhja.com\/ministri-shqiptar-ne-mal-te-zi-terheqja-e-njohjes-se-kosoves-mision-i-pamundur\/\"},\"wordCount\":196,\"publisher\":{\"@id\":\"https:\/\/permbledhja.com\/#organization\"},\"articleSection\":[\"Komb\u00ebtare\",\"Lajme\"],\"inLanguage\":\"sq\"},{\"@type\":\"WebPage\",\"@id\":\"https:\/\/permbledhja.com\/ministri-shqiptar-ne-mal-te-zi-terheqja-e-njohjes-se-kosoves-mision-i-pamundur\/\",\"url\":\"https:\/\/permbledhja.com\/ministri-shqiptar-ne-mal-te-zi-terheqja-e-njohjes-se-kosoves-mision-i-pamundur\/\",\"name\":\"Ministri shqiptar n\u00eb Mal t\u00eb Zi: T\u00ebrheqja e njohjes s\u00eb Kosov\u00ebs, mision i pamundur\",\"isPartOf\":{\"@id\":\"https:\/\/permbledhja.com\/#website\"},\"datePublished\":\"2023-11-01T09:18:32+00:00\",\"dateModified\":\"2023-11-01T09:18:32+00:00\",\"breadcrumb\":{\"@id\":\"https:\/\/permbledhja.com\/ministri-shqiptar-ne-mal-te-zi-terheqja-e-njohjes-se-kosoves-mision-i-pamundur\/#breadcrumb\"},\"inLanguage\":\"sq\",\"potentialAction\":[{\"@type\":\"ReadAction\",\"target\":[\"https:\/\/permbledhja.com\/ministri-shqiptar-ne-mal-te-zi-terheqja-e-njohjes-se-kosoves-mision-i-pamundur\/\"]}]},{\"@type\":\"BreadcrumbList\",\"@id\":\"https:\/\/permbledhja.com\/ministri-shqiptar-ne-mal-te-zi-terheqja-e-njohjes-se-kosoves-mision-i-pamundur\/#breadcrumb\",\"itemListElement\":[{\"@type\":\"ListItem\",\"position\":1,\"name\":\"Ballina\",\"item\":\"https:\/\/permbledhja.com\/sq\/\"},{\"@type\":\"ListItem\",\"position\":2,\"name\":\"Ministri shqiptar n\u00eb Mal t\u00eb Zi: T\u00ebrheqja e njohjes s\u00eb Kosov\u00ebs, mision i pamundur\"}]},{\"@type\":\"WebSite\",\"@id\":\"https:\/\/permbledhja.com\/#website\",\"url\":\"https:\/\/permbledhja.com\/\",\"name\":\"Ve\u00e7 artikuj p\u00ebrmbledh\u00ebs\",\"description\":\"\",\"publisher\":{\"@id\":\"https:\/\/permbledhja.com\/#organization\"},\"potentialAction\":[{\"@type\":\"SearchAction\",\"target\":{\"@type\":\"EntryPoint\",\"urlTemplate\":\"https:\/\/permbledhja.com\/?s={search_term_string}\"},\"query-input\":\"required name=search_term_string\"}],\"inLanguage\":\"sq\"},{\"@type\":\"Organization\",\"@id\":\"https:\/\/permbledhja.com\/#organization\",\"name\":\"MK Media & Pr\",\"url\":\"https:\/\/permbledhja.com\/\",\"logo\":{\"@type\":\"ImageObject\",\"inLanguage\":\"sq\",\"@id\":\"https:\/\/permbledhja.com\/#\/schema\/logo\/image\/\",\"url\":\"https:\/\/permbledhja.com\/wp-content\/uploads\/2021\/12\/07-Press-Logo.jpg\",\"contentUrl\":\"https:\/\/permbledhja.com\/wp-content\/uploads\/2021\/12\/07-Press-Logo.jpg\",\"width\":512,\"height\":512,\"caption\":\"MK Media & Pr\"},\"image\":{\"@id\":\"https:\/\/permbledhja.com\/#\/schema\/logo\/image\/\"},\"sameAs\":[\"https:\/\/www.facebook.com\/press07\/\"]},{\"@type\":\"Person\",\"@id\":\"https:\/\/permbledhja.com\/#\/schema\/person\/d23f13f59b5722643933d6780783acf3\",\"name\":\"M M\",\"image\":{\"@type\":\"ImageObject\",\"inLanguage\":\"sq\",\"@id\":\"https:\/\/permbledhja.com\/#\/schema\/person\/image\/\",\"url\":\"https:\/\/secure.gravatar.com\/avatar\/e2835a76ca7c31a2416b2d51c4ec9a8f?s=96&d=mm&r=g\",\"contentUrl\":\"https:\/\/secure.gravatar.com\/avatar\/e2835a76ca7c31a2416b2d51c4ec9a8f?s=96&d=mm&r=g\",\"caption\":\"M M\"},\"sameAs\":[\"http:\/\/MM\"],\"url\":\"https:\/\/permbledhja.com\/sq\/author\/muhamet\/\"}]}<\/script>\n<!-- \/ Yoast SEO plugin. -->","yoast_head_json":{"title":"Ministri shqiptar n\u00eb Mal t\u00eb Zi: T\u00ebrheqja e njohjes s\u00eb Kosov\u00ebs, mision i pamundur","robots":{"index":"index","follow":"follow","max-snippet":"max-snippet:-1","max-image-preview":"max-image-preview:large","max-video-preview":"max-video-preview:-1"},"canonical":"https:\/\/permbledhja.com\/sq\/ministri-shqiptar-ne-mal-te-zi-terheqja-e-njohjes-se-kosoves-mision-i-pamundur\/","og_locale":"sq_AL","og_type":"article","og_title":"Ministri shqiptar n\u00eb Mal t\u00eb Zi: T\u00ebrheqja e njohjes s\u00eb Kosov\u00ebs, mision i pamundur","og_description":"Ministri p\u00ebr t\u00eb drejtat e njeriut dhe minoriteteve n\u00eb Malin e Zi, Fatmir Gjeka tha se ka shum\u00eb pak shanse q\u00eb Mali i Zi ta t\u00ebrheq\u00eb njohjen p\u00ebr Kosov\u00ebn. Gjeka tha se me informacionet q\u00eb kan\u00eb, ky \u00ebsht\u00eb \u201cmision i pamundur\u201d. \u201cP\u00ebr t\u00eb ardhur te ajo ka shansa shum\u00eb t\u00eb vogla, shansa minimale. Ajo \u00ebsht\u00eb [&hellip;]","og_url":"https:\/\/permbledhja.com\/sq\/ministri-shqiptar-ne-mal-te-zi-terheqja-e-njohjes-se-kosoves-mision-i-pamundur\/","og_site_name":"Ve\u00e7 artikuj p\u00ebrmbledh\u00ebs","article_publisher":"https:\/\/www.facebook.com\/press07\/","article_published_time":"2023-11-01T09:18:32+00:00","og_image":[{"width":823,"height":483,"url":"https:\/\/permbledhja.com\/wp-content\/uploads\/2023\/11\/Screenshot_7-e1698828189983.webp","type":"image\/webp"}],"author":"M M","twitter_card":"summary_large_image","twitter_misc":{"Written by":"M M","Est. reading time":"1 minut\u00eb"},"schema":{"@context":"https:\/\/schema.org","@graph":[{"@type":"Article","@id":"https:\/\/permbledhja.com\/ministri-shqiptar-ne-mal-te-zi-terheqja-e-njohjes-se-kosoves-mision-i-pamundur\/#article","isPartOf":{"@id":"https:\/\/permbledhja.com\/ministri-shqiptar-ne-mal-te-zi-terheqja-e-njohjes-se-kosoves-mision-i-pamundur\/"},"author":{"name":"M M","@id":"https:\/\/permbledhja.com\/#\/schema\/person\/d23f13f59b5722643933d6780783acf3"},"headline":"Ministri shqiptar n\u00eb Mal t\u00eb Zi: T\u00ebrheqja e njohjes s\u00eb Kosov\u00ebs, mision i pamundur","datePublished":"2023-11-01T09:18:32+00:00","dateModified":"2023-11-01T09:18:32+00:00","mainEntityOfPage":{"@id":"https:\/\/permbledhja.com\/ministri-shqiptar-ne-mal-te-zi-terheqja-e-njohjes-se-kosoves-mision-i-pamundur\/"},"wordCount":196,"publisher":{"@id":"https:\/\/permbledhja.com\/#organization"},"articleSection":["Komb\u00ebtare","Lajme"],"inLanguage":"sq"},{"@type":"WebPage","@id":"https:\/\/permbledhja.com\/ministri-shqiptar-ne-mal-te-zi-terheqja-e-njohjes-se-kosoves-mision-i-pamundur\/","url":"https:\/\/permbledhja.com\/ministri-shqiptar-ne-mal-te-zi-terheqja-e-njohjes-se-kosoves-mision-i-pamundur\/","name":"Ministri shqiptar n\u00eb Mal t\u00eb Zi: T\u00ebrheqja e njohjes s\u00eb Kosov\u00ebs, mision i pamundur","isPartOf":{"@id":"https:\/\/permbledhja.com\/#website"},"datePublished":"2023-11-01T09:18:32+00:00","dateModified":"2023-11-01T09:18:32+00:00","breadcrumb":{"@id":"https:\/\/permbledhja.com\/ministri-shqiptar-ne-mal-te-zi-terheqja-e-njohjes-se-kosoves-mision-i-pamundur\/#breadcrumb"},"inLanguage":"sq","potentialAction":[{"@type":"ReadAction","target":["https:\/\/permbledhja.com\/ministri-shqiptar-ne-mal-te-zi-terheqja-e-njohjes-se-kosoves-mision-i-pamundur\/"]}]},{"@type":"BreadcrumbList","@id":"https:\/\/permbledhja.com\/ministri-shqiptar-ne-mal-te-zi-terheqja-e-njohjes-se-kosoves-mision-i-pamundur\/#breadcrumb","itemListElement":[{"@type":"ListItem","position":1,"name":"Ballina","item":"https:\/\/permbledhja.com\/sq\/"},{"@type":"ListItem","position":2,"name":"Ministri shqiptar n\u00eb Mal t\u00eb Zi: T\u00ebrheqja e njohjes s\u00eb Kosov\u00ebs, mision i pamundur"}]},{"@type":"WebSite","@id":"https:\/\/permbledhja.com\/#website","url":"https:\/\/permbledhja.com\/","name":"Ve\u00e7 artikuj p\u00ebrmbledh\u00ebs","description":"","publisher":{"@id":"https:\/\/permbledhja.com\/#organization"},"potentialAction":[{"@type":"SearchAction","target":{"@type":"EntryPoint","urlTemplate":"https:\/\/permbledhja.com\/?s={search_term_string}"},"query-input":"required name=search_term_string"}],"inLanguage":"sq"},{"@type":"Organization","@id":"https:\/\/permbledhja.com\/#organization","name":"MK Media & Pr","url":"https:\/\/permbledhja.com\/","logo":{"@type":"ImageObject","inLanguage":"sq","@id":"https:\/\/permbledhja.com\/#\/schema\/logo\/image\/","url":"https:\/\/permbledhja.com\/wp-content\/uploads\/2021\/12\/07-Press-Logo.jpg","contentUrl":"https:\/\/permbledhja.com\/wp-content\/uploads\/2021\/12\/07-Press-Logo.jpg","width":512,"height":512,"caption":"MK Media & Pr"},"image":{"@id":"https:\/\/permbledhja.com\/#\/schema\/logo\/image\/"},"sameAs":["https:\/\/www.facebook.com\/press07\/"]},{"@type":"Person","@id":"https:\/\/permbledhja.com\/#\/schema\/person\/d23f13f59b5722643933d6780783acf3","name":"M M","image":{"@type":"ImageObject","inLanguage":"sq","@id":"https:\/\/permbledhja.com\/#\/schema\/person\/image\/","url":"https:\/\/secure.gravatar.com\/avatar\/e2835a76ca7c31a2416b2d51c4ec9a8f?s=96&d=mm&r=g","contentUrl":"https:\/\/secure.gravatar.com\/avatar\/e2835a76ca7c31a2416b2d51c4ec9a8f?s=96&d=mm&r=g","caption":"M M"},"sameAs":["http:\/\/MM"],"url":"https:\/\/permbledhja.com\/sq\/author\/muhamet\/"}]}},"_links":{"self":[{"href":"https:\/\/permbledhja.com\/sq\/wp-json\/wp\/v2\/posts\/34121"}],"collection":[{"href":"https:\/\/permbledhja.com\/sq\/wp-json\/wp\/v2\/posts"}],"about":[{"href":"https:\/\/permbledhja.com\/sq\/wp-json\/wp\/v2\/types\/post"}],"author":[{"embeddable":true,"href":"https:\/\/permbledhja.com\/sq\/wp-json\/wp\/v2\/users\/2"}],"replies":[{"embeddable":true,"href":"https:\/\/permbledhja.com\/sq\/wp-json\/wp\/v2\/comments?post=34121"}],"version-history":[{"count":1,"href":"https:\/\/permbledhja.com\/sq\/wp-json\/wp\/v2\/posts\/34121\/revisions"}],"predecessor-version":[{"id":34123,"href":"https:\/\/permbledhja.com\/sq\/wp-json\/wp\/v2\/posts\/34121\/revisions\/34123"}],"wp:featuredmedia":[{"embeddable":true,"href":"https:\/\/permbledhja.com\/sq\/wp-json\/wp\/v2\/media\/34122"}],"wp:attachment":[{"href":"https:\/\/permbledhja.com\/sq\/wp-json\/wp\/v2\/media?parent=34121"}],"wp:term":[{"taxonomy":"category","embeddable":true,"href":"https:\/\/permbledhja.com\/sq\/wp-json\/wp\/v2\/categories?post=34121"},{"taxonomy":"post_tag","embeddable":true,"href":"https:\/\/permbledhja.com\/sq\/wp-json\/wp\/v2\/tags?post=34121"}],"curies":[{"name":"wp","href":"https:\/\/api.w.org\/{rel}","templated":true}]}}