{"id":34118,"date":"2023-11-01T09:05:12","date_gmt":"2023-11-01T09:05:12","guid":{"rendered":"https:\/\/permbledhja.com\/?p=34118"},"modified":"2023-11-01T09:05:12","modified_gmt":"2023-11-01T09:05:12","slug":"ky-eshte-punetori-shqiptar-i-baushtelles-qe-humbi-jeten-pasi-ra-nga-skelja-ne-gjermani","status":"publish","type":"post","link":"https:\/\/permbledhja.com\/sq\/ky-eshte-punetori-shqiptar-i-baushtelles-qe-humbi-jeten-pasi-ra-nga-skelja-ne-gjermani\/","title":{"rendered":"Ky \u00ebsht\u00eb pun\u00ebtori shqiptar i \u201cbaushtell\u00ebs\u201d q\u00eb humbi jet\u00ebn pasi ra nga skelja n\u00eb Gjermani"},"content":{"rendered":"<h3>Albert Zorba 31 vje\u00e7 nga Elbasani \u00ebsht\u00eb nj\u00ebri prej viktimave q\u00eb humbi jet\u00ebn tragjikisht n\u00eb kantierin e nd\u00ebrtimit n\u00eb Hamburg m\u00ebngjesin e t\u00eb h\u00ebn\u00ebs.<\/h3>\n<p>V\u00ebllai i t\u00eb ndjerit Zorba ndodhet i burgosur n\u00eb Angli, nd\u00ebrsa i ati i moshuar ka mb\u00ebrritur n\u00eb Hamburg.<\/p>\n<div class=\"g-single a-78\">\n<p>Viktima e dyt\u00eb e identifikuar \u00ebsht\u00eb nj\u00eb i ri nga Kuk\u00ebsi me inicialet R.H.<\/p>\n<div id=\"pa_inarticle_placeholder\">\n<div id=\"pa_videoslider\">\n<div id=\"videoad\">\n<p>Shqiptar\u00ebt, punonj\u00ebs n\u00eb t\u00eb zez\u00eb n\u00eb kantier jan\u00eb paraqitur me dokumente t\u00eb rreme bullgare dhe kjo \u00ebsht\u00eb arsyeja e paqart\u00ebsis\u00eb s\u00eb identiteteve t\u00eb tyre nga shteti gjerman.<\/p>\n<div class=\"g g-4\">\n<div class=\"g-single a-34\">\n<div id=\"M531899ScriptRootC1538085_04fc6\">\n<div id=\"MarketGidComposite1538085_04fc6\">\n<div>\n<div class=\"mgbox\">\n<div class=\"mgline teaser-16956694 type-w mgline-small-blur-bottom\" data-i=\"mECcKCjrGtmmiQgNQEXNeS5jLd1JmS2FTsNbG6y0RhhSM7zpVgsFOM5GQI-WRspqPl7Nb7Qah3DKaVtQFILqag**\" data-observe-time=\"1214\" data-observe-start=\"1698829116146\" data-observing=\"yes\" data-load-fired=\"true\" data-shown=\"1\">\n<p>Besohet se numri i shqiptar\u00ebve q\u00eb kan\u00eb humbur jet\u00ebn n\u00eb skel\u00ebn q\u00eb u shemb \u00ebsht\u00eb pes\u00eb, tre shqiptar\u00eb t\u00eb Shqip\u00ebris\u00eb dhe dy shqiptar\u00eb t\u00eb Maqedonis\u00eb s\u00eb Veriut t\u00eb gjith\u00eb t\u00eb regjistruar me dokumenta bullgare. Mbr\u00ebmjen e djeshme \u00ebsht\u00eb nxjerr\u00eb nga rr\u00ebnojat nj\u00eb tjet\u00ebr trup.<\/p>\n<div>\n<div class=\"centered-text-area\">\n<div class=\"centered-text\">\n<p>Administratori shqiptar nga Kosova i firm\u00ebs q\u00eb kishte regjistruar shqiptar\u00ebt me dokumente false \u00ebsht\u00eb zhdukur.<\/p>\n<p>Ngjarja ndodhi teksa shqiptar\u00ebt po punonin p\u00ebr nd\u00ebrtimin e nj\u00eb pallati n\u00eb zon\u00ebn e HafenCity.<\/p>\n<p>Mendohet se ka ende viktima n\u00ebn rr\u00ebnoja dhe po punohet p\u00ebr nxjerrjen e trupave.<\/p>\n<\/div>\n<\/div>\n<\/div>\n<\/div>\n<\/div>\n<\/div>\n<\/div>\n<\/div>\n<\/div>\n<\/div>\n<\/div>\n<\/div>\n<\/div>\n<\/div>\n<div class=\"g g-1\">\n<div class=\"g-single a-32\">\n<div id=\"M531899ScriptRootC1537368_13a61\">\n<div id=\"MarketGidComposite1537368_13a61\">\n<div>\n<div class=\"mgbox\">\n<div class=\"mgline teaser-17582247 type-w mgline-small-blur-bottom\" data-i=\"mECcKCjrGtmmiQgNQEXNedBzisxosbc-eqqHpUXCjta8IxdTlz9spstnSKwpXjCqaaKVDflz-2GjGKv_hZ3_ww**\" data-observe-time=\"1094\" data-observe-start=\"1698829374131\" data-observing=\"yes\" data-load-fired=\"true\" data-shown=\"1\"><\/div>\n<\/div>\n<\/div>\n<\/div>\n<\/div>\n<\/div>\n<\/div>\n","protected":false},"excerpt":{"rendered":"<p>Albert Zorba 31 vje\u00e7 nga Elbasani \u00ebsht\u00eb nj\u00ebri prej viktimave q\u00eb humbi jet\u00ebn tragjikisht n\u00eb kantierin e nd\u00ebrtimit n\u00eb Hamburg m\u00ebngjesin e t\u00eb h\u00ebn\u00ebs. V\u00ebllai i t\u00eb ndjerit Zorba ndodhet i burgosur n\u00eb Angli, nd\u00ebrsa i ati i moshuar ka mb\u00ebrritur n\u00eb Hamburg. Viktima e dyt\u00eb e identifikuar \u00ebsht\u00eb nj\u00eb i ri nga Kuk\u00ebsi me [&hellip;]<\/p>\n","protected":false},"author":2,"featured_media":34119,"comment_status":"closed","ping_status":"closed","sticky":false,"template":"","format":"standard","meta":{"_monsterinsights_skip_tracking":false,"_monsterinsights_sitenote_active":false,"_monsterinsights_sitenote_note":"","_monsterinsights_sitenote_category":0,"_uf_show_specific_survey":0,"_uf_disable_surveys":false,"footnotes":""},"categories":[23,15],"tags":[],"yoast_head":"<!-- This site is optimized with the Yoast SEO plugin v21.5 - https:\/\/yoast.com\/wordpress\/plugins\/seo\/ -->\n<title>Ky \u00ebsht\u00eb pun\u00ebtori shqiptar i \u201cbaushtell\u00ebs\u201d q\u00eb humbi jet\u00ebn pasi ra nga skelja n\u00eb Gjermani<\/title>\n<meta name=\"robots\" content=\"index, follow, max-snippet:-1, max-image-preview:large, max-video-preview:-1\" \/>\n<link rel=\"canonical\" href=\"https:\/\/permbledhja.com\/sq\/ky-eshte-punetori-shqiptar-i-baushtelles-qe-humbi-jeten-pasi-ra-nga-skelja-ne-gjermani\/\" \/>\n<meta property=\"og:locale\" content=\"sq_AL\" \/>\n<meta property=\"og:type\" content=\"article\" \/>\n<meta property=\"og:title\" content=\"Ky \u00ebsht\u00eb pun\u00ebtori shqiptar i \u201cbaushtell\u00ebs\u201d q\u00eb humbi jet\u00ebn pasi ra nga skelja n\u00eb Gjermani\" \/>\n<meta property=\"og:description\" content=\"Albert Zorba 31 vje\u00e7 nga Elbasani \u00ebsht\u00eb nj\u00ebri prej viktimave q\u00eb humbi jet\u00ebn tragjikisht n\u00eb kantierin e nd\u00ebrtimit n\u00eb Hamburg m\u00ebngjesin e t\u00eb h\u00ebn\u00ebs. V\u00ebllai i t\u00eb ndjerit Zorba ndodhet i burgosur n\u00eb Angli, nd\u00ebrsa i ati i moshuar ka mb\u00ebrritur n\u00eb Hamburg. Viktima e dyt\u00eb e identifikuar \u00ebsht\u00eb nj\u00eb i ri nga Kuk\u00ebsi me [&hellip;]\" \/>\n<meta property=\"og:url\" content=\"https:\/\/permbledhja.com\/sq\/ky-eshte-punetori-shqiptar-i-baushtelles-qe-humbi-jeten-pasi-ra-nga-skelja-ne-gjermani\/\" \/>\n<meta property=\"og:site_name\" content=\"Ve\u00e7 artikuj p\u00ebrmbledh\u00ebs\" \/>\n<meta property=\"article:publisher\" content=\"https:\/\/www.facebook.com\/press07\/\" \/>\n<meta property=\"article:published_time\" content=\"2023-11-01T09:05:12+00:00\" \/>\n<meta property=\"og:image\" content=\"https:\/\/permbledhja.com\/wp-content\/uploads\/2023\/11\/398602368_18002377787166531_8633446620012528511_n-transformed-750x450-1.png\" \/>\n\t<meta property=\"og:image:width\" content=\"750\" \/>\n\t<meta property=\"og:image:height\" content=\"450\" \/>\n\t<meta property=\"og:image:type\" content=\"image\/png\" \/>\n<meta name=\"author\" content=\"M M\" \/>\n<meta name=\"twitter:card\" content=\"summary_large_image\" \/>\n<meta name=\"twitter:label1\" content=\"Written by\" \/>\n\t<meta name=\"twitter:data1\" content=\"M M\" \/>\n\t<meta name=\"twitter:label2\" content=\"Est. reading time\" \/>\n\t<meta name=\"twitter:data2\" content=\"1 minut\u00eb\" \/>\n<script type=\"application\/ld+json\" class=\"yoast-schema-graph\">{\"@context\":\"https:\/\/schema.org\",\"@graph\":[{\"@type\":\"Article\",\"@id\":\"https:\/\/permbledhja.com\/sq\/ky-eshte-punetori-shqiptar-i-baushtelles-qe-humbi-jeten-pasi-ra-nga-skelja-ne-gjermani\/#article\",\"isPartOf\":{\"@id\":\"https:\/\/permbledhja.com\/sq\/ky-eshte-punetori-shqiptar-i-baushtelles-qe-humbi-jeten-pasi-ra-nga-skelja-ne-gjermani\/\"},\"author\":{\"name\":\"M M\",\"@id\":\"https:\/\/permbledhja.com\/#\/schema\/person\/d23f13f59b5722643933d6780783acf3\"},\"headline\":\"Ky \u00ebsht\u00eb pun\u00ebtori shqiptar i \u201cbaushtell\u00ebs\u201d q\u00eb humbi jet\u00ebn pasi ra nga skelja n\u00eb Gjermani\",\"datePublished\":\"2023-11-01T09:05:12+00:00\",\"dateModified\":\"2023-11-01T09:05:12+00:00\",\"mainEntityOfPage\":{\"@id\":\"https:\/\/permbledhja.com\/sq\/ky-eshte-punetori-shqiptar-i-baushtelles-qe-humbi-jeten-pasi-ra-nga-skelja-ne-gjermani\/\"},\"wordCount\":219,\"publisher\":{\"@id\":\"https:\/\/permbledhja.com\/#organization\"},\"articleSection\":[\"Komb\u00ebtare\",\"Lajme\"],\"inLanguage\":\"sq\"},{\"@type\":\"WebPage\",\"@id\":\"https:\/\/permbledhja.com\/sq\/ky-eshte-punetori-shqiptar-i-baushtelles-qe-humbi-jeten-pasi-ra-nga-skelja-ne-gjermani\/\",\"url\":\"https:\/\/permbledhja.com\/sq\/ky-eshte-punetori-shqiptar-i-baushtelles-qe-humbi-jeten-pasi-ra-nga-skelja-ne-gjermani\/\",\"name\":\"Ky \u00ebsht\u00eb pun\u00ebtori shqiptar i \u201cbaushtell\u00ebs\u201d q\u00eb humbi jet\u00ebn pasi ra nga skelja n\u00eb Gjermani\",\"isPartOf\":{\"@id\":\"https:\/\/permbledhja.com\/#website\"},\"datePublished\":\"2023-11-01T09:05:12+00:00\",\"dateModified\":\"2023-11-01T09:05:12+00:00\",\"breadcrumb\":{\"@id\":\"https:\/\/permbledhja.com\/sq\/ky-eshte-punetori-shqiptar-i-baushtelles-qe-humbi-jeten-pasi-ra-nga-skelja-ne-gjermani\/#breadcrumb\"},\"inLanguage\":\"sq\",\"potentialAction\":[{\"@type\":\"ReadAction\",\"target\":[\"https:\/\/permbledhja.com\/sq\/ky-eshte-punetori-shqiptar-i-baushtelles-qe-humbi-jeten-pasi-ra-nga-skelja-ne-gjermani\/\"]}]},{\"@type\":\"BreadcrumbList\",\"@id\":\"https:\/\/permbledhja.com\/sq\/ky-eshte-punetori-shqiptar-i-baushtelles-qe-humbi-jeten-pasi-ra-nga-skelja-ne-gjermani\/#breadcrumb\",\"itemListElement\":[{\"@type\":\"ListItem\",\"position\":1,\"name\":\"Ballina\",\"item\":\"https:\/\/permbledhja.com\/sq\/\"},{\"@type\":\"ListItem\",\"position\":2,\"name\":\"Ky \u00ebsht\u00eb pun\u00ebtori shqiptar i \u201cbaushtell\u00ebs\u201d q\u00eb humbi jet\u00ebn pasi ra nga skelja n\u00eb Gjermani\"}]},{\"@type\":\"WebSite\",\"@id\":\"https:\/\/permbledhja.com\/#website\",\"url\":\"https:\/\/permbledhja.com\/\",\"name\":\"Ve\u00e7 artikuj p\u00ebrmbledh\u00ebs\",\"description\":\"\",\"publisher\":{\"@id\":\"https:\/\/permbledhja.com\/#organization\"},\"potentialAction\":[{\"@type\":\"SearchAction\",\"target\":{\"@type\":\"EntryPoint\",\"urlTemplate\":\"https:\/\/permbledhja.com\/?s={search_term_string}\"},\"query-input\":\"required name=search_term_string\"}],\"inLanguage\":\"sq\"},{\"@type\":\"Organization\",\"@id\":\"https:\/\/permbledhja.com\/#organization\",\"name\":\"MK Media & Pr\",\"url\":\"https:\/\/permbledhja.com\/\",\"logo\":{\"@type\":\"ImageObject\",\"inLanguage\":\"sq\",\"@id\":\"https:\/\/permbledhja.com\/#\/schema\/logo\/image\/\",\"url\":\"https:\/\/permbledhja.com\/wp-content\/uploads\/2021\/12\/07-Press-Logo.jpg\",\"contentUrl\":\"https:\/\/permbledhja.com\/wp-content\/uploads\/2021\/12\/07-Press-Logo.jpg\",\"width\":512,\"height\":512,\"caption\":\"MK Media & Pr\"},\"image\":{\"@id\":\"https:\/\/permbledhja.com\/#\/schema\/logo\/image\/\"},\"sameAs\":[\"https:\/\/www.facebook.com\/press07\/\"]},{\"@type\":\"Person\",\"@id\":\"https:\/\/permbledhja.com\/#\/schema\/person\/d23f13f59b5722643933d6780783acf3\",\"name\":\"M M\",\"image\":{\"@type\":\"ImageObject\",\"inLanguage\":\"sq\",\"@id\":\"https:\/\/permbledhja.com\/#\/schema\/person\/image\/\",\"url\":\"https:\/\/secure.gravatar.com\/avatar\/e2835a76ca7c31a2416b2d51c4ec9a8f?s=96&d=mm&r=g\",\"contentUrl\":\"https:\/\/secure.gravatar.com\/avatar\/e2835a76ca7c31a2416b2d51c4ec9a8f?s=96&d=mm&r=g\",\"caption\":\"M M\"},\"sameAs\":[\"http:\/\/MM\"],\"url\":\"https:\/\/permbledhja.com\/sq\/author\/muhamet\/\"}]}<\/script>\n<!-- \/ Yoast SEO plugin. -->","yoast_head_json":{"title":"Ky \u00ebsht\u00eb pun\u00ebtori shqiptar i \u201cbaushtell\u00ebs\u201d q\u00eb humbi jet\u00ebn pasi ra nga skelja n\u00eb Gjermani","robots":{"index":"index","follow":"follow","max-snippet":"max-snippet:-1","max-image-preview":"max-image-preview:large","max-video-preview":"max-video-preview:-1"},"canonical":"https:\/\/permbledhja.com\/sq\/ky-eshte-punetori-shqiptar-i-baushtelles-qe-humbi-jeten-pasi-ra-nga-skelja-ne-gjermani\/","og_locale":"sq_AL","og_type":"article","og_title":"Ky \u00ebsht\u00eb pun\u00ebtori shqiptar i \u201cbaushtell\u00ebs\u201d q\u00eb humbi jet\u00ebn pasi ra nga skelja n\u00eb Gjermani","og_description":"Albert Zorba 31 vje\u00e7 nga Elbasani \u00ebsht\u00eb nj\u00ebri prej viktimave q\u00eb humbi jet\u00ebn tragjikisht n\u00eb kantierin e nd\u00ebrtimit n\u00eb Hamburg m\u00ebngjesin e t\u00eb h\u00ebn\u00ebs. V\u00ebllai i t\u00eb ndjerit Zorba ndodhet i burgosur n\u00eb Angli, nd\u00ebrsa i ati i moshuar ka mb\u00ebrritur n\u00eb Hamburg. Viktima e dyt\u00eb e identifikuar \u00ebsht\u00eb nj\u00eb i ri nga Kuk\u00ebsi me [&hellip;]","og_url":"https:\/\/permbledhja.com\/sq\/ky-eshte-punetori-shqiptar-i-baushtelles-qe-humbi-jeten-pasi-ra-nga-skelja-ne-gjermani\/","og_site_name":"Ve\u00e7 artikuj p\u00ebrmbledh\u00ebs","article_publisher":"https:\/\/www.facebook.com\/press07\/","article_published_time":"2023-11-01T09:05:12+00:00","og_image":[{"width":750,"height":450,"url":"https:\/\/permbledhja.com\/wp-content\/uploads\/2023\/11\/398602368_18002377787166531_8633446620012528511_n-transformed-750x450-1.png","type":"image\/png"}],"author":"M M","twitter_card":"summary_large_image","twitter_misc":{"Written by":"M M","Est. reading time":"1 minut\u00eb"},"schema":{"@context":"https:\/\/schema.org","@graph":[{"@type":"Article","@id":"https:\/\/permbledhja.com\/sq\/ky-eshte-punetori-shqiptar-i-baushtelles-qe-humbi-jeten-pasi-ra-nga-skelja-ne-gjermani\/#article","isPartOf":{"@id":"https:\/\/permbledhja.com\/sq\/ky-eshte-punetori-shqiptar-i-baushtelles-qe-humbi-jeten-pasi-ra-nga-skelja-ne-gjermani\/"},"author":{"name":"M M","@id":"https:\/\/permbledhja.com\/#\/schema\/person\/d23f13f59b5722643933d6780783acf3"},"headline":"Ky \u00ebsht\u00eb pun\u00ebtori shqiptar i \u201cbaushtell\u00ebs\u201d q\u00eb humbi jet\u00ebn pasi ra nga skelja n\u00eb Gjermani","datePublished":"2023-11-01T09:05:12+00:00","dateModified":"2023-11-01T09:05:12+00:00","mainEntityOfPage":{"@id":"https:\/\/permbledhja.com\/sq\/ky-eshte-punetori-shqiptar-i-baushtelles-qe-humbi-jeten-pasi-ra-nga-skelja-ne-gjermani\/"},"wordCount":219,"publisher":{"@id":"https:\/\/permbledhja.com\/#organization"},"articleSection":["Komb\u00ebtare","Lajme"],"inLanguage":"sq"},{"@type":"WebPage","@id":"https:\/\/permbledhja.com\/sq\/ky-eshte-punetori-shqiptar-i-baushtelles-qe-humbi-jeten-pasi-ra-nga-skelja-ne-gjermani\/","url":"https:\/\/permbledhja.com\/sq\/ky-eshte-punetori-shqiptar-i-baushtelles-qe-humbi-jeten-pasi-ra-nga-skelja-ne-gjermani\/","name":"Ky \u00ebsht\u00eb pun\u00ebtori shqiptar i \u201cbaushtell\u00ebs\u201d q\u00eb humbi jet\u00ebn pasi ra nga skelja n\u00eb Gjermani","isPartOf":{"@id":"https:\/\/permbledhja.com\/#website"},"datePublished":"2023-11-01T09:05:12+00:00","dateModified":"2023-11-01T09:05:12+00:00","breadcrumb":{"@id":"https:\/\/permbledhja.com\/sq\/ky-eshte-punetori-shqiptar-i-baushtelles-qe-humbi-jeten-pasi-ra-nga-skelja-ne-gjermani\/#breadcrumb"},"inLanguage":"sq","potentialAction":[{"@type":"ReadAction","target":["https:\/\/permbledhja.com\/sq\/ky-eshte-punetori-shqiptar-i-baushtelles-qe-humbi-jeten-pasi-ra-nga-skelja-ne-gjermani\/"]}]},{"@type":"BreadcrumbList","@id":"https:\/\/permbledhja.com\/sq\/ky-eshte-punetori-shqiptar-i-baushtelles-qe-humbi-jeten-pasi-ra-nga-skelja-ne-gjermani\/#breadcrumb","itemListElement":[{"@type":"ListItem","position":1,"name":"Ballina","item":"https:\/\/permbledhja.com\/sq\/"},{"@type":"ListItem","position":2,"name":"Ky \u00ebsht\u00eb pun\u00ebtori shqiptar i \u201cbaushtell\u00ebs\u201d q\u00eb humbi jet\u00ebn pasi ra nga skelja n\u00eb Gjermani"}]},{"@type":"WebSite","@id":"https:\/\/permbledhja.com\/#website","url":"https:\/\/permbledhja.com\/","name":"Ve\u00e7 artikuj p\u00ebrmbledh\u00ebs","description":"","publisher":{"@id":"https:\/\/permbledhja.com\/#organization"},"potentialAction":[{"@type":"SearchAction","target":{"@type":"EntryPoint","urlTemplate":"https:\/\/permbledhja.com\/?s={search_term_string}"},"query-input":"required name=search_term_string"}],"inLanguage":"sq"},{"@type":"Organization","@id":"https:\/\/permbledhja.com\/#organization","name":"MK Media & Pr","url":"https:\/\/permbledhja.com\/","logo":{"@type":"ImageObject","inLanguage":"sq","@id":"https:\/\/permbledhja.com\/#\/schema\/logo\/image\/","url":"https:\/\/permbledhja.com\/wp-content\/uploads\/2021\/12\/07-Press-Logo.jpg","contentUrl":"https:\/\/permbledhja.com\/wp-content\/uploads\/2021\/12\/07-Press-Logo.jpg","width":512,"height":512,"caption":"MK Media & Pr"},"image":{"@id":"https:\/\/permbledhja.com\/#\/schema\/logo\/image\/"},"sameAs":["https:\/\/www.facebook.com\/press07\/"]},{"@type":"Person","@id":"https:\/\/permbledhja.com\/#\/schema\/person\/d23f13f59b5722643933d6780783acf3","name":"M M","image":{"@type":"ImageObject","inLanguage":"sq","@id":"https:\/\/permbledhja.com\/#\/schema\/person\/image\/","url":"https:\/\/secure.gravatar.com\/avatar\/e2835a76ca7c31a2416b2d51c4ec9a8f?s=96&d=mm&r=g","contentUrl":"https:\/\/secure.gravatar.com\/avatar\/e2835a76ca7c31a2416b2d51c4ec9a8f?s=96&d=mm&r=g","caption":"M M"},"sameAs":["http:\/\/MM"],"url":"https:\/\/permbledhja.com\/sq\/author\/muhamet\/"}]}},"_links":{"self":[{"href":"https:\/\/permbledhja.com\/sq\/wp-json\/wp\/v2\/posts\/34118"}],"collection":[{"href":"https:\/\/permbledhja.com\/sq\/wp-json\/wp\/v2\/posts"}],"about":[{"href":"https:\/\/permbledhja.com\/sq\/wp-json\/wp\/v2\/types\/post"}],"author":[{"embeddable":true,"href":"https:\/\/permbledhja.com\/sq\/wp-json\/wp\/v2\/users\/2"}],"replies":[{"embeddable":true,"href":"https:\/\/permbledhja.com\/sq\/wp-json\/wp\/v2\/comments?post=34118"}],"version-history":[{"count":1,"href":"https:\/\/permbledhja.com\/sq\/wp-json\/wp\/v2\/posts\/34118\/revisions"}],"predecessor-version":[{"id":34120,"href":"https:\/\/permbledhja.com\/sq\/wp-json\/wp\/v2\/posts\/34118\/revisions\/34120"}],"wp:featuredmedia":[{"embeddable":true,"href":"https:\/\/permbledhja.com\/sq\/wp-json\/wp\/v2\/media\/34119"}],"wp:attachment":[{"href":"https:\/\/permbledhja.com\/sq\/wp-json\/wp\/v2\/media?parent=34118"}],"wp:term":[{"taxonomy":"category","embeddable":true,"href":"https:\/\/permbledhja.com\/sq\/wp-json\/wp\/v2\/categories?post=34118"},{"taxonomy":"post_tag","embeddable":true,"href":"https:\/\/permbledhja.com\/sq\/wp-json\/wp\/v2\/tags?post=34118"}],"curies":[{"name":"wp","href":"https:\/\/api.w.org\/{rel}","templated":true}]}}