{"id":34106,"date":"2023-11-01T08:35:22","date_gmt":"2023-11-01T08:35:22","guid":{"rendered":"https:\/\/permbledhja.com\/?p=34106"},"modified":"2023-11-01T08:35:22","modified_gmt":"2023-11-01T08:35:22","slug":"e-trishte-i-riu-me-te-meta-qe-vdiq-ne-rahovec-ra-ne-bunar","status":"publish","type":"post","link":"https:\/\/permbledhja.com\/sq\/e-trishte-i-riu-me-te-meta-qe-vdiq-ne-rahovec-ra-ne-bunar\/","title":{"rendered":"E trisht\u00eb: I riu me t\u00eb meta q\u00eb vdiq n\u00eb Rahovec ra n\u00eb bunar"},"content":{"rendered":"<h3>07 Press pak \u00e7aste m\u00eb par\u00eb raportoi p\u00ebr nj\u00eb t\u00eb vdekur n\u00eb Opterush\u00eb t\u00eb Rahovecit.<\/h3>\n<p>https:\/\/permbledhja.com\/vdekja-e-personit-me-te-meta-mentale-ne-opterushe-te-rahovecit-07-press-zbulon-identitetin-e-viktimes\/<\/p>\n<p>Redaksia jon\u00eb m\u00ebsoi edhe emrin e t\u00eb ndjerit, Mersel Isuf Spahiu.<\/p>\n<p>Banor\u00ebt e fshatit p\u00ebrkat\u00ebs i than\u00eb 07 Press se i nj\u00ebjti ra n\u00eb bunar, ku edhe gjeti vdekjen.<\/p>\n<p>Tutje, m\u00ebsohet se ai ka qen\u00eb n\u00eb mosh\u00ebn pak mbi t\u00eb tridhjetat.<\/p>\n<p>07 Press tashm\u00eb ka kontaktuar me autoritete t\u00eb tjera p\u00ebr t\u00eb sjellur m\u00eb shum\u00eb informacione.<\/p>\n<p>&nbsp;<\/p>\n","protected":false},"excerpt":{"rendered":"<p>07 Press pak \u00e7aste m\u00eb par\u00eb raportoi p\u00ebr nj\u00eb t\u00eb vdekur n\u00eb Opterush\u00eb t\u00eb Rahovecit. https:\/\/permbledhja.com\/vdekja-e-personit-me-te-meta-mentale-ne-opterushe-te-rahovecit-07-press-zbulon-identitetin-e-viktimes\/ Redaksia jon\u00eb m\u00ebsoi edhe emrin e t\u00eb ndjerit, Mersel Isuf Spahiu. Banor\u00ebt e fshatit p\u00ebrkat\u00ebs i than\u00eb 07 Press se i nj\u00ebjti ra n\u00eb bunar, ku edhe gjeti vdekjen. Tutje, m\u00ebsohet se ai ka qen\u00eb n\u00eb mosh\u00ebn pak mbi [&hellip;]<\/p>\n","protected":false},"author":1,"featured_media":34107,"comment_status":"closed","ping_status":"closed","sticky":false,"template":"","format":"standard","meta":{"_monsterinsights_skip_tracking":false,"_monsterinsights_sitenote_active":false,"_monsterinsights_sitenote_note":"","_monsterinsights_sitenote_category":0,"_uf_show_specific_survey":0,"_uf_disable_surveys":false,"footnotes":""},"categories":[23,15,17],"tags":[2199],"yoast_head":"<!-- This site is optimized with the Yoast SEO plugin v21.5 - https:\/\/yoast.com\/wordpress\/plugins\/seo\/ -->\n<title>E trisht\u00eb: I riu me t\u00eb meta q\u00eb vdiq n\u00eb Rahovec ra n\u00eb bunar<\/title>\n<meta name=\"robots\" content=\"index, follow, max-snippet:-1, max-image-preview:large, max-video-preview:-1\" \/>\n<link rel=\"canonical\" href=\"https:\/\/permbledhja.com\/sq\/e-trishte-i-riu-me-te-meta-qe-vdiq-ne-rahovec-ra-ne-bunar\/\" \/>\n<meta property=\"og:locale\" content=\"sq_AL\" \/>\n<meta property=\"og:type\" content=\"article\" \/>\n<meta property=\"og:title\" content=\"E trisht\u00eb: I riu me t\u00eb meta q\u00eb vdiq n\u00eb Rahovec ra n\u00eb bunar\" \/>\n<meta property=\"og:description\" content=\"07 Press pak \u00e7aste m\u00eb par\u00eb raportoi p\u00ebr nj\u00eb t\u00eb vdekur n\u00eb Opterush\u00eb t\u00eb Rahovecit. https:\/\/permbledhja.com\/vdekja-e-personit-me-te-meta-mentale-ne-opterushe-te-rahovecit-07-press-zbulon-identitetin-e-viktimes\/ Redaksia jon\u00eb m\u00ebsoi edhe emrin e t\u00eb ndjerit, Mersel Isuf Spahiu. Banor\u00ebt e fshatit p\u00ebrkat\u00ebs i than\u00eb 07 Press se i nj\u00ebjti ra n\u00eb bunar, ku edhe gjeti vdekjen. Tutje, m\u00ebsohet se ai ka qen\u00eb n\u00eb mosh\u00ebn pak mbi [&hellip;]\" \/>\n<meta property=\"og:url\" content=\"https:\/\/permbledhja.com\/sq\/e-trishte-i-riu-me-te-meta-qe-vdiq-ne-rahovec-ra-ne-bunar\/\" \/>\n<meta property=\"og:site_name\" content=\"Ve\u00e7 artikuj p\u00ebrmbledh\u00ebs\" \/>\n<meta property=\"article:publisher\" content=\"https:\/\/www.facebook.com\/press07\/\" \/>\n<meta property=\"article:author\" content=\"https:\/\/www.facebook.com\/kafexhiu.muharrem\/\" \/>\n<meta property=\"article:published_time\" content=\"2023-11-01T08:35:22+00:00\" \/>\n<meta property=\"og:image\" content=\"https:\/\/permbledhja.com\/wp-content\/uploads\/2023\/11\/follow-3-1024x576.png\" \/>\n\t<meta property=\"og:image:width\" content=\"1024\" \/>\n\t<meta property=\"og:image:height\" content=\"576\" \/>\n\t<meta property=\"og:image:type\" content=\"image\/png\" \/>\n<meta name=\"author\" content=\"P\u00ebrmbledhja\" \/>\n<meta name=\"twitter:card\" content=\"summary_large_image\" \/>\n<meta name=\"twitter:label1\" content=\"Written by\" \/>\n\t<meta name=\"twitter:data1\" content=\"P\u00ebrmbledhja\" \/>\n<script type=\"application\/ld+json\" class=\"yoast-schema-graph\">{\"@context\":\"https:\/\/schema.org\",\"@graph\":[{\"@type\":\"Article\",\"@id\":\"https:\/\/permbledhja.com\/sq\/e-trishte-i-riu-me-te-meta-qe-vdiq-ne-rahovec-ra-ne-bunar\/#article\",\"isPartOf\":{\"@id\":\"https:\/\/permbledhja.com\/sq\/e-trishte-i-riu-me-te-meta-qe-vdiq-ne-rahovec-ra-ne-bunar\/\"},\"author\":{\"name\":\"P\u00ebrmbledhja\",\"@id\":\"https:\/\/permbledhja.com\/#\/schema\/person\/0d064377258d3221e50693947b9eb4fe\"},\"headline\":\"E trisht\u00eb: I riu me t\u00eb meta q\u00eb vdiq n\u00eb Rahovec ra n\u00eb bunar\",\"datePublished\":\"2023-11-01T08:35:22+00:00\",\"dateModified\":\"2023-11-01T08:35:22+00:00\",\"mainEntityOfPage\":{\"@id\":\"https:\/\/permbledhja.com\/sq\/e-trishte-i-riu-me-te-meta-qe-vdiq-ne-rahovec-ra-ne-bunar\/\"},\"wordCount\":97,\"publisher\":{\"@id\":\"https:\/\/permbledhja.com\/#organization\"},\"keywords\":[\"Opterush\u00eb\"],\"articleSection\":[\"Komb\u00ebtare\",\"Lajme\",\"Rahovec\"],\"inLanguage\":\"sq\"},{\"@type\":\"WebPage\",\"@id\":\"https:\/\/permbledhja.com\/sq\/e-trishte-i-riu-me-te-meta-qe-vdiq-ne-rahovec-ra-ne-bunar\/\",\"url\":\"https:\/\/permbledhja.com\/sq\/e-trishte-i-riu-me-te-meta-qe-vdiq-ne-rahovec-ra-ne-bunar\/\",\"name\":\"E trisht\u00eb: I riu me t\u00eb meta q\u00eb vdiq n\u00eb Rahovec ra n\u00eb bunar\",\"isPartOf\":{\"@id\":\"https:\/\/permbledhja.com\/#website\"},\"datePublished\":\"2023-11-01T08:35:22+00:00\",\"dateModified\":\"2023-11-01T08:35:22+00:00\",\"breadcrumb\":{\"@id\":\"https:\/\/permbledhja.com\/sq\/e-trishte-i-riu-me-te-meta-qe-vdiq-ne-rahovec-ra-ne-bunar\/#breadcrumb\"},\"inLanguage\":\"sq\",\"potentialAction\":[{\"@type\":\"ReadAction\",\"target\":[\"https:\/\/permbledhja.com\/sq\/e-trishte-i-riu-me-te-meta-qe-vdiq-ne-rahovec-ra-ne-bunar\/\"]}]},{\"@type\":\"BreadcrumbList\",\"@id\":\"https:\/\/permbledhja.com\/sq\/e-trishte-i-riu-me-te-meta-qe-vdiq-ne-rahovec-ra-ne-bunar\/#breadcrumb\",\"itemListElement\":[{\"@type\":\"ListItem\",\"position\":1,\"name\":\"Ballina\",\"item\":\"https:\/\/permbledhja.com\/sq\/\"},{\"@type\":\"ListItem\",\"position\":2,\"name\":\"E trisht\u00eb: I riu me t\u00eb meta q\u00eb vdiq n\u00eb Rahovec ra n\u00eb bunar\"}]},{\"@type\":\"WebSite\",\"@id\":\"https:\/\/permbledhja.com\/#website\",\"url\":\"https:\/\/permbledhja.com\/\",\"name\":\"Ve\u00e7 artikuj p\u00ebrmbledh\u00ebs\",\"description\":\"\",\"publisher\":{\"@id\":\"https:\/\/permbledhja.com\/#organization\"},\"potentialAction\":[{\"@type\":\"SearchAction\",\"target\":{\"@type\":\"EntryPoint\",\"urlTemplate\":\"https:\/\/permbledhja.com\/?s={search_term_string}\"},\"query-input\":\"required name=search_term_string\"}],\"inLanguage\":\"sq\"},{\"@type\":\"Organization\",\"@id\":\"https:\/\/permbledhja.com\/#organization\",\"name\":\"MK Media & Pr\",\"url\":\"https:\/\/permbledhja.com\/\",\"logo\":{\"@type\":\"ImageObject\",\"inLanguage\":\"sq\",\"@id\":\"https:\/\/permbledhja.com\/#\/schema\/logo\/image\/\",\"url\":\"https:\/\/permbledhja.com\/wp-content\/uploads\/2021\/12\/07-Press-Logo.jpg\",\"contentUrl\":\"https:\/\/permbledhja.com\/wp-content\/uploads\/2021\/12\/07-Press-Logo.jpg\",\"width\":512,\"height\":512,\"caption\":\"MK Media & Pr\"},\"image\":{\"@id\":\"https:\/\/permbledhja.com\/#\/schema\/logo\/image\/\"},\"sameAs\":[\"https:\/\/www.facebook.com\/press07\/\"]},{\"@type\":\"Person\",\"@id\":\"https:\/\/permbledhja.com\/#\/schema\/person\/0d064377258d3221e50693947b9eb4fe\",\"name\":\"P\u00ebrmbledhja\",\"image\":{\"@type\":\"ImageObject\",\"inLanguage\":\"sq\",\"@id\":\"https:\/\/permbledhja.com\/#\/schema\/person\/image\/\",\"url\":\"https:\/\/permbledhja.com\/wp-content\/uploads\/2026\/01\/452004717_1040944174702970_8932037511805513407_n-96x96.jpg\",\"contentUrl\":\"https:\/\/permbledhja.com\/wp-content\/uploads\/2026\/01\/452004717_1040944174702970_8932037511805513407_n-96x96.jpg\",\"caption\":\"P\u00ebrmbledhja\"},\"sameAs\":[\"https:\/\/www.facebook.com\/kafexhiu.muharrem\/\",\"https:\/\/www.instagram.com\/muharrem_kafexhiu\/\"],\"url\":\"https:\/\/permbledhja.com\/sq\/author\/admin\/\"}]}<\/script>\n<!-- \/ Yoast SEO plugin. -->","yoast_head_json":{"title":"E trisht\u00eb: I riu me t\u00eb meta q\u00eb vdiq n\u00eb Rahovec ra n\u00eb bunar","robots":{"index":"index","follow":"follow","max-snippet":"max-snippet:-1","max-image-preview":"max-image-preview:large","max-video-preview":"max-video-preview:-1"},"canonical":"https:\/\/permbledhja.com\/sq\/e-trishte-i-riu-me-te-meta-qe-vdiq-ne-rahovec-ra-ne-bunar\/","og_locale":"sq_AL","og_type":"article","og_title":"E trisht\u00eb: I riu me t\u00eb meta q\u00eb vdiq n\u00eb Rahovec ra n\u00eb bunar","og_description":"07 Press pak \u00e7aste m\u00eb par\u00eb raportoi p\u00ebr nj\u00eb t\u00eb vdekur n\u00eb Opterush\u00eb t\u00eb Rahovecit. https:\/\/permbledhja.com\/vdekja-e-personit-me-te-meta-mentale-ne-opterushe-te-rahovecit-07-press-zbulon-identitetin-e-viktimes\/ Redaksia jon\u00eb m\u00ebsoi edhe emrin e t\u00eb ndjerit, Mersel Isuf Spahiu. Banor\u00ebt e fshatit p\u00ebrkat\u00ebs i than\u00eb 07 Press se i nj\u00ebjti ra n\u00eb bunar, ku edhe gjeti vdekjen. Tutje, m\u00ebsohet se ai ka qen\u00eb n\u00eb mosh\u00ebn pak mbi [&hellip;]","og_url":"https:\/\/permbledhja.com\/sq\/e-trishte-i-riu-me-te-meta-qe-vdiq-ne-rahovec-ra-ne-bunar\/","og_site_name":"Ve\u00e7 artikuj p\u00ebrmbledh\u00ebs","article_publisher":"https:\/\/www.facebook.com\/press07\/","article_author":"https:\/\/www.facebook.com\/kafexhiu.muharrem\/","article_published_time":"2023-11-01T08:35:22+00:00","og_image":[{"width":1024,"height":576,"url":"https:\/\/permbledhja.com\/wp-content\/uploads\/2023\/11\/follow-3-1024x576.png","type":"image\/png"}],"author":"P\u00ebrmbledhja","twitter_card":"summary_large_image","twitter_misc":{"Written by":"P\u00ebrmbledhja"},"schema":{"@context":"https:\/\/schema.org","@graph":[{"@type":"Article","@id":"https:\/\/permbledhja.com\/sq\/e-trishte-i-riu-me-te-meta-qe-vdiq-ne-rahovec-ra-ne-bunar\/#article","isPartOf":{"@id":"https:\/\/permbledhja.com\/sq\/e-trishte-i-riu-me-te-meta-qe-vdiq-ne-rahovec-ra-ne-bunar\/"},"author":{"name":"P\u00ebrmbledhja","@id":"https:\/\/permbledhja.com\/#\/schema\/person\/0d064377258d3221e50693947b9eb4fe"},"headline":"E trisht\u00eb: I riu me t\u00eb meta q\u00eb vdiq n\u00eb Rahovec ra n\u00eb bunar","datePublished":"2023-11-01T08:35:22+00:00","dateModified":"2023-11-01T08:35:22+00:00","mainEntityOfPage":{"@id":"https:\/\/permbledhja.com\/sq\/e-trishte-i-riu-me-te-meta-qe-vdiq-ne-rahovec-ra-ne-bunar\/"},"wordCount":97,"publisher":{"@id":"https:\/\/permbledhja.com\/#organization"},"keywords":["Opterush\u00eb"],"articleSection":["Komb\u00ebtare","Lajme","Rahovec"],"inLanguage":"sq"},{"@type":"WebPage","@id":"https:\/\/permbledhja.com\/sq\/e-trishte-i-riu-me-te-meta-qe-vdiq-ne-rahovec-ra-ne-bunar\/","url":"https:\/\/permbledhja.com\/sq\/e-trishte-i-riu-me-te-meta-qe-vdiq-ne-rahovec-ra-ne-bunar\/","name":"E trisht\u00eb: I riu me t\u00eb meta q\u00eb vdiq n\u00eb Rahovec ra n\u00eb bunar","isPartOf":{"@id":"https:\/\/permbledhja.com\/#website"},"datePublished":"2023-11-01T08:35:22+00:00","dateModified":"2023-11-01T08:35:22+00:00","breadcrumb":{"@id":"https:\/\/permbledhja.com\/sq\/e-trishte-i-riu-me-te-meta-qe-vdiq-ne-rahovec-ra-ne-bunar\/#breadcrumb"},"inLanguage":"sq","potentialAction":[{"@type":"ReadAction","target":["https:\/\/permbledhja.com\/sq\/e-trishte-i-riu-me-te-meta-qe-vdiq-ne-rahovec-ra-ne-bunar\/"]}]},{"@type":"BreadcrumbList","@id":"https:\/\/permbledhja.com\/sq\/e-trishte-i-riu-me-te-meta-qe-vdiq-ne-rahovec-ra-ne-bunar\/#breadcrumb","itemListElement":[{"@type":"ListItem","position":1,"name":"Ballina","item":"https:\/\/permbledhja.com\/sq\/"},{"@type":"ListItem","position":2,"name":"E trisht\u00eb: I riu me t\u00eb meta q\u00eb vdiq n\u00eb Rahovec ra n\u00eb bunar"}]},{"@type":"WebSite","@id":"https:\/\/permbledhja.com\/#website","url":"https:\/\/permbledhja.com\/","name":"Ve\u00e7 artikuj p\u00ebrmbledh\u00ebs","description":"","publisher":{"@id":"https:\/\/permbledhja.com\/#organization"},"potentialAction":[{"@type":"SearchAction","target":{"@type":"EntryPoint","urlTemplate":"https:\/\/permbledhja.com\/?s={search_term_string}"},"query-input":"required name=search_term_string"}],"inLanguage":"sq"},{"@type":"Organization","@id":"https:\/\/permbledhja.com\/#organization","name":"MK Media & Pr","url":"https:\/\/permbledhja.com\/","logo":{"@type":"ImageObject","inLanguage":"sq","@id":"https:\/\/permbledhja.com\/#\/schema\/logo\/image\/","url":"https:\/\/permbledhja.com\/wp-content\/uploads\/2021\/12\/07-Press-Logo.jpg","contentUrl":"https:\/\/permbledhja.com\/wp-content\/uploads\/2021\/12\/07-Press-Logo.jpg","width":512,"height":512,"caption":"MK Media & Pr"},"image":{"@id":"https:\/\/permbledhja.com\/#\/schema\/logo\/image\/"},"sameAs":["https:\/\/www.facebook.com\/press07\/"]},{"@type":"Person","@id":"https:\/\/permbledhja.com\/#\/schema\/person\/0d064377258d3221e50693947b9eb4fe","name":"P\u00ebrmbledhja","image":{"@type":"ImageObject","inLanguage":"sq","@id":"https:\/\/permbledhja.com\/#\/schema\/person\/image\/","url":"https:\/\/permbledhja.com\/wp-content\/uploads\/2026\/01\/452004717_1040944174702970_8932037511805513407_n-96x96.jpg","contentUrl":"https:\/\/permbledhja.com\/wp-content\/uploads\/2026\/01\/452004717_1040944174702970_8932037511805513407_n-96x96.jpg","caption":"P\u00ebrmbledhja"},"sameAs":["https:\/\/www.facebook.com\/kafexhiu.muharrem\/","https:\/\/www.instagram.com\/muharrem_kafexhiu\/"],"url":"https:\/\/permbledhja.com\/sq\/author\/admin\/"}]}},"_links":{"self":[{"href":"https:\/\/permbledhja.com\/sq\/wp-json\/wp\/v2\/posts\/34106"}],"collection":[{"href":"https:\/\/permbledhja.com\/sq\/wp-json\/wp\/v2\/posts"}],"about":[{"href":"https:\/\/permbledhja.com\/sq\/wp-json\/wp\/v2\/types\/post"}],"author":[{"embeddable":true,"href":"https:\/\/permbledhja.com\/sq\/wp-json\/wp\/v2\/users\/1"}],"replies":[{"embeddable":true,"href":"https:\/\/permbledhja.com\/sq\/wp-json\/wp\/v2\/comments?post=34106"}],"version-history":[{"count":1,"href":"https:\/\/permbledhja.com\/sq\/wp-json\/wp\/v2\/posts\/34106\/revisions"}],"predecessor-version":[{"id":34108,"href":"https:\/\/permbledhja.com\/sq\/wp-json\/wp\/v2\/posts\/34106\/revisions\/34108"}],"wp:featuredmedia":[{"embeddable":true,"href":"https:\/\/permbledhja.com\/sq\/wp-json\/wp\/v2\/media\/34107"}],"wp:attachment":[{"href":"https:\/\/permbledhja.com\/sq\/wp-json\/wp\/v2\/media?parent=34106"}],"wp:term":[{"taxonomy":"category","embeddable":true,"href":"https:\/\/permbledhja.com\/sq\/wp-json\/wp\/v2\/categories?post=34106"},{"taxonomy":"post_tag","embeddable":true,"href":"https:\/\/permbledhja.com\/sq\/wp-json\/wp\/v2\/tags?post=34106"}],"curies":[{"name":"wp","href":"https:\/\/api.w.org\/{rel}","templated":true}]}}