{"id":34084,"date":"2023-11-01T07:50:03","date_gmt":"2023-11-01T07:50:03","guid":{"rendered":"https:\/\/permbledhja.com\/?p=34084"},"modified":"2023-11-01T07:51:50","modified_gmt":"2023-11-01T07:51:50","slug":"raportimi-mbi-vdekjen-e-kater-shqiptareve-ne-nje-kantier-ndertimi-ne-gjermani-flasin-nga-policia-e-hamburgut","status":"publish","type":"post","link":"https:\/\/permbledhja.com\/sq\/raportimi-mbi-vdekjen-e-kater-shqiptareve-ne-nje-kantier-ndertimi-ne-gjermani-flasin-nga-policia-e-hamburgut\/","title":{"rendered":"Raportimi mbi vdekjen e kat\u00ebr shqiptar\u00ebve n\u00eb nj\u00eb kantier nd\u00ebrtimi n\u00eb Gjermani, flasin nga Policia e Hamburgut"},"content":{"rendered":"<h3>N\u00eb m\u00ebngjesin e s\u00eb h\u00ebn\u00ebs n\u00eb nj\u00eb kantier nd\u00ebrtimi n\u00eb Hafer City n\u00eb Hamburg t\u00eb Gjermanis\u00eb ka ndodhur nj\u00eb tragjedi ku kan\u00eb vdekur kat\u00ebr persona dhe nj\u00ebri \u00ebsht\u00eb l\u00ebnduar r\u00ebnd\u00eb.<\/h3>\n<p>Mediat gjermane raportuan gjat\u00eb s\u00eb martes se tre nga viktimat ishin shqiptar\u00eb.<\/p>\n<p>Klankosova.tv ka kontaktuar me policin\u00eb e Hamburgut p\u00ebr t\u00eb marr\u00eb informacione lidhur me ngjarjen e r\u00ebnd\u00eb.<\/p>\n<p>N\u00eb p\u00ebrgjigje huhet se dy nga t\u00eb vdekurit jan\u00eb shtetas shqiptar\u00eb, e po ashtu edhe nj\u00ebri nga t\u00eb l\u00ebnduarit r\u00ebnd\u00eb i cili \u00ebsht\u00eb i shtrir\u00eb n\u00eb spitalin e Hamburgut.<\/p>\n<p>\u201cJemi duke pritur identifikimin e dy personave t\u00eb tjer\u00eb q\u00eb vdiq\u00ebn n\u00eb k\u00ebt\u00eb aksident. Nuk mund t\u2019ju jap ndonj\u00eb informacion t\u00eb m\u00ebtejsh\u00ebm p\u00ebr momentin\u201d, tha z\u00ebdh\u00ebn\u00ebsi i policis\u00eb Soren Simbal.<\/p>\n<p>Kryetari i Aleanc\u00ebs p\u00ebr Ardhm\u00ebrin\u00eb e Kosov\u00ebs, Ramush Haradinaj, ka shprehur trishtimin e tij lidhur me lajmin nga Gjermania ku raportohet se kan\u00eb humbur jet\u00ebn n\u00eb nj\u00eb kantier nd\u00ebrtimi kat\u00ebr shqiptar\u00eb.<\/p>\n<p>N\u00eb llogarin\u00eb e tij n\u00eb Facebook, ai ka th\u00ebn\u00eb se po lutet q\u00eb familjet e viktimave ta gjejn\u00eb durimin dhe forc\u00ebn p\u00ebr t\u2019u p\u00ebrballur me k\u00ebt\u00eb tragjedi.<\/p>\n<p>\u201cLajm i trisht\u00eb nga Gjermania ku raportohet se kan\u00eb humbur jet\u00ebn n\u00eb nj\u00eb kantier nd\u00ebrtimi kat\u00ebr shqiptar\u00eb. Lutemi q\u00eb familjet e tyre ta gjejn\u00eb durimin dhe forc\u00ebn p\u00ebr t\u2019u p\u00ebrballur me k\u00ebt\u00eb tragjedi\u201d, ka shkruar Haradinaj.<\/p>\n","protected":false},"excerpt":{"rendered":"<p>N\u00eb m\u00ebngjesin e s\u00eb h\u00ebn\u00ebs n\u00eb nj\u00eb kantier nd\u00ebrtimi n\u00eb Hafer City n\u00eb Hamburg t\u00eb Gjermanis\u00eb ka ndodhur nj\u00eb tragjedi ku kan\u00eb vdekur kat\u00ebr persona dhe nj\u00ebri \u00ebsht\u00eb l\u00ebnduar r\u00ebnd\u00eb. Mediat gjermane raportuan gjat\u00eb s\u00eb martes se tre nga viktimat ishin shqiptar\u00eb. Klankosova.tv ka kontaktuar me policin\u00eb e Hamburgut p\u00ebr t\u00eb marr\u00eb informacione lidhur me [&hellip;]<\/p>\n","protected":false},"author":2,"featured_media":34085,"comment_status":"closed","ping_status":"closed","sticky":false,"template":"","format":"standard","meta":{"_monsterinsights_skip_tracking":false,"_monsterinsights_sitenote_active":false,"_monsterinsights_sitenote_note":"","_monsterinsights_sitenote_category":0,"_uf_show_specific_survey":0,"_uf_disable_surveys":false,"footnotes":""},"categories":[15],"tags":[],"yoast_head":"<!-- This site is optimized with the Yoast SEO plugin v21.5 - https:\/\/yoast.com\/wordpress\/plugins\/seo\/ -->\n<title>Raportimi mbi vdekjen e kat\u00ebr shqiptar\u00ebve n\u00eb nj\u00eb kantier nd\u00ebrtimi n\u00eb Gjermani, flasin nga Policia e Hamburgut<\/title>\n<meta name=\"robots\" content=\"index, follow, max-snippet:-1, max-image-preview:large, max-video-preview:-1\" \/>\n<link rel=\"canonical\" href=\"https:\/\/permbledhja.com\/sq\/raportimi-mbi-vdekjen-e-kater-shqiptareve-ne-nje-kantier-ndertimi-ne-gjermani-flasin-nga-policia-e-hamburgut\/\" \/>\n<meta property=\"og:locale\" content=\"sq_AL\" \/>\n<meta property=\"og:type\" content=\"article\" \/>\n<meta property=\"og:title\" content=\"Raportimi mbi vdekjen e kat\u00ebr shqiptar\u00ebve n\u00eb nj\u00eb kantier nd\u00ebrtimi n\u00eb Gjermani, flasin nga Policia e Hamburgut\" \/>\n<meta property=\"og:description\" content=\"N\u00eb m\u00ebngjesin e s\u00eb h\u00ebn\u00ebs n\u00eb nj\u00eb kantier nd\u00ebrtimi n\u00eb Hafer City n\u00eb Hamburg t\u00eb Gjermanis\u00eb ka ndodhur nj\u00eb tragjedi ku kan\u00eb vdekur kat\u00ebr persona dhe nj\u00ebri \u00ebsht\u00eb l\u00ebnduar r\u00ebnd\u00eb. Mediat gjermane raportuan gjat\u00eb s\u00eb martes se tre nga viktimat ishin shqiptar\u00eb. Klankosova.tv ka kontaktuar me policin\u00eb e Hamburgut p\u00ebr t\u00eb marr\u00eb informacione lidhur me [&hellip;]\" \/>\n<meta property=\"og:url\" content=\"https:\/\/permbledhja.com\/sq\/raportimi-mbi-vdekjen-e-kater-shqiptareve-ne-nje-kantier-ndertimi-ne-gjermani-flasin-nga-policia-e-hamburgut\/\" \/>\n<meta property=\"og:site_name\" content=\"Ve\u00e7 artikuj p\u00ebrmbledh\u00ebs\" \/>\n<meta property=\"article:publisher\" content=\"https:\/\/www.facebook.com\/press07\/\" \/>\n<meta property=\"article:published_time\" content=\"2023-11-01T07:50:03+00:00\" \/>\n<meta property=\"article:modified_time\" content=\"2023-11-01T07:51:50+00:00\" \/>\n<meta property=\"og:image\" content=\"https:\/\/permbledhja.com\/wp-content\/uploads\/2023\/11\/a-1-600x360-1.jpg\" \/>\n\t<meta property=\"og:image:width\" content=\"600\" \/>\n\t<meta property=\"og:image:height\" content=\"360\" \/>\n\t<meta property=\"og:image:type\" content=\"image\/jpeg\" \/>\n<meta name=\"author\" content=\"M M\" \/>\n<meta name=\"twitter:card\" content=\"summary_large_image\" \/>\n<meta name=\"twitter:label1\" content=\"Written by\" \/>\n\t<meta name=\"twitter:data1\" content=\"M M\" \/>\n\t<meta name=\"twitter:label2\" content=\"Est. reading time\" \/>\n\t<meta name=\"twitter:data2\" content=\"2 minuta\" \/>\n<script type=\"application\/ld+json\" class=\"yoast-schema-graph\">{\"@context\":\"https:\/\/schema.org\",\"@graph\":[{\"@type\":\"Article\",\"@id\":\"https:\/\/permbledhja.com\/sq\/raportimi-mbi-vdekjen-e-kater-shqiptareve-ne-nje-kantier-ndertimi-ne-gjermani-flasin-nga-policia-e-hamburgut\/#article\",\"isPartOf\":{\"@id\":\"https:\/\/permbledhja.com\/sq\/raportimi-mbi-vdekjen-e-kater-shqiptareve-ne-nje-kantier-ndertimi-ne-gjermani-flasin-nga-policia-e-hamburgut\/\"},\"author\":{\"name\":\"M M\",\"@id\":\"https:\/\/permbledhja.com\/#\/schema\/person\/d23f13f59b5722643933d6780783acf3\"},\"headline\":\"Raportimi mbi vdekjen e kat\u00ebr shqiptar\u00ebve n\u00eb nj\u00eb kantier nd\u00ebrtimi n\u00eb Gjermani, flasin nga Policia e Hamburgut\",\"datePublished\":\"2023-11-01T07:50:03+00:00\",\"dateModified\":\"2023-11-01T07:51:50+00:00\",\"mainEntityOfPage\":{\"@id\":\"https:\/\/permbledhja.com\/sq\/raportimi-mbi-vdekjen-e-kater-shqiptareve-ne-nje-kantier-ndertimi-ne-gjermani-flasin-nga-policia-e-hamburgut\/\"},\"wordCount\":276,\"publisher\":{\"@id\":\"https:\/\/permbledhja.com\/#organization\"},\"articleSection\":[\"Lajme\"],\"inLanguage\":\"sq\"},{\"@type\":\"WebPage\",\"@id\":\"https:\/\/permbledhja.com\/sq\/raportimi-mbi-vdekjen-e-kater-shqiptareve-ne-nje-kantier-ndertimi-ne-gjermani-flasin-nga-policia-e-hamburgut\/\",\"url\":\"https:\/\/permbledhja.com\/sq\/raportimi-mbi-vdekjen-e-kater-shqiptareve-ne-nje-kantier-ndertimi-ne-gjermani-flasin-nga-policia-e-hamburgut\/\",\"name\":\"Raportimi mbi vdekjen e kat\u00ebr shqiptar\u00ebve n\u00eb nj\u00eb kantier nd\u00ebrtimi n\u00eb Gjermani, flasin nga Policia e Hamburgut\",\"isPartOf\":{\"@id\":\"https:\/\/permbledhja.com\/#website\"},\"datePublished\":\"2023-11-01T07:50:03+00:00\",\"dateModified\":\"2023-11-01T07:51:50+00:00\",\"breadcrumb\":{\"@id\":\"https:\/\/permbledhja.com\/sq\/raportimi-mbi-vdekjen-e-kater-shqiptareve-ne-nje-kantier-ndertimi-ne-gjermani-flasin-nga-policia-e-hamburgut\/#breadcrumb\"},\"inLanguage\":\"sq\",\"potentialAction\":[{\"@type\":\"ReadAction\",\"target\":[\"https:\/\/permbledhja.com\/sq\/raportimi-mbi-vdekjen-e-kater-shqiptareve-ne-nje-kantier-ndertimi-ne-gjermani-flasin-nga-policia-e-hamburgut\/\"]}]},{\"@type\":\"BreadcrumbList\",\"@id\":\"https:\/\/permbledhja.com\/sq\/raportimi-mbi-vdekjen-e-kater-shqiptareve-ne-nje-kantier-ndertimi-ne-gjermani-flasin-nga-policia-e-hamburgut\/#breadcrumb\",\"itemListElement\":[{\"@type\":\"ListItem\",\"position\":1,\"name\":\"Ballina\",\"item\":\"https:\/\/permbledhja.com\/sq\/\"},{\"@type\":\"ListItem\",\"position\":2,\"name\":\"Raportimi mbi vdekjen e kat\u00ebr shqiptar\u00ebve n\u00eb nj\u00eb kantier nd\u00ebrtimi n\u00eb Gjermani, flasin nga Policia e Hamburgut\"}]},{\"@type\":\"WebSite\",\"@id\":\"https:\/\/permbledhja.com\/#website\",\"url\":\"https:\/\/permbledhja.com\/\",\"name\":\"Ve\u00e7 artikuj p\u00ebrmbledh\u00ebs\",\"description\":\"\",\"publisher\":{\"@id\":\"https:\/\/permbledhja.com\/#organization\"},\"potentialAction\":[{\"@type\":\"SearchAction\",\"target\":{\"@type\":\"EntryPoint\",\"urlTemplate\":\"https:\/\/permbledhja.com\/?s={search_term_string}\"},\"query-input\":\"required name=search_term_string\"}],\"inLanguage\":\"sq\"},{\"@type\":\"Organization\",\"@id\":\"https:\/\/permbledhja.com\/#organization\",\"name\":\"MK Media & Pr\",\"url\":\"https:\/\/permbledhja.com\/\",\"logo\":{\"@type\":\"ImageObject\",\"inLanguage\":\"sq\",\"@id\":\"https:\/\/permbledhja.com\/#\/schema\/logo\/image\/\",\"url\":\"https:\/\/permbledhja.com\/wp-content\/uploads\/2021\/12\/07-Press-Logo.jpg\",\"contentUrl\":\"https:\/\/permbledhja.com\/wp-content\/uploads\/2021\/12\/07-Press-Logo.jpg\",\"width\":512,\"height\":512,\"caption\":\"MK Media & Pr\"},\"image\":{\"@id\":\"https:\/\/permbledhja.com\/#\/schema\/logo\/image\/\"},\"sameAs\":[\"https:\/\/www.facebook.com\/press07\/\"]},{\"@type\":\"Person\",\"@id\":\"https:\/\/permbledhja.com\/#\/schema\/person\/d23f13f59b5722643933d6780783acf3\",\"name\":\"M M\",\"image\":{\"@type\":\"ImageObject\",\"inLanguage\":\"sq\",\"@id\":\"https:\/\/permbledhja.com\/#\/schema\/person\/image\/\",\"url\":\"https:\/\/secure.gravatar.com\/avatar\/e2835a76ca7c31a2416b2d51c4ec9a8f?s=96&d=mm&r=g\",\"contentUrl\":\"https:\/\/secure.gravatar.com\/avatar\/e2835a76ca7c31a2416b2d51c4ec9a8f?s=96&d=mm&r=g\",\"caption\":\"M M\"},\"sameAs\":[\"http:\/\/MM\"],\"url\":\"https:\/\/permbledhja.com\/sq\/author\/muhamet\/\"}]}<\/script>\n<!-- \/ Yoast SEO plugin. -->","yoast_head_json":{"title":"Raportimi mbi vdekjen e kat\u00ebr shqiptar\u00ebve n\u00eb nj\u00eb kantier nd\u00ebrtimi n\u00eb Gjermani, flasin nga Policia e Hamburgut","robots":{"index":"index","follow":"follow","max-snippet":"max-snippet:-1","max-image-preview":"max-image-preview:large","max-video-preview":"max-video-preview:-1"},"canonical":"https:\/\/permbledhja.com\/sq\/raportimi-mbi-vdekjen-e-kater-shqiptareve-ne-nje-kantier-ndertimi-ne-gjermani-flasin-nga-policia-e-hamburgut\/","og_locale":"sq_AL","og_type":"article","og_title":"Raportimi mbi vdekjen e kat\u00ebr shqiptar\u00ebve n\u00eb nj\u00eb kantier nd\u00ebrtimi n\u00eb Gjermani, flasin nga Policia e Hamburgut","og_description":"N\u00eb m\u00ebngjesin e s\u00eb h\u00ebn\u00ebs n\u00eb nj\u00eb kantier nd\u00ebrtimi n\u00eb Hafer City n\u00eb Hamburg t\u00eb Gjermanis\u00eb ka ndodhur nj\u00eb tragjedi ku kan\u00eb vdekur kat\u00ebr persona dhe nj\u00ebri \u00ebsht\u00eb l\u00ebnduar r\u00ebnd\u00eb. Mediat gjermane raportuan gjat\u00eb s\u00eb martes se tre nga viktimat ishin shqiptar\u00eb. Klankosova.tv ka kontaktuar me policin\u00eb e Hamburgut p\u00ebr t\u00eb marr\u00eb informacione lidhur me [&hellip;]","og_url":"https:\/\/permbledhja.com\/sq\/raportimi-mbi-vdekjen-e-kater-shqiptareve-ne-nje-kantier-ndertimi-ne-gjermani-flasin-nga-policia-e-hamburgut\/","og_site_name":"Ve\u00e7 artikuj p\u00ebrmbledh\u00ebs","article_publisher":"https:\/\/www.facebook.com\/press07\/","article_published_time":"2023-11-01T07:50:03+00:00","article_modified_time":"2023-11-01T07:51:50+00:00","og_image":[{"width":600,"height":360,"url":"https:\/\/permbledhja.com\/wp-content\/uploads\/2023\/11\/a-1-600x360-1.jpg","type":"image\/jpeg"}],"author":"M M","twitter_card":"summary_large_image","twitter_misc":{"Written by":"M M","Est. reading time":"2 minuta"},"schema":{"@context":"https:\/\/schema.org","@graph":[{"@type":"Article","@id":"https:\/\/permbledhja.com\/sq\/raportimi-mbi-vdekjen-e-kater-shqiptareve-ne-nje-kantier-ndertimi-ne-gjermani-flasin-nga-policia-e-hamburgut\/#article","isPartOf":{"@id":"https:\/\/permbledhja.com\/sq\/raportimi-mbi-vdekjen-e-kater-shqiptareve-ne-nje-kantier-ndertimi-ne-gjermani-flasin-nga-policia-e-hamburgut\/"},"author":{"name":"M M","@id":"https:\/\/permbledhja.com\/#\/schema\/person\/d23f13f59b5722643933d6780783acf3"},"headline":"Raportimi mbi vdekjen e kat\u00ebr shqiptar\u00ebve n\u00eb nj\u00eb kantier nd\u00ebrtimi n\u00eb Gjermani, flasin nga Policia e Hamburgut","datePublished":"2023-11-01T07:50:03+00:00","dateModified":"2023-11-01T07:51:50+00:00","mainEntityOfPage":{"@id":"https:\/\/permbledhja.com\/sq\/raportimi-mbi-vdekjen-e-kater-shqiptareve-ne-nje-kantier-ndertimi-ne-gjermani-flasin-nga-policia-e-hamburgut\/"},"wordCount":276,"publisher":{"@id":"https:\/\/permbledhja.com\/#organization"},"articleSection":["Lajme"],"inLanguage":"sq"},{"@type":"WebPage","@id":"https:\/\/permbledhja.com\/sq\/raportimi-mbi-vdekjen-e-kater-shqiptareve-ne-nje-kantier-ndertimi-ne-gjermani-flasin-nga-policia-e-hamburgut\/","url":"https:\/\/permbledhja.com\/sq\/raportimi-mbi-vdekjen-e-kater-shqiptareve-ne-nje-kantier-ndertimi-ne-gjermani-flasin-nga-policia-e-hamburgut\/","name":"Raportimi mbi vdekjen e kat\u00ebr shqiptar\u00ebve n\u00eb nj\u00eb kantier nd\u00ebrtimi n\u00eb Gjermani, flasin nga Policia e Hamburgut","isPartOf":{"@id":"https:\/\/permbledhja.com\/#website"},"datePublished":"2023-11-01T07:50:03+00:00","dateModified":"2023-11-01T07:51:50+00:00","breadcrumb":{"@id":"https:\/\/permbledhja.com\/sq\/raportimi-mbi-vdekjen-e-kater-shqiptareve-ne-nje-kantier-ndertimi-ne-gjermani-flasin-nga-policia-e-hamburgut\/#breadcrumb"},"inLanguage":"sq","potentialAction":[{"@type":"ReadAction","target":["https:\/\/permbledhja.com\/sq\/raportimi-mbi-vdekjen-e-kater-shqiptareve-ne-nje-kantier-ndertimi-ne-gjermani-flasin-nga-policia-e-hamburgut\/"]}]},{"@type":"BreadcrumbList","@id":"https:\/\/permbledhja.com\/sq\/raportimi-mbi-vdekjen-e-kater-shqiptareve-ne-nje-kantier-ndertimi-ne-gjermani-flasin-nga-policia-e-hamburgut\/#breadcrumb","itemListElement":[{"@type":"ListItem","position":1,"name":"Ballina","item":"https:\/\/permbledhja.com\/sq\/"},{"@type":"ListItem","position":2,"name":"Raportimi mbi vdekjen e kat\u00ebr shqiptar\u00ebve n\u00eb nj\u00eb kantier nd\u00ebrtimi n\u00eb Gjermani, flasin nga Policia e Hamburgut"}]},{"@type":"WebSite","@id":"https:\/\/permbledhja.com\/#website","url":"https:\/\/permbledhja.com\/","name":"Ve\u00e7 artikuj p\u00ebrmbledh\u00ebs","description":"","publisher":{"@id":"https:\/\/permbledhja.com\/#organization"},"potentialAction":[{"@type":"SearchAction","target":{"@type":"EntryPoint","urlTemplate":"https:\/\/permbledhja.com\/?s={search_term_string}"},"query-input":"required name=search_term_string"}],"inLanguage":"sq"},{"@type":"Organization","@id":"https:\/\/permbledhja.com\/#organization","name":"MK Media & Pr","url":"https:\/\/permbledhja.com\/","logo":{"@type":"ImageObject","inLanguage":"sq","@id":"https:\/\/permbledhja.com\/#\/schema\/logo\/image\/","url":"https:\/\/permbledhja.com\/wp-content\/uploads\/2021\/12\/07-Press-Logo.jpg","contentUrl":"https:\/\/permbledhja.com\/wp-content\/uploads\/2021\/12\/07-Press-Logo.jpg","width":512,"height":512,"caption":"MK Media & Pr"},"image":{"@id":"https:\/\/permbledhja.com\/#\/schema\/logo\/image\/"},"sameAs":["https:\/\/www.facebook.com\/press07\/"]},{"@type":"Person","@id":"https:\/\/permbledhja.com\/#\/schema\/person\/d23f13f59b5722643933d6780783acf3","name":"M M","image":{"@type":"ImageObject","inLanguage":"sq","@id":"https:\/\/permbledhja.com\/#\/schema\/person\/image\/","url":"https:\/\/secure.gravatar.com\/avatar\/e2835a76ca7c31a2416b2d51c4ec9a8f?s=96&d=mm&r=g","contentUrl":"https:\/\/secure.gravatar.com\/avatar\/e2835a76ca7c31a2416b2d51c4ec9a8f?s=96&d=mm&r=g","caption":"M M"},"sameAs":["http:\/\/MM"],"url":"https:\/\/permbledhja.com\/sq\/author\/muhamet\/"}]}},"_links":{"self":[{"href":"https:\/\/permbledhja.com\/sq\/wp-json\/wp\/v2\/posts\/34084"}],"collection":[{"href":"https:\/\/permbledhja.com\/sq\/wp-json\/wp\/v2\/posts"}],"about":[{"href":"https:\/\/permbledhja.com\/sq\/wp-json\/wp\/v2\/types\/post"}],"author":[{"embeddable":true,"href":"https:\/\/permbledhja.com\/sq\/wp-json\/wp\/v2\/users\/2"}],"replies":[{"embeddable":true,"href":"https:\/\/permbledhja.com\/sq\/wp-json\/wp\/v2\/comments?post=34084"}],"version-history":[{"count":3,"href":"https:\/\/permbledhja.com\/sq\/wp-json\/wp\/v2\/posts\/34084\/revisions"}],"predecessor-version":[{"id":34089,"href":"https:\/\/permbledhja.com\/sq\/wp-json\/wp\/v2\/posts\/34084\/revisions\/34089"}],"wp:featuredmedia":[{"embeddable":true,"href":"https:\/\/permbledhja.com\/sq\/wp-json\/wp\/v2\/media\/34085"}],"wp:attachment":[{"href":"https:\/\/permbledhja.com\/sq\/wp-json\/wp\/v2\/media?parent=34084"}],"wp:term":[{"taxonomy":"category","embeddable":true,"href":"https:\/\/permbledhja.com\/sq\/wp-json\/wp\/v2\/categories?post=34084"},{"taxonomy":"post_tag","embeddable":true,"href":"https:\/\/permbledhja.com\/sq\/wp-json\/wp\/v2\/tags?post=34084"}],"curies":[{"name":"wp","href":"https:\/\/api.w.org\/{rel}","templated":true}]}}