{"id":3408,"date":"2022-07-29T13:26:51","date_gmt":"2022-07-29T13:26:51","guid":{"rendered":"https:\/\/permbledhja.com\/?p=3408"},"modified":"2022-07-29T13:26:51","modified_gmt":"2022-07-29T13:26:51","slug":"me-thane-nje-ndeshje-e-vogel-rrefimi-rreqethes-i-babait-te-36-vjecarit-qe-vdiq-me-gruan-ne-aksident","status":"publish","type":"post","link":"https:\/\/permbledhja.com\/sq\/me-thane-nje-ndeshje-e-vogel-rrefimi-rreqethes-i-babait-te-36-vjecarit-qe-vdiq-me-gruan-ne-aksident\/","title":{"rendered":"\u201cM\u00eb than\u00eb nj\u00eb ndeshje e vog\u00ebl\u201d, rr\u00ebfimi rr\u00ebqeth\u00ebs i babait t\u00eb 36-vje\u00e7arit q\u00eb vdiq me gruan n\u00eb aksident"},"content":{"rendered":"<p>\u201cPrej sabahit dyert \u00e7el\u00eb i kem lan\u00eb\u201d, thot\u00eb Asllan Sopaj, babai i Shemsedin Sopajt, q\u00eb vdiq sot bashk\u00eb me gruan n\u00eb aksidentin n\u00eb Podujev\u00eb.<\/p>\n<p>M\u00ebngjesin e sot\u00ebm nj\u00eb \u00e7ift nga Malisheva gjet\u00ebn vdekjen n\u00eb nj\u00eb fshat n\u00eb Podujev\u00eb. Aty gjendeshin, sepse kishin kaluar kufirin n\u00eb Merdare, \u2013 se vinin nga Sllovenia me vetur\u00eb, \u2013 dhe ishin nisur drejt vendlindjes.<\/p>\n<p>Prind\u00ebrit vdiq\u00ebn, nd\u00ebrsa dy f\u00ebmij\u00ebt e tyre, 3 dhe 5 vje\u00e7, po trajtohen n\u00eb QKUK. Babai i 36 vjecarit q\u00eb vdiq sot ka hapur dyert e sht\u00ebpis\u00eb s\u00eb tij p\u00ebr t\u00eb pame. Tregon se si e mori lajmin e kobsh\u00ebm.<\/p>\n<p>https:\/\/permbledhja.com\/aksidenti-ne-podujeve-familja-sopaj-hap-te-pamen-ne-malisheve\/<\/p>\n<p>\u201cPrej or\u00ebs 3, ata tjer\u00ebt jan\u00eb shku atje, un\u00eb kam ndejt\u00eb me ta, e s\u2019m\u00eb kan\u00eb kallxu. Dy, tha, jan\u00eb shku [kan\u00eb vdekur] e kush \u00ebsht\u00eb shku s\u2019kallxojshin\u201d, thot\u00eb Sopaj p\u00ebr T7.<\/p>\n<p>Sopaj thot\u00eb se fillimisht atij iu tha se \u00ebsht\u00eb b\u00ebr\u00eb nj\u00eb ndeshje e vog\u00ebl dhe nuk e dinte se ai aksident i kishte marr\u00eb jet\u00ebn djalit dhe rej\u00ebs s\u00eb tij.<\/p>\n<p>\u201cPolicia na dha lajmin, e Malisheves, dy par\u00eb dyer i kem \u00e7elur, n\u00eb m\u00ebngjes, edhe ato posht\u00eb edhe k\u00ebto lart. Ata than\u00eb nj\u00eb ndeshje e vog\u00ebl u b\u00eb ashtu-k\u00ebshtu, pasta me kerr kam shku menj\u00ebher\u00eb\u201d, thot\u00eb ai.<\/p>\n<p>Babai tregon se i biri, Shemsedini, kishte shkuar jasht\u00eb vendit para 15 vitesh, n\u00eb mosh\u00eb t\u00eb re. Tregon se gruaja e tij, q\u00eb poashtu vdiq n\u00eb aksident, ishte n\u00eb Kosov\u00eb para nj\u00eb jave.<\/p>\n<p>\u201cAi q\u00eb 15 vjet \u00ebsht\u00eb atje. I ri u shku q\u00eb 15 vjet. Vjen me kerr vet\u00eb me f\u00ebmij\u00eb. Para nj\u00eb jav\u00eb, i ka vdek nana t\u00eb shoqes s\u00eb tij\u201d, tregonte ai. \/Express<\/p>\n<p>https:\/\/permbledhja.com\/burre-e-grua-nga-malisheva-aksidentohen-per-vdekje-ne-podujeve-dy-femije-ne-gjendje-te-rende1\/<\/p>\n","protected":false},"excerpt":{"rendered":"<p>\u201cPrej sabahit dyert \u00e7el\u00eb i kem lan\u00eb\u201d, thot\u00eb Asllan Sopaj, babai i Shemsedin Sopajt, q\u00eb vdiq sot bashk\u00eb me gruan n\u00eb aksidentin n\u00eb Podujev\u00eb. M\u00ebngjesin e sot\u00ebm nj\u00eb \u00e7ift nga Malisheva gjet\u00ebn vdekjen n\u00eb nj\u00eb fshat n\u00eb Podujev\u00eb. Aty gjendeshin, sepse kishin kaluar kufirin n\u00eb Merdare, \u2013 se vinin nga Sllovenia me vetur\u00eb, \u2013 dhe [&hellip;]<\/p>\n","protected":false},"author":1,"featured_media":3409,"comment_status":"closed","ping_status":"closed","sticky":false,"template":"","format":"standard","meta":{"_monsterinsights_skip_tracking":false,"_monsterinsights_sitenote_active":false,"_monsterinsights_sitenote_note":"","_monsterinsights_sitenote_category":0,"_uf_show_specific_survey":0,"_uf_disable_surveys":false,"footnotes":""},"categories":[23,15],"tags":[66,639],"yoast_head":"<!-- This site is optimized with the Yoast SEO plugin v21.5 - https:\/\/yoast.com\/wordpress\/plugins\/seo\/ -->\n<title>\u201cM\u00eb than\u00eb nj\u00eb ndeshje e vog\u00ebl\u201d, rr\u00ebfimi rr\u00ebqeth\u00ebs i babait t\u00eb 36-vje\u00e7arit q\u00eb vdiq me gruan n\u00eb aksident<\/title>\n<meta name=\"robots\" content=\"index, follow, max-snippet:-1, max-image-preview:large, max-video-preview:-1\" \/>\n<link rel=\"canonical\" href=\"https:\/\/permbledhja.com\/sq\/me-thane-nje-ndeshje-e-vogel-rrefimi-rreqethes-i-babait-te-36-vjecarit-qe-vdiq-me-gruan-ne-aksident\/\" \/>\n<meta property=\"og:locale\" content=\"sq_AL\" \/>\n<meta property=\"og:type\" content=\"article\" \/>\n<meta property=\"og:title\" content=\"\u201cM\u00eb than\u00eb nj\u00eb ndeshje e vog\u00ebl\u201d, rr\u00ebfimi rr\u00ebqeth\u00ebs i babait t\u00eb 36-vje\u00e7arit q\u00eb vdiq me gruan n\u00eb aksident\" \/>\n<meta property=\"og:description\" content=\"\u201cPrej sabahit dyert \u00e7el\u00eb i kem lan\u00eb\u201d, thot\u00eb Asllan Sopaj, babai i Shemsedin Sopajt, q\u00eb vdiq sot bashk\u00eb me gruan n\u00eb aksidentin n\u00eb Podujev\u00eb. M\u00ebngjesin e sot\u00ebm nj\u00eb \u00e7ift nga Malisheva gjet\u00ebn vdekjen n\u00eb nj\u00eb fshat n\u00eb Podujev\u00eb. Aty gjendeshin, sepse kishin kaluar kufirin n\u00eb Merdare, \u2013 se vinin nga Sllovenia me vetur\u00eb, \u2013 dhe [&hellip;]\" \/>\n<meta property=\"og:url\" content=\"https:\/\/permbledhja.com\/sq\/me-thane-nje-ndeshje-e-vogel-rrefimi-rreqethes-i-babait-te-36-vjecarit-qe-vdiq-me-gruan-ne-aksident\/\" \/>\n<meta property=\"og:site_name\" content=\"Ve\u00e7 artikuj p\u00ebrmbledh\u00ebs\" \/>\n<meta property=\"article:publisher\" content=\"https:\/\/www.facebook.com\/press07\/\" \/>\n<meta property=\"article:author\" content=\"https:\/\/www.facebook.com\/kafexhiu.muharrem\/\" \/>\n<meta property=\"article:published_time\" content=\"2022-07-29T13:26:51+00:00\" \/>\n<meta property=\"og:image\" content=\"https:\/\/permbledhja.com\/wp-content\/uploads\/2022\/07\/aksidenti-podujeve-696x381-1.jpg\" \/>\n\t<meta property=\"og:image:width\" content=\"696\" \/>\n\t<meta property=\"og:image:height\" content=\"381\" \/>\n\t<meta property=\"og:image:type\" content=\"image\/jpeg\" \/>\n<meta name=\"author\" content=\"P\u00ebrmbledhja\" \/>\n<meta name=\"twitter:card\" content=\"summary_large_image\" \/>\n<meta name=\"twitter:label1\" content=\"Written by\" \/>\n\t<meta name=\"twitter:data1\" content=\"P\u00ebrmbledhja\" \/>\n\t<meta name=\"twitter:label2\" content=\"Est. reading time\" \/>\n\t<meta name=\"twitter:data2\" content=\"1 minut\u00eb\" \/>\n<script type=\"application\/ld+json\" class=\"yoast-schema-graph\">{\"@context\":\"https:\/\/schema.org\",\"@graph\":[{\"@type\":\"Article\",\"@id\":\"https:\/\/permbledhja.com\/me-thane-nje-ndeshje-e-vogel-rrefimi-rreqethes-i-babait-te-36-vjecarit-qe-vdiq-me-gruan-ne-aksident\/#article\",\"isPartOf\":{\"@id\":\"https:\/\/permbledhja.com\/me-thane-nje-ndeshje-e-vogel-rrefimi-rreqethes-i-babait-te-36-vjecarit-qe-vdiq-me-gruan-ne-aksident\/\"},\"author\":{\"name\":\"P\u00ebrmbledhja\",\"@id\":\"https:\/\/permbledhja.com\/#\/schema\/person\/0d064377258d3221e50693947b9eb4fe\"},\"headline\":\"\u201cM\u00eb than\u00eb nj\u00eb ndeshje e vog\u00ebl\u201d, rr\u00ebfimi rr\u00ebqeth\u00ebs i babait t\u00eb 36-vje\u00e7arit q\u00eb vdiq me gruan n\u00eb aksident\",\"datePublished\":\"2022-07-29T13:26:51+00:00\",\"dateModified\":\"2022-07-29T13:26:51+00:00\",\"mainEntityOfPage\":{\"@id\":\"https:\/\/permbledhja.com\/me-thane-nje-ndeshje-e-vogel-rrefimi-rreqethes-i-babait-te-36-vjecarit-qe-vdiq-me-gruan-ne-aksident\/\"},\"wordCount\":312,\"publisher\":{\"@id\":\"https:\/\/permbledhja.com\/#organization\"},\"keywords\":[\"Malishev\u00eb\",\"Sopaj\"],\"articleSection\":[\"Komb\u00ebtare\",\"Lajme\"],\"inLanguage\":\"sq\"},{\"@type\":\"WebPage\",\"@id\":\"https:\/\/permbledhja.com\/me-thane-nje-ndeshje-e-vogel-rrefimi-rreqethes-i-babait-te-36-vjecarit-qe-vdiq-me-gruan-ne-aksident\/\",\"url\":\"https:\/\/permbledhja.com\/me-thane-nje-ndeshje-e-vogel-rrefimi-rreqethes-i-babait-te-36-vjecarit-qe-vdiq-me-gruan-ne-aksident\/\",\"name\":\"\u201cM\u00eb than\u00eb nj\u00eb ndeshje e vog\u00ebl\u201d, rr\u00ebfimi rr\u00ebqeth\u00ebs i babait t\u00eb 36-vje\u00e7arit q\u00eb vdiq me gruan n\u00eb aksident\",\"isPartOf\":{\"@id\":\"https:\/\/permbledhja.com\/#website\"},\"datePublished\":\"2022-07-29T13:26:51+00:00\",\"dateModified\":\"2022-07-29T13:26:51+00:00\",\"breadcrumb\":{\"@id\":\"https:\/\/permbledhja.com\/me-thane-nje-ndeshje-e-vogel-rrefimi-rreqethes-i-babait-te-36-vjecarit-qe-vdiq-me-gruan-ne-aksident\/#breadcrumb\"},\"inLanguage\":\"sq\",\"potentialAction\":[{\"@type\":\"ReadAction\",\"target\":[\"https:\/\/permbledhja.com\/me-thane-nje-ndeshje-e-vogel-rrefimi-rreqethes-i-babait-te-36-vjecarit-qe-vdiq-me-gruan-ne-aksident\/\"]}]},{\"@type\":\"BreadcrumbList\",\"@id\":\"https:\/\/permbledhja.com\/me-thane-nje-ndeshje-e-vogel-rrefimi-rreqethes-i-babait-te-36-vjecarit-qe-vdiq-me-gruan-ne-aksident\/#breadcrumb\",\"itemListElement\":[{\"@type\":\"ListItem\",\"position\":1,\"name\":\"Ballina\",\"item\":\"https:\/\/permbledhja.com\/sq\/\"},{\"@type\":\"ListItem\",\"position\":2,\"name\":\"\u201cM\u00eb than\u00eb nj\u00eb ndeshje e vog\u00ebl\u201d, rr\u00ebfimi rr\u00ebqeth\u00ebs i babait t\u00eb 36-vje\u00e7arit q\u00eb vdiq me gruan n\u00eb aksident\"}]},{\"@type\":\"WebSite\",\"@id\":\"https:\/\/permbledhja.com\/#website\",\"url\":\"https:\/\/permbledhja.com\/\",\"name\":\"Ve\u00e7 artikuj p\u00ebrmbledh\u00ebs\",\"description\":\"\",\"publisher\":{\"@id\":\"https:\/\/permbledhja.com\/#organization\"},\"potentialAction\":[{\"@type\":\"SearchAction\",\"target\":{\"@type\":\"EntryPoint\",\"urlTemplate\":\"https:\/\/permbledhja.com\/?s={search_term_string}\"},\"query-input\":\"required name=search_term_string\"}],\"inLanguage\":\"sq\"},{\"@type\":\"Organization\",\"@id\":\"https:\/\/permbledhja.com\/#organization\",\"name\":\"MK Media & Pr\",\"url\":\"https:\/\/permbledhja.com\/\",\"logo\":{\"@type\":\"ImageObject\",\"inLanguage\":\"sq\",\"@id\":\"https:\/\/permbledhja.com\/#\/schema\/logo\/image\/\",\"url\":\"https:\/\/permbledhja.com\/wp-content\/uploads\/2021\/12\/07-Press-Logo.jpg\",\"contentUrl\":\"https:\/\/permbledhja.com\/wp-content\/uploads\/2021\/12\/07-Press-Logo.jpg\",\"width\":512,\"height\":512,\"caption\":\"MK Media & Pr\"},\"image\":{\"@id\":\"https:\/\/permbledhja.com\/#\/schema\/logo\/image\/\"},\"sameAs\":[\"https:\/\/www.facebook.com\/press07\/\"]},{\"@type\":\"Person\",\"@id\":\"https:\/\/permbledhja.com\/#\/schema\/person\/0d064377258d3221e50693947b9eb4fe\",\"name\":\"P\u00ebrmbledhja\",\"image\":{\"@type\":\"ImageObject\",\"inLanguage\":\"sq\",\"@id\":\"https:\/\/permbledhja.com\/#\/schema\/person\/image\/\",\"url\":\"https:\/\/permbledhja.com\/wp-content\/uploads\/2026\/01\/452004717_1040944174702970_8932037511805513407_n-96x96.jpg\",\"contentUrl\":\"https:\/\/permbledhja.com\/wp-content\/uploads\/2026\/01\/452004717_1040944174702970_8932037511805513407_n-96x96.jpg\",\"caption\":\"P\u00ebrmbledhja\"},\"sameAs\":[\"https:\/\/www.facebook.com\/kafexhiu.muharrem\/\",\"https:\/\/www.instagram.com\/muharrem_kafexhiu\/\"],\"url\":\"https:\/\/permbledhja.com\/sq\/author\/admin\/\"}]}<\/script>\n<!-- \/ Yoast SEO plugin. -->","yoast_head_json":{"title":"\u201cM\u00eb than\u00eb nj\u00eb ndeshje e vog\u00ebl\u201d, rr\u00ebfimi rr\u00ebqeth\u00ebs i babait t\u00eb 36-vje\u00e7arit q\u00eb vdiq me gruan n\u00eb aksident","robots":{"index":"index","follow":"follow","max-snippet":"max-snippet:-1","max-image-preview":"max-image-preview:large","max-video-preview":"max-video-preview:-1"},"canonical":"https:\/\/permbledhja.com\/sq\/me-thane-nje-ndeshje-e-vogel-rrefimi-rreqethes-i-babait-te-36-vjecarit-qe-vdiq-me-gruan-ne-aksident\/","og_locale":"sq_AL","og_type":"article","og_title":"\u201cM\u00eb than\u00eb nj\u00eb ndeshje e vog\u00ebl\u201d, rr\u00ebfimi rr\u00ebqeth\u00ebs i babait t\u00eb 36-vje\u00e7arit q\u00eb vdiq me gruan n\u00eb aksident","og_description":"\u201cPrej sabahit dyert \u00e7el\u00eb i kem lan\u00eb\u201d, thot\u00eb Asllan Sopaj, babai i Shemsedin Sopajt, q\u00eb vdiq sot bashk\u00eb me gruan n\u00eb aksidentin n\u00eb Podujev\u00eb. M\u00ebngjesin e sot\u00ebm nj\u00eb \u00e7ift nga Malisheva gjet\u00ebn vdekjen n\u00eb nj\u00eb fshat n\u00eb Podujev\u00eb. Aty gjendeshin, sepse kishin kaluar kufirin n\u00eb Merdare, \u2013 se vinin nga Sllovenia me vetur\u00eb, \u2013 dhe [&hellip;]","og_url":"https:\/\/permbledhja.com\/sq\/me-thane-nje-ndeshje-e-vogel-rrefimi-rreqethes-i-babait-te-36-vjecarit-qe-vdiq-me-gruan-ne-aksident\/","og_site_name":"Ve\u00e7 artikuj p\u00ebrmbledh\u00ebs","article_publisher":"https:\/\/www.facebook.com\/press07\/","article_author":"https:\/\/www.facebook.com\/kafexhiu.muharrem\/","article_published_time":"2022-07-29T13:26:51+00:00","og_image":[{"width":696,"height":381,"url":"https:\/\/permbledhja.com\/wp-content\/uploads\/2022\/07\/aksidenti-podujeve-696x381-1.jpg","type":"image\/jpeg"}],"author":"P\u00ebrmbledhja","twitter_card":"summary_large_image","twitter_misc":{"Written by":"P\u00ebrmbledhja","Est. reading time":"1 minut\u00eb"},"schema":{"@context":"https:\/\/schema.org","@graph":[{"@type":"Article","@id":"https:\/\/permbledhja.com\/me-thane-nje-ndeshje-e-vogel-rrefimi-rreqethes-i-babait-te-36-vjecarit-qe-vdiq-me-gruan-ne-aksident\/#article","isPartOf":{"@id":"https:\/\/permbledhja.com\/me-thane-nje-ndeshje-e-vogel-rrefimi-rreqethes-i-babait-te-36-vjecarit-qe-vdiq-me-gruan-ne-aksident\/"},"author":{"name":"P\u00ebrmbledhja","@id":"https:\/\/permbledhja.com\/#\/schema\/person\/0d064377258d3221e50693947b9eb4fe"},"headline":"\u201cM\u00eb than\u00eb nj\u00eb ndeshje e vog\u00ebl\u201d, rr\u00ebfimi rr\u00ebqeth\u00ebs i babait t\u00eb 36-vje\u00e7arit q\u00eb vdiq me gruan n\u00eb aksident","datePublished":"2022-07-29T13:26:51+00:00","dateModified":"2022-07-29T13:26:51+00:00","mainEntityOfPage":{"@id":"https:\/\/permbledhja.com\/me-thane-nje-ndeshje-e-vogel-rrefimi-rreqethes-i-babait-te-36-vjecarit-qe-vdiq-me-gruan-ne-aksident\/"},"wordCount":312,"publisher":{"@id":"https:\/\/permbledhja.com\/#organization"},"keywords":["Malishev\u00eb","Sopaj"],"articleSection":["Komb\u00ebtare","Lajme"],"inLanguage":"sq"},{"@type":"WebPage","@id":"https:\/\/permbledhja.com\/me-thane-nje-ndeshje-e-vogel-rrefimi-rreqethes-i-babait-te-36-vjecarit-qe-vdiq-me-gruan-ne-aksident\/","url":"https:\/\/permbledhja.com\/me-thane-nje-ndeshje-e-vogel-rrefimi-rreqethes-i-babait-te-36-vjecarit-qe-vdiq-me-gruan-ne-aksident\/","name":"\u201cM\u00eb than\u00eb nj\u00eb ndeshje e vog\u00ebl\u201d, rr\u00ebfimi rr\u00ebqeth\u00ebs i babait t\u00eb 36-vje\u00e7arit q\u00eb vdiq me gruan n\u00eb aksident","isPartOf":{"@id":"https:\/\/permbledhja.com\/#website"},"datePublished":"2022-07-29T13:26:51+00:00","dateModified":"2022-07-29T13:26:51+00:00","breadcrumb":{"@id":"https:\/\/permbledhja.com\/me-thane-nje-ndeshje-e-vogel-rrefimi-rreqethes-i-babait-te-36-vjecarit-qe-vdiq-me-gruan-ne-aksident\/#breadcrumb"},"inLanguage":"sq","potentialAction":[{"@type":"ReadAction","target":["https:\/\/permbledhja.com\/me-thane-nje-ndeshje-e-vogel-rrefimi-rreqethes-i-babait-te-36-vjecarit-qe-vdiq-me-gruan-ne-aksident\/"]}]},{"@type":"BreadcrumbList","@id":"https:\/\/permbledhja.com\/me-thane-nje-ndeshje-e-vogel-rrefimi-rreqethes-i-babait-te-36-vjecarit-qe-vdiq-me-gruan-ne-aksident\/#breadcrumb","itemListElement":[{"@type":"ListItem","position":1,"name":"Ballina","item":"https:\/\/permbledhja.com\/sq\/"},{"@type":"ListItem","position":2,"name":"\u201cM\u00eb than\u00eb nj\u00eb ndeshje e vog\u00ebl\u201d, rr\u00ebfimi rr\u00ebqeth\u00ebs i babait t\u00eb 36-vje\u00e7arit q\u00eb vdiq me gruan n\u00eb aksident"}]},{"@type":"WebSite","@id":"https:\/\/permbledhja.com\/#website","url":"https:\/\/permbledhja.com\/","name":"Ve\u00e7 artikuj p\u00ebrmbledh\u00ebs","description":"","publisher":{"@id":"https:\/\/permbledhja.com\/#organization"},"potentialAction":[{"@type":"SearchAction","target":{"@type":"EntryPoint","urlTemplate":"https:\/\/permbledhja.com\/?s={search_term_string}"},"query-input":"required name=search_term_string"}],"inLanguage":"sq"},{"@type":"Organization","@id":"https:\/\/permbledhja.com\/#organization","name":"MK Media & Pr","url":"https:\/\/permbledhja.com\/","logo":{"@type":"ImageObject","inLanguage":"sq","@id":"https:\/\/permbledhja.com\/#\/schema\/logo\/image\/","url":"https:\/\/permbledhja.com\/wp-content\/uploads\/2021\/12\/07-Press-Logo.jpg","contentUrl":"https:\/\/permbledhja.com\/wp-content\/uploads\/2021\/12\/07-Press-Logo.jpg","width":512,"height":512,"caption":"MK Media & Pr"},"image":{"@id":"https:\/\/permbledhja.com\/#\/schema\/logo\/image\/"},"sameAs":["https:\/\/www.facebook.com\/press07\/"]},{"@type":"Person","@id":"https:\/\/permbledhja.com\/#\/schema\/person\/0d064377258d3221e50693947b9eb4fe","name":"P\u00ebrmbledhja","image":{"@type":"ImageObject","inLanguage":"sq","@id":"https:\/\/permbledhja.com\/#\/schema\/person\/image\/","url":"https:\/\/permbledhja.com\/wp-content\/uploads\/2026\/01\/452004717_1040944174702970_8932037511805513407_n-96x96.jpg","contentUrl":"https:\/\/permbledhja.com\/wp-content\/uploads\/2026\/01\/452004717_1040944174702970_8932037511805513407_n-96x96.jpg","caption":"P\u00ebrmbledhja"},"sameAs":["https:\/\/www.facebook.com\/kafexhiu.muharrem\/","https:\/\/www.instagram.com\/muharrem_kafexhiu\/"],"url":"https:\/\/permbledhja.com\/sq\/author\/admin\/"}]}},"_links":{"self":[{"href":"https:\/\/permbledhja.com\/sq\/wp-json\/wp\/v2\/posts\/3408"}],"collection":[{"href":"https:\/\/permbledhja.com\/sq\/wp-json\/wp\/v2\/posts"}],"about":[{"href":"https:\/\/permbledhja.com\/sq\/wp-json\/wp\/v2\/types\/post"}],"author":[{"embeddable":true,"href":"https:\/\/permbledhja.com\/sq\/wp-json\/wp\/v2\/users\/1"}],"replies":[{"embeddable":true,"href":"https:\/\/permbledhja.com\/sq\/wp-json\/wp\/v2\/comments?post=3408"}],"version-history":[{"count":2,"href":"https:\/\/permbledhja.com\/sq\/wp-json\/wp\/v2\/posts\/3408\/revisions"}],"predecessor-version":[{"id":3412,"href":"https:\/\/permbledhja.com\/sq\/wp-json\/wp\/v2\/posts\/3408\/revisions\/3412"}],"wp:featuredmedia":[{"embeddable":true,"href":"https:\/\/permbledhja.com\/sq\/wp-json\/wp\/v2\/media\/3409"}],"wp:attachment":[{"href":"https:\/\/permbledhja.com\/sq\/wp-json\/wp\/v2\/media?parent=3408"}],"wp:term":[{"taxonomy":"category","embeddable":true,"href":"https:\/\/permbledhja.com\/sq\/wp-json\/wp\/v2\/categories?post=3408"},{"taxonomy":"post_tag","embeddable":true,"href":"https:\/\/permbledhja.com\/sq\/wp-json\/wp\/v2\/tags?post=3408"}],"curies":[{"name":"wp","href":"https:\/\/api.w.org\/{rel}","templated":true}]}}