{"id":34067,"date":"2023-11-01T07:11:26","date_gmt":"2023-11-01T07:11:26","guid":{"rendered":"https:\/\/permbledhja.com\/?p=34067"},"modified":"2023-11-01T07:43:33","modified_gmt":"2023-11-01T07:43:33","slug":"1kjo-do-te-jete-paga-e-presidentes-kryeministrit-dhe-kryeparlamentarit-ne-vitin-2024","status":"publish","type":"post","link":"https:\/\/permbledhja.com\/sq\/1kjo-do-te-jete-paga-e-presidentes-kryeministrit-dhe-kryeparlamentarit-ne-vitin-2024\/","title":{"rendered":"Kjo do t\u00eb jet\u00eb paga e presidentes, kryeministrit dhe kryeparlamentarit n\u00eb vitin 2024"},"content":{"rendered":"<h3>Me rritjen e koeficientit t\u00eb pagave nga 105 n\u00eb 110 euro p\u00ebr vitin 2024, presidentja e Kosov\u00ebs do t\u00eb paguhet 1 mij\u00eb e 980 euro, pra 90 euro m\u00eb shum\u00eb sesa \u00ebsht\u00eb paguar gjat\u00eb k\u00ebtij viti.<\/h3>\n<p>Nga janari, kryeministri dhe kryetari i Kuvendit do t\u00eb marrin nga 1 mij\u00eb e 870 euro, apo 85 euro m\u00eb shum\u00eb sesa marrin tash.<\/p>\n<p>Kryetari i Gjykat\u00ebs Kushtetuese do t\u00eb paguhet 1 mij\u00eb e 925 euro n\u00eb muaj, 88 euro m\u00eb shum\u00eb se aktualisht.<\/p>\n<p>Kryeministri i Kosov\u00ebs, Albin Kurti n\u00eb mbledhjen e kabinetit qeveritar, ku \u00ebsht\u00eb shqyrtuar Projektligji mbi ndarjet buxhetore p\u00ebr vitin 2024, ka th\u00ebn\u00eb se koeficienti i pagave do t\u00eb jet\u00eb 110 euro.<\/p>\n<p>Sipas Kurtit, buxheti p\u00ebr vitin 2024 do t\u00eb jet\u00eb 3.3 miliard\u00eb euro.<\/p>\n<p>\u201cP\u00ebr sektorin publik, kemi th\u00ebn\u00eb qysh n\u00eb fillim t\u00eb k\u00ebtij viti se koeficienti i pagave p\u00ebr vitin 2024 do t\u00eb jet\u00eb 110 euro dhe k\u00ebt\u00eb po e realizojm\u00eb, pra po i rrisim pagat n\u00eb sektorin publik ashtu si\u00e7 kemi th\u00ebn\u00eb. T\u00eb gjitha p\u00ebrllogaritjet e buxhetit tek kategoria e pagave jan\u00eb duke marr\u00eb p\u00ebr baz\u00eb edhe rritjen e koeficientit dhe gjithsej buxheti p\u00ebr paga parashihet t\u00eb jet\u00eb 805 milion\u00eb euro apo rreth 30% m\u00eb lart\u00eb se buxheti para pes\u00eb viteve\u201d, ka deklaruar Kurti.<\/p>\n<p>Nga 105 euro sa \u00ebsht\u00eb tani, koeficienti i pagave n\u00eb sektorin publik p\u00ebr vitin 2024 do t\u00eb jet\u00eb 110 euro.<\/p>\n<p>K\u00ebshtu ka th\u00ebn\u00eb dje kryeministri Albin Kurti, pasi \u00ebsht\u00eb miratuar buxheti p\u00ebr vitin e ardhsh\u00ebm i cili do t\u00eb jet\u00eb 3 miliard\u00eb e 314 milion\u00eb euro,<\/p>\n<p>\u201cP\u00ebr sektorin publik, kemi th\u00ebn\u00eb qysh n\u00eb fillim t\u00eb k\u00ebtij viti se koeficienti i pagave p\u00ebr vitin 2024 do t\u00eb jet\u00eb 110 euro, dhe k\u00ebt\u00eb po e realizojm\u00eb. Pra, po i rrisim pagat n\u00eb sektorin publik ashtu si\u00e7 kemi th\u00ebn\u00eb. T\u00eb gjitha p\u00ebrllogaritjet e buxhetit te kategoria e pagave jan\u00eb duke marr\u00eb p\u00ebr baz\u00eb edhe rritjen e koeficientit. Dhe, gjithsej buxheti p\u00ebr paga parashihet q\u00eb t\u00eb jet\u00eb 805 milion\u00eb euro, apo rreth 30% m\u00eb lart\u00eb sesa buxheti para 5 viteve\u201d, u shpreh Kurti n\u00eb mbledhjen e Qeveris\u00eb.<\/p>\n","protected":false},"excerpt":{"rendered":"<p>Me rritjen e koeficientit t\u00eb pagave nga 105 n\u00eb 110 euro p\u00ebr vitin 2024, presidentja e Kosov\u00ebs do t\u00eb paguhet 1 mij\u00eb e 980 euro, pra 90 euro m\u00eb shum\u00eb sesa \u00ebsht\u00eb paguar gjat\u00eb k\u00ebtij viti. Nga janari, kryeministri dhe kryetari i Kuvendit do t\u00eb marrin nga 1 mij\u00eb e 870 euro, apo 85 euro [&hellip;]<\/p>\n","protected":false},"author":2,"featured_media":34068,"comment_status":"closed","ping_status":"closed","sticky":false,"template":"","format":"standard","meta":{"_monsterinsights_skip_tracking":false,"_monsterinsights_sitenote_active":false,"_monsterinsights_sitenote_note":"","_monsterinsights_sitenote_category":0,"_uf_show_specific_survey":0,"_uf_disable_surveys":false,"footnotes":""},"categories":[1146,15],"tags":[2298],"yoast_head":"<!-- This site is optimized with the Yoast SEO plugin v21.5 - https:\/\/yoast.com\/wordpress\/plugins\/seo\/ -->\n<title>Kjo do t\u00eb jet\u00eb paga e presidentes, kryeministrit dhe kryeparlamentarit n\u00eb vitin 2024<\/title>\n<meta name=\"robots\" content=\"index, follow, max-snippet:-1, max-image-preview:large, max-video-preview:-1\" \/>\n<link rel=\"canonical\" href=\"https:\/\/permbledhja.com\/sq\/1kjo-do-te-jete-paga-e-presidentes-kryeministrit-dhe-kryeparlamentarit-ne-vitin-2024\/\" \/>\n<meta property=\"og:locale\" content=\"sq_AL\" \/>\n<meta property=\"og:type\" content=\"article\" \/>\n<meta property=\"og:title\" content=\"Kjo do t\u00eb jet\u00eb paga e presidentes, kryeministrit dhe kryeparlamentarit n\u00eb vitin 2024\" \/>\n<meta property=\"og:description\" content=\"Me rritjen e koeficientit t\u00eb pagave nga 105 n\u00eb 110 euro p\u00ebr vitin 2024, presidentja e Kosov\u00ebs do t\u00eb paguhet 1 mij\u00eb e 980 euro, pra 90 euro m\u00eb shum\u00eb sesa \u00ebsht\u00eb paguar gjat\u00eb k\u00ebtij viti. Nga janari, kryeministri dhe kryetari i Kuvendit do t\u00eb marrin nga 1 mij\u00eb e 870 euro, apo 85 euro [&hellip;]\" \/>\n<meta property=\"og:url\" content=\"https:\/\/permbledhja.com\/sq\/1kjo-do-te-jete-paga-e-presidentes-kryeministrit-dhe-kryeparlamentarit-ne-vitin-2024\/\" \/>\n<meta property=\"og:site_name\" content=\"Ve\u00e7 artikuj p\u00ebrmbledh\u00ebs\" \/>\n<meta property=\"article:publisher\" content=\"https:\/\/www.facebook.com\/press07\/\" \/>\n<meta property=\"article:published_time\" content=\"2023-11-01T07:11:26+00:00\" \/>\n<meta property=\"article:modified_time\" content=\"2023-11-01T07:43:33+00:00\" \/>\n<meta property=\"og:image\" content=\"https:\/\/permbledhja.com\/wp-content\/uploads\/2023\/11\/glauk-vjosa-albin.jpg\" \/>\n\t<meta property=\"og:image:width\" content=\"1202\" \/>\n\t<meta property=\"og:image:height\" content=\"694\" \/>\n\t<meta property=\"og:image:type\" content=\"image\/jpeg\" \/>\n<meta name=\"author\" content=\"M M\" \/>\n<meta name=\"twitter:card\" content=\"summary_large_image\" \/>\n<meta name=\"twitter:label1\" content=\"Written by\" \/>\n\t<meta name=\"twitter:data1\" content=\"M M\" \/>\n\t<meta name=\"twitter:label2\" content=\"Est. reading time\" \/>\n\t<meta name=\"twitter:data2\" content=\"2 minuta\" \/>\n<script type=\"application\/ld+json\" class=\"yoast-schema-graph\">{\"@context\":\"https:\/\/schema.org\",\"@graph\":[{\"@type\":\"Article\",\"@id\":\"https:\/\/permbledhja.com\/1kjo-do-te-jete-paga-e-presidentes-kryeministrit-dhe-kryeparlamentarit-ne-vitin-2024\/#article\",\"isPartOf\":{\"@id\":\"https:\/\/permbledhja.com\/1kjo-do-te-jete-paga-e-presidentes-kryeministrit-dhe-kryeparlamentarit-ne-vitin-2024\/\"},\"author\":{\"name\":\"M M\",\"@id\":\"https:\/\/permbledhja.com\/#\/schema\/person\/d23f13f59b5722643933d6780783acf3\"},\"headline\":\"Kjo do t\u00eb jet\u00eb paga e presidentes, kryeministrit dhe kryeparlamentarit n\u00eb vitin 2024\",\"datePublished\":\"2023-11-01T07:11:26+00:00\",\"dateModified\":\"2023-11-01T07:43:33+00:00\",\"mainEntityOfPage\":{\"@id\":\"https:\/\/permbledhja.com\/1kjo-do-te-jete-paga-e-presidentes-kryeministrit-dhe-kryeparlamentarit-ne-vitin-2024\/\"},\"wordCount\":351,\"publisher\":{\"@id\":\"https:\/\/permbledhja.com\/#organization\"},\"keywords\":[\"Presidentja\"],\"articleSection\":[\"Kryesoret\",\"Lajme\"],\"inLanguage\":\"sq\"},{\"@type\":\"WebPage\",\"@id\":\"https:\/\/permbledhja.com\/1kjo-do-te-jete-paga-e-presidentes-kryeministrit-dhe-kryeparlamentarit-ne-vitin-2024\/\",\"url\":\"https:\/\/permbledhja.com\/1kjo-do-te-jete-paga-e-presidentes-kryeministrit-dhe-kryeparlamentarit-ne-vitin-2024\/\",\"name\":\"Kjo do t\u00eb jet\u00eb paga e presidentes, kryeministrit dhe kryeparlamentarit n\u00eb vitin 2024\",\"isPartOf\":{\"@id\":\"https:\/\/permbledhja.com\/#website\"},\"datePublished\":\"2023-11-01T07:11:26+00:00\",\"dateModified\":\"2023-11-01T07:43:33+00:00\",\"breadcrumb\":{\"@id\":\"https:\/\/permbledhja.com\/1kjo-do-te-jete-paga-e-presidentes-kryeministrit-dhe-kryeparlamentarit-ne-vitin-2024\/#breadcrumb\"},\"inLanguage\":\"sq\",\"potentialAction\":[{\"@type\":\"ReadAction\",\"target\":[\"https:\/\/permbledhja.com\/1kjo-do-te-jete-paga-e-presidentes-kryeministrit-dhe-kryeparlamentarit-ne-vitin-2024\/\"]}]},{\"@type\":\"BreadcrumbList\",\"@id\":\"https:\/\/permbledhja.com\/1kjo-do-te-jete-paga-e-presidentes-kryeministrit-dhe-kryeparlamentarit-ne-vitin-2024\/#breadcrumb\",\"itemListElement\":[{\"@type\":\"ListItem\",\"position\":1,\"name\":\"Ballina\",\"item\":\"https:\/\/permbledhja.com\/sq\/\"},{\"@type\":\"ListItem\",\"position\":2,\"name\":\"Kjo do t\u00eb jet\u00eb paga e presidentes, kryeministrit dhe kryeparlamentarit n\u00eb vitin 2024\"}]},{\"@type\":\"WebSite\",\"@id\":\"https:\/\/permbledhja.com\/#website\",\"url\":\"https:\/\/permbledhja.com\/\",\"name\":\"Ve\u00e7 artikuj p\u00ebrmbledh\u00ebs\",\"description\":\"\",\"publisher\":{\"@id\":\"https:\/\/permbledhja.com\/#organization\"},\"potentialAction\":[{\"@type\":\"SearchAction\",\"target\":{\"@type\":\"EntryPoint\",\"urlTemplate\":\"https:\/\/permbledhja.com\/?s={search_term_string}\"},\"query-input\":\"required name=search_term_string\"}],\"inLanguage\":\"sq\"},{\"@type\":\"Organization\",\"@id\":\"https:\/\/permbledhja.com\/#organization\",\"name\":\"MK Media & Pr\",\"url\":\"https:\/\/permbledhja.com\/\",\"logo\":{\"@type\":\"ImageObject\",\"inLanguage\":\"sq\",\"@id\":\"https:\/\/permbledhja.com\/#\/schema\/logo\/image\/\",\"url\":\"https:\/\/permbledhja.com\/wp-content\/uploads\/2021\/12\/07-Press-Logo.jpg\",\"contentUrl\":\"https:\/\/permbledhja.com\/wp-content\/uploads\/2021\/12\/07-Press-Logo.jpg\",\"width\":512,\"height\":512,\"caption\":\"MK Media & Pr\"},\"image\":{\"@id\":\"https:\/\/permbledhja.com\/#\/schema\/logo\/image\/\"},\"sameAs\":[\"https:\/\/www.facebook.com\/press07\/\"]},{\"@type\":\"Person\",\"@id\":\"https:\/\/permbledhja.com\/#\/schema\/person\/d23f13f59b5722643933d6780783acf3\",\"name\":\"M M\",\"image\":{\"@type\":\"ImageObject\",\"inLanguage\":\"sq\",\"@id\":\"https:\/\/permbledhja.com\/#\/schema\/person\/image\/\",\"url\":\"https:\/\/secure.gravatar.com\/avatar\/e2835a76ca7c31a2416b2d51c4ec9a8f?s=96&d=mm&r=g\",\"contentUrl\":\"https:\/\/secure.gravatar.com\/avatar\/e2835a76ca7c31a2416b2d51c4ec9a8f?s=96&d=mm&r=g\",\"caption\":\"M M\"},\"sameAs\":[\"http:\/\/MM\"],\"url\":\"https:\/\/permbledhja.com\/sq\/author\/muhamet\/\"}]}<\/script>\n<!-- \/ Yoast SEO plugin. -->","yoast_head_json":{"title":"Kjo do t\u00eb jet\u00eb paga e presidentes, kryeministrit dhe kryeparlamentarit n\u00eb vitin 2024","robots":{"index":"index","follow":"follow","max-snippet":"max-snippet:-1","max-image-preview":"max-image-preview:large","max-video-preview":"max-video-preview:-1"},"canonical":"https:\/\/permbledhja.com\/sq\/1kjo-do-te-jete-paga-e-presidentes-kryeministrit-dhe-kryeparlamentarit-ne-vitin-2024\/","og_locale":"sq_AL","og_type":"article","og_title":"Kjo do t\u00eb jet\u00eb paga e presidentes, kryeministrit dhe kryeparlamentarit n\u00eb vitin 2024","og_description":"Me rritjen e koeficientit t\u00eb pagave nga 105 n\u00eb 110 euro p\u00ebr vitin 2024, presidentja e Kosov\u00ebs do t\u00eb paguhet 1 mij\u00eb e 980 euro, pra 90 euro m\u00eb shum\u00eb sesa \u00ebsht\u00eb paguar gjat\u00eb k\u00ebtij viti. Nga janari, kryeministri dhe kryetari i Kuvendit do t\u00eb marrin nga 1 mij\u00eb e 870 euro, apo 85 euro [&hellip;]","og_url":"https:\/\/permbledhja.com\/sq\/1kjo-do-te-jete-paga-e-presidentes-kryeministrit-dhe-kryeparlamentarit-ne-vitin-2024\/","og_site_name":"Ve\u00e7 artikuj p\u00ebrmbledh\u00ebs","article_publisher":"https:\/\/www.facebook.com\/press07\/","article_published_time":"2023-11-01T07:11:26+00:00","article_modified_time":"2023-11-01T07:43:33+00:00","og_image":[{"width":1202,"height":694,"url":"https:\/\/permbledhja.com\/wp-content\/uploads\/2023\/11\/glauk-vjosa-albin.jpg","type":"image\/jpeg"}],"author":"M M","twitter_card":"summary_large_image","twitter_misc":{"Written by":"M M","Est. reading time":"2 minuta"},"schema":{"@context":"https:\/\/schema.org","@graph":[{"@type":"Article","@id":"https:\/\/permbledhja.com\/1kjo-do-te-jete-paga-e-presidentes-kryeministrit-dhe-kryeparlamentarit-ne-vitin-2024\/#article","isPartOf":{"@id":"https:\/\/permbledhja.com\/1kjo-do-te-jete-paga-e-presidentes-kryeministrit-dhe-kryeparlamentarit-ne-vitin-2024\/"},"author":{"name":"M M","@id":"https:\/\/permbledhja.com\/#\/schema\/person\/d23f13f59b5722643933d6780783acf3"},"headline":"Kjo do t\u00eb jet\u00eb paga e presidentes, kryeministrit dhe kryeparlamentarit n\u00eb vitin 2024","datePublished":"2023-11-01T07:11:26+00:00","dateModified":"2023-11-01T07:43:33+00:00","mainEntityOfPage":{"@id":"https:\/\/permbledhja.com\/1kjo-do-te-jete-paga-e-presidentes-kryeministrit-dhe-kryeparlamentarit-ne-vitin-2024\/"},"wordCount":351,"publisher":{"@id":"https:\/\/permbledhja.com\/#organization"},"keywords":["Presidentja"],"articleSection":["Kryesoret","Lajme"],"inLanguage":"sq"},{"@type":"WebPage","@id":"https:\/\/permbledhja.com\/1kjo-do-te-jete-paga-e-presidentes-kryeministrit-dhe-kryeparlamentarit-ne-vitin-2024\/","url":"https:\/\/permbledhja.com\/1kjo-do-te-jete-paga-e-presidentes-kryeministrit-dhe-kryeparlamentarit-ne-vitin-2024\/","name":"Kjo do t\u00eb jet\u00eb paga e presidentes, kryeministrit dhe kryeparlamentarit n\u00eb vitin 2024","isPartOf":{"@id":"https:\/\/permbledhja.com\/#website"},"datePublished":"2023-11-01T07:11:26+00:00","dateModified":"2023-11-01T07:43:33+00:00","breadcrumb":{"@id":"https:\/\/permbledhja.com\/1kjo-do-te-jete-paga-e-presidentes-kryeministrit-dhe-kryeparlamentarit-ne-vitin-2024\/#breadcrumb"},"inLanguage":"sq","potentialAction":[{"@type":"ReadAction","target":["https:\/\/permbledhja.com\/1kjo-do-te-jete-paga-e-presidentes-kryeministrit-dhe-kryeparlamentarit-ne-vitin-2024\/"]}]},{"@type":"BreadcrumbList","@id":"https:\/\/permbledhja.com\/1kjo-do-te-jete-paga-e-presidentes-kryeministrit-dhe-kryeparlamentarit-ne-vitin-2024\/#breadcrumb","itemListElement":[{"@type":"ListItem","position":1,"name":"Ballina","item":"https:\/\/permbledhja.com\/sq\/"},{"@type":"ListItem","position":2,"name":"Kjo do t\u00eb jet\u00eb paga e presidentes, kryeministrit dhe kryeparlamentarit n\u00eb vitin 2024"}]},{"@type":"WebSite","@id":"https:\/\/permbledhja.com\/#website","url":"https:\/\/permbledhja.com\/","name":"Ve\u00e7 artikuj p\u00ebrmbledh\u00ebs","description":"","publisher":{"@id":"https:\/\/permbledhja.com\/#organization"},"potentialAction":[{"@type":"SearchAction","target":{"@type":"EntryPoint","urlTemplate":"https:\/\/permbledhja.com\/?s={search_term_string}"},"query-input":"required name=search_term_string"}],"inLanguage":"sq"},{"@type":"Organization","@id":"https:\/\/permbledhja.com\/#organization","name":"MK Media & Pr","url":"https:\/\/permbledhja.com\/","logo":{"@type":"ImageObject","inLanguage":"sq","@id":"https:\/\/permbledhja.com\/#\/schema\/logo\/image\/","url":"https:\/\/permbledhja.com\/wp-content\/uploads\/2021\/12\/07-Press-Logo.jpg","contentUrl":"https:\/\/permbledhja.com\/wp-content\/uploads\/2021\/12\/07-Press-Logo.jpg","width":512,"height":512,"caption":"MK Media & Pr"},"image":{"@id":"https:\/\/permbledhja.com\/#\/schema\/logo\/image\/"},"sameAs":["https:\/\/www.facebook.com\/press07\/"]},{"@type":"Person","@id":"https:\/\/permbledhja.com\/#\/schema\/person\/d23f13f59b5722643933d6780783acf3","name":"M M","image":{"@type":"ImageObject","inLanguage":"sq","@id":"https:\/\/permbledhja.com\/#\/schema\/person\/image\/","url":"https:\/\/secure.gravatar.com\/avatar\/e2835a76ca7c31a2416b2d51c4ec9a8f?s=96&d=mm&r=g","contentUrl":"https:\/\/secure.gravatar.com\/avatar\/e2835a76ca7c31a2416b2d51c4ec9a8f?s=96&d=mm&r=g","caption":"M M"},"sameAs":["http:\/\/MM"],"url":"https:\/\/permbledhja.com\/sq\/author\/muhamet\/"}]}},"_links":{"self":[{"href":"https:\/\/permbledhja.com\/sq\/wp-json\/wp\/v2\/posts\/34067"}],"collection":[{"href":"https:\/\/permbledhja.com\/sq\/wp-json\/wp\/v2\/posts"}],"about":[{"href":"https:\/\/permbledhja.com\/sq\/wp-json\/wp\/v2\/types\/post"}],"author":[{"embeddable":true,"href":"https:\/\/permbledhja.com\/sq\/wp-json\/wp\/v2\/users\/2"}],"replies":[{"embeddable":true,"href":"https:\/\/permbledhja.com\/sq\/wp-json\/wp\/v2\/comments?post=34067"}],"version-history":[{"count":2,"href":"https:\/\/permbledhja.com\/sq\/wp-json\/wp\/v2\/posts\/34067\/revisions"}],"predecessor-version":[{"id":34080,"href":"https:\/\/permbledhja.com\/sq\/wp-json\/wp\/v2\/posts\/34067\/revisions\/34080"}],"wp:featuredmedia":[{"embeddable":true,"href":"https:\/\/permbledhja.com\/sq\/wp-json\/wp\/v2\/media\/34068"}],"wp:attachment":[{"href":"https:\/\/permbledhja.com\/sq\/wp-json\/wp\/v2\/media?parent=34067"}],"wp:term":[{"taxonomy":"category","embeddable":true,"href":"https:\/\/permbledhja.com\/sq\/wp-json\/wp\/v2\/categories?post=34067"},{"taxonomy":"post_tag","embeddable":true,"href":"https:\/\/permbledhja.com\/sq\/wp-json\/wp\/v2\/tags?post=34067"}],"curies":[{"name":"wp","href":"https:\/\/api.w.org\/{rel}","templated":true}]}}