{"id":3405,"date":"2022-07-29T12:32:24","date_gmt":"2022-07-29T12:32:24","guid":{"rendered":"https:\/\/permbledhja.com\/?p=3405"},"modified":"2022-07-29T12:32:24","modified_gmt":"2022-07-29T12:32:24","slug":"shkendija-po-shkelqen-ne-evrope-trajneri-shaqiri-besojme-tek-kualifikimi-ne-grupet-e-conference-league","status":"publish","type":"post","link":"https:\/\/permbledhja.com\/sq\/shkendija-po-shkelqen-ne-evrope-trajneri-shaqiri-besojme-tek-kualifikimi-ne-grupet-e-conference-league\/","title":{"rendered":"Shk\u00ebndija po shk\u00eblqen n\u00eb Evrop\u00eb, trajneri Shaqiri: Besojm\u00eb tek kualifikimi n\u00eb grupet e Conference League"},"content":{"rendered":"<p><strong>Shk\u00ebndija ka triumfuar 3-1 ndaj leton\u00ebve t\u00eb Valmier\u00ebs dhe duke avancuar n\u00eb raundin e tret\u00eb eliminator t\u00eb Conference League.Rezultati nga t\u00eb dy ndeshjet ishte 5 me 2, atje ku n\u00eb raundin tjet\u00ebr do t\u00eb p\u00ebrballet me suedez\u00ebt e AIK-ut.<\/strong><\/p>\n<p>Bejtullai, Doriev dhe Ramadani sh\u00ebnuan p\u00ebr kuqezinjt\u00eb, q\u00eb vijojn\u00eb t\u00eb konfirmohen nj\u00eb kock\u00eb e fort\u00eb n\u00eb Evrop\u00eb, teksa bashk\u00eb me Shkupin e Ballkanin, do t\u00eb jen\u00eb skuadrat e vetme shqiptare q\u00eb do t\u00eb vijojn\u00eb aventur\u00ebn europiane.<\/p>\n<p>Skuadra e AIK \u00ebsht\u00eb nj\u00eb skuad\u00ebr shum\u00eb e v\u00ebshtir\u00eb p\u00ebr t\u2019u kaluar, por q\u00eb skuadra shqiptare do t\u00eb k\u00ebrkoj\u00eb befasin\u00eb e madhe.<\/p>\n<p>https:\/\/permbledhja.com\/skandal-ne-serie-a-trajneri-dhe-drejtori-sportiv-i-torinos-kacafyten-mes-vete-video\/<\/p>\n<p>Trajneri i Shk\u00ebndij\u00ebs, Artim Shaqiri \u00ebsht\u00eb prononcuar p\u00ebr \u2018GazetaBlic Sport\u2019, ku tha se sot favorit\u00ebt jan\u00eb vet\u00ebm n\u00eb let\u00ebr, sepse loj\u00ebn e fiton ai q\u00eb tregon paraqitje m\u00eb t\u00eb mir\u00eb n\u00eb fush\u00eb.<\/p>\n<p>\u201c<em>Sot favorit\u00ebt jan\u00eb vet\u00ebm n\u00eb let\u00ebr, n\u00eb fush\u00eb \u00ebsht\u00eb 11 kund\u00ebr 11 dhe kush \u00ebsht\u00eb m\u00eb i miri dhe m\u00eb me fat, fiton ndeshjen. Do t\u00eb b\u00ebjm\u00eb maksimumin p\u00ebr t\u00eb kaluar edhe k\u00ebt\u00eb faz\u00eb, por nga nes\u00ebr do t\u00eb fillojm\u00eb t\u00eb analizojm\u00eb kund\u00ebrshtarin<\/em>\u201c, tha fillimisht Shaqiri.<\/p>\n<p>M\u00eb pas, ai foli edhe p\u00ebr mund\u00ebsin\u00eb q\u00eb skuadra t\u00eb kualifikohet n\u00eb grupet e Conference League, duke pasur besim t\u00eb plot\u00eb q\u00eb kjo gj\u00eb mund t\u00eb arrihet.<\/p>\n<p>https:\/\/permbledhja.com\/volejbollistes-kosovare-qe-luan-ne-gjermani-i-del-nje-problem-ne-drenas-se-lene-te-ushtroje-per-shkak-te-veshjes-se-ngushte\/<\/p>\n<p><em>\u201cShk\u00ebndija ka qen\u00eb shum\u00eb af\u00ebr sigurimit t\u00eb grupeve edhe m\u00eb her\u00ebt n\u00eb Evrop\u00eb, por nuk ia dol\u00ebm. Besoj se kemi mund\u00ebsi t\u00eb arrijm\u00eb n\u00eb grupet e Conference League, por duhet t\u00eb mendojm\u00eb ndeshje pas ndeshje\u201d<\/em>, p\u00ebrfundoi Shaqiri.<\/p>\n","protected":false},"excerpt":{"rendered":"<p>Shk\u00ebndija ka triumfuar 3-1 ndaj leton\u00ebve t\u00eb Valmier\u00ebs dhe duke avancuar n\u00eb raundin e tret\u00eb eliminator t\u00eb Conference League.Rezultati nga t\u00eb dy ndeshjet ishte 5 me 2, atje ku n\u00eb raundin tjet\u00ebr do t\u00eb p\u00ebrballet me suedez\u00ebt e AIK-ut. Bejtullai, Doriev dhe Ramadani sh\u00ebnuan p\u00ebr kuqezinjt\u00eb, q\u00eb vijojn\u00eb t\u00eb konfirmohen nj\u00eb kock\u00eb e fort\u00eb n\u00eb [&hellip;]<\/p>\n","protected":false},"author":1,"featured_media":3406,"comment_status":"closed","ping_status":"closed","sticky":false,"template":"","format":"standard","meta":{"_monsterinsights_skip_tracking":false,"_monsterinsights_sitenote_active":false,"_monsterinsights_sitenote_note":"","_monsterinsights_sitenote_category":0,"_uf_show_specific_survey":0,"_uf_disable_surveys":false,"footnotes":""},"categories":[6],"tags":[281],"yoast_head":"<!-- This site is optimized with the Yoast SEO plugin v21.5 - https:\/\/yoast.com\/wordpress\/plugins\/seo\/ -->\n<title>Shk\u00ebndija po shk\u00eblqen n\u00eb Evrop\u00eb, trajneri Shaqiri: Besojm\u00eb tek kualifikimi n\u00eb grupet e Conference League<\/title>\n<meta name=\"robots\" content=\"index, follow, max-snippet:-1, max-image-preview:large, max-video-preview:-1\" \/>\n<link rel=\"canonical\" href=\"https:\/\/permbledhja.com\/sq\/shkendija-po-shkelqen-ne-evrope-trajneri-shaqiri-besojme-tek-kualifikimi-ne-grupet-e-conference-league\/\" \/>\n<meta property=\"og:locale\" content=\"sq_AL\" \/>\n<meta property=\"og:type\" content=\"article\" \/>\n<meta property=\"og:title\" content=\"Shk\u00ebndija po shk\u00eblqen n\u00eb Evrop\u00eb, trajneri Shaqiri: Besojm\u00eb tek kualifikimi n\u00eb grupet e Conference League\" \/>\n<meta property=\"og:description\" content=\"Shk\u00ebndija ka triumfuar 3-1 ndaj leton\u00ebve t\u00eb Valmier\u00ebs dhe duke avancuar n\u00eb raundin e tret\u00eb eliminator t\u00eb Conference League.Rezultati nga t\u00eb dy ndeshjet ishte 5 me 2, atje ku n\u00eb raundin tjet\u00ebr do t\u00eb p\u00ebrballet me suedez\u00ebt e AIK-ut. Bejtullai, Doriev dhe Ramadani sh\u00ebnuan p\u00ebr kuqezinjt\u00eb, q\u00eb vijojn\u00eb t\u00eb konfirmohen nj\u00eb kock\u00eb e fort\u00eb n\u00eb [&hellip;]\" \/>\n<meta property=\"og:url\" content=\"https:\/\/permbledhja.com\/sq\/shkendija-po-shkelqen-ne-evrope-trajneri-shaqiri-besojme-tek-kualifikimi-ne-grupet-e-conference-league\/\" \/>\n<meta property=\"og:site_name\" content=\"Ve\u00e7 artikuj p\u00ebrmbledh\u00ebs\" \/>\n<meta property=\"article:publisher\" content=\"https:\/\/www.facebook.com\/press07\/\" \/>\n<meta property=\"article:author\" content=\"https:\/\/www.facebook.com\/kafexhiu.muharrem\/\" \/>\n<meta property=\"article:published_time\" content=\"2022-07-29T12:32:24+00:00\" \/>\n<meta property=\"og:image\" content=\"https:\/\/permbledhja.com\/wp-content\/uploads\/2022\/07\/Untitled-design-30-1024x576.png\" \/>\n\t<meta property=\"og:image:width\" content=\"1024\" \/>\n\t<meta property=\"og:image:height\" content=\"576\" \/>\n\t<meta property=\"og:image:type\" content=\"image\/png\" \/>\n<meta name=\"author\" content=\"P\u00ebrmbledhja\" \/>\n<meta name=\"twitter:card\" content=\"summary_large_image\" \/>\n<meta name=\"twitter:label1\" content=\"Written by\" \/>\n\t<meta name=\"twitter:data1\" content=\"P\u00ebrmbledhja\" \/>\n\t<meta name=\"twitter:label2\" content=\"Est. reading time\" \/>\n\t<meta name=\"twitter:data2\" content=\"1 minut\u00eb\" \/>\n<script type=\"application\/ld+json\" class=\"yoast-schema-graph\">{\"@context\":\"https:\/\/schema.org\",\"@graph\":[{\"@type\":\"Article\",\"@id\":\"https:\/\/permbledhja.com\/shkendija-po-shkelqen-ne-evrope-trajneri-shaqiri-besojme-tek-kualifikimi-ne-grupet-e-conference-league\/#article\",\"isPartOf\":{\"@id\":\"https:\/\/permbledhja.com\/shkendija-po-shkelqen-ne-evrope-trajneri-shaqiri-besojme-tek-kualifikimi-ne-grupet-e-conference-league\/\"},\"author\":{\"name\":\"P\u00ebrmbledhja\",\"@id\":\"https:\/\/permbledhja.com\/#\/schema\/person\/0d064377258d3221e50693947b9eb4fe\"},\"headline\":\"Shk\u00ebndija po shk\u00eblqen n\u00eb Evrop\u00eb, trajneri Shaqiri: Besojm\u00eb tek kualifikimi n\u00eb grupet e Conference League\",\"datePublished\":\"2022-07-29T12:32:24+00:00\",\"dateModified\":\"2022-07-29T12:32:24+00:00\",\"mainEntityOfPage\":{\"@id\":\"https:\/\/permbledhja.com\/shkendija-po-shkelqen-ne-evrope-trajneri-shaqiri-besojme-tek-kualifikimi-ne-grupet-e-conference-league\/\"},\"wordCount\":299,\"publisher\":{\"@id\":\"https:\/\/permbledhja.com\/#organization\"},\"keywords\":[\"Shk\u00ebndija\"],\"articleSection\":[\"Sport\"],\"inLanguage\":\"sq\"},{\"@type\":\"WebPage\",\"@id\":\"https:\/\/permbledhja.com\/shkendija-po-shkelqen-ne-evrope-trajneri-shaqiri-besojme-tek-kualifikimi-ne-grupet-e-conference-league\/\",\"url\":\"https:\/\/permbledhja.com\/shkendija-po-shkelqen-ne-evrope-trajneri-shaqiri-besojme-tek-kualifikimi-ne-grupet-e-conference-league\/\",\"name\":\"Shk\u00ebndija po shk\u00eblqen n\u00eb Evrop\u00eb, trajneri Shaqiri: Besojm\u00eb tek kualifikimi n\u00eb grupet e Conference League\",\"isPartOf\":{\"@id\":\"https:\/\/permbledhja.com\/#website\"},\"datePublished\":\"2022-07-29T12:32:24+00:00\",\"dateModified\":\"2022-07-29T12:32:24+00:00\",\"breadcrumb\":{\"@id\":\"https:\/\/permbledhja.com\/shkendija-po-shkelqen-ne-evrope-trajneri-shaqiri-besojme-tek-kualifikimi-ne-grupet-e-conference-league\/#breadcrumb\"},\"inLanguage\":\"sq\",\"potentialAction\":[{\"@type\":\"ReadAction\",\"target\":[\"https:\/\/permbledhja.com\/shkendija-po-shkelqen-ne-evrope-trajneri-shaqiri-besojme-tek-kualifikimi-ne-grupet-e-conference-league\/\"]}]},{\"@type\":\"BreadcrumbList\",\"@id\":\"https:\/\/permbledhja.com\/shkendija-po-shkelqen-ne-evrope-trajneri-shaqiri-besojme-tek-kualifikimi-ne-grupet-e-conference-league\/#breadcrumb\",\"itemListElement\":[{\"@type\":\"ListItem\",\"position\":1,\"name\":\"Ballina\",\"item\":\"https:\/\/permbledhja.com\/sq\/\"},{\"@type\":\"ListItem\",\"position\":2,\"name\":\"Shk\u00ebndija po shk\u00eblqen n\u00eb Evrop\u00eb, trajneri Shaqiri: Besojm\u00eb tek kualifikimi n\u00eb grupet e Conference League\"}]},{\"@type\":\"WebSite\",\"@id\":\"https:\/\/permbledhja.com\/#website\",\"url\":\"https:\/\/permbledhja.com\/\",\"name\":\"Ve\u00e7 artikuj p\u00ebrmbledh\u00ebs\",\"description\":\"\",\"publisher\":{\"@id\":\"https:\/\/permbledhja.com\/#organization\"},\"potentialAction\":[{\"@type\":\"SearchAction\",\"target\":{\"@type\":\"EntryPoint\",\"urlTemplate\":\"https:\/\/permbledhja.com\/?s={search_term_string}\"},\"query-input\":\"required name=search_term_string\"}],\"inLanguage\":\"sq\"},{\"@type\":\"Organization\",\"@id\":\"https:\/\/permbledhja.com\/#organization\",\"name\":\"MK Media & Pr\",\"url\":\"https:\/\/permbledhja.com\/\",\"logo\":{\"@type\":\"ImageObject\",\"inLanguage\":\"sq\",\"@id\":\"https:\/\/permbledhja.com\/#\/schema\/logo\/image\/\",\"url\":\"https:\/\/permbledhja.com\/wp-content\/uploads\/2021\/12\/07-Press-Logo.jpg\",\"contentUrl\":\"https:\/\/permbledhja.com\/wp-content\/uploads\/2021\/12\/07-Press-Logo.jpg\",\"width\":512,\"height\":512,\"caption\":\"MK Media & Pr\"},\"image\":{\"@id\":\"https:\/\/permbledhja.com\/#\/schema\/logo\/image\/\"},\"sameAs\":[\"https:\/\/www.facebook.com\/press07\/\"]},{\"@type\":\"Person\",\"@id\":\"https:\/\/permbledhja.com\/#\/schema\/person\/0d064377258d3221e50693947b9eb4fe\",\"name\":\"P\u00ebrmbledhja\",\"image\":{\"@type\":\"ImageObject\",\"inLanguage\":\"sq\",\"@id\":\"https:\/\/permbledhja.com\/#\/schema\/person\/image\/\",\"url\":\"https:\/\/permbledhja.com\/wp-content\/uploads\/2026\/01\/452004717_1040944174702970_8932037511805513407_n-96x96.jpg\",\"contentUrl\":\"https:\/\/permbledhja.com\/wp-content\/uploads\/2026\/01\/452004717_1040944174702970_8932037511805513407_n-96x96.jpg\",\"caption\":\"P\u00ebrmbledhja\"},\"sameAs\":[\"https:\/\/www.facebook.com\/kafexhiu.muharrem\/\",\"https:\/\/www.instagram.com\/muharrem_kafexhiu\/\"],\"url\":\"https:\/\/permbledhja.com\/sq\/author\/admin\/\"}]}<\/script>\n<!-- \/ Yoast SEO plugin. -->","yoast_head_json":{"title":"Shk\u00ebndija po shk\u00eblqen n\u00eb Evrop\u00eb, trajneri Shaqiri: Besojm\u00eb tek kualifikimi n\u00eb grupet e Conference League","robots":{"index":"index","follow":"follow","max-snippet":"max-snippet:-1","max-image-preview":"max-image-preview:large","max-video-preview":"max-video-preview:-1"},"canonical":"https:\/\/permbledhja.com\/sq\/shkendija-po-shkelqen-ne-evrope-trajneri-shaqiri-besojme-tek-kualifikimi-ne-grupet-e-conference-league\/","og_locale":"sq_AL","og_type":"article","og_title":"Shk\u00ebndija po shk\u00eblqen n\u00eb Evrop\u00eb, trajneri Shaqiri: Besojm\u00eb tek kualifikimi n\u00eb grupet e Conference League","og_description":"Shk\u00ebndija ka triumfuar 3-1 ndaj leton\u00ebve t\u00eb Valmier\u00ebs dhe duke avancuar n\u00eb raundin e tret\u00eb eliminator t\u00eb Conference League.Rezultati nga t\u00eb dy ndeshjet ishte 5 me 2, atje ku n\u00eb raundin tjet\u00ebr do t\u00eb p\u00ebrballet me suedez\u00ebt e AIK-ut. Bejtullai, Doriev dhe Ramadani sh\u00ebnuan p\u00ebr kuqezinjt\u00eb, q\u00eb vijojn\u00eb t\u00eb konfirmohen nj\u00eb kock\u00eb e fort\u00eb n\u00eb [&hellip;]","og_url":"https:\/\/permbledhja.com\/sq\/shkendija-po-shkelqen-ne-evrope-trajneri-shaqiri-besojme-tek-kualifikimi-ne-grupet-e-conference-league\/","og_site_name":"Ve\u00e7 artikuj p\u00ebrmbledh\u00ebs","article_publisher":"https:\/\/www.facebook.com\/press07\/","article_author":"https:\/\/www.facebook.com\/kafexhiu.muharrem\/","article_published_time":"2022-07-29T12:32:24+00:00","og_image":[{"width":1024,"height":576,"url":"https:\/\/permbledhja.com\/wp-content\/uploads\/2022\/07\/Untitled-design-30-1024x576.png","type":"image\/png"}],"author":"P\u00ebrmbledhja","twitter_card":"summary_large_image","twitter_misc":{"Written by":"P\u00ebrmbledhja","Est. reading time":"1 minut\u00eb"},"schema":{"@context":"https:\/\/schema.org","@graph":[{"@type":"Article","@id":"https:\/\/permbledhja.com\/shkendija-po-shkelqen-ne-evrope-trajneri-shaqiri-besojme-tek-kualifikimi-ne-grupet-e-conference-league\/#article","isPartOf":{"@id":"https:\/\/permbledhja.com\/shkendija-po-shkelqen-ne-evrope-trajneri-shaqiri-besojme-tek-kualifikimi-ne-grupet-e-conference-league\/"},"author":{"name":"P\u00ebrmbledhja","@id":"https:\/\/permbledhja.com\/#\/schema\/person\/0d064377258d3221e50693947b9eb4fe"},"headline":"Shk\u00ebndija po shk\u00eblqen n\u00eb Evrop\u00eb, trajneri Shaqiri: Besojm\u00eb tek kualifikimi n\u00eb grupet e Conference League","datePublished":"2022-07-29T12:32:24+00:00","dateModified":"2022-07-29T12:32:24+00:00","mainEntityOfPage":{"@id":"https:\/\/permbledhja.com\/shkendija-po-shkelqen-ne-evrope-trajneri-shaqiri-besojme-tek-kualifikimi-ne-grupet-e-conference-league\/"},"wordCount":299,"publisher":{"@id":"https:\/\/permbledhja.com\/#organization"},"keywords":["Shk\u00ebndija"],"articleSection":["Sport"],"inLanguage":"sq"},{"@type":"WebPage","@id":"https:\/\/permbledhja.com\/shkendija-po-shkelqen-ne-evrope-trajneri-shaqiri-besojme-tek-kualifikimi-ne-grupet-e-conference-league\/","url":"https:\/\/permbledhja.com\/shkendija-po-shkelqen-ne-evrope-trajneri-shaqiri-besojme-tek-kualifikimi-ne-grupet-e-conference-league\/","name":"Shk\u00ebndija po shk\u00eblqen n\u00eb Evrop\u00eb, trajneri Shaqiri: Besojm\u00eb tek kualifikimi n\u00eb grupet e Conference League","isPartOf":{"@id":"https:\/\/permbledhja.com\/#website"},"datePublished":"2022-07-29T12:32:24+00:00","dateModified":"2022-07-29T12:32:24+00:00","breadcrumb":{"@id":"https:\/\/permbledhja.com\/shkendija-po-shkelqen-ne-evrope-trajneri-shaqiri-besojme-tek-kualifikimi-ne-grupet-e-conference-league\/#breadcrumb"},"inLanguage":"sq","potentialAction":[{"@type":"ReadAction","target":["https:\/\/permbledhja.com\/shkendija-po-shkelqen-ne-evrope-trajneri-shaqiri-besojme-tek-kualifikimi-ne-grupet-e-conference-league\/"]}]},{"@type":"BreadcrumbList","@id":"https:\/\/permbledhja.com\/shkendija-po-shkelqen-ne-evrope-trajneri-shaqiri-besojme-tek-kualifikimi-ne-grupet-e-conference-league\/#breadcrumb","itemListElement":[{"@type":"ListItem","position":1,"name":"Ballina","item":"https:\/\/permbledhja.com\/sq\/"},{"@type":"ListItem","position":2,"name":"Shk\u00ebndija po shk\u00eblqen n\u00eb Evrop\u00eb, trajneri Shaqiri: Besojm\u00eb tek kualifikimi n\u00eb grupet e Conference League"}]},{"@type":"WebSite","@id":"https:\/\/permbledhja.com\/#website","url":"https:\/\/permbledhja.com\/","name":"Ve\u00e7 artikuj p\u00ebrmbledh\u00ebs","description":"","publisher":{"@id":"https:\/\/permbledhja.com\/#organization"},"potentialAction":[{"@type":"SearchAction","target":{"@type":"EntryPoint","urlTemplate":"https:\/\/permbledhja.com\/?s={search_term_string}"},"query-input":"required name=search_term_string"}],"inLanguage":"sq"},{"@type":"Organization","@id":"https:\/\/permbledhja.com\/#organization","name":"MK Media & Pr","url":"https:\/\/permbledhja.com\/","logo":{"@type":"ImageObject","inLanguage":"sq","@id":"https:\/\/permbledhja.com\/#\/schema\/logo\/image\/","url":"https:\/\/permbledhja.com\/wp-content\/uploads\/2021\/12\/07-Press-Logo.jpg","contentUrl":"https:\/\/permbledhja.com\/wp-content\/uploads\/2021\/12\/07-Press-Logo.jpg","width":512,"height":512,"caption":"MK Media & Pr"},"image":{"@id":"https:\/\/permbledhja.com\/#\/schema\/logo\/image\/"},"sameAs":["https:\/\/www.facebook.com\/press07\/"]},{"@type":"Person","@id":"https:\/\/permbledhja.com\/#\/schema\/person\/0d064377258d3221e50693947b9eb4fe","name":"P\u00ebrmbledhja","image":{"@type":"ImageObject","inLanguage":"sq","@id":"https:\/\/permbledhja.com\/#\/schema\/person\/image\/","url":"https:\/\/permbledhja.com\/wp-content\/uploads\/2026\/01\/452004717_1040944174702970_8932037511805513407_n-96x96.jpg","contentUrl":"https:\/\/permbledhja.com\/wp-content\/uploads\/2026\/01\/452004717_1040944174702970_8932037511805513407_n-96x96.jpg","caption":"P\u00ebrmbledhja"},"sameAs":["https:\/\/www.facebook.com\/kafexhiu.muharrem\/","https:\/\/www.instagram.com\/muharrem_kafexhiu\/"],"url":"https:\/\/permbledhja.com\/sq\/author\/admin\/"}]}},"_links":{"self":[{"href":"https:\/\/permbledhja.com\/sq\/wp-json\/wp\/v2\/posts\/3405"}],"collection":[{"href":"https:\/\/permbledhja.com\/sq\/wp-json\/wp\/v2\/posts"}],"about":[{"href":"https:\/\/permbledhja.com\/sq\/wp-json\/wp\/v2\/types\/post"}],"author":[{"embeddable":true,"href":"https:\/\/permbledhja.com\/sq\/wp-json\/wp\/v2\/users\/1"}],"replies":[{"embeddable":true,"href":"https:\/\/permbledhja.com\/sq\/wp-json\/wp\/v2\/comments?post=3405"}],"version-history":[{"count":1,"href":"https:\/\/permbledhja.com\/sq\/wp-json\/wp\/v2\/posts\/3405\/revisions"}],"predecessor-version":[{"id":3407,"href":"https:\/\/permbledhja.com\/sq\/wp-json\/wp\/v2\/posts\/3405\/revisions\/3407"}],"wp:featuredmedia":[{"embeddable":true,"href":"https:\/\/permbledhja.com\/sq\/wp-json\/wp\/v2\/media\/3406"}],"wp:attachment":[{"href":"https:\/\/permbledhja.com\/sq\/wp-json\/wp\/v2\/media?parent=3405"}],"wp:term":[{"taxonomy":"category","embeddable":true,"href":"https:\/\/permbledhja.com\/sq\/wp-json\/wp\/v2\/categories?post=3405"},{"taxonomy":"post_tag","embeddable":true,"href":"https:\/\/permbledhja.com\/sq\/wp-json\/wp\/v2\/tags?post=3405"}],"curies":[{"name":"wp","href":"https:\/\/api.w.org\/{rel}","templated":true}]}}