{"id":33805,"date":"2023-10-30T14:52:34","date_gmt":"2023-10-30T14:52:34","guid":{"rendered":"https:\/\/permbledhja.com\/?p=33805"},"modified":"2023-10-30T14:52:34","modified_gmt":"2023-10-30T14:52:34","slug":"aktakuze-ndaj-besnik-bislimit-dhe-mergim-lushtakut-per-perleshjen-ne-seancen-e-13-korrikut","status":"publish","type":"post","link":"https:\/\/permbledhja.com\/sq\/aktakuze-ndaj-besnik-bislimit-dhe-mergim-lushtakut-per-perleshjen-ne-seancen-e-13-korrikut\/","title":{"rendered":"Aktakuz\u00eb ndaj Besnik Bislimit dhe M\u00ebrgim Lushtakut p\u00ebr p\u00ebrleshjen n\u00eb seanc\u00ebn e 13 korrikut"},"content":{"rendered":"<h3>Prokuroria Themelore e Prishtin\u00ebs ka ngritur aktakuz\u00eb ndaj z\u00ebvend\u00ebskryeministrit t\u00eb Kosov\u00ebs Besnik Bislimi dhe deputetit t\u00eb Partis\u00eb Demokratike t\u00eb Kosov\u00ebs M\u00ebrgim Lushtaku.<\/h3>\n<p>P\u00ebrve\u00e7 tyre, aktakuz\u00eb ka edhe p\u00ebr dy deputet\u00ebt e tjer\u00eb t\u00eb PDK-s\u00eb Hajdar Beqa dhe Bekim Haxhiu.<\/p>\n<p>Ata akuzohen se kan\u00eb marr\u00eb pjes\u00eb n\u00eb nj\u00eb p\u00ebrleshje gjat\u00eb seanc\u00ebn s\u00eb Kuvendit t\u00eb Kosov\u00ebs t\u00eb mbajtur m\u00eb 13 korrik 2023.<\/p>\n<p>\u201cSipas aktakuz\u00ebs, t\u00eb pandehurit B.B., M.L., H.B., ngarkohen p\u00ebr vepr\u00ebn penale \u201cSulmi\u201d, nd\u00ebrsa i pandehuri H.B., gjithashtu ngarkohet me vepr\u00ebn penale \u201cAsgj\u00ebsimi apo d\u00ebmtimi i pasuris\u00eb\u201d. Po ashtu, n\u00eb k\u00ebt\u00eb \u00e7\u00ebshtje penale p\u00ebr t\u00eb pandehurin B.H., ekziston dyshimi i bazuar mir\u00eb se ka kryer vepr\u00ebn penale \u201cL\u00ebndimi i leht\u00eb trupor\u201d. Prokurori i Shtetit me rastin e ngritjes s\u00eb aktakuz\u00ebs i ka propozuar Gjykat\u00ebs q\u00eb t\u00eb pandehurit t\u00eb shpallen fajtor\u00eb dhe t\u00eb d\u00ebnohen sipas ligjit p\u00ebr veprat penale t\u00eb cilat iu vihen n\u00eb barr\u00eb\u201d, thuhet n\u00eb njoftimin e organit t\u00eb akuz\u00ebs p\u00ebrcjell Klankosova.tv<\/p>\n","protected":false},"excerpt":{"rendered":"<p>Prokuroria Themelore e Prishtin\u00ebs ka ngritur aktakuz\u00eb ndaj z\u00ebvend\u00ebskryeministrit t\u00eb Kosov\u00ebs Besnik Bislimi dhe deputetit t\u00eb Partis\u00eb Demokratike t\u00eb Kosov\u00ebs M\u00ebrgim Lushtaku. P\u00ebrve\u00e7 tyre, aktakuz\u00eb ka edhe p\u00ebr dy deputet\u00ebt e tjer\u00eb t\u00eb PDK-s\u00eb Hajdar Beqa dhe Bekim Haxhiu. Ata akuzohen se kan\u00eb marr\u00eb pjes\u00eb n\u00eb nj\u00eb p\u00ebrleshje gjat\u00eb seanc\u00ebn s\u00eb Kuvendit t\u00eb Kosov\u00ebs t\u00eb [&hellip;]<\/p>\n","protected":false},"author":2,"featured_media":33806,"comment_status":"closed","ping_status":"closed","sticky":false,"template":"","format":"standard","meta":{"_monsterinsights_skip_tracking":false,"_monsterinsights_sitenote_active":false,"_monsterinsights_sitenote_note":"","_monsterinsights_sitenote_category":0,"_uf_show_specific_survey":0,"_uf_disable_surveys":false,"footnotes":""},"categories":[23,15],"tags":[],"yoast_head":"<!-- This site is optimized with the Yoast SEO plugin v21.5 - https:\/\/yoast.com\/wordpress\/plugins\/seo\/ -->\n<title>Aktakuz\u00eb ndaj Besnik Bislimit dhe M\u00ebrgim Lushtakut p\u00ebr p\u00ebrleshjen n\u00eb seanc\u00ebn e 13 korrikut<\/title>\n<meta name=\"robots\" content=\"index, follow, max-snippet:-1, max-image-preview:large, max-video-preview:-1\" \/>\n<link rel=\"canonical\" href=\"https:\/\/permbledhja.com\/sq\/aktakuze-ndaj-besnik-bislimit-dhe-mergim-lushtakut-per-perleshjen-ne-seancen-e-13-korrikut\/\" \/>\n<meta property=\"og:locale\" content=\"sq_AL\" \/>\n<meta property=\"og:type\" content=\"article\" \/>\n<meta property=\"og:title\" content=\"Aktakuz\u00eb ndaj Besnik Bislimit dhe M\u00ebrgim Lushtakut p\u00ebr p\u00ebrleshjen n\u00eb seanc\u00ebn e 13 korrikut\" \/>\n<meta property=\"og:description\" content=\"Prokuroria Themelore e Prishtin\u00ebs ka ngritur aktakuz\u00eb ndaj z\u00ebvend\u00ebskryeministrit t\u00eb Kosov\u00ebs Besnik Bislimi dhe deputetit t\u00eb Partis\u00eb Demokratike t\u00eb Kosov\u00ebs M\u00ebrgim Lushtaku. P\u00ebrve\u00e7 tyre, aktakuz\u00eb ka edhe p\u00ebr dy deputet\u00ebt e tjer\u00eb t\u00eb PDK-s\u00eb Hajdar Beqa dhe Bekim Haxhiu. Ata akuzohen se kan\u00eb marr\u00eb pjes\u00eb n\u00eb nj\u00eb p\u00ebrleshje gjat\u00eb seanc\u00ebn s\u00eb Kuvendit t\u00eb Kosov\u00ebs t\u00eb [&hellip;]\" \/>\n<meta property=\"og:url\" content=\"https:\/\/permbledhja.com\/sq\/aktakuze-ndaj-besnik-bislimit-dhe-mergim-lushtakut-per-perleshjen-ne-seancen-e-13-korrikut\/\" \/>\n<meta property=\"og:site_name\" content=\"Ve\u00e7 artikuj p\u00ebrmbledh\u00ebs\" \/>\n<meta property=\"article:publisher\" content=\"https:\/\/www.facebook.com\/press07\/\" \/>\n<meta property=\"article:published_time\" content=\"2023-10-30T14:52:34+00:00\" \/>\n<meta property=\"og:image\" content=\"https:\/\/permbledhja.com\/wp-content\/uploads\/2023\/10\/rrahje-ne-kuvend.jpg\" \/>\n\t<meta property=\"og:image:width\" content=\"2048\" \/>\n\t<meta property=\"og:image:height\" content=\"1152\" \/>\n\t<meta property=\"og:image:type\" content=\"image\/jpeg\" \/>\n<meta name=\"author\" content=\"M M\" \/>\n<meta name=\"twitter:card\" content=\"summary_large_image\" \/>\n<meta name=\"twitter:label1\" content=\"Written by\" \/>\n\t<meta name=\"twitter:data1\" content=\"M M\" \/>\n\t<meta name=\"twitter:label2\" content=\"Est. reading time\" \/>\n\t<meta name=\"twitter:data2\" content=\"1 minut\u00eb\" \/>\n<script type=\"application\/ld+json\" class=\"yoast-schema-graph\">{\"@context\":\"https:\/\/schema.org\",\"@graph\":[{\"@type\":\"Article\",\"@id\":\"https:\/\/permbledhja.com\/aktakuze-ndaj-besnik-bislimit-dhe-mergim-lushtakut-per-perleshjen-ne-seancen-e-13-korrikut\/#article\",\"isPartOf\":{\"@id\":\"https:\/\/permbledhja.com\/aktakuze-ndaj-besnik-bislimit-dhe-mergim-lushtakut-per-perleshjen-ne-seancen-e-13-korrikut\/\"},\"author\":{\"name\":\"M M\",\"@id\":\"https:\/\/permbledhja.com\/#\/schema\/person\/d23f13f59b5722643933d6780783acf3\"},\"headline\":\"Aktakuz\u00eb ndaj Besnik Bislimit dhe M\u00ebrgim Lushtakut p\u00ebr p\u00ebrleshjen n\u00eb seanc\u00ebn e 13 korrikut\",\"datePublished\":\"2023-10-30T14:52:34+00:00\",\"dateModified\":\"2023-10-30T14:52:34+00:00\",\"mainEntityOfPage\":{\"@id\":\"https:\/\/permbledhja.com\/aktakuze-ndaj-besnik-bislimit-dhe-mergim-lushtakut-per-perleshjen-ne-seancen-e-13-korrikut\/\"},\"wordCount\":202,\"publisher\":{\"@id\":\"https:\/\/permbledhja.com\/#organization\"},\"articleSection\":[\"Komb\u00ebtare\",\"Lajme\"],\"inLanguage\":\"sq\"},{\"@type\":\"WebPage\",\"@id\":\"https:\/\/permbledhja.com\/aktakuze-ndaj-besnik-bislimit-dhe-mergim-lushtakut-per-perleshjen-ne-seancen-e-13-korrikut\/\",\"url\":\"https:\/\/permbledhja.com\/aktakuze-ndaj-besnik-bislimit-dhe-mergim-lushtakut-per-perleshjen-ne-seancen-e-13-korrikut\/\",\"name\":\"Aktakuz\u00eb ndaj Besnik Bislimit dhe M\u00ebrgim Lushtakut p\u00ebr p\u00ebrleshjen n\u00eb seanc\u00ebn e 13 korrikut\",\"isPartOf\":{\"@id\":\"https:\/\/permbledhja.com\/#website\"},\"datePublished\":\"2023-10-30T14:52:34+00:00\",\"dateModified\":\"2023-10-30T14:52:34+00:00\",\"breadcrumb\":{\"@id\":\"https:\/\/permbledhja.com\/aktakuze-ndaj-besnik-bislimit-dhe-mergim-lushtakut-per-perleshjen-ne-seancen-e-13-korrikut\/#breadcrumb\"},\"inLanguage\":\"sq\",\"potentialAction\":[{\"@type\":\"ReadAction\",\"target\":[\"https:\/\/permbledhja.com\/aktakuze-ndaj-besnik-bislimit-dhe-mergim-lushtakut-per-perleshjen-ne-seancen-e-13-korrikut\/\"]}]},{\"@type\":\"BreadcrumbList\",\"@id\":\"https:\/\/permbledhja.com\/aktakuze-ndaj-besnik-bislimit-dhe-mergim-lushtakut-per-perleshjen-ne-seancen-e-13-korrikut\/#breadcrumb\",\"itemListElement\":[{\"@type\":\"ListItem\",\"position\":1,\"name\":\"Ballina\",\"item\":\"https:\/\/permbledhja.com\/sq\/\"},{\"@type\":\"ListItem\",\"position\":2,\"name\":\"Aktakuz\u00eb ndaj Besnik Bislimit dhe M\u00ebrgim Lushtakut p\u00ebr p\u00ebrleshjen n\u00eb seanc\u00ebn e 13 korrikut\"}]},{\"@type\":\"WebSite\",\"@id\":\"https:\/\/permbledhja.com\/#website\",\"url\":\"https:\/\/permbledhja.com\/\",\"name\":\"Ve\u00e7 artikuj p\u00ebrmbledh\u00ebs\",\"description\":\"\",\"publisher\":{\"@id\":\"https:\/\/permbledhja.com\/#organization\"},\"potentialAction\":[{\"@type\":\"SearchAction\",\"target\":{\"@type\":\"EntryPoint\",\"urlTemplate\":\"https:\/\/permbledhja.com\/?s={search_term_string}\"},\"query-input\":\"required name=search_term_string\"}],\"inLanguage\":\"sq\"},{\"@type\":\"Organization\",\"@id\":\"https:\/\/permbledhja.com\/#organization\",\"name\":\"MK Media & Pr\",\"url\":\"https:\/\/permbledhja.com\/\",\"logo\":{\"@type\":\"ImageObject\",\"inLanguage\":\"sq\",\"@id\":\"https:\/\/permbledhja.com\/#\/schema\/logo\/image\/\",\"url\":\"https:\/\/permbledhja.com\/wp-content\/uploads\/2021\/12\/07-Press-Logo.jpg\",\"contentUrl\":\"https:\/\/permbledhja.com\/wp-content\/uploads\/2021\/12\/07-Press-Logo.jpg\",\"width\":512,\"height\":512,\"caption\":\"MK Media & Pr\"},\"image\":{\"@id\":\"https:\/\/permbledhja.com\/#\/schema\/logo\/image\/\"},\"sameAs\":[\"https:\/\/www.facebook.com\/press07\/\"]},{\"@type\":\"Person\",\"@id\":\"https:\/\/permbledhja.com\/#\/schema\/person\/d23f13f59b5722643933d6780783acf3\",\"name\":\"M M\",\"image\":{\"@type\":\"ImageObject\",\"inLanguage\":\"sq\",\"@id\":\"https:\/\/permbledhja.com\/#\/schema\/person\/image\/\",\"url\":\"https:\/\/secure.gravatar.com\/avatar\/e2835a76ca7c31a2416b2d51c4ec9a8f?s=96&d=mm&r=g\",\"contentUrl\":\"https:\/\/secure.gravatar.com\/avatar\/e2835a76ca7c31a2416b2d51c4ec9a8f?s=96&d=mm&r=g\",\"caption\":\"M M\"},\"sameAs\":[\"http:\/\/MM\"],\"url\":\"https:\/\/permbledhja.com\/sq\/author\/muhamet\/\"}]}<\/script>\n<!-- \/ Yoast SEO plugin. -->","yoast_head_json":{"title":"Aktakuz\u00eb ndaj Besnik Bislimit dhe M\u00ebrgim Lushtakut p\u00ebr p\u00ebrleshjen n\u00eb seanc\u00ebn e 13 korrikut","robots":{"index":"index","follow":"follow","max-snippet":"max-snippet:-1","max-image-preview":"max-image-preview:large","max-video-preview":"max-video-preview:-1"},"canonical":"https:\/\/permbledhja.com\/sq\/aktakuze-ndaj-besnik-bislimit-dhe-mergim-lushtakut-per-perleshjen-ne-seancen-e-13-korrikut\/","og_locale":"sq_AL","og_type":"article","og_title":"Aktakuz\u00eb ndaj Besnik Bislimit dhe M\u00ebrgim Lushtakut p\u00ebr p\u00ebrleshjen n\u00eb seanc\u00ebn e 13 korrikut","og_description":"Prokuroria Themelore e Prishtin\u00ebs ka ngritur aktakuz\u00eb ndaj z\u00ebvend\u00ebskryeministrit t\u00eb Kosov\u00ebs Besnik Bislimi dhe deputetit t\u00eb Partis\u00eb Demokratike t\u00eb Kosov\u00ebs M\u00ebrgim Lushtaku. P\u00ebrve\u00e7 tyre, aktakuz\u00eb ka edhe p\u00ebr dy deputet\u00ebt e tjer\u00eb t\u00eb PDK-s\u00eb Hajdar Beqa dhe Bekim Haxhiu. Ata akuzohen se kan\u00eb marr\u00eb pjes\u00eb n\u00eb nj\u00eb p\u00ebrleshje gjat\u00eb seanc\u00ebn s\u00eb Kuvendit t\u00eb Kosov\u00ebs t\u00eb [&hellip;]","og_url":"https:\/\/permbledhja.com\/sq\/aktakuze-ndaj-besnik-bislimit-dhe-mergim-lushtakut-per-perleshjen-ne-seancen-e-13-korrikut\/","og_site_name":"Ve\u00e7 artikuj p\u00ebrmbledh\u00ebs","article_publisher":"https:\/\/www.facebook.com\/press07\/","article_published_time":"2023-10-30T14:52:34+00:00","og_image":[{"width":2048,"height":1152,"url":"https:\/\/permbledhja.com\/wp-content\/uploads\/2023\/10\/rrahje-ne-kuvend.jpg","type":"image\/jpeg"}],"author":"M M","twitter_card":"summary_large_image","twitter_misc":{"Written by":"M M","Est. reading time":"1 minut\u00eb"},"schema":{"@context":"https:\/\/schema.org","@graph":[{"@type":"Article","@id":"https:\/\/permbledhja.com\/aktakuze-ndaj-besnik-bislimit-dhe-mergim-lushtakut-per-perleshjen-ne-seancen-e-13-korrikut\/#article","isPartOf":{"@id":"https:\/\/permbledhja.com\/aktakuze-ndaj-besnik-bislimit-dhe-mergim-lushtakut-per-perleshjen-ne-seancen-e-13-korrikut\/"},"author":{"name":"M M","@id":"https:\/\/permbledhja.com\/#\/schema\/person\/d23f13f59b5722643933d6780783acf3"},"headline":"Aktakuz\u00eb ndaj Besnik Bislimit dhe M\u00ebrgim Lushtakut p\u00ebr p\u00ebrleshjen n\u00eb seanc\u00ebn e 13 korrikut","datePublished":"2023-10-30T14:52:34+00:00","dateModified":"2023-10-30T14:52:34+00:00","mainEntityOfPage":{"@id":"https:\/\/permbledhja.com\/aktakuze-ndaj-besnik-bislimit-dhe-mergim-lushtakut-per-perleshjen-ne-seancen-e-13-korrikut\/"},"wordCount":202,"publisher":{"@id":"https:\/\/permbledhja.com\/#organization"},"articleSection":["Komb\u00ebtare","Lajme"],"inLanguage":"sq"},{"@type":"WebPage","@id":"https:\/\/permbledhja.com\/aktakuze-ndaj-besnik-bislimit-dhe-mergim-lushtakut-per-perleshjen-ne-seancen-e-13-korrikut\/","url":"https:\/\/permbledhja.com\/aktakuze-ndaj-besnik-bislimit-dhe-mergim-lushtakut-per-perleshjen-ne-seancen-e-13-korrikut\/","name":"Aktakuz\u00eb ndaj Besnik Bislimit dhe M\u00ebrgim Lushtakut p\u00ebr p\u00ebrleshjen n\u00eb seanc\u00ebn e 13 korrikut","isPartOf":{"@id":"https:\/\/permbledhja.com\/#website"},"datePublished":"2023-10-30T14:52:34+00:00","dateModified":"2023-10-30T14:52:34+00:00","breadcrumb":{"@id":"https:\/\/permbledhja.com\/aktakuze-ndaj-besnik-bislimit-dhe-mergim-lushtakut-per-perleshjen-ne-seancen-e-13-korrikut\/#breadcrumb"},"inLanguage":"sq","potentialAction":[{"@type":"ReadAction","target":["https:\/\/permbledhja.com\/aktakuze-ndaj-besnik-bislimit-dhe-mergim-lushtakut-per-perleshjen-ne-seancen-e-13-korrikut\/"]}]},{"@type":"BreadcrumbList","@id":"https:\/\/permbledhja.com\/aktakuze-ndaj-besnik-bislimit-dhe-mergim-lushtakut-per-perleshjen-ne-seancen-e-13-korrikut\/#breadcrumb","itemListElement":[{"@type":"ListItem","position":1,"name":"Ballina","item":"https:\/\/permbledhja.com\/sq\/"},{"@type":"ListItem","position":2,"name":"Aktakuz\u00eb ndaj Besnik Bislimit dhe M\u00ebrgim Lushtakut p\u00ebr p\u00ebrleshjen n\u00eb seanc\u00ebn e 13 korrikut"}]},{"@type":"WebSite","@id":"https:\/\/permbledhja.com\/#website","url":"https:\/\/permbledhja.com\/","name":"Ve\u00e7 artikuj p\u00ebrmbledh\u00ebs","description":"","publisher":{"@id":"https:\/\/permbledhja.com\/#organization"},"potentialAction":[{"@type":"SearchAction","target":{"@type":"EntryPoint","urlTemplate":"https:\/\/permbledhja.com\/?s={search_term_string}"},"query-input":"required name=search_term_string"}],"inLanguage":"sq"},{"@type":"Organization","@id":"https:\/\/permbledhja.com\/#organization","name":"MK Media & Pr","url":"https:\/\/permbledhja.com\/","logo":{"@type":"ImageObject","inLanguage":"sq","@id":"https:\/\/permbledhja.com\/#\/schema\/logo\/image\/","url":"https:\/\/permbledhja.com\/wp-content\/uploads\/2021\/12\/07-Press-Logo.jpg","contentUrl":"https:\/\/permbledhja.com\/wp-content\/uploads\/2021\/12\/07-Press-Logo.jpg","width":512,"height":512,"caption":"MK Media & Pr"},"image":{"@id":"https:\/\/permbledhja.com\/#\/schema\/logo\/image\/"},"sameAs":["https:\/\/www.facebook.com\/press07\/"]},{"@type":"Person","@id":"https:\/\/permbledhja.com\/#\/schema\/person\/d23f13f59b5722643933d6780783acf3","name":"M M","image":{"@type":"ImageObject","inLanguage":"sq","@id":"https:\/\/permbledhja.com\/#\/schema\/person\/image\/","url":"https:\/\/secure.gravatar.com\/avatar\/e2835a76ca7c31a2416b2d51c4ec9a8f?s=96&d=mm&r=g","contentUrl":"https:\/\/secure.gravatar.com\/avatar\/e2835a76ca7c31a2416b2d51c4ec9a8f?s=96&d=mm&r=g","caption":"M M"},"sameAs":["http:\/\/MM"],"url":"https:\/\/permbledhja.com\/sq\/author\/muhamet\/"}]}},"_links":{"self":[{"href":"https:\/\/permbledhja.com\/sq\/wp-json\/wp\/v2\/posts\/33805"}],"collection":[{"href":"https:\/\/permbledhja.com\/sq\/wp-json\/wp\/v2\/posts"}],"about":[{"href":"https:\/\/permbledhja.com\/sq\/wp-json\/wp\/v2\/types\/post"}],"author":[{"embeddable":true,"href":"https:\/\/permbledhja.com\/sq\/wp-json\/wp\/v2\/users\/2"}],"replies":[{"embeddable":true,"href":"https:\/\/permbledhja.com\/sq\/wp-json\/wp\/v2\/comments?post=33805"}],"version-history":[{"count":1,"href":"https:\/\/permbledhja.com\/sq\/wp-json\/wp\/v2\/posts\/33805\/revisions"}],"predecessor-version":[{"id":33807,"href":"https:\/\/permbledhja.com\/sq\/wp-json\/wp\/v2\/posts\/33805\/revisions\/33807"}],"wp:featuredmedia":[{"embeddable":true,"href":"https:\/\/permbledhja.com\/sq\/wp-json\/wp\/v2\/media\/33806"}],"wp:attachment":[{"href":"https:\/\/permbledhja.com\/sq\/wp-json\/wp\/v2\/media?parent=33805"}],"wp:term":[{"taxonomy":"category","embeddable":true,"href":"https:\/\/permbledhja.com\/sq\/wp-json\/wp\/v2\/categories?post=33805"},{"taxonomy":"post_tag","embeddable":true,"href":"https:\/\/permbledhja.com\/sq\/wp-json\/wp\/v2\/tags?post=33805"}],"curies":[{"name":"wp","href":"https:\/\/api.w.org\/{rel}","templated":true}]}}