{"id":33385,"date":"2023-10-27T19:56:26","date_gmt":"2023-10-27T19:56:26","guid":{"rendered":"https:\/\/permbledhja.com\/?p=33385"},"modified":"2023-10-27T19:56:26","modified_gmt":"2023-10-27T19:56:26","slug":"hoti-i-ashper-me-kurtin-demagog-e-mashtrues-po-e-pranon-zajednicen-per-te-mbetur-ne-pushtet","status":"publish","type":"post","link":"https:\/\/permbledhja.com\/sq\/hoti-i-ashper-me-kurtin-demagog-e-mashtrues-po-e-pranon-zajednicen-per-te-mbetur-ne-pushtet\/","title":{"rendered":"Hoti i ashp\u00ebr me Kurtin: Demagog e mashtrues, po e pranon \u201cZajednic\u00ebn\u201d p\u00ebr t\u00eb mbetur n\u00eb pushtet"},"content":{"rendered":"<h3>Ish-kryeministri i Kosov\u00ebs, Avdullah Hoti, ka shkruar p\u00ebr evoluimin e L\u00ebvizjes Vet\u00ebvendosje sa i p\u00ebrket q\u00ebndrimit p\u00ebr Asociacionin e Komunave me Shumic\u00eb Serbe.<\/h3>\n<p>Hoti thot\u00eb se n\u00eb fillim kan\u00eb b\u00ebr\u00eb protesta t\u00eb dhunshme kund\u00ebr \u201cZajdenic\u00ebs\u201d duke ia humbur 10 vite pa viza dhe pa progres n\u00eb integrime Kosov\u00ebn.<\/p>\n<p>M\u00eb pas thot\u00eb se kan\u00eb k\u00ebrkuar vota n\u00eb zgjedhjet e fundit duke th\u00ebn\u00eb se s\u2019b\u00ebjn\u00eb \u201cZajednic\u00eb\u201d \u201cas asi, as ksi\u2019.<\/p>\n<div>\n<p>Pas ardhjes n\u00eb pushtet, shkruan Hoti, Vet\u00ebvendosje n\u00eb foltore t\u00eb Kuvendit thoshte se Asociacioni s\u2019b\u00ebhet meq\u00eb Kosova ka kryeminist\u00ebr Albin Kurtit. Deputeti i LDK-s\u00eb thot\u00eb se m\u00eb pas nj\u00eb q\u00ebndrim i till\u00eb u zbut, duke vendosur kushte p\u00ebr Asociacionin, t\u00eb cilat i kan\u00eb harruar plot\u00ebsisht.<\/p>\n<p>Deputeti i LDK-s\u00eb tashme thot\u00eb se Vet\u00ebvendosje p\u00ebr t\u00eb mbetur n\u00eb pushtet po e pranon propozimin q\u00eb iu vendos n\u00eb tavolin\u00eb me stilin \u201cmerre ose l\u00ebre\u201d dhe se po kthehen tek marr\u00ebveshja e vitit 2015 ku k\u00ebrkohet opinioni i Gjykat\u00ebs Kushtetuese.<\/p>\n<p>Ish-kryeministri thot\u00eb se k\u00ebto nuk jan\u00eb veprime shtet\u00ebrore, por veprime t\u00eb politikan\u00ebve mashtrues, q\u00eb b\u00ebjn\u00eb gjith\u00e7ka p\u00ebr t\u00eb mbijetuar politikisht dhe p\u00ebr ta mbajtur pushtetin.<\/p>\n<p>Hoti thot\u00eb se gjith\u00eb k\u00ebto vonesa do t\u00eb kuptoheshin n\u00ebse do t\u00eb nxirrnin marr\u00ebveshje m\u00eb t\u00eb favroshme, por thot\u00eb se n\u00eb Oh\u00ebr p\u00ebrve\u00e7 Asociacionin kan\u00eb pranuar edhe autonomin\u00eb.<\/p>\n<p>Reagimi i plot\u00eb:<\/p>\n<p>Me protesta t\u00eb dhunshme kund\u00ebr \u2018zajednic\u00ebs\u2019 ia humb\u00ebn Kosov\u00ebs 10 vite pa viza e pa progres n\u00eb integrim euro-atlantik.<\/p>\n<p>K\u00ebrkuan vota n\u00eb zgjedhjet e fundit, dhe i mor\u00ebn ato, p\u00ebr t\u00eb mos b\u00ebr\u00eb kurrfar\u00eb zajednice, \u2018as asi, as ksi\u2019.<\/p>\n<p>Sapo e mor\u00ebn pushtetin, n\u00eb foltore t\u00eb Kuvendit u betuan \u2018zajednica\u2019 nuk b\u00ebhet, sepse Kosova ka kryeminist\u00ebr tjet\u00ebr.<\/p>\n<p>Mandej u zbut\u00ebn pak, i vendos\u00ebn disa kushte p\u00ebr \u2018zajednic\u00eb\u2019, t\u00eb cilat i harruan plot\u00ebsisht.<\/p>\n<p>Nuk e b\u00ebn \u2018zajednic\u00ebn\u2019 kur aleat\u00ebt u k\u00ebrkonin ta b\u00ebnin sipas marr\u00ebveshjeve t\u00eb vitit 2013 dhe 2015, ku kjo e fundit e thot\u00eb qart\u00eb se asociacioni b\u00ebhet kur Gjykata Kushtetuese thot\u00eb se \u201cstatuti i asociacionit \u00ebsht\u00eb n\u00eb p\u00ebrputhje me Kushtetut\u00ebn e Kosov\u00ebs\u201d.<\/p>\n<p>Tani, p\u00ebr t\u00eb mbetur n\u00eb pushtet, pranojn\u00eb propozimin p\u00ebr \u2018zajednic\u00ebn\u2019 q\u00eb u vihet n\u00eb tavolin\u00eb me stilin merre ose l\u00ebre.<\/p>\n<p>Tani i kthehen marr\u00ebveshjes s\u00eb vitit 2015, ku k\u00ebrkohet opinioni i Gjykat\u00ebs Kushtetuese.<\/p>\n<p>K\u00ebto nuk jan\u00eb veprime shtet\u00ebrore. K\u00ebto jan\u00eb veprime t\u00eb politikan\u00ebve demagog\u00eb e mashtrues, q\u00eb b\u00ebjn\u00eb gjith\u00e7ka p\u00ebr t\u00eb mbijetuar politikisht e p\u00ebr t\u00eb mbajtur pushtetin.<\/p>\n<p>Gjith\u00eb kjo shtyrje do t\u00eb kuptohej n\u00ebse do t\u00eb kishim nj\u00eb marr\u00ebveshje tjet\u00ebr p\u00ebr \u2018zajednic\u00ebn\u2019, e cila do t\u00eb ishte m\u00eb e favorshme p\u00ebr Kosov\u00ebn. Por jo, k\u00ebta e kan\u00eb pranuar Marr\u00ebveshja e Ohrit, e cila p\u00ebrfshin\u00eb edhe \u2018zajednic\u00ebn\u2019 edhe autonomin\u00eb.<\/p>\n<p>Gjith\u00eb kjo shtyrje do t\u00eb kuptohej n\u00ebse Marr\u00ebveshja e Ohrit do t\u00eb p\u00ebrfshinte njohjen reciproke. Por jo, k\u00ebta e pranuan Marr\u00ebveshjen e Ohrit, e cila thekson qart\u00eb: \u201c\u2026\u00a0 pa paragjykuar pik\u00ebpamjet e ndryshme t\u00eb Pal\u00ebve p\u00ebr \u00e7\u00ebshtjet themelore, duke p\u00ebrfshir\u00eb \u00e7\u00ebshtjet e statusit\u201d.<\/p>\n<\/div>\n","protected":false},"excerpt":{"rendered":"<p>Ish-kryeministri i Kosov\u00ebs, Avdullah Hoti, ka shkruar p\u00ebr evoluimin e L\u00ebvizjes Vet\u00ebvendosje sa i p\u00ebrket q\u00ebndrimit p\u00ebr Asociacionin e Komunave me Shumic\u00eb Serbe. Hoti thot\u00eb se n\u00eb fillim kan\u00eb b\u00ebr\u00eb protesta t\u00eb dhunshme kund\u00ebr \u201cZajdenic\u00ebs\u201d duke ia humbur 10 vite pa viza dhe pa progres n\u00eb integrime Kosov\u00ebn. M\u00eb pas thot\u00eb se kan\u00eb k\u00ebrkuar vota [&hellip;]<\/p>\n","protected":false},"author":1,"featured_media":33386,"comment_status":"closed","ping_status":"closed","sticky":false,"template":"","format":"standard","meta":{"_monsterinsights_skip_tracking":false,"_monsterinsights_sitenote_active":false,"_monsterinsights_sitenote_note":"","_monsterinsights_sitenote_category":0,"_uf_show_specific_survey":0,"_uf_disable_surveys":false,"footnotes":""},"categories":[23,15],"tags":[751],"yoast_head":"<!-- This site is optimized with the Yoast SEO plugin v21.5 - https:\/\/yoast.com\/wordpress\/plugins\/seo\/ -->\n<title>Hoti i ashp\u00ebr me Kurtin: Demagog e mashtrues, po e pranon \u201cZajednic\u00ebn\u201d p\u00ebr t\u00eb mbetur n\u00eb pushtet<\/title>\n<meta name=\"robots\" content=\"index, follow, max-snippet:-1, max-image-preview:large, max-video-preview:-1\" \/>\n<link rel=\"canonical\" href=\"https:\/\/permbledhja.com\/sq\/hoti-i-ashper-me-kurtin-demagog-e-mashtrues-po-e-pranon-zajednicen-per-te-mbetur-ne-pushtet\/\" \/>\n<meta property=\"og:locale\" content=\"sq_AL\" \/>\n<meta property=\"og:type\" content=\"article\" \/>\n<meta property=\"og:title\" content=\"Hoti i ashp\u00ebr me Kurtin: Demagog e mashtrues, po e pranon \u201cZajednic\u00ebn\u201d p\u00ebr t\u00eb mbetur n\u00eb pushtet\" \/>\n<meta property=\"og:description\" content=\"Ish-kryeministri i Kosov\u00ebs, Avdullah Hoti, ka shkruar p\u00ebr evoluimin e L\u00ebvizjes Vet\u00ebvendosje sa i p\u00ebrket q\u00ebndrimit p\u00ebr Asociacionin e Komunave me Shumic\u00eb Serbe. Hoti thot\u00eb se n\u00eb fillim kan\u00eb b\u00ebr\u00eb protesta t\u00eb dhunshme kund\u00ebr \u201cZajdenic\u00ebs\u201d duke ia humbur 10 vite pa viza dhe pa progres n\u00eb integrime Kosov\u00ebn. M\u00eb pas thot\u00eb se kan\u00eb k\u00ebrkuar vota [&hellip;]\" \/>\n<meta property=\"og:url\" content=\"https:\/\/permbledhja.com\/sq\/hoti-i-ashper-me-kurtin-demagog-e-mashtrues-po-e-pranon-zajednicen-per-te-mbetur-ne-pushtet\/\" \/>\n<meta property=\"og:site_name\" content=\"Ve\u00e7 artikuj p\u00ebrmbledh\u00ebs\" \/>\n<meta property=\"article:publisher\" content=\"https:\/\/www.facebook.com\/press07\/\" \/>\n<meta property=\"article:author\" content=\"https:\/\/www.facebook.com\/kafexhiu.muharrem\/\" \/>\n<meta property=\"article:published_time\" content=\"2023-10-27T19:56:26+00:00\" \/>\n<meta property=\"og:image\" content=\"https:\/\/permbledhja.com\/wp-content\/uploads\/2023\/10\/DFB62D66-C0FE-4667-9C7C-825AB512C09E.webp\" \/>\n\t<meta property=\"og:image:width\" content=\"533\" \/>\n\t<meta property=\"og:image:height\" content=\"300\" \/>\n\t<meta property=\"og:image:type\" content=\"image\/webp\" \/>\n<meta name=\"author\" content=\"P\u00ebrmbledhja\" \/>\n<meta name=\"twitter:card\" content=\"summary_large_image\" \/>\n<meta name=\"twitter:label1\" content=\"Written by\" \/>\n\t<meta name=\"twitter:data1\" content=\"P\u00ebrmbledhja\" \/>\n\t<meta name=\"twitter:label2\" content=\"Est. reading time\" \/>\n\t<meta name=\"twitter:data2\" content=\"3 minuta\" \/>\n<script type=\"application\/ld+json\" class=\"yoast-schema-graph\">{\"@context\":\"https:\/\/schema.org\",\"@graph\":[{\"@type\":\"Article\",\"@id\":\"https:\/\/permbledhja.com\/hoti-i-ashper-me-kurtin-demagog-e-mashtrues-po-e-pranon-zajednicen-per-te-mbetur-ne-pushtet\/#article\",\"isPartOf\":{\"@id\":\"https:\/\/permbledhja.com\/hoti-i-ashper-me-kurtin-demagog-e-mashtrues-po-e-pranon-zajednicen-per-te-mbetur-ne-pushtet\/\"},\"author\":{\"name\":\"P\u00ebrmbledhja\",\"@id\":\"https:\/\/permbledhja.com\/#\/schema\/person\/0d064377258d3221e50693947b9eb4fe\"},\"headline\":\"Hoti i ashp\u00ebr me Kurtin: Demagog e mashtrues, po e pranon \u201cZajednic\u00ebn\u201d p\u00ebr t\u00eb mbetur n\u00eb pushtet\",\"datePublished\":\"2023-10-27T19:56:26+00:00\",\"dateModified\":\"2023-10-27T19:56:26+00:00\",\"mainEntityOfPage\":{\"@id\":\"https:\/\/permbledhja.com\/hoti-i-ashper-me-kurtin-demagog-e-mashtrues-po-e-pranon-zajednicen-per-te-mbetur-ne-pushtet\/\"},\"wordCount\":580,\"publisher\":{\"@id\":\"https:\/\/permbledhja.com\/#organization\"},\"keywords\":[\"Avdullah Hoti\"],\"articleSection\":[\"Komb\u00ebtare\",\"Lajme\"],\"inLanguage\":\"sq\"},{\"@type\":\"WebPage\",\"@id\":\"https:\/\/permbledhja.com\/hoti-i-ashper-me-kurtin-demagog-e-mashtrues-po-e-pranon-zajednicen-per-te-mbetur-ne-pushtet\/\",\"url\":\"https:\/\/permbledhja.com\/hoti-i-ashper-me-kurtin-demagog-e-mashtrues-po-e-pranon-zajednicen-per-te-mbetur-ne-pushtet\/\",\"name\":\"Hoti i ashp\u00ebr me Kurtin: Demagog e mashtrues, po e pranon \u201cZajednic\u00ebn\u201d p\u00ebr t\u00eb mbetur n\u00eb pushtet\",\"isPartOf\":{\"@id\":\"https:\/\/permbledhja.com\/#website\"},\"datePublished\":\"2023-10-27T19:56:26+00:00\",\"dateModified\":\"2023-10-27T19:56:26+00:00\",\"breadcrumb\":{\"@id\":\"https:\/\/permbledhja.com\/hoti-i-ashper-me-kurtin-demagog-e-mashtrues-po-e-pranon-zajednicen-per-te-mbetur-ne-pushtet\/#breadcrumb\"},\"inLanguage\":\"sq\",\"potentialAction\":[{\"@type\":\"ReadAction\",\"target\":[\"https:\/\/permbledhja.com\/hoti-i-ashper-me-kurtin-demagog-e-mashtrues-po-e-pranon-zajednicen-per-te-mbetur-ne-pushtet\/\"]}]},{\"@type\":\"BreadcrumbList\",\"@id\":\"https:\/\/permbledhja.com\/hoti-i-ashper-me-kurtin-demagog-e-mashtrues-po-e-pranon-zajednicen-per-te-mbetur-ne-pushtet\/#breadcrumb\",\"itemListElement\":[{\"@type\":\"ListItem\",\"position\":1,\"name\":\"Ballina\",\"item\":\"https:\/\/permbledhja.com\/sq\/\"},{\"@type\":\"ListItem\",\"position\":2,\"name\":\"Hoti i ashp\u00ebr me Kurtin: Demagog e mashtrues, po e pranon \u201cZajednic\u00ebn\u201d p\u00ebr t\u00eb mbetur n\u00eb pushtet\"}]},{\"@type\":\"WebSite\",\"@id\":\"https:\/\/permbledhja.com\/#website\",\"url\":\"https:\/\/permbledhja.com\/\",\"name\":\"Ve\u00e7 artikuj p\u00ebrmbledh\u00ebs\",\"description\":\"\",\"publisher\":{\"@id\":\"https:\/\/permbledhja.com\/#organization\"},\"potentialAction\":[{\"@type\":\"SearchAction\",\"target\":{\"@type\":\"EntryPoint\",\"urlTemplate\":\"https:\/\/permbledhja.com\/?s={search_term_string}\"},\"query-input\":\"required name=search_term_string\"}],\"inLanguage\":\"sq\"},{\"@type\":\"Organization\",\"@id\":\"https:\/\/permbledhja.com\/#organization\",\"name\":\"MK Media & Pr\",\"url\":\"https:\/\/permbledhja.com\/\",\"logo\":{\"@type\":\"ImageObject\",\"inLanguage\":\"sq\",\"@id\":\"https:\/\/permbledhja.com\/#\/schema\/logo\/image\/\",\"url\":\"https:\/\/permbledhja.com\/wp-content\/uploads\/2021\/12\/07-Press-Logo.jpg\",\"contentUrl\":\"https:\/\/permbledhja.com\/wp-content\/uploads\/2021\/12\/07-Press-Logo.jpg\",\"width\":512,\"height\":512,\"caption\":\"MK Media & Pr\"},\"image\":{\"@id\":\"https:\/\/permbledhja.com\/#\/schema\/logo\/image\/\"},\"sameAs\":[\"https:\/\/www.facebook.com\/press07\/\"]},{\"@type\":\"Person\",\"@id\":\"https:\/\/permbledhja.com\/#\/schema\/person\/0d064377258d3221e50693947b9eb4fe\",\"name\":\"P\u00ebrmbledhja\",\"image\":{\"@type\":\"ImageObject\",\"inLanguage\":\"sq\",\"@id\":\"https:\/\/permbledhja.com\/#\/schema\/person\/image\/\",\"url\":\"https:\/\/permbledhja.com\/wp-content\/uploads\/2026\/01\/452004717_1040944174702970_8932037511805513407_n-96x96.jpg\",\"contentUrl\":\"https:\/\/permbledhja.com\/wp-content\/uploads\/2026\/01\/452004717_1040944174702970_8932037511805513407_n-96x96.jpg\",\"caption\":\"P\u00ebrmbledhja\"},\"sameAs\":[\"https:\/\/www.facebook.com\/kafexhiu.muharrem\/\",\"https:\/\/www.instagram.com\/muharrem_kafexhiu\/\"],\"url\":\"https:\/\/permbledhja.com\/sq\/author\/admin\/\"}]}<\/script>\n<!-- \/ Yoast SEO plugin. -->","yoast_head_json":{"title":"Hoti i ashp\u00ebr me Kurtin: Demagog e mashtrues, po e pranon \u201cZajednic\u00ebn\u201d p\u00ebr t\u00eb mbetur n\u00eb pushtet","robots":{"index":"index","follow":"follow","max-snippet":"max-snippet:-1","max-image-preview":"max-image-preview:large","max-video-preview":"max-video-preview:-1"},"canonical":"https:\/\/permbledhja.com\/sq\/hoti-i-ashper-me-kurtin-demagog-e-mashtrues-po-e-pranon-zajednicen-per-te-mbetur-ne-pushtet\/","og_locale":"sq_AL","og_type":"article","og_title":"Hoti i ashp\u00ebr me Kurtin: Demagog e mashtrues, po e pranon \u201cZajednic\u00ebn\u201d p\u00ebr t\u00eb mbetur n\u00eb pushtet","og_description":"Ish-kryeministri i Kosov\u00ebs, Avdullah Hoti, ka shkruar p\u00ebr evoluimin e L\u00ebvizjes Vet\u00ebvendosje sa i p\u00ebrket q\u00ebndrimit p\u00ebr Asociacionin e Komunave me Shumic\u00eb Serbe. Hoti thot\u00eb se n\u00eb fillim kan\u00eb b\u00ebr\u00eb protesta t\u00eb dhunshme kund\u00ebr \u201cZajdenic\u00ebs\u201d duke ia humbur 10 vite pa viza dhe pa progres n\u00eb integrime Kosov\u00ebn. M\u00eb pas thot\u00eb se kan\u00eb k\u00ebrkuar vota [&hellip;]","og_url":"https:\/\/permbledhja.com\/sq\/hoti-i-ashper-me-kurtin-demagog-e-mashtrues-po-e-pranon-zajednicen-per-te-mbetur-ne-pushtet\/","og_site_name":"Ve\u00e7 artikuj p\u00ebrmbledh\u00ebs","article_publisher":"https:\/\/www.facebook.com\/press07\/","article_author":"https:\/\/www.facebook.com\/kafexhiu.muharrem\/","article_published_time":"2023-10-27T19:56:26+00:00","og_image":[{"width":533,"height":300,"url":"https:\/\/permbledhja.com\/wp-content\/uploads\/2023\/10\/DFB62D66-C0FE-4667-9C7C-825AB512C09E.webp","type":"image\/webp"}],"author":"P\u00ebrmbledhja","twitter_card":"summary_large_image","twitter_misc":{"Written by":"P\u00ebrmbledhja","Est. reading time":"3 minuta"},"schema":{"@context":"https:\/\/schema.org","@graph":[{"@type":"Article","@id":"https:\/\/permbledhja.com\/hoti-i-ashper-me-kurtin-demagog-e-mashtrues-po-e-pranon-zajednicen-per-te-mbetur-ne-pushtet\/#article","isPartOf":{"@id":"https:\/\/permbledhja.com\/hoti-i-ashper-me-kurtin-demagog-e-mashtrues-po-e-pranon-zajednicen-per-te-mbetur-ne-pushtet\/"},"author":{"name":"P\u00ebrmbledhja","@id":"https:\/\/permbledhja.com\/#\/schema\/person\/0d064377258d3221e50693947b9eb4fe"},"headline":"Hoti i ashp\u00ebr me Kurtin: Demagog e mashtrues, po e pranon \u201cZajednic\u00ebn\u201d p\u00ebr t\u00eb mbetur n\u00eb pushtet","datePublished":"2023-10-27T19:56:26+00:00","dateModified":"2023-10-27T19:56:26+00:00","mainEntityOfPage":{"@id":"https:\/\/permbledhja.com\/hoti-i-ashper-me-kurtin-demagog-e-mashtrues-po-e-pranon-zajednicen-per-te-mbetur-ne-pushtet\/"},"wordCount":580,"publisher":{"@id":"https:\/\/permbledhja.com\/#organization"},"keywords":["Avdullah Hoti"],"articleSection":["Komb\u00ebtare","Lajme"],"inLanguage":"sq"},{"@type":"WebPage","@id":"https:\/\/permbledhja.com\/hoti-i-ashper-me-kurtin-demagog-e-mashtrues-po-e-pranon-zajednicen-per-te-mbetur-ne-pushtet\/","url":"https:\/\/permbledhja.com\/hoti-i-ashper-me-kurtin-demagog-e-mashtrues-po-e-pranon-zajednicen-per-te-mbetur-ne-pushtet\/","name":"Hoti i ashp\u00ebr me Kurtin: Demagog e mashtrues, po e pranon \u201cZajednic\u00ebn\u201d p\u00ebr t\u00eb mbetur n\u00eb pushtet","isPartOf":{"@id":"https:\/\/permbledhja.com\/#website"},"datePublished":"2023-10-27T19:56:26+00:00","dateModified":"2023-10-27T19:56:26+00:00","breadcrumb":{"@id":"https:\/\/permbledhja.com\/hoti-i-ashper-me-kurtin-demagog-e-mashtrues-po-e-pranon-zajednicen-per-te-mbetur-ne-pushtet\/#breadcrumb"},"inLanguage":"sq","potentialAction":[{"@type":"ReadAction","target":["https:\/\/permbledhja.com\/hoti-i-ashper-me-kurtin-demagog-e-mashtrues-po-e-pranon-zajednicen-per-te-mbetur-ne-pushtet\/"]}]},{"@type":"BreadcrumbList","@id":"https:\/\/permbledhja.com\/hoti-i-ashper-me-kurtin-demagog-e-mashtrues-po-e-pranon-zajednicen-per-te-mbetur-ne-pushtet\/#breadcrumb","itemListElement":[{"@type":"ListItem","position":1,"name":"Ballina","item":"https:\/\/permbledhja.com\/sq\/"},{"@type":"ListItem","position":2,"name":"Hoti i ashp\u00ebr me Kurtin: Demagog e mashtrues, po e pranon \u201cZajednic\u00ebn\u201d p\u00ebr t\u00eb mbetur n\u00eb pushtet"}]},{"@type":"WebSite","@id":"https:\/\/permbledhja.com\/#website","url":"https:\/\/permbledhja.com\/","name":"Ve\u00e7 artikuj p\u00ebrmbledh\u00ebs","description":"","publisher":{"@id":"https:\/\/permbledhja.com\/#organization"},"potentialAction":[{"@type":"SearchAction","target":{"@type":"EntryPoint","urlTemplate":"https:\/\/permbledhja.com\/?s={search_term_string}"},"query-input":"required name=search_term_string"}],"inLanguage":"sq"},{"@type":"Organization","@id":"https:\/\/permbledhja.com\/#organization","name":"MK Media & Pr","url":"https:\/\/permbledhja.com\/","logo":{"@type":"ImageObject","inLanguage":"sq","@id":"https:\/\/permbledhja.com\/#\/schema\/logo\/image\/","url":"https:\/\/permbledhja.com\/wp-content\/uploads\/2021\/12\/07-Press-Logo.jpg","contentUrl":"https:\/\/permbledhja.com\/wp-content\/uploads\/2021\/12\/07-Press-Logo.jpg","width":512,"height":512,"caption":"MK Media & Pr"},"image":{"@id":"https:\/\/permbledhja.com\/#\/schema\/logo\/image\/"},"sameAs":["https:\/\/www.facebook.com\/press07\/"]},{"@type":"Person","@id":"https:\/\/permbledhja.com\/#\/schema\/person\/0d064377258d3221e50693947b9eb4fe","name":"P\u00ebrmbledhja","image":{"@type":"ImageObject","inLanguage":"sq","@id":"https:\/\/permbledhja.com\/#\/schema\/person\/image\/","url":"https:\/\/permbledhja.com\/wp-content\/uploads\/2026\/01\/452004717_1040944174702970_8932037511805513407_n-96x96.jpg","contentUrl":"https:\/\/permbledhja.com\/wp-content\/uploads\/2026\/01\/452004717_1040944174702970_8932037511805513407_n-96x96.jpg","caption":"P\u00ebrmbledhja"},"sameAs":["https:\/\/www.facebook.com\/kafexhiu.muharrem\/","https:\/\/www.instagram.com\/muharrem_kafexhiu\/"],"url":"https:\/\/permbledhja.com\/sq\/author\/admin\/"}]}},"_links":{"self":[{"href":"https:\/\/permbledhja.com\/sq\/wp-json\/wp\/v2\/posts\/33385"}],"collection":[{"href":"https:\/\/permbledhja.com\/sq\/wp-json\/wp\/v2\/posts"}],"about":[{"href":"https:\/\/permbledhja.com\/sq\/wp-json\/wp\/v2\/types\/post"}],"author":[{"embeddable":true,"href":"https:\/\/permbledhja.com\/sq\/wp-json\/wp\/v2\/users\/1"}],"replies":[{"embeddable":true,"href":"https:\/\/permbledhja.com\/sq\/wp-json\/wp\/v2\/comments?post=33385"}],"version-history":[{"count":1,"href":"https:\/\/permbledhja.com\/sq\/wp-json\/wp\/v2\/posts\/33385\/revisions"}],"predecessor-version":[{"id":33387,"href":"https:\/\/permbledhja.com\/sq\/wp-json\/wp\/v2\/posts\/33385\/revisions\/33387"}],"wp:featuredmedia":[{"embeddable":true,"href":"https:\/\/permbledhja.com\/sq\/wp-json\/wp\/v2\/media\/33386"}],"wp:attachment":[{"href":"https:\/\/permbledhja.com\/sq\/wp-json\/wp\/v2\/media?parent=33385"}],"wp:term":[{"taxonomy":"category","embeddable":true,"href":"https:\/\/permbledhja.com\/sq\/wp-json\/wp\/v2\/categories?post=33385"},{"taxonomy":"post_tag","embeddable":true,"href":"https:\/\/permbledhja.com\/sq\/wp-json\/wp\/v2\/tags?post=33385"}],"curies":[{"name":"wp","href":"https:\/\/api.w.org\/{rel}","templated":true}]}}