{"id":3307,"date":"2022-07-28T06:14:18","date_gmt":"2022-07-28T06:14:18","guid":{"rendered":"https:\/\/permbledhja.com\/?p=3307"},"modified":"2022-07-28T06:15:16","modified_gmt":"2022-07-28T06:15:16","slug":"nxehte-ne-mengjes-pasdite-me-rrebeshe-shiu-kurse-ne-mbremje-stabilizim-i-motit1","status":"publish","type":"post","link":"https:\/\/permbledhja.com\/sq\/nxehte-ne-mengjes-pasdite-me-rrebeshe-shiu-kurse-ne-mbremje-stabilizim-i-motit1\/","title":{"rendered":"Nxeht\u00eb n\u00eb m\u00ebngjes, pasdite me rr\u00ebbeshe shiu, kurse n\u00eb mbr\u00ebmje stabilizim i motit"},"content":{"rendered":"<p>Sot n\u00eb Kosov\u00eb pritet t\u00eb kemi mot t\u00eb nxeht\u00eb, me intervale t\u00eb gjata kohore me diell dhe zagushi. <\/p>\n<p>Pasdite priten zhvillime t\u00eb fuqishme t\u00eb vran\u00ebsirave konvektive t\u00eb cilat pritet t\u00eb kusht\u00ebzojn\u00eb rrebeshe lokalisht t\u00eb fuqishme shiu me vet\u00ebtima, bubullim\u00eb dhe mund\u00ebsi p\u00ebr bresh\u00ebr. N\u00eb mbr\u00ebmje stabilizim i motit.<\/p>\n<p>N\u00eb Shqip\u00ebri, Maqedonin\u00eb Veriore, Mal t\u00eb Zi dhe Kosoven Lindore nes\u00ebr pritet t\u00eb mbaj\u00eb mot i nxeht\u00eb, me intervale t\u00eb gjata kohore me diell dhe zhvillime t\u00eb fuqishme t\u00eb vran\u00ebsirave t\u00eb shiut t\u00eb cilat do t\u00eb kusht\u00ebzojn\u00eb rrebeshe lokalisht t\u00eb fuqishme shiu me vet\u00ebtima, bubullim\u00eb dhe mund\u00ebsi p\u00ebr bresh\u00ebr. Ka gjasa p\u00ebr zhvillime t\u00eb disa shtr\u00ebngatave t\u00eb fuqishme lokale me bresh\u00ebr dhe er\u00ebra t\u00eb forta.<\/p>\n<p>T\u00eb premt\u00ebn stabilizim i motit. Pritet mot kryesisht me diell dhe i ngroht\u00eb, por pasdite vet\u00ebm n\u00eb disa zona mund t\u00eb ket\u00eb ndonj\u00eb rrebesh t\u00eb izoluar shiu me bubullim\u00eb.<\/p>\n<p>T\u00eb shtun\u00ebn pritet t\u00eb kemi mot me diell dhe shum\u00eb i nxeht\u00eb. Pasdite ose n\u00eb mbr\u00ebmje n\u00eb Mal t\u00eb Zi, Kosov\u00eb, Maqedonin\u00eb Veriore dhe Kosoven Lindore priten gjasa p\u00ebr shtr\u00ebngata lokale me bubullima, shi dhe bresh\u00ebr.<\/p>\n<p>T\u00eb diel\u00ebn na pret mot m\u00eb i k\u00ebndsh\u00ebm p\u00ebr shkak t\u00eb uljes s\u00eb temperaturave. Priten intervale kohore me diell dhe vran\u00ebsira me riga dhe rrebeshe lokale shiu.<\/p>\n<p>Nga e h\u00ebna stabilizim i plot\u00eb i motit dhe sipas t\u00eb gjitha gjasave na pret mot me diell dhe rritje graduale t\u00eb temperaturave, por nuk priten i nxeht\u00eb i madh t\u00eb pakt\u00ebn nj\u00ebher\u00eb p\u00ebr nj\u00ebher\u00eb.\/MeteoBallkan<\/p>\n","protected":false},"excerpt":{"rendered":"<p>Sot n\u00eb Kosov\u00eb pritet t\u00eb kemi mot t\u00eb nxeht\u00eb, me intervale t\u00eb gjata kohore me diell dhe zagushi. Pasdite priten zhvillime t\u00eb fuqishme t\u00eb vran\u00ebsirave konvektive t\u00eb cilat pritet t\u00eb kusht\u00ebzojn\u00eb rrebeshe lokalisht t\u00eb fuqishme shiu me vet\u00ebtima, bubullim\u00eb dhe mund\u00ebsi p\u00ebr bresh\u00ebr. N\u00eb mbr\u00ebmje stabilizim i motit. N\u00eb Shqip\u00ebri, Maqedonin\u00eb Veriore, Mal t\u00eb Zi [&hellip;]<\/p>\n","protected":false},"author":1,"featured_media":2551,"comment_status":"closed","ping_status":"closed","sticky":false,"template":"","format":"standard","meta":{"_monsterinsights_skip_tracking":false,"_monsterinsights_sitenote_active":false,"_monsterinsights_sitenote_note":"","_monsterinsights_sitenote_category":0,"_uf_show_specific_survey":0,"_uf_disable_surveys":false,"footnotes":""},"categories":[23,15],"tags":[26],"yoast_head":"<!-- This site is optimized with the Yoast SEO plugin v21.5 - https:\/\/yoast.com\/wordpress\/plugins\/seo\/ -->\n<title>Nxeht\u00eb n\u00eb m\u00ebngjes, pasdite me rr\u00ebbeshe shiu, kurse n\u00eb mbr\u00ebmje stabilizim i motit<\/title>\n<meta name=\"robots\" content=\"index, follow, max-snippet:-1, max-image-preview:large, max-video-preview:-1\" \/>\n<link rel=\"canonical\" href=\"https:\/\/permbledhja.com\/sq\/nxehte-ne-mengjes-pasdite-me-rrebeshe-shiu-kurse-ne-mbremje-stabilizim-i-motit1\/\" \/>\n<meta property=\"og:locale\" content=\"sq_AL\" \/>\n<meta property=\"og:type\" content=\"article\" \/>\n<meta property=\"og:title\" content=\"Nxeht\u00eb n\u00eb m\u00ebngjes, pasdite me rr\u00ebbeshe shiu, kurse n\u00eb mbr\u00ebmje stabilizim i motit\" \/>\n<meta property=\"og:description\" content=\"Sot n\u00eb Kosov\u00eb pritet t\u00eb kemi mot t\u00eb nxeht\u00eb, me intervale t\u00eb gjata kohore me diell dhe zagushi. Pasdite priten zhvillime t\u00eb fuqishme t\u00eb vran\u00ebsirave konvektive t\u00eb cilat pritet t\u00eb kusht\u00ebzojn\u00eb rrebeshe lokalisht t\u00eb fuqishme shiu me vet\u00ebtima, bubullim\u00eb dhe mund\u00ebsi p\u00ebr bresh\u00ebr. N\u00eb mbr\u00ebmje stabilizim i motit. N\u00eb Shqip\u00ebri, Maqedonin\u00eb Veriore, Mal t\u00eb Zi [&hellip;]\" \/>\n<meta property=\"og:url\" content=\"https:\/\/permbledhja.com\/sq\/nxehte-ne-mengjes-pasdite-me-rrebeshe-shiu-kurse-ne-mbremje-stabilizim-i-motit1\/\" \/>\n<meta property=\"og:site_name\" content=\"Ve\u00e7 artikuj p\u00ebrmbledh\u00ebs\" \/>\n<meta property=\"article:publisher\" content=\"https:\/\/www.facebook.com\/press07\/\" \/>\n<meta property=\"article:author\" content=\"https:\/\/www.facebook.com\/kafexhiu.muharrem\/\" \/>\n<meta property=\"article:published_time\" content=\"2022-07-28T06:14:18+00:00\" \/>\n<meta property=\"article:modified_time\" content=\"2022-07-28T06:15:16+00:00\" \/>\n<meta property=\"og:image\" content=\"https:\/\/permbledhja.com\/wp-content\/uploads\/2022\/07\/Parashikimi-i-motit-696x391-1.jpg\" \/>\n\t<meta property=\"og:image:width\" content=\"696\" \/>\n\t<meta property=\"og:image:height\" content=\"391\" \/>\n\t<meta property=\"og:image:type\" content=\"image\/jpeg\" \/>\n<meta name=\"author\" content=\"P\u00ebrmbledhja\" \/>\n<meta name=\"twitter:card\" content=\"summary_large_image\" \/>\n<meta name=\"twitter:label1\" content=\"Written by\" \/>\n\t<meta name=\"twitter:data1\" content=\"P\u00ebrmbledhja\" \/>\n\t<meta name=\"twitter:label2\" content=\"Est. reading time\" \/>\n\t<meta name=\"twitter:data2\" content=\"1 minut\u00eb\" \/>\n<script type=\"application\/ld+json\" class=\"yoast-schema-graph\">{\"@context\":\"https:\/\/schema.org\",\"@graph\":[{\"@type\":\"Article\",\"@id\":\"https:\/\/permbledhja.com\/nxehte-ne-mengjes-pasdite-me-rrebeshe-shiu-kurse-ne-mbremje-stabilizim-i-motit1\/#article\",\"isPartOf\":{\"@id\":\"https:\/\/permbledhja.com\/nxehte-ne-mengjes-pasdite-me-rrebeshe-shiu-kurse-ne-mbremje-stabilizim-i-motit1\/\"},\"author\":{\"name\":\"P\u00ebrmbledhja\",\"@id\":\"https:\/\/permbledhja.com\/#\/schema\/person\/0d064377258d3221e50693947b9eb4fe\"},\"headline\":\"Nxeht\u00eb n\u00eb m\u00ebngjes, pasdite me rr\u00ebbeshe shiu, kurse n\u00eb mbr\u00ebmje stabilizim i motit\",\"datePublished\":\"2022-07-28T06:14:18+00:00\",\"dateModified\":\"2022-07-28T06:15:16+00:00\",\"mainEntityOfPage\":{\"@id\":\"https:\/\/permbledhja.com\/nxehte-ne-mengjes-pasdite-me-rrebeshe-shiu-kurse-ne-mbremje-stabilizim-i-motit1\/\"},\"wordCount\":293,\"publisher\":{\"@id\":\"https:\/\/permbledhja.com\/#organization\"},\"keywords\":[\"Moti\"],\"articleSection\":[\"Komb\u00ebtare\",\"Lajme\"],\"inLanguage\":\"sq\"},{\"@type\":\"WebPage\",\"@id\":\"https:\/\/permbledhja.com\/nxehte-ne-mengjes-pasdite-me-rrebeshe-shiu-kurse-ne-mbremje-stabilizim-i-motit1\/\",\"url\":\"https:\/\/permbledhja.com\/nxehte-ne-mengjes-pasdite-me-rrebeshe-shiu-kurse-ne-mbremje-stabilizim-i-motit1\/\",\"name\":\"Nxeht\u00eb n\u00eb m\u00ebngjes, pasdite me rr\u00ebbeshe shiu, kurse n\u00eb mbr\u00ebmje stabilizim i motit\",\"isPartOf\":{\"@id\":\"https:\/\/permbledhja.com\/#website\"},\"datePublished\":\"2022-07-28T06:14:18+00:00\",\"dateModified\":\"2022-07-28T06:15:16+00:00\",\"breadcrumb\":{\"@id\":\"https:\/\/permbledhja.com\/nxehte-ne-mengjes-pasdite-me-rrebeshe-shiu-kurse-ne-mbremje-stabilizim-i-motit1\/#breadcrumb\"},\"inLanguage\":\"sq\",\"potentialAction\":[{\"@type\":\"ReadAction\",\"target\":[\"https:\/\/permbledhja.com\/nxehte-ne-mengjes-pasdite-me-rrebeshe-shiu-kurse-ne-mbremje-stabilizim-i-motit1\/\"]}]},{\"@type\":\"BreadcrumbList\",\"@id\":\"https:\/\/permbledhja.com\/nxehte-ne-mengjes-pasdite-me-rrebeshe-shiu-kurse-ne-mbremje-stabilizim-i-motit1\/#breadcrumb\",\"itemListElement\":[{\"@type\":\"ListItem\",\"position\":1,\"name\":\"Ballina\",\"item\":\"https:\/\/permbledhja.com\/sq\/\"},{\"@type\":\"ListItem\",\"position\":2,\"name\":\"Nxeht\u00eb n\u00eb m\u00ebngjes, pasdite me rr\u00ebbeshe shiu, kurse n\u00eb mbr\u00ebmje stabilizim i motit\"}]},{\"@type\":\"WebSite\",\"@id\":\"https:\/\/permbledhja.com\/#website\",\"url\":\"https:\/\/permbledhja.com\/\",\"name\":\"Ve\u00e7 artikuj p\u00ebrmbledh\u00ebs\",\"description\":\"\",\"publisher\":{\"@id\":\"https:\/\/permbledhja.com\/#organization\"},\"potentialAction\":[{\"@type\":\"SearchAction\",\"target\":{\"@type\":\"EntryPoint\",\"urlTemplate\":\"https:\/\/permbledhja.com\/?s={search_term_string}\"},\"query-input\":\"required name=search_term_string\"}],\"inLanguage\":\"sq\"},{\"@type\":\"Organization\",\"@id\":\"https:\/\/permbledhja.com\/#organization\",\"name\":\"MK Media & Pr\",\"url\":\"https:\/\/permbledhja.com\/\",\"logo\":{\"@type\":\"ImageObject\",\"inLanguage\":\"sq\",\"@id\":\"https:\/\/permbledhja.com\/#\/schema\/logo\/image\/\",\"url\":\"https:\/\/permbledhja.com\/wp-content\/uploads\/2021\/12\/07-Press-Logo.jpg\",\"contentUrl\":\"https:\/\/permbledhja.com\/wp-content\/uploads\/2021\/12\/07-Press-Logo.jpg\",\"width\":512,\"height\":512,\"caption\":\"MK Media & Pr\"},\"image\":{\"@id\":\"https:\/\/permbledhja.com\/#\/schema\/logo\/image\/\"},\"sameAs\":[\"https:\/\/www.facebook.com\/press07\/\"]},{\"@type\":\"Person\",\"@id\":\"https:\/\/permbledhja.com\/#\/schema\/person\/0d064377258d3221e50693947b9eb4fe\",\"name\":\"P\u00ebrmbledhja\",\"image\":{\"@type\":\"ImageObject\",\"inLanguage\":\"sq\",\"@id\":\"https:\/\/permbledhja.com\/#\/schema\/person\/image\/\",\"url\":\"https:\/\/permbledhja.com\/wp-content\/uploads\/2026\/01\/452004717_1040944174702970_8932037511805513407_n-96x96.jpg\",\"contentUrl\":\"https:\/\/permbledhja.com\/wp-content\/uploads\/2026\/01\/452004717_1040944174702970_8932037511805513407_n-96x96.jpg\",\"caption\":\"P\u00ebrmbledhja\"},\"sameAs\":[\"https:\/\/www.facebook.com\/kafexhiu.muharrem\/\",\"https:\/\/www.instagram.com\/muharrem_kafexhiu\/\"],\"url\":\"https:\/\/permbledhja.com\/sq\/author\/admin\/\"}]}<\/script>\n<!-- \/ Yoast SEO plugin. -->","yoast_head_json":{"title":"Nxeht\u00eb n\u00eb m\u00ebngjes, pasdite me rr\u00ebbeshe shiu, kurse n\u00eb mbr\u00ebmje stabilizim i motit","robots":{"index":"index","follow":"follow","max-snippet":"max-snippet:-1","max-image-preview":"max-image-preview:large","max-video-preview":"max-video-preview:-1"},"canonical":"https:\/\/permbledhja.com\/sq\/nxehte-ne-mengjes-pasdite-me-rrebeshe-shiu-kurse-ne-mbremje-stabilizim-i-motit1\/","og_locale":"sq_AL","og_type":"article","og_title":"Nxeht\u00eb n\u00eb m\u00ebngjes, pasdite me rr\u00ebbeshe shiu, kurse n\u00eb mbr\u00ebmje stabilizim i motit","og_description":"Sot n\u00eb Kosov\u00eb pritet t\u00eb kemi mot t\u00eb nxeht\u00eb, me intervale t\u00eb gjata kohore me diell dhe zagushi. Pasdite priten zhvillime t\u00eb fuqishme t\u00eb vran\u00ebsirave konvektive t\u00eb cilat pritet t\u00eb kusht\u00ebzojn\u00eb rrebeshe lokalisht t\u00eb fuqishme shiu me vet\u00ebtima, bubullim\u00eb dhe mund\u00ebsi p\u00ebr bresh\u00ebr. N\u00eb mbr\u00ebmje stabilizim i motit. N\u00eb Shqip\u00ebri, Maqedonin\u00eb Veriore, Mal t\u00eb Zi [&hellip;]","og_url":"https:\/\/permbledhja.com\/sq\/nxehte-ne-mengjes-pasdite-me-rrebeshe-shiu-kurse-ne-mbremje-stabilizim-i-motit1\/","og_site_name":"Ve\u00e7 artikuj p\u00ebrmbledh\u00ebs","article_publisher":"https:\/\/www.facebook.com\/press07\/","article_author":"https:\/\/www.facebook.com\/kafexhiu.muharrem\/","article_published_time":"2022-07-28T06:14:18+00:00","article_modified_time":"2022-07-28T06:15:16+00:00","og_image":[{"width":696,"height":391,"url":"https:\/\/permbledhja.com\/wp-content\/uploads\/2022\/07\/Parashikimi-i-motit-696x391-1.jpg","type":"image\/jpeg"}],"author":"P\u00ebrmbledhja","twitter_card":"summary_large_image","twitter_misc":{"Written by":"P\u00ebrmbledhja","Est. reading time":"1 minut\u00eb"},"schema":{"@context":"https:\/\/schema.org","@graph":[{"@type":"Article","@id":"https:\/\/permbledhja.com\/nxehte-ne-mengjes-pasdite-me-rrebeshe-shiu-kurse-ne-mbremje-stabilizim-i-motit1\/#article","isPartOf":{"@id":"https:\/\/permbledhja.com\/nxehte-ne-mengjes-pasdite-me-rrebeshe-shiu-kurse-ne-mbremje-stabilizim-i-motit1\/"},"author":{"name":"P\u00ebrmbledhja","@id":"https:\/\/permbledhja.com\/#\/schema\/person\/0d064377258d3221e50693947b9eb4fe"},"headline":"Nxeht\u00eb n\u00eb m\u00ebngjes, pasdite me rr\u00ebbeshe shiu, kurse n\u00eb mbr\u00ebmje stabilizim i motit","datePublished":"2022-07-28T06:14:18+00:00","dateModified":"2022-07-28T06:15:16+00:00","mainEntityOfPage":{"@id":"https:\/\/permbledhja.com\/nxehte-ne-mengjes-pasdite-me-rrebeshe-shiu-kurse-ne-mbremje-stabilizim-i-motit1\/"},"wordCount":293,"publisher":{"@id":"https:\/\/permbledhja.com\/#organization"},"keywords":["Moti"],"articleSection":["Komb\u00ebtare","Lajme"],"inLanguage":"sq"},{"@type":"WebPage","@id":"https:\/\/permbledhja.com\/nxehte-ne-mengjes-pasdite-me-rrebeshe-shiu-kurse-ne-mbremje-stabilizim-i-motit1\/","url":"https:\/\/permbledhja.com\/nxehte-ne-mengjes-pasdite-me-rrebeshe-shiu-kurse-ne-mbremje-stabilizim-i-motit1\/","name":"Nxeht\u00eb n\u00eb m\u00ebngjes, pasdite me rr\u00ebbeshe shiu, kurse n\u00eb mbr\u00ebmje stabilizim i motit","isPartOf":{"@id":"https:\/\/permbledhja.com\/#website"},"datePublished":"2022-07-28T06:14:18+00:00","dateModified":"2022-07-28T06:15:16+00:00","breadcrumb":{"@id":"https:\/\/permbledhja.com\/nxehte-ne-mengjes-pasdite-me-rrebeshe-shiu-kurse-ne-mbremje-stabilizim-i-motit1\/#breadcrumb"},"inLanguage":"sq","potentialAction":[{"@type":"ReadAction","target":["https:\/\/permbledhja.com\/nxehte-ne-mengjes-pasdite-me-rrebeshe-shiu-kurse-ne-mbremje-stabilizim-i-motit1\/"]}]},{"@type":"BreadcrumbList","@id":"https:\/\/permbledhja.com\/nxehte-ne-mengjes-pasdite-me-rrebeshe-shiu-kurse-ne-mbremje-stabilizim-i-motit1\/#breadcrumb","itemListElement":[{"@type":"ListItem","position":1,"name":"Ballina","item":"https:\/\/permbledhja.com\/sq\/"},{"@type":"ListItem","position":2,"name":"Nxeht\u00eb n\u00eb m\u00ebngjes, pasdite me rr\u00ebbeshe shiu, kurse n\u00eb mbr\u00ebmje stabilizim i motit"}]},{"@type":"WebSite","@id":"https:\/\/permbledhja.com\/#website","url":"https:\/\/permbledhja.com\/","name":"Ve\u00e7 artikuj p\u00ebrmbledh\u00ebs","description":"","publisher":{"@id":"https:\/\/permbledhja.com\/#organization"},"potentialAction":[{"@type":"SearchAction","target":{"@type":"EntryPoint","urlTemplate":"https:\/\/permbledhja.com\/?s={search_term_string}"},"query-input":"required name=search_term_string"}],"inLanguage":"sq"},{"@type":"Organization","@id":"https:\/\/permbledhja.com\/#organization","name":"MK Media & Pr","url":"https:\/\/permbledhja.com\/","logo":{"@type":"ImageObject","inLanguage":"sq","@id":"https:\/\/permbledhja.com\/#\/schema\/logo\/image\/","url":"https:\/\/permbledhja.com\/wp-content\/uploads\/2021\/12\/07-Press-Logo.jpg","contentUrl":"https:\/\/permbledhja.com\/wp-content\/uploads\/2021\/12\/07-Press-Logo.jpg","width":512,"height":512,"caption":"MK Media & Pr"},"image":{"@id":"https:\/\/permbledhja.com\/#\/schema\/logo\/image\/"},"sameAs":["https:\/\/www.facebook.com\/press07\/"]},{"@type":"Person","@id":"https:\/\/permbledhja.com\/#\/schema\/person\/0d064377258d3221e50693947b9eb4fe","name":"P\u00ebrmbledhja","image":{"@type":"ImageObject","inLanguage":"sq","@id":"https:\/\/permbledhja.com\/#\/schema\/person\/image\/","url":"https:\/\/permbledhja.com\/wp-content\/uploads\/2026\/01\/452004717_1040944174702970_8932037511805513407_n-96x96.jpg","contentUrl":"https:\/\/permbledhja.com\/wp-content\/uploads\/2026\/01\/452004717_1040944174702970_8932037511805513407_n-96x96.jpg","caption":"P\u00ebrmbledhja"},"sameAs":["https:\/\/www.facebook.com\/kafexhiu.muharrem\/","https:\/\/www.instagram.com\/muharrem_kafexhiu\/"],"url":"https:\/\/permbledhja.com\/sq\/author\/admin\/"}]}},"_links":{"self":[{"href":"https:\/\/permbledhja.com\/sq\/wp-json\/wp\/v2\/posts\/3307"}],"collection":[{"href":"https:\/\/permbledhja.com\/sq\/wp-json\/wp\/v2\/posts"}],"about":[{"href":"https:\/\/permbledhja.com\/sq\/wp-json\/wp\/v2\/types\/post"}],"author":[{"embeddable":true,"href":"https:\/\/permbledhja.com\/sq\/wp-json\/wp\/v2\/users\/1"}],"replies":[{"embeddable":true,"href":"https:\/\/permbledhja.com\/sq\/wp-json\/wp\/v2\/comments?post=3307"}],"version-history":[{"count":2,"href":"https:\/\/permbledhja.com\/sq\/wp-json\/wp\/v2\/posts\/3307\/revisions"}],"predecessor-version":[{"id":3309,"href":"https:\/\/permbledhja.com\/sq\/wp-json\/wp\/v2\/posts\/3307\/revisions\/3309"}],"wp:featuredmedia":[{"embeddable":true,"href":"https:\/\/permbledhja.com\/sq\/wp-json\/wp\/v2\/media\/2551"}],"wp:attachment":[{"href":"https:\/\/permbledhja.com\/sq\/wp-json\/wp\/v2\/media?parent=3307"}],"wp:term":[{"taxonomy":"category","embeddable":true,"href":"https:\/\/permbledhja.com\/sq\/wp-json\/wp\/v2\/categories?post=3307"},{"taxonomy":"post_tag","embeddable":true,"href":"https:\/\/permbledhja.com\/sq\/wp-json\/wp\/v2\/tags?post=3307"}],"curies":[{"name":"wp","href":"https:\/\/api.w.org\/{rel}","templated":true}]}}