{"id":32640,"date":"2023-10-23T06:48:27","date_gmt":"2023-10-23T06:48:27","guid":{"rendered":"https:\/\/permbledhja.com\/?p=32640"},"modified":"2023-10-23T06:48:27","modified_gmt":"2023-10-23T06:48:27","slug":"deputetja-britanike-eshte-duke-u-bere-nje-hetim-nderkombetar-per-rastin-e-banjskes","status":"publish","type":"post","link":"https:\/\/permbledhja.com\/sq\/deputetja-britanike-eshte-duke-u-bere-nje-hetim-nderkombetar-per-rastin-e-banjskes\/","title":{"rendered":"Deputetja britanike: \u00cbsht\u00eb duke u b\u00ebr\u00eb nj\u00eb hetim nd\u00ebrkomb\u00ebtar p\u00ebr rastin e Banjsk\u00ebs"},"content":{"rendered":"<h3>Deputetja britanike, Alicia Kearns e cila po q\u00ebndron n\u00eb Kosov\u00eb, n\u00eb nj\u00eb intervist\u00eb p\u00ebr \u201cKallxo P\u00ebrnime\u201d, ka folur rreth sulmit terrorist n\u00eb Banjsk\u00eb t\u00eb Zve\u00e7anit, duke shtuar se nj\u00eb shtet i jasht\u00ebm \u00ebsht\u00eb duke kryer hetime p\u00ebr sulmin.<\/h3>\n<p>E pyetur se cili shtet \u00ebsht\u00eb ai, Kearns ka th\u00ebn\u00eb se nuk mund t\u00eb jap\u00eb m\u00eb shum\u00eb detaje.<ins><\/ins><\/p>\n<p>\u201cMe sa kam kuptuar nj\u00ebra prej shteteve t\u00eb jashtme \u00ebsht\u00eb duke b\u00ebr\u00eb vet\u00eb hetim dhe kjo do t\u00eb b\u00ebhet publike, dhe natyrisht Qeveria e Kosov\u00ebs \u00ebsht\u00eb duke e zhvilluar hetimin e vet po ashtu. Qeveria e Kosov\u00ebs do t\u00eb shoh\u00eb drejt\u00ebsi, do t\u2019i shoh\u00eb njer\u00ebzit n\u00eb gjyq, si dhe ata q\u00eb e kan\u00eb mbijetuar sulmin, ata q\u00eb kan\u00eb humbur por edhe ata q\u00eb kan\u00eb qen\u00eb d\u00ebshmitar\u00eb e meritojn\u00eb dit\u00ebn n\u00eb gjyq ku Millan (Radoi\u00e7iq)\u00a0 duhet me qen\u00eb aty n\u00eb gjyq duke dh\u00ebn\u00eb llogari.\u201d<\/p>\n<p>\u201cNuk jam e sigurt\u00eb a \u00ebsht\u00eb kjo e ditur publike k\u00ebshtu q\u00eb do t\u00eb p\u00ebrmbahem prej komentimeve t\u00eb m\u00ebtutjeshme lidhur me k\u00ebt\u00eb\u201d- shtoi ajo.<\/p>\n<p>Kearns ka th\u00ebn\u00eb se disa her\u00eb ka t\u00ebrhequr v\u00ebrejtjen se do t\u00eb ket\u00eb eskalim t\u00eb situat\u00ebs n\u00eb Kosov\u00eb, duke shtuar se gjat\u00eb vizit\u00ebs n\u00eb Kosov\u00eb ka dashur t\u00eb shoh edhe arm\u00ebt q\u00eb jan\u00eb konfiskuar n\u00eb veri t\u00eb vendit.<\/p>\n<p><iframe loading=\"lazy\" title=\"Emisioni #KallxoPernime - Intervist\u00eb: Alicia Kearns &amp; Augustin Palokaj - 22.10.2023\" width=\"640\" height=\"360\" src=\"https:\/\/www.youtube.com\/embed\/trocoD-YvUY?feature=oembed\" frameborder=\"0\" allow=\"accelerometer; autoplay; clipboard-write; encrypted-media; gyroscope; picture-in-picture; web-share\" allowfullscreen><\/iframe><\/p>\n<p>\u201cJam shum\u00eb e brengosur, e di q\u00eb \u00ebsht\u00eb duke u zhvilluar hetim lidhur me at\u00eb q\u00eb ka ndodhur me 24 shtator por desha t\u00eb shoh me syt\u00eb e mi \u00e7far\u00eb arm\u00eb jan\u00eb gjetur sakt\u00eb, sidomos pasi q\u00eb un\u00eb kisha alarmuar shum\u00eb p\u00ebrpara q\u00eb ka me ndodh. Gjithashtu kam pas d\u00ebshir\u00eb me u taku me familjen e policit t\u00eb vrar\u00eb dhe isha e privilegjuar q\u00eb m\u00eb prit\u00ebn n\u00eb sht\u00ebpin\u00eb e tyre dhe m\u00eb dhan\u00eb rastin me i shpreh ngush\u00ebllimet e mia p\u00ebr faktin q\u00eb babai i tyre, ishte vrar\u00eb\u201d, tha deputetja Kearns.<ins><\/ins><\/p>\n<p>Sipas saj arm\u00ebt e konfiskuara jan\u00eb t\u00eb rangut ushtarak.<\/p>\n<p>\u201cAto jan\u00eb arm\u00eb t\u00eb r\u00ebnda ushtarake, kan\u00eb mbishkrim serb, k\u00ebto nuk jan\u00eb arm\u00eb prej koh\u00ebs s\u00eb Millosheviqit, s\u2019jan\u00eb arm\u00eb antike, disa jan\u00eb por grantat ishin t\u00eb datuara prej 2021 dhe kjo nuk \u00ebsht\u00eb sasi e vog\u00ebl e arm\u00ebve q\u00eb nj\u00eb grup i krimit t\u00eb organizuar mund ta siguroj\u00eb. K\u00ebto jan\u00eb arm\u00eb t\u00eb rangut ushtarak, shum\u00eb serioize t\u00eb cilat nuk jan\u00eb p\u00ebr kriminalitet t\u00eb nivelit t\u00eb ul\u00ebt. U ndava mjat e brengosur prej asaj q\u00eb pash\u00eb\u201d \u2013 thot\u00eb ajo.<\/p>\n<p>M\u00eb 24 shtator 2023 nj\u00eb sulm terrorist u krye n\u00eb Banjsk\u00eb t\u00eb Zve\u00e7anit.<\/p>\n<p>Afrim Bunjaku, rreshter i Policis\u00eb s\u00eb Kosov\u00ebs, u vra, nj\u00eb polic tjet\u00ebr u plagos e nj\u00eb tjet\u00ebr u l\u00ebndua nga ky sulm, nd\u00ebrsa Policia u sulmua disa her\u00eb radhazi nga grupi terrorist deri sa k\u00ebta t\u00eb fundit ik\u00ebn n\u00eb drejtim t\u00eb Serbis\u00eb.<ins><\/ins><\/p>\n<p>N\u00eb dit\u00ebn kritike Policia sekuestroi 24 automjete, dy autoblinda e arsenal t\u00eb madh armatimi luftarak q\u00eb i kishte grupi terrorist.<\/p>\n<p>Sekuestrimi i arm\u00ebve t\u00eb tjera po vazhdon q\u00eb nga 24 shtatori, t\u00eb cilat jan\u00eb braktisur nga grupi terrorist n\u00eb Banjsk\u00eb dhe n\u00eb zon\u00ebn p\u00ebrreth.<\/p>\n<p>Tre persona nga ky grup u vran\u00eb e disa t\u00eb tjer\u00eb u arrestuan. Trupat e tre t\u00eb vrar\u00ebve iu dor\u00ebzuan m\u00eb 30 shtator 2023 familjar\u00ebve t\u00eb tyre, pas p\u00ebrfundimit t\u00eb procedurave t\u00eb nevojshme nga organet kompetente.<\/p>\n<p>\u00cbsht\u00eb ish-n\u00ebnkryetari i List\u00ebs Serbe \u2013 partia m\u00eb e madhe e serb\u00ebve n\u00eb Kosov\u00eb q\u00eb ka edhe mb\u00ebshtetjen e Qeveris\u00eb serbe \u2013 Millan Radoi\u00e7iq, i cili ka marr\u00eb p\u00ebrgjegj\u00ebsin\u00eb p\u00ebr sulmin nd\u00ebrsa ka dh\u00ebn\u00eb dor\u00ebheqje nga posti n\u00eb partin\u00eb q\u00eb i p\u00ebrkiste.<ins><\/ins><\/p>\n<p>Radoi\u00e7iq tha se t\u00eb gjith\u00eb skenarin e kishte b\u00ebr\u00eb vet dhe askujt nuk i kishte treguar. K\u00ebto pretendime i nj\u00ebjti i b\u00ebri p\u00ebrmes nj\u00eb letre t\u00eb cil\u00ebn e lexoi t\u00eb premten pasdite avokati i tij i autorizuar, Goran Petronijeviq.<\/p>\n<p>Sulmin terrorist t\u00eb 24 shtatorit e d\u00ebnuan ashp\u00ebr edhe nd\u00ebrkomb\u00ebtar\u00ebt.<\/p>\n","protected":false},"excerpt":{"rendered":"<p>Deputetja britanike, Alicia Kearns e cila po q\u00ebndron n\u00eb Kosov\u00eb, n\u00eb nj\u00eb intervist\u00eb p\u00ebr \u201cKallxo P\u00ebrnime\u201d, ka folur rreth sulmit terrorist n\u00eb Banjsk\u00eb t\u00eb Zve\u00e7anit, duke shtuar se nj\u00eb shtet i jasht\u00ebm \u00ebsht\u00eb duke kryer hetime p\u00ebr sulmin. E pyetur se cili shtet \u00ebsht\u00eb ai, Kearns ka th\u00ebn\u00eb se nuk mund t\u00eb jap\u00eb m\u00eb shum\u00eb [&hellip;]<\/p>\n","protected":false},"author":2,"featured_media":32641,"comment_status":"closed","ping_status":"closed","sticky":false,"template":"","format":"standard","meta":{"_monsterinsights_skip_tracking":false,"_monsterinsights_sitenote_active":false,"_monsterinsights_sitenote_note":"","_monsterinsights_sitenote_category":0,"_uf_show_specific_survey":0,"_uf_disable_surveys":false,"footnotes":""},"categories":[23,15],"tags":[2305],"yoast_head":"<!-- This site is optimized with the Yoast SEO plugin v21.5 - https:\/\/yoast.com\/wordpress\/plugins\/seo\/ -->\n<title>Deputetja britanike: \u00cbsht\u00eb duke u b\u00ebr\u00eb nj\u00eb hetim nd\u00ebrkomb\u00ebtar p\u00ebr rastin e Banjsk\u00ebs<\/title>\n<meta name=\"robots\" content=\"index, follow, max-snippet:-1, max-image-preview:large, max-video-preview:-1\" \/>\n<link rel=\"canonical\" href=\"https:\/\/permbledhja.com\/sq\/deputetja-britanike-eshte-duke-u-bere-nje-hetim-nderkombetar-per-rastin-e-banjskes\/\" \/>\n<meta property=\"og:locale\" content=\"sq_AL\" \/>\n<meta property=\"og:type\" content=\"article\" \/>\n<meta property=\"og:title\" content=\"Deputetja britanike: \u00cbsht\u00eb duke u b\u00ebr\u00eb nj\u00eb hetim nd\u00ebrkomb\u00ebtar p\u00ebr rastin e Banjsk\u00ebs\" \/>\n<meta property=\"og:description\" content=\"Deputetja britanike, Alicia Kearns e cila po q\u00ebndron n\u00eb Kosov\u00eb, n\u00eb nj\u00eb intervist\u00eb p\u00ebr \u201cKallxo P\u00ebrnime\u201d, ka folur rreth sulmit terrorist n\u00eb Banjsk\u00eb t\u00eb Zve\u00e7anit, duke shtuar se nj\u00eb shtet i jasht\u00ebm \u00ebsht\u00eb duke kryer hetime p\u00ebr sulmin. E pyetur se cili shtet \u00ebsht\u00eb ai, Kearns ka th\u00ebn\u00eb se nuk mund t\u00eb jap\u00eb m\u00eb shum\u00eb [&hellip;]\" \/>\n<meta property=\"og:url\" content=\"https:\/\/permbledhja.com\/sq\/deputetja-britanike-eshte-duke-u-bere-nje-hetim-nderkombetar-per-rastin-e-banjskes\/\" \/>\n<meta property=\"og:site_name\" content=\"Ve\u00e7 artikuj p\u00ebrmbledh\u00ebs\" \/>\n<meta property=\"article:publisher\" content=\"https:\/\/www.facebook.com\/press07\/\" \/>\n<meta property=\"article:published_time\" content=\"2023-10-23T06:48:27+00:00\" \/>\n<meta property=\"og:image\" content=\"https:\/\/permbledhja.com\/wp-content\/uploads\/2023\/10\/kearns-600x360-1.jpg\" \/>\n\t<meta property=\"og:image:width\" content=\"600\" \/>\n\t<meta property=\"og:image:height\" content=\"360\" \/>\n\t<meta property=\"og:image:type\" content=\"image\/jpeg\" \/>\n<meta name=\"author\" content=\"M M\" \/>\n<meta name=\"twitter:card\" content=\"summary_large_image\" \/>\n<meta name=\"twitter:label1\" content=\"Written by\" \/>\n\t<meta name=\"twitter:data1\" content=\"M M\" \/>\n\t<meta name=\"twitter:label2\" content=\"Est. reading time\" \/>\n\t<meta name=\"twitter:data2\" content=\"4 minuta\" \/>\n<script type=\"application\/ld+json\" class=\"yoast-schema-graph\">{\"@context\":\"https:\/\/schema.org\",\"@graph\":[{\"@type\":\"Article\",\"@id\":\"https:\/\/permbledhja.com\/sq\/deputetja-britanike-eshte-duke-u-bere-nje-hetim-nderkombetar-per-rastin-e-banjskes\/#article\",\"isPartOf\":{\"@id\":\"https:\/\/permbledhja.com\/sq\/deputetja-britanike-eshte-duke-u-bere-nje-hetim-nderkombetar-per-rastin-e-banjskes\/\"},\"author\":{\"name\":\"M M\",\"@id\":\"https:\/\/permbledhja.com\/#\/schema\/person\/d23f13f59b5722643933d6780783acf3\"},\"headline\":\"Deputetja britanike: \u00cbsht\u00eb duke u b\u00ebr\u00eb nj\u00eb hetim nd\u00ebrkomb\u00ebtar p\u00ebr rastin e Banjsk\u00ebs\",\"datePublished\":\"2023-10-23T06:48:27+00:00\",\"dateModified\":\"2023-10-23T06:48:27+00:00\",\"mainEntityOfPage\":{\"@id\":\"https:\/\/permbledhja.com\/sq\/deputetja-britanike-eshte-duke-u-bere-nje-hetim-nderkombetar-per-rastin-e-banjskes\/\"},\"wordCount\":704,\"publisher\":{\"@id\":\"https:\/\/permbledhja.com\/#organization\"},\"keywords\":[\"Alicia Kearns\"],\"articleSection\":[\"Komb\u00ebtare\",\"Lajme\"],\"inLanguage\":\"sq\"},{\"@type\":\"WebPage\",\"@id\":\"https:\/\/permbledhja.com\/sq\/deputetja-britanike-eshte-duke-u-bere-nje-hetim-nderkombetar-per-rastin-e-banjskes\/\",\"url\":\"https:\/\/permbledhja.com\/sq\/deputetja-britanike-eshte-duke-u-bere-nje-hetim-nderkombetar-per-rastin-e-banjskes\/\",\"name\":\"Deputetja britanike: \u00cbsht\u00eb duke u b\u00ebr\u00eb nj\u00eb hetim nd\u00ebrkomb\u00ebtar p\u00ebr rastin e Banjsk\u00ebs\",\"isPartOf\":{\"@id\":\"https:\/\/permbledhja.com\/#website\"},\"datePublished\":\"2023-10-23T06:48:27+00:00\",\"dateModified\":\"2023-10-23T06:48:27+00:00\",\"breadcrumb\":{\"@id\":\"https:\/\/permbledhja.com\/sq\/deputetja-britanike-eshte-duke-u-bere-nje-hetim-nderkombetar-per-rastin-e-banjskes\/#breadcrumb\"},\"inLanguage\":\"sq\",\"potentialAction\":[{\"@type\":\"ReadAction\",\"target\":[\"https:\/\/permbledhja.com\/sq\/deputetja-britanike-eshte-duke-u-bere-nje-hetim-nderkombetar-per-rastin-e-banjskes\/\"]}]},{\"@type\":\"BreadcrumbList\",\"@id\":\"https:\/\/permbledhja.com\/sq\/deputetja-britanike-eshte-duke-u-bere-nje-hetim-nderkombetar-per-rastin-e-banjskes\/#breadcrumb\",\"itemListElement\":[{\"@type\":\"ListItem\",\"position\":1,\"name\":\"Ballina\",\"item\":\"https:\/\/permbledhja.com\/sq\/\"},{\"@type\":\"ListItem\",\"position\":2,\"name\":\"Deputetja britanike: \u00cbsht\u00eb duke u b\u00ebr\u00eb nj\u00eb hetim nd\u00ebrkomb\u00ebtar p\u00ebr rastin e Banjsk\u00ebs\"}]},{\"@type\":\"WebSite\",\"@id\":\"https:\/\/permbledhja.com\/#website\",\"url\":\"https:\/\/permbledhja.com\/\",\"name\":\"Ve\u00e7 artikuj p\u00ebrmbledh\u00ebs\",\"description\":\"\",\"publisher\":{\"@id\":\"https:\/\/permbledhja.com\/#organization\"},\"potentialAction\":[{\"@type\":\"SearchAction\",\"target\":{\"@type\":\"EntryPoint\",\"urlTemplate\":\"https:\/\/permbledhja.com\/?s={search_term_string}\"},\"query-input\":\"required name=search_term_string\"}],\"inLanguage\":\"sq\"},{\"@type\":\"Organization\",\"@id\":\"https:\/\/permbledhja.com\/#organization\",\"name\":\"MK Media & Pr\",\"url\":\"https:\/\/permbledhja.com\/\",\"logo\":{\"@type\":\"ImageObject\",\"inLanguage\":\"sq\",\"@id\":\"https:\/\/permbledhja.com\/#\/schema\/logo\/image\/\",\"url\":\"https:\/\/permbledhja.com\/wp-content\/uploads\/2021\/12\/07-Press-Logo.jpg\",\"contentUrl\":\"https:\/\/permbledhja.com\/wp-content\/uploads\/2021\/12\/07-Press-Logo.jpg\",\"width\":512,\"height\":512,\"caption\":\"MK Media & Pr\"},\"image\":{\"@id\":\"https:\/\/permbledhja.com\/#\/schema\/logo\/image\/\"},\"sameAs\":[\"https:\/\/www.facebook.com\/press07\/\"]},{\"@type\":\"Person\",\"@id\":\"https:\/\/permbledhja.com\/#\/schema\/person\/d23f13f59b5722643933d6780783acf3\",\"name\":\"M M\",\"image\":{\"@type\":\"ImageObject\",\"inLanguage\":\"sq\",\"@id\":\"https:\/\/permbledhja.com\/#\/schema\/person\/image\/\",\"url\":\"https:\/\/secure.gravatar.com\/avatar\/e2835a76ca7c31a2416b2d51c4ec9a8f?s=96&d=mm&r=g\",\"contentUrl\":\"https:\/\/secure.gravatar.com\/avatar\/e2835a76ca7c31a2416b2d51c4ec9a8f?s=96&d=mm&r=g\",\"caption\":\"M M\"},\"sameAs\":[\"http:\/\/MM\"],\"url\":\"https:\/\/permbledhja.com\/sq\/author\/muhamet\/\"}]}<\/script>\n<!-- \/ Yoast SEO plugin. -->","yoast_head_json":{"title":"Deputetja britanike: \u00cbsht\u00eb duke u b\u00ebr\u00eb nj\u00eb hetim nd\u00ebrkomb\u00ebtar p\u00ebr rastin e Banjsk\u00ebs","robots":{"index":"index","follow":"follow","max-snippet":"max-snippet:-1","max-image-preview":"max-image-preview:large","max-video-preview":"max-video-preview:-1"},"canonical":"https:\/\/permbledhja.com\/sq\/deputetja-britanike-eshte-duke-u-bere-nje-hetim-nderkombetar-per-rastin-e-banjskes\/","og_locale":"sq_AL","og_type":"article","og_title":"Deputetja britanike: \u00cbsht\u00eb duke u b\u00ebr\u00eb nj\u00eb hetim nd\u00ebrkomb\u00ebtar p\u00ebr rastin e Banjsk\u00ebs","og_description":"Deputetja britanike, Alicia Kearns e cila po q\u00ebndron n\u00eb Kosov\u00eb, n\u00eb nj\u00eb intervist\u00eb p\u00ebr \u201cKallxo P\u00ebrnime\u201d, ka folur rreth sulmit terrorist n\u00eb Banjsk\u00eb t\u00eb Zve\u00e7anit, duke shtuar se nj\u00eb shtet i jasht\u00ebm \u00ebsht\u00eb duke kryer hetime p\u00ebr sulmin. E pyetur se cili shtet \u00ebsht\u00eb ai, Kearns ka th\u00ebn\u00eb se nuk mund t\u00eb jap\u00eb m\u00eb shum\u00eb [&hellip;]","og_url":"https:\/\/permbledhja.com\/sq\/deputetja-britanike-eshte-duke-u-bere-nje-hetim-nderkombetar-per-rastin-e-banjskes\/","og_site_name":"Ve\u00e7 artikuj p\u00ebrmbledh\u00ebs","article_publisher":"https:\/\/www.facebook.com\/press07\/","article_published_time":"2023-10-23T06:48:27+00:00","og_image":[{"width":600,"height":360,"url":"https:\/\/permbledhja.com\/wp-content\/uploads\/2023\/10\/kearns-600x360-1.jpg","type":"image\/jpeg"}],"author":"M M","twitter_card":"summary_large_image","twitter_misc":{"Written by":"M M","Est. reading time":"4 minuta"},"schema":{"@context":"https:\/\/schema.org","@graph":[{"@type":"Article","@id":"https:\/\/permbledhja.com\/sq\/deputetja-britanike-eshte-duke-u-bere-nje-hetim-nderkombetar-per-rastin-e-banjskes\/#article","isPartOf":{"@id":"https:\/\/permbledhja.com\/sq\/deputetja-britanike-eshte-duke-u-bere-nje-hetim-nderkombetar-per-rastin-e-banjskes\/"},"author":{"name":"M M","@id":"https:\/\/permbledhja.com\/#\/schema\/person\/d23f13f59b5722643933d6780783acf3"},"headline":"Deputetja britanike: \u00cbsht\u00eb duke u b\u00ebr\u00eb nj\u00eb hetim nd\u00ebrkomb\u00ebtar p\u00ebr rastin e Banjsk\u00ebs","datePublished":"2023-10-23T06:48:27+00:00","dateModified":"2023-10-23T06:48:27+00:00","mainEntityOfPage":{"@id":"https:\/\/permbledhja.com\/sq\/deputetja-britanike-eshte-duke-u-bere-nje-hetim-nderkombetar-per-rastin-e-banjskes\/"},"wordCount":704,"publisher":{"@id":"https:\/\/permbledhja.com\/#organization"},"keywords":["Alicia Kearns"],"articleSection":["Komb\u00ebtare","Lajme"],"inLanguage":"sq"},{"@type":"WebPage","@id":"https:\/\/permbledhja.com\/sq\/deputetja-britanike-eshte-duke-u-bere-nje-hetim-nderkombetar-per-rastin-e-banjskes\/","url":"https:\/\/permbledhja.com\/sq\/deputetja-britanike-eshte-duke-u-bere-nje-hetim-nderkombetar-per-rastin-e-banjskes\/","name":"Deputetja britanike: \u00cbsht\u00eb duke u b\u00ebr\u00eb nj\u00eb hetim nd\u00ebrkomb\u00ebtar p\u00ebr rastin e Banjsk\u00ebs","isPartOf":{"@id":"https:\/\/permbledhja.com\/#website"},"datePublished":"2023-10-23T06:48:27+00:00","dateModified":"2023-10-23T06:48:27+00:00","breadcrumb":{"@id":"https:\/\/permbledhja.com\/sq\/deputetja-britanike-eshte-duke-u-bere-nje-hetim-nderkombetar-per-rastin-e-banjskes\/#breadcrumb"},"inLanguage":"sq","potentialAction":[{"@type":"ReadAction","target":["https:\/\/permbledhja.com\/sq\/deputetja-britanike-eshte-duke-u-bere-nje-hetim-nderkombetar-per-rastin-e-banjskes\/"]}]},{"@type":"BreadcrumbList","@id":"https:\/\/permbledhja.com\/sq\/deputetja-britanike-eshte-duke-u-bere-nje-hetim-nderkombetar-per-rastin-e-banjskes\/#breadcrumb","itemListElement":[{"@type":"ListItem","position":1,"name":"Ballina","item":"https:\/\/permbledhja.com\/sq\/"},{"@type":"ListItem","position":2,"name":"Deputetja britanike: \u00cbsht\u00eb duke u b\u00ebr\u00eb nj\u00eb hetim nd\u00ebrkomb\u00ebtar p\u00ebr rastin e Banjsk\u00ebs"}]},{"@type":"WebSite","@id":"https:\/\/permbledhja.com\/#website","url":"https:\/\/permbledhja.com\/","name":"Ve\u00e7 artikuj p\u00ebrmbledh\u00ebs","description":"","publisher":{"@id":"https:\/\/permbledhja.com\/#organization"},"potentialAction":[{"@type":"SearchAction","target":{"@type":"EntryPoint","urlTemplate":"https:\/\/permbledhja.com\/?s={search_term_string}"},"query-input":"required name=search_term_string"}],"inLanguage":"sq"},{"@type":"Organization","@id":"https:\/\/permbledhja.com\/#organization","name":"MK Media & Pr","url":"https:\/\/permbledhja.com\/","logo":{"@type":"ImageObject","inLanguage":"sq","@id":"https:\/\/permbledhja.com\/#\/schema\/logo\/image\/","url":"https:\/\/permbledhja.com\/wp-content\/uploads\/2021\/12\/07-Press-Logo.jpg","contentUrl":"https:\/\/permbledhja.com\/wp-content\/uploads\/2021\/12\/07-Press-Logo.jpg","width":512,"height":512,"caption":"MK Media & Pr"},"image":{"@id":"https:\/\/permbledhja.com\/#\/schema\/logo\/image\/"},"sameAs":["https:\/\/www.facebook.com\/press07\/"]},{"@type":"Person","@id":"https:\/\/permbledhja.com\/#\/schema\/person\/d23f13f59b5722643933d6780783acf3","name":"M M","image":{"@type":"ImageObject","inLanguage":"sq","@id":"https:\/\/permbledhja.com\/#\/schema\/person\/image\/","url":"https:\/\/secure.gravatar.com\/avatar\/e2835a76ca7c31a2416b2d51c4ec9a8f?s=96&d=mm&r=g","contentUrl":"https:\/\/secure.gravatar.com\/avatar\/e2835a76ca7c31a2416b2d51c4ec9a8f?s=96&d=mm&r=g","caption":"M M"},"sameAs":["http:\/\/MM"],"url":"https:\/\/permbledhja.com\/sq\/author\/muhamet\/"}]}},"_links":{"self":[{"href":"https:\/\/permbledhja.com\/sq\/wp-json\/wp\/v2\/posts\/32640"}],"collection":[{"href":"https:\/\/permbledhja.com\/sq\/wp-json\/wp\/v2\/posts"}],"about":[{"href":"https:\/\/permbledhja.com\/sq\/wp-json\/wp\/v2\/types\/post"}],"author":[{"embeddable":true,"href":"https:\/\/permbledhja.com\/sq\/wp-json\/wp\/v2\/users\/2"}],"replies":[{"embeddable":true,"href":"https:\/\/permbledhja.com\/sq\/wp-json\/wp\/v2\/comments?post=32640"}],"version-history":[{"count":1,"href":"https:\/\/permbledhja.com\/sq\/wp-json\/wp\/v2\/posts\/32640\/revisions"}],"predecessor-version":[{"id":32642,"href":"https:\/\/permbledhja.com\/sq\/wp-json\/wp\/v2\/posts\/32640\/revisions\/32642"}],"wp:featuredmedia":[{"embeddable":true,"href":"https:\/\/permbledhja.com\/sq\/wp-json\/wp\/v2\/media\/32641"}],"wp:attachment":[{"href":"https:\/\/permbledhja.com\/sq\/wp-json\/wp\/v2\/media?parent=32640"}],"wp:term":[{"taxonomy":"category","embeddable":true,"href":"https:\/\/permbledhja.com\/sq\/wp-json\/wp\/v2\/categories?post=32640"},{"taxonomy":"post_tag","embeddable":true,"href":"https:\/\/permbledhja.com\/sq\/wp-json\/wp\/v2\/tags?post=32640"}],"curies":[{"name":"wp","href":"https:\/\/api.w.org\/{rel}","templated":true}]}}