{"id":3244,"date":"2022-07-27T11:22:36","date_gmt":"2022-07-27T11:22:36","guid":{"rendered":"https:\/\/permbledhja.com\/?p=3244"},"modified":"2022-07-27T11:22:36","modified_gmt":"2022-07-27T11:22:36","slug":"shkrirja-e-akullnajave-ndryshon-kufirin-zvicer-itali","status":"publish","type":"post","link":"https:\/\/permbledhja.com\/sq\/shkrirja-e-akullnajave-ndryshon-kufirin-zvicer-itali\/","title":{"rendered":"Shkrirja e akullnajave ndryshon kufirin Zvic\u00ebr-Itali"},"content":{"rendered":"<p><strong>Temperaturat e larta ekstreme, p\u00ebr shkak t\u00eb ndryshimeve klimatike po p\u00ebrshpejtojn\u00eb shkrirjen e akullnajave t\u00eb Zvicr\u00ebs, duke shkaktuar disa sfida t\u00eb papritura gjeopolitike. <\/strong><\/p>\n<p>Shkrirja e nj\u00eb akullnaje n\u00eb Alpe ka zhvendosur vij\u00ebn kufitare mes Zvicr\u00ebs dhe Italis\u00eb, t\u00eb cilat ndajn\u00eb nj\u00eb kufi prej 800.2 kilometrash.<\/p>\n<p>https:\/\/permbledhja.com\/i-riu-sh%d1%80eton-heroiki%d1%95ht-2-vjecaren-ra-nga-kati-i-6-te-e-%d1%80riti-ne-krahe\/<\/p>\n<p>Vija kufitare n\u00eb k\u00ebt\u00eb zon\u00eb p\u00ebrcaktohet nga nj\u00eb kanal kullues. Por me shkrirjen e akullnaj\u00ebs Theodul, vija \u00ebsht\u00eb zhvendosur n\u00eb del Cervino, pran\u00eb maj\u00ebs Testa Grigia n\u00eb nj\u00eb lart\u00ebsi prej 3,480 metra dhe gradualisht po l\u00ebviz posht\u00eb nd\u00ebrtes\u00ebs, duke b\u00ebr\u00eb q\u00eb disa turist\u00eb t\u00eb pyesin n\u00ebse tani ndodhen n\u00eb Zvic\u00ebr.<\/p>\n<p>\u00c7\u00ebshtja ka qen\u00eb objekt i negociatave diplomatike midis Zvicr\u00ebs dhe Italis\u00eb q\u00eb filluan n\u00eb vitin 2018 dhe p\u00ebrfunduan vitin e kaluar me nj\u00eb kompromis, megjith\u00ebse detajet e saj mbeten konfidenciale.\/Alsat.mk<\/p>\n<p>https:\/\/permbledhja.com\/pishina-e-djallit-vend-tmerresisht-i-bukur-por-a-do-guxonit-te-shkonit\/<\/p>\n","protected":false},"excerpt":{"rendered":"<p>Temperaturat e larta ekstreme, p\u00ebr shkak t\u00eb ndryshimeve klimatike po p\u00ebrshpejtojn\u00eb shkrirjen e akullnajave t\u00eb Zvicr\u00ebs, duke shkaktuar disa sfida t\u00eb papritura gjeopolitike. Shkrirja e nj\u00eb akullnaje n\u00eb Alpe ka zhvendosur vij\u00ebn kufitare mes Zvicr\u00ebs dhe Italis\u00eb, t\u00eb cilat ndajn\u00eb nj\u00eb kufi prej 800.2 kilometrash. https:\/\/permbledhja.com\/i-riu-sh%d1%80eton-heroiki%d1%95ht-2-vjecaren-ra-nga-kati-i-6-te-e-%d1%80riti-ne-krahe\/ Vija kufitare n\u00eb k\u00ebt\u00eb zon\u00eb p\u00ebrcaktohet nga nj\u00eb kanal [&hellip;]<\/p>\n","protected":false},"author":1,"featured_media":3245,"comment_status":"closed","ping_status":"closed","sticky":false,"template":"","format":"standard","meta":{"_monsterinsights_skip_tracking":false,"_monsterinsights_sitenote_active":false,"_monsterinsights_sitenote_note":"","_monsterinsights_sitenote_category":0,"_uf_show_specific_survey":0,"_uf_disable_surveys":false,"footnotes":""},"categories":[1],"tags":[603],"yoast_head":"<!-- This site is optimized with the Yoast SEO plugin v21.5 - https:\/\/yoast.com\/wordpress\/plugins\/seo\/ -->\n<title>Shkrirja e akullnajave ndryshon kufirin Zvic\u00ebr-Itali<\/title>\n<meta name=\"robots\" content=\"index, follow, max-snippet:-1, max-image-preview:large, max-video-preview:-1\" \/>\n<link rel=\"canonical\" href=\"https:\/\/permbledhja.com\/sq\/shkrirja-e-akullnajave-ndryshon-kufirin-zvicer-itali\/\" \/>\n<meta property=\"og:locale\" content=\"sq_AL\" \/>\n<meta property=\"og:type\" content=\"article\" \/>\n<meta property=\"og:title\" content=\"Shkrirja e akullnajave ndryshon kufirin Zvic\u00ebr-Itali\" \/>\n<meta property=\"og:description\" content=\"Temperaturat e larta ekstreme, p\u00ebr shkak t\u00eb ndryshimeve klimatike po p\u00ebrshpejtojn\u00eb shkrirjen e akullnajave t\u00eb Zvicr\u00ebs, duke shkaktuar disa sfida t\u00eb papritura gjeopolitike. Shkrirja e nj\u00eb akullnaje n\u00eb Alpe ka zhvendosur vij\u00ebn kufitare mes Zvicr\u00ebs dhe Italis\u00eb, t\u00eb cilat ndajn\u00eb nj\u00eb kufi prej 800.2 kilometrash. https:\/\/permbledhja.com\/i-riu-sh%d1%80eton-heroiki%d1%95ht-2-vjecaren-ra-nga-kati-i-6-te-e-%d1%80riti-ne-krahe\/ Vija kufitare n\u00eb k\u00ebt\u00eb zon\u00eb p\u00ebrcaktohet nga nj\u00eb kanal [&hellip;]\" \/>\n<meta property=\"og:url\" content=\"https:\/\/permbledhja.com\/sq\/shkrirja-e-akullnajave-ndryshon-kufirin-zvicer-itali\/\" \/>\n<meta property=\"og:site_name\" content=\"Ve\u00e7 artikuj p\u00ebrmbledh\u00ebs\" \/>\n<meta property=\"article:publisher\" content=\"https:\/\/www.facebook.com\/press07\/\" \/>\n<meta property=\"article:author\" content=\"https:\/\/www.facebook.com\/kafexhiu.muharrem\/\" \/>\n<meta property=\"article:published_time\" content=\"2022-07-27T11:22:36+00:00\" \/>\n<meta property=\"og:image\" content=\"https:\/\/permbledhja.com\/wp-content\/uploads\/2022\/07\/akull.jpg\" \/>\n\t<meta property=\"og:image:width\" content=\"600\" \/>\n\t<meta property=\"og:image:height\" content=\"400\" \/>\n\t<meta property=\"og:image:type\" content=\"image\/jpeg\" \/>\n<meta name=\"author\" content=\"P\u00ebrmbledhja\" \/>\n<meta name=\"twitter:card\" content=\"summary_large_image\" \/>\n<meta name=\"twitter:label1\" content=\"Written by\" \/>\n\t<meta name=\"twitter:data1\" content=\"P\u00ebrmbledhja\" \/>\n\t<meta name=\"twitter:label2\" content=\"Est. reading time\" \/>\n\t<meta name=\"twitter:data2\" content=\"1 minut\u00eb\" \/>\n<script type=\"application\/ld+json\" class=\"yoast-schema-graph\">{\"@context\":\"https:\/\/schema.org\",\"@graph\":[{\"@type\":\"Article\",\"@id\":\"https:\/\/permbledhja.com\/shkrirja-e-akullnajave-ndryshon-kufirin-zvicer-itali\/#article\",\"isPartOf\":{\"@id\":\"https:\/\/permbledhja.com\/shkrirja-e-akullnajave-ndryshon-kufirin-zvicer-itali\/\"},\"author\":{\"name\":\"P\u00ebrmbledhja\",\"@id\":\"https:\/\/permbledhja.com\/#\/schema\/person\/0d064377258d3221e50693947b9eb4fe\"},\"headline\":\"Shkrirja e akullnajave ndryshon kufirin Zvic\u00ebr-Itali\",\"datePublished\":\"2022-07-27T11:22:36+00:00\",\"dateModified\":\"2022-07-27T11:22:36+00:00\",\"mainEntityOfPage\":{\"@id\":\"https:\/\/permbledhja.com\/shkrirja-e-akullnajave-ndryshon-kufirin-zvicer-itali\/\"},\"wordCount\":166,\"publisher\":{\"@id\":\"https:\/\/permbledhja.com\/#organization\"},\"keywords\":[\"Kufiri Zvic\u00ebr - Itali\"],\"articleSection\":[\"Breaking News\"],\"inLanguage\":\"sq\"},{\"@type\":\"WebPage\",\"@id\":\"https:\/\/permbledhja.com\/shkrirja-e-akullnajave-ndryshon-kufirin-zvicer-itali\/\",\"url\":\"https:\/\/permbledhja.com\/shkrirja-e-akullnajave-ndryshon-kufirin-zvicer-itali\/\",\"name\":\"Shkrirja e akullnajave ndryshon kufirin Zvic\u00ebr-Itali\",\"isPartOf\":{\"@id\":\"https:\/\/permbledhja.com\/#website\"},\"datePublished\":\"2022-07-27T11:22:36+00:00\",\"dateModified\":\"2022-07-27T11:22:36+00:00\",\"breadcrumb\":{\"@id\":\"https:\/\/permbledhja.com\/shkrirja-e-akullnajave-ndryshon-kufirin-zvicer-itali\/#breadcrumb\"},\"inLanguage\":\"sq\",\"potentialAction\":[{\"@type\":\"ReadAction\",\"target\":[\"https:\/\/permbledhja.com\/shkrirja-e-akullnajave-ndryshon-kufirin-zvicer-itali\/\"]}]},{\"@type\":\"BreadcrumbList\",\"@id\":\"https:\/\/permbledhja.com\/shkrirja-e-akullnajave-ndryshon-kufirin-zvicer-itali\/#breadcrumb\",\"itemListElement\":[{\"@type\":\"ListItem\",\"position\":1,\"name\":\"Ballina\",\"item\":\"https:\/\/permbledhja.com\/sq\/\"},{\"@type\":\"ListItem\",\"position\":2,\"name\":\"Shkrirja e akullnajave ndryshon kufirin Zvic\u00ebr-Itali\"}]},{\"@type\":\"WebSite\",\"@id\":\"https:\/\/permbledhja.com\/#website\",\"url\":\"https:\/\/permbledhja.com\/\",\"name\":\"Ve\u00e7 artikuj p\u00ebrmbledh\u00ebs\",\"description\":\"\",\"publisher\":{\"@id\":\"https:\/\/permbledhja.com\/#organization\"},\"potentialAction\":[{\"@type\":\"SearchAction\",\"target\":{\"@type\":\"EntryPoint\",\"urlTemplate\":\"https:\/\/permbledhja.com\/?s={search_term_string}\"},\"query-input\":\"required name=search_term_string\"}],\"inLanguage\":\"sq\"},{\"@type\":\"Organization\",\"@id\":\"https:\/\/permbledhja.com\/#organization\",\"name\":\"MK Media & Pr\",\"url\":\"https:\/\/permbledhja.com\/\",\"logo\":{\"@type\":\"ImageObject\",\"inLanguage\":\"sq\",\"@id\":\"https:\/\/permbledhja.com\/#\/schema\/logo\/image\/\",\"url\":\"https:\/\/permbledhja.com\/wp-content\/uploads\/2021\/12\/07-Press-Logo.jpg\",\"contentUrl\":\"https:\/\/permbledhja.com\/wp-content\/uploads\/2021\/12\/07-Press-Logo.jpg\",\"width\":512,\"height\":512,\"caption\":\"MK Media & Pr\"},\"image\":{\"@id\":\"https:\/\/permbledhja.com\/#\/schema\/logo\/image\/\"},\"sameAs\":[\"https:\/\/www.facebook.com\/press07\/\"]},{\"@type\":\"Person\",\"@id\":\"https:\/\/permbledhja.com\/#\/schema\/person\/0d064377258d3221e50693947b9eb4fe\",\"name\":\"P\u00ebrmbledhja\",\"image\":{\"@type\":\"ImageObject\",\"inLanguage\":\"sq\",\"@id\":\"https:\/\/permbledhja.com\/#\/schema\/person\/image\/\",\"url\":\"https:\/\/permbledhja.com\/wp-content\/uploads\/2026\/01\/452004717_1040944174702970_8932037511805513407_n-96x96.jpg\",\"contentUrl\":\"https:\/\/permbledhja.com\/wp-content\/uploads\/2026\/01\/452004717_1040944174702970_8932037511805513407_n-96x96.jpg\",\"caption\":\"P\u00ebrmbledhja\"},\"sameAs\":[\"https:\/\/www.facebook.com\/kafexhiu.muharrem\/\",\"https:\/\/www.instagram.com\/muharrem_kafexhiu\/\"],\"url\":\"https:\/\/permbledhja.com\/sq\/author\/admin\/\"}]}<\/script>\n<!-- \/ Yoast SEO plugin. -->","yoast_head_json":{"title":"Shkrirja e akullnajave ndryshon kufirin Zvic\u00ebr-Itali","robots":{"index":"index","follow":"follow","max-snippet":"max-snippet:-1","max-image-preview":"max-image-preview:large","max-video-preview":"max-video-preview:-1"},"canonical":"https:\/\/permbledhja.com\/sq\/shkrirja-e-akullnajave-ndryshon-kufirin-zvicer-itali\/","og_locale":"sq_AL","og_type":"article","og_title":"Shkrirja e akullnajave ndryshon kufirin Zvic\u00ebr-Itali","og_description":"Temperaturat e larta ekstreme, p\u00ebr shkak t\u00eb ndryshimeve klimatike po p\u00ebrshpejtojn\u00eb shkrirjen e akullnajave t\u00eb Zvicr\u00ebs, duke shkaktuar disa sfida t\u00eb papritura gjeopolitike. Shkrirja e nj\u00eb akullnaje n\u00eb Alpe ka zhvendosur vij\u00ebn kufitare mes Zvicr\u00ebs dhe Italis\u00eb, t\u00eb cilat ndajn\u00eb nj\u00eb kufi prej 800.2 kilometrash. https:\/\/permbledhja.com\/i-riu-sh%d1%80eton-heroiki%d1%95ht-2-vjecaren-ra-nga-kati-i-6-te-e-%d1%80riti-ne-krahe\/ Vija kufitare n\u00eb k\u00ebt\u00eb zon\u00eb p\u00ebrcaktohet nga nj\u00eb kanal [&hellip;]","og_url":"https:\/\/permbledhja.com\/sq\/shkrirja-e-akullnajave-ndryshon-kufirin-zvicer-itali\/","og_site_name":"Ve\u00e7 artikuj p\u00ebrmbledh\u00ebs","article_publisher":"https:\/\/www.facebook.com\/press07\/","article_author":"https:\/\/www.facebook.com\/kafexhiu.muharrem\/","article_published_time":"2022-07-27T11:22:36+00:00","og_image":[{"width":600,"height":400,"url":"https:\/\/permbledhja.com\/wp-content\/uploads\/2022\/07\/akull.jpg","type":"image\/jpeg"}],"author":"P\u00ebrmbledhja","twitter_card":"summary_large_image","twitter_misc":{"Written by":"P\u00ebrmbledhja","Est. reading time":"1 minut\u00eb"},"schema":{"@context":"https:\/\/schema.org","@graph":[{"@type":"Article","@id":"https:\/\/permbledhja.com\/shkrirja-e-akullnajave-ndryshon-kufirin-zvicer-itali\/#article","isPartOf":{"@id":"https:\/\/permbledhja.com\/shkrirja-e-akullnajave-ndryshon-kufirin-zvicer-itali\/"},"author":{"name":"P\u00ebrmbledhja","@id":"https:\/\/permbledhja.com\/#\/schema\/person\/0d064377258d3221e50693947b9eb4fe"},"headline":"Shkrirja e akullnajave ndryshon kufirin Zvic\u00ebr-Itali","datePublished":"2022-07-27T11:22:36+00:00","dateModified":"2022-07-27T11:22:36+00:00","mainEntityOfPage":{"@id":"https:\/\/permbledhja.com\/shkrirja-e-akullnajave-ndryshon-kufirin-zvicer-itali\/"},"wordCount":166,"publisher":{"@id":"https:\/\/permbledhja.com\/#organization"},"keywords":["Kufiri Zvic\u00ebr - Itali"],"articleSection":["Breaking News"],"inLanguage":"sq"},{"@type":"WebPage","@id":"https:\/\/permbledhja.com\/shkrirja-e-akullnajave-ndryshon-kufirin-zvicer-itali\/","url":"https:\/\/permbledhja.com\/shkrirja-e-akullnajave-ndryshon-kufirin-zvicer-itali\/","name":"Shkrirja e akullnajave ndryshon kufirin Zvic\u00ebr-Itali","isPartOf":{"@id":"https:\/\/permbledhja.com\/#website"},"datePublished":"2022-07-27T11:22:36+00:00","dateModified":"2022-07-27T11:22:36+00:00","breadcrumb":{"@id":"https:\/\/permbledhja.com\/shkrirja-e-akullnajave-ndryshon-kufirin-zvicer-itali\/#breadcrumb"},"inLanguage":"sq","potentialAction":[{"@type":"ReadAction","target":["https:\/\/permbledhja.com\/shkrirja-e-akullnajave-ndryshon-kufirin-zvicer-itali\/"]}]},{"@type":"BreadcrumbList","@id":"https:\/\/permbledhja.com\/shkrirja-e-akullnajave-ndryshon-kufirin-zvicer-itali\/#breadcrumb","itemListElement":[{"@type":"ListItem","position":1,"name":"Ballina","item":"https:\/\/permbledhja.com\/sq\/"},{"@type":"ListItem","position":2,"name":"Shkrirja e akullnajave ndryshon kufirin Zvic\u00ebr-Itali"}]},{"@type":"WebSite","@id":"https:\/\/permbledhja.com\/#website","url":"https:\/\/permbledhja.com\/","name":"Ve\u00e7 artikuj p\u00ebrmbledh\u00ebs","description":"","publisher":{"@id":"https:\/\/permbledhja.com\/#organization"},"potentialAction":[{"@type":"SearchAction","target":{"@type":"EntryPoint","urlTemplate":"https:\/\/permbledhja.com\/?s={search_term_string}"},"query-input":"required name=search_term_string"}],"inLanguage":"sq"},{"@type":"Organization","@id":"https:\/\/permbledhja.com\/#organization","name":"MK Media & Pr","url":"https:\/\/permbledhja.com\/","logo":{"@type":"ImageObject","inLanguage":"sq","@id":"https:\/\/permbledhja.com\/#\/schema\/logo\/image\/","url":"https:\/\/permbledhja.com\/wp-content\/uploads\/2021\/12\/07-Press-Logo.jpg","contentUrl":"https:\/\/permbledhja.com\/wp-content\/uploads\/2021\/12\/07-Press-Logo.jpg","width":512,"height":512,"caption":"MK Media & Pr"},"image":{"@id":"https:\/\/permbledhja.com\/#\/schema\/logo\/image\/"},"sameAs":["https:\/\/www.facebook.com\/press07\/"]},{"@type":"Person","@id":"https:\/\/permbledhja.com\/#\/schema\/person\/0d064377258d3221e50693947b9eb4fe","name":"P\u00ebrmbledhja","image":{"@type":"ImageObject","inLanguage":"sq","@id":"https:\/\/permbledhja.com\/#\/schema\/person\/image\/","url":"https:\/\/permbledhja.com\/wp-content\/uploads\/2026\/01\/452004717_1040944174702970_8932037511805513407_n-96x96.jpg","contentUrl":"https:\/\/permbledhja.com\/wp-content\/uploads\/2026\/01\/452004717_1040944174702970_8932037511805513407_n-96x96.jpg","caption":"P\u00ebrmbledhja"},"sameAs":["https:\/\/www.facebook.com\/kafexhiu.muharrem\/","https:\/\/www.instagram.com\/muharrem_kafexhiu\/"],"url":"https:\/\/permbledhja.com\/sq\/author\/admin\/"}]}},"_links":{"self":[{"href":"https:\/\/permbledhja.com\/sq\/wp-json\/wp\/v2\/posts\/3244"}],"collection":[{"href":"https:\/\/permbledhja.com\/sq\/wp-json\/wp\/v2\/posts"}],"about":[{"href":"https:\/\/permbledhja.com\/sq\/wp-json\/wp\/v2\/types\/post"}],"author":[{"embeddable":true,"href":"https:\/\/permbledhja.com\/sq\/wp-json\/wp\/v2\/users\/1"}],"replies":[{"embeddable":true,"href":"https:\/\/permbledhja.com\/sq\/wp-json\/wp\/v2\/comments?post=3244"}],"version-history":[{"count":1,"href":"https:\/\/permbledhja.com\/sq\/wp-json\/wp\/v2\/posts\/3244\/revisions"}],"predecessor-version":[{"id":3246,"href":"https:\/\/permbledhja.com\/sq\/wp-json\/wp\/v2\/posts\/3244\/revisions\/3246"}],"wp:featuredmedia":[{"embeddable":true,"href":"https:\/\/permbledhja.com\/sq\/wp-json\/wp\/v2\/media\/3245"}],"wp:attachment":[{"href":"https:\/\/permbledhja.com\/sq\/wp-json\/wp\/v2\/media?parent=3244"}],"wp:term":[{"taxonomy":"category","embeddable":true,"href":"https:\/\/permbledhja.com\/sq\/wp-json\/wp\/v2\/categories?post=3244"},{"taxonomy":"post_tag","embeddable":true,"href":"https:\/\/permbledhja.com\/sq\/wp-json\/wp\/v2\/tags?post=3244"}],"curies":[{"name":"wp","href":"https:\/\/api.w.org\/{rel}","templated":true}]}}