{"id":32422,"date":"2023-10-21T18:36:28","date_gmt":"2023-10-21T18:36:28","guid":{"rendered":"https:\/\/permbledhja.com\/?p=32422"},"modified":"2023-10-21T18:36:28","modified_gmt":"2023-10-21T18:36:28","slug":"braktisja-e-fese-islame-lidhja-e-historianeve-te-decanit-u-reagon-bashkevendasve-nxitje-propagande","status":"publish","type":"post","link":"https:\/\/permbledhja.com\/sq\/braktisja-e-fese-islame-lidhja-e-historianeve-te-decanit-u-reagon-bashkevendasve-nxitje-propagande\/","title":{"rendered":"&#8220;Braktisja e fes\u00eb islame&#8221;, Lidhja e Historian\u00ebve t\u00eb De\u00e7anit u reagon bashk\u00ebvendasve: Nxitje, propagand\u00eb"},"content":{"rendered":"<h3>De\u00e7ani ka qen\u00eb tem\u00eb gjat\u00eb dit\u00ebs s\u00eb sotme, pas nj\u00eb postimi t\u00eb gazetarit Zeqir Mehmetajt, sipas t\u00eb cilit \u00ebsht\u00eb njoftuar p\u00ebr nj\u00eb organizim t\u00eb nj\u00eb l\u00ebvizjeje rreth braktisjes s\u00eb fes\u00eb islame.<\/h3>\n<p>Ashtu si\u00e7 edhe pritej, reagoi edhe Lidhja e Historian\u00ebve, p\u00ebrcjell <strong>07 Press<\/strong>.<\/p>\n<p>Zyra p\u00ebr Komunikim e k\u00ebsaj lidhjeje shtoi se organizimi i mbr\u00ebmsh\u00ebm \u00ebsht\u00eb ve\u00e7 nxitje dhe asgj\u00eb tjet\u00ebr.<\/p>\n<p>M\u00eb posht\u00eb postimi i tyre:<\/p>\n<p><em>Lidhja e Historian\u00ebve t\u00eb Kosov\u00ebs \u201cAli Hadri\u201d dega n\u00eb De\u00e7an, reagon dhe shpreh shqet\u00ebsimin e saj n\u00eb lidhje me nj\u00eb organizim t\u00eb dit\u00ebs s\u00eb djeshme, ku persona tashme t\u00eb njohur edhe p\u00ebr publikun, kan\u00eb manifestuar duke nxitur urrejtje deri n\u00eb mos durim n\u00eb nj\u00eb aktivitet me q\u00ebllime propagandimin fetar\u00eb.<\/em><\/p>\n<p><em>Lidhja e Historian\u00ebve t\u00eb Kosov\u00ebs \u201cAli Hadri\u201d dega n\u00eb De\u00e7an, thekon se e drejta e besimit fetare, n\u00eb cil\u00ebn do prej feve \u00ebsht\u00eb e drejt\u00eb personale e pa imponime dhe pa t\u00eb drejt\u00eb p\u00ebrzierjes tjetrit n\u00eb drejt\u00ebn e tij. Feja asnj\u00eb here as tash e as n\u00eb t\u00eb kaluar\u00ebn dhe as n\u00eb t\u00eb ardhmen nuk do t\u00eb i ndaj shqiptaret. Jemi nj\u00eb kombi me tri fe: islame, katolike e ortodokse.<\/em><\/p>\n<p><em>Duke pasur parasysh q\u00eb t\u00eb drejtat themelore t\u00eb gjithsecilit qytetar t\u00eb Republik\u00ebs s\u00eb Kosov\u00ebs jan\u00eb t\u00eb garantuara me Kushtetut\u00ebn e vendit ton\u00eb, dhe duke ditur se aktivitete e tilla ku behet thirrej p\u00ebr urrejtje fetare deri n\u00eb mos durim, jan\u00eb n\u00eb kund\u00ebrshtim me parimet fondamentale t\u00eb Kushtetut\u00ebs ton\u00eb dhe aktet ligjore t\u00eb vendit ton\u00eb. Andaj, duke pasur p\u00ebr baz\u00eb ket\u00eb, ne i b\u00ebjm\u00eb thirrje Prokuroris\u00eb s\u00eb Shtetit q\u00eb t\u00eb nise hetime ndaj organizator\u00ebve t\u00eb tubimit t\u00eb djesh\u00ebm t\u00eb mbajtur n\u00eb De\u00e7an n\u00eb t\u00eb cilin \u00ebsht\u00eb p\u00ebr\u00e7uar mesazh i urrejt\u00ebs nder fetare, mos durimit dhe thirrjeve kund\u00ebr nj\u00eb komunitetit t\u00eb caktuar fetar.<\/em><\/p>\n<p><em>N\u00eb baz\u00eb t\u00eb informatave q\u00eb tashme ne i disponojm\u00eb, manifestimi n\u00eb fjale \u00ebsht\u00eb keqp\u00ebrdorur nga organizatore dhe si i till\u00eb hedh dyshime p\u00ebr prapavij\u00ebn e tij, kur tashme ka edhe reagime nga t\u00eb pranishmit q\u00eb jan\u00eb manipuluar n\u00eb em\u00ebr t\u00eb thirrjes p\u00ebr manifestimi ku do t\u00eb flitet p\u00ebr \u201cterrorizmin\u201d si problem tashme global.<\/em><\/p>\n<p><em>Duke marr\u00eb p\u00ebr baz\u00eb q\u00eb qet\u00ebsia dhe harmonia mes tri besimeve (islame, katolike e ortodokse) tek shqiptaret i ka tejkaluar bashk\u00ebjetes\u00ebn shum\u00eb shekullore, rasti i djesh\u00ebm n\u00eb De\u00e7an dhe aktivitetet e tilla assesi nuk do t\u00eb mund t\u00eb prishin harmonin nder fetare n\u00eb Kosov\u00eb e me gjere.<\/em><\/p>\n<p><em>Kjo iniciative e thirrure n\u00eb em\u00ebr t\u00eb nj\u00eb ashtuquajture \u201cL\u00ebvizje: Braktisja vullnetare e fes\u00eb islame\u201d, nuk \u00ebsht\u00eb asgj\u00eb me shum\u00eb e asgj\u00eb me pak se sa thirrje dhe nxitje urrejt\u00ebs mes komuniteteve t\u00eb caktuara fetare n\u00eb Kosov\u00ebs. P\u00ebr k\u00ebt\u00eb kjo \u00ebsht\u00eb e papranueshme dhe e d\u00ebnueshme.<\/em><\/p>\n<p><em>Lidhja e Historian\u00ebve t\u00eb Kosov\u00ebs \u201cAli Hadri\u201d dega n\u00eb De\u00e7an, thekson se tubimet e tilla, pa marre parasysh thirrjet q\u00eb beh\u00ebn kund\u00ebr nj\u00eb komunitetit t\u00eb caktuar fetare, jan\u00eb t\u00eb d\u00ebmsh\u00ebm, sidomos tashme kur n\u00eb Kosov\u00eb kemi nj\u00eb klime t\u00eb re n\u00eb t\u00eb gjitha sferat e jet\u00ebs.<\/em><\/p>\n<p><em>Kosova, ka legjislacione dhe rregulla q\u00eb manifestimet e tilla mund t\u00eb kryhen n\u00ebp\u00ebr objektet e kultit t\u00eb gjithsecilit besim fetare dhe assesi t\u00eb kryen n\u00eb vende publike dhe t\u00eb manipulohet me masa t\u00eb gjera t\u00eb shoq\u00ebris\u00eb son\u00eb.<\/em><\/p>\n<p><em>Lidhja e Historian\u00ebve t\u00eb Kosov\u00ebs \u201cAli Hadri\u201d dega n\u00eb De\u00e7an<\/em><\/p>\n<p><em>Zyra p\u00ebr Informim dhe Komunikim me Publikun<\/em><\/p>\n","protected":false},"excerpt":{"rendered":"<p>De\u00e7ani ka qen\u00eb tem\u00eb gjat\u00eb dit\u00ebs s\u00eb sotme, pas nj\u00eb postimi t\u00eb gazetarit Zeqir Mehmetajt, sipas t\u00eb cilit \u00ebsht\u00eb njoftuar p\u00ebr nj\u00eb organizim t\u00eb nj\u00eb l\u00ebvizjeje rreth braktisjes s\u00eb fes\u00eb islame. Ashtu si\u00e7 edhe pritej, reagoi edhe Lidhja e Historian\u00ebve, p\u00ebrcjell 07 Press. Zyra p\u00ebr Komunikim e k\u00ebsaj lidhjeje shtoi se organizimi i mbr\u00ebmsh\u00ebm \u00ebsht\u00eb [&hellip;]<\/p>\n","protected":false},"author":1,"featured_media":32424,"comment_status":"closed","ping_status":"closed","sticky":false,"template":"","format":"standard","meta":{"_monsterinsights_skip_tracking":false,"_monsterinsights_sitenote_active":false,"_monsterinsights_sitenote_note":"","_monsterinsights_sitenote_category":0,"_uf_show_specific_survey":0,"_uf_disable_surveys":false,"footnotes":""},"categories":[23,15],"tags":[134],"yoast_head":"<!-- This site is optimized with the Yoast SEO plugin v21.5 - https:\/\/yoast.com\/wordpress\/plugins\/seo\/ -->\n<title>&quot;Braktisja e fes\u00eb islame&quot;, Lidhja e Historian\u00ebve t\u00eb De\u00e7anit u reagon bashk\u00ebvendasve: Nxitje, propagand\u00eb<\/title>\n<meta name=\"robots\" content=\"index, follow, max-snippet:-1, max-image-preview:large, max-video-preview:-1\" \/>\n<link rel=\"canonical\" href=\"https:\/\/permbledhja.com\/sq\/braktisja-e-fese-islame-lidhja-e-historianeve-te-decanit-u-reagon-bashkevendasve-nxitje-propagande\/\" \/>\n<meta property=\"og:locale\" content=\"sq_AL\" \/>\n<meta property=\"og:type\" content=\"article\" \/>\n<meta property=\"og:title\" content=\"&quot;Braktisja e fes\u00eb islame&quot;, Lidhja e Historian\u00ebve t\u00eb De\u00e7anit u reagon bashk\u00ebvendasve: Nxitje, propagand\u00eb\" \/>\n<meta property=\"og:description\" content=\"De\u00e7ani ka qen\u00eb tem\u00eb gjat\u00eb dit\u00ebs s\u00eb sotme, pas nj\u00eb postimi t\u00eb gazetarit Zeqir Mehmetajt, sipas t\u00eb cilit \u00ebsht\u00eb njoftuar p\u00ebr nj\u00eb organizim t\u00eb nj\u00eb l\u00ebvizjeje rreth braktisjes s\u00eb fes\u00eb islame. Ashtu si\u00e7 edhe pritej, reagoi edhe Lidhja e Historian\u00ebve, p\u00ebrcjell 07 Press. Zyra p\u00ebr Komunikim e k\u00ebsaj lidhjeje shtoi se organizimi i mbr\u00ebmsh\u00ebm \u00ebsht\u00eb [&hellip;]\" \/>\n<meta property=\"og:url\" content=\"https:\/\/permbledhja.com\/sq\/braktisja-e-fese-islame-lidhja-e-historianeve-te-decanit-u-reagon-bashkevendasve-nxitje-propagande\/\" \/>\n<meta property=\"og:site_name\" content=\"Ve\u00e7 artikuj p\u00ebrmbledh\u00ebs\" \/>\n<meta property=\"article:publisher\" content=\"https:\/\/www.facebook.com\/press07\/\" \/>\n<meta property=\"article:author\" content=\"https:\/\/www.facebook.com\/kafexhiu.muharrem\/\" \/>\n<meta property=\"article:published_time\" content=\"2023-10-21T18:36:28+00:00\" \/>\n<meta property=\"og:image\" content=\"https:\/\/permbledhja.com\/wp-content\/uploads\/2023\/10\/Capture-14-1.png\" \/>\n\t<meta property=\"og:image:width\" content=\"796\" \/>\n\t<meta property=\"og:image:height\" content=\"446\" \/>\n\t<meta property=\"og:image:type\" content=\"image\/png\" \/>\n<meta name=\"author\" content=\"P\u00ebrmbledhja\" \/>\n<meta name=\"twitter:card\" content=\"summary_large_image\" \/>\n<meta name=\"twitter:label1\" content=\"Written by\" \/>\n\t<meta name=\"twitter:data1\" content=\"P\u00ebrmbledhja\" \/>\n\t<meta name=\"twitter:label2\" content=\"Est. reading time\" \/>\n\t<meta name=\"twitter:data2\" content=\"3 minuta\" \/>\n<script type=\"application\/ld+json\" class=\"yoast-schema-graph\">{\"@context\":\"https:\/\/schema.org\",\"@graph\":[{\"@type\":\"Article\",\"@id\":\"https:\/\/permbledhja.com\/braktisja-e-fese-islame-lidhja-e-historianeve-te-decanit-u-reagon-bashkevendasve-nxitje-propagande\/#article\",\"isPartOf\":{\"@id\":\"https:\/\/permbledhja.com\/braktisja-e-fese-islame-lidhja-e-historianeve-te-decanit-u-reagon-bashkevendasve-nxitje-propagande\/\"},\"author\":{\"name\":\"P\u00ebrmbledhja\",\"@id\":\"https:\/\/permbledhja.com\/#\/schema\/person\/0d064377258d3221e50693947b9eb4fe\"},\"headline\":\"&#8220;Braktisja e fes\u00eb islame&#8221;, Lidhja e Historian\u00ebve t\u00eb De\u00e7anit u reagon bashk\u00ebvendasve: Nxitje, propagand\u00eb\",\"datePublished\":\"2023-10-21T18:36:28+00:00\",\"dateModified\":\"2023-10-21T18:36:28+00:00\",\"mainEntityOfPage\":{\"@id\":\"https:\/\/permbledhja.com\/braktisja-e-fese-islame-lidhja-e-historianeve-te-decanit-u-reagon-bashkevendasve-nxitje-propagande\/\"},\"wordCount\":621,\"publisher\":{\"@id\":\"https:\/\/permbledhja.com\/#organization\"},\"keywords\":[\"De\u00e7an\"],\"articleSection\":[\"Komb\u00ebtare\",\"Lajme\"],\"inLanguage\":\"sq\"},{\"@type\":\"WebPage\",\"@id\":\"https:\/\/permbledhja.com\/braktisja-e-fese-islame-lidhja-e-historianeve-te-decanit-u-reagon-bashkevendasve-nxitje-propagande\/\",\"url\":\"https:\/\/permbledhja.com\/braktisja-e-fese-islame-lidhja-e-historianeve-te-decanit-u-reagon-bashkevendasve-nxitje-propagande\/\",\"name\":\"\\\"Braktisja e fes\u00eb islame\\\", Lidhja e Historian\u00ebve t\u00eb De\u00e7anit u reagon bashk\u00ebvendasve: Nxitje, propagand\u00eb\",\"isPartOf\":{\"@id\":\"https:\/\/permbledhja.com\/#website\"},\"datePublished\":\"2023-10-21T18:36:28+00:00\",\"dateModified\":\"2023-10-21T18:36:28+00:00\",\"breadcrumb\":{\"@id\":\"https:\/\/permbledhja.com\/braktisja-e-fese-islame-lidhja-e-historianeve-te-decanit-u-reagon-bashkevendasve-nxitje-propagande\/#breadcrumb\"},\"inLanguage\":\"sq\",\"potentialAction\":[{\"@type\":\"ReadAction\",\"target\":[\"https:\/\/permbledhja.com\/braktisja-e-fese-islame-lidhja-e-historianeve-te-decanit-u-reagon-bashkevendasve-nxitje-propagande\/\"]}]},{\"@type\":\"BreadcrumbList\",\"@id\":\"https:\/\/permbledhja.com\/braktisja-e-fese-islame-lidhja-e-historianeve-te-decanit-u-reagon-bashkevendasve-nxitje-propagande\/#breadcrumb\",\"itemListElement\":[{\"@type\":\"ListItem\",\"position\":1,\"name\":\"Ballina\",\"item\":\"https:\/\/permbledhja.com\/sq\/\"},{\"@type\":\"ListItem\",\"position\":2,\"name\":\"&#8220;Braktisja e fes\u00eb islame&#8221;, Lidhja e Historian\u00ebve t\u00eb De\u00e7anit u reagon bashk\u00ebvendasve: Nxitje, propagand\u00eb\"}]},{\"@type\":\"WebSite\",\"@id\":\"https:\/\/permbledhja.com\/#website\",\"url\":\"https:\/\/permbledhja.com\/\",\"name\":\"Ve\u00e7 artikuj p\u00ebrmbledh\u00ebs\",\"description\":\"\",\"publisher\":{\"@id\":\"https:\/\/permbledhja.com\/#organization\"},\"potentialAction\":[{\"@type\":\"SearchAction\",\"target\":{\"@type\":\"EntryPoint\",\"urlTemplate\":\"https:\/\/permbledhja.com\/?s={search_term_string}\"},\"query-input\":\"required name=search_term_string\"}],\"inLanguage\":\"sq\"},{\"@type\":\"Organization\",\"@id\":\"https:\/\/permbledhja.com\/#organization\",\"name\":\"MK Media & Pr\",\"url\":\"https:\/\/permbledhja.com\/\",\"logo\":{\"@type\":\"ImageObject\",\"inLanguage\":\"sq\",\"@id\":\"https:\/\/permbledhja.com\/#\/schema\/logo\/image\/\",\"url\":\"https:\/\/permbledhja.com\/wp-content\/uploads\/2021\/12\/07-Press-Logo.jpg\",\"contentUrl\":\"https:\/\/permbledhja.com\/wp-content\/uploads\/2021\/12\/07-Press-Logo.jpg\",\"width\":512,\"height\":512,\"caption\":\"MK Media & Pr\"},\"image\":{\"@id\":\"https:\/\/permbledhja.com\/#\/schema\/logo\/image\/\"},\"sameAs\":[\"https:\/\/www.facebook.com\/press07\/\"]},{\"@type\":\"Person\",\"@id\":\"https:\/\/permbledhja.com\/#\/schema\/person\/0d064377258d3221e50693947b9eb4fe\",\"name\":\"P\u00ebrmbledhja\",\"image\":{\"@type\":\"ImageObject\",\"inLanguage\":\"sq\",\"@id\":\"https:\/\/permbledhja.com\/#\/schema\/person\/image\/\",\"url\":\"https:\/\/permbledhja.com\/wp-content\/uploads\/2026\/01\/452004717_1040944174702970_8932037511805513407_n-96x96.jpg\",\"contentUrl\":\"https:\/\/permbledhja.com\/wp-content\/uploads\/2026\/01\/452004717_1040944174702970_8932037511805513407_n-96x96.jpg\",\"caption\":\"P\u00ebrmbledhja\"},\"sameAs\":[\"https:\/\/www.facebook.com\/kafexhiu.muharrem\/\",\"https:\/\/www.instagram.com\/muharrem_kafexhiu\/\"],\"url\":\"https:\/\/permbledhja.com\/sq\/author\/admin\/\"}]}<\/script>\n<!-- \/ Yoast SEO plugin. -->","yoast_head_json":{"title":"\"Braktisja e fes\u00eb islame\", Lidhja e Historian\u00ebve t\u00eb De\u00e7anit u reagon bashk\u00ebvendasve: Nxitje, propagand\u00eb","robots":{"index":"index","follow":"follow","max-snippet":"max-snippet:-1","max-image-preview":"max-image-preview:large","max-video-preview":"max-video-preview:-1"},"canonical":"https:\/\/permbledhja.com\/sq\/braktisja-e-fese-islame-lidhja-e-historianeve-te-decanit-u-reagon-bashkevendasve-nxitje-propagande\/","og_locale":"sq_AL","og_type":"article","og_title":"\"Braktisja e fes\u00eb islame\", Lidhja e Historian\u00ebve t\u00eb De\u00e7anit u reagon bashk\u00ebvendasve: Nxitje, propagand\u00eb","og_description":"De\u00e7ani ka qen\u00eb tem\u00eb gjat\u00eb dit\u00ebs s\u00eb sotme, pas nj\u00eb postimi t\u00eb gazetarit Zeqir Mehmetajt, sipas t\u00eb cilit \u00ebsht\u00eb njoftuar p\u00ebr nj\u00eb organizim t\u00eb nj\u00eb l\u00ebvizjeje rreth braktisjes s\u00eb fes\u00eb islame. Ashtu si\u00e7 edhe pritej, reagoi edhe Lidhja e Historian\u00ebve, p\u00ebrcjell 07 Press. Zyra p\u00ebr Komunikim e k\u00ebsaj lidhjeje shtoi se organizimi i mbr\u00ebmsh\u00ebm \u00ebsht\u00eb [&hellip;]","og_url":"https:\/\/permbledhja.com\/sq\/braktisja-e-fese-islame-lidhja-e-historianeve-te-decanit-u-reagon-bashkevendasve-nxitje-propagande\/","og_site_name":"Ve\u00e7 artikuj p\u00ebrmbledh\u00ebs","article_publisher":"https:\/\/www.facebook.com\/press07\/","article_author":"https:\/\/www.facebook.com\/kafexhiu.muharrem\/","article_published_time":"2023-10-21T18:36:28+00:00","og_image":[{"width":796,"height":446,"url":"https:\/\/permbledhja.com\/wp-content\/uploads\/2023\/10\/Capture-14-1.png","type":"image\/png"}],"author":"P\u00ebrmbledhja","twitter_card":"summary_large_image","twitter_misc":{"Written by":"P\u00ebrmbledhja","Est. reading time":"3 minuta"},"schema":{"@context":"https:\/\/schema.org","@graph":[{"@type":"Article","@id":"https:\/\/permbledhja.com\/braktisja-e-fese-islame-lidhja-e-historianeve-te-decanit-u-reagon-bashkevendasve-nxitje-propagande\/#article","isPartOf":{"@id":"https:\/\/permbledhja.com\/braktisja-e-fese-islame-lidhja-e-historianeve-te-decanit-u-reagon-bashkevendasve-nxitje-propagande\/"},"author":{"name":"P\u00ebrmbledhja","@id":"https:\/\/permbledhja.com\/#\/schema\/person\/0d064377258d3221e50693947b9eb4fe"},"headline":"&#8220;Braktisja e fes\u00eb islame&#8221;, Lidhja e Historian\u00ebve t\u00eb De\u00e7anit u reagon bashk\u00ebvendasve: Nxitje, propagand\u00eb","datePublished":"2023-10-21T18:36:28+00:00","dateModified":"2023-10-21T18:36:28+00:00","mainEntityOfPage":{"@id":"https:\/\/permbledhja.com\/braktisja-e-fese-islame-lidhja-e-historianeve-te-decanit-u-reagon-bashkevendasve-nxitje-propagande\/"},"wordCount":621,"publisher":{"@id":"https:\/\/permbledhja.com\/#organization"},"keywords":["De\u00e7an"],"articleSection":["Komb\u00ebtare","Lajme"],"inLanguage":"sq"},{"@type":"WebPage","@id":"https:\/\/permbledhja.com\/braktisja-e-fese-islame-lidhja-e-historianeve-te-decanit-u-reagon-bashkevendasve-nxitje-propagande\/","url":"https:\/\/permbledhja.com\/braktisja-e-fese-islame-lidhja-e-historianeve-te-decanit-u-reagon-bashkevendasve-nxitje-propagande\/","name":"\"Braktisja e fes\u00eb islame\", Lidhja e Historian\u00ebve t\u00eb De\u00e7anit u reagon bashk\u00ebvendasve: Nxitje, propagand\u00eb","isPartOf":{"@id":"https:\/\/permbledhja.com\/#website"},"datePublished":"2023-10-21T18:36:28+00:00","dateModified":"2023-10-21T18:36:28+00:00","breadcrumb":{"@id":"https:\/\/permbledhja.com\/braktisja-e-fese-islame-lidhja-e-historianeve-te-decanit-u-reagon-bashkevendasve-nxitje-propagande\/#breadcrumb"},"inLanguage":"sq","potentialAction":[{"@type":"ReadAction","target":["https:\/\/permbledhja.com\/braktisja-e-fese-islame-lidhja-e-historianeve-te-decanit-u-reagon-bashkevendasve-nxitje-propagande\/"]}]},{"@type":"BreadcrumbList","@id":"https:\/\/permbledhja.com\/braktisja-e-fese-islame-lidhja-e-historianeve-te-decanit-u-reagon-bashkevendasve-nxitje-propagande\/#breadcrumb","itemListElement":[{"@type":"ListItem","position":1,"name":"Ballina","item":"https:\/\/permbledhja.com\/sq\/"},{"@type":"ListItem","position":2,"name":"&#8220;Braktisja e fes\u00eb islame&#8221;, Lidhja e Historian\u00ebve t\u00eb De\u00e7anit u reagon bashk\u00ebvendasve: Nxitje, propagand\u00eb"}]},{"@type":"WebSite","@id":"https:\/\/permbledhja.com\/#website","url":"https:\/\/permbledhja.com\/","name":"Ve\u00e7 artikuj p\u00ebrmbledh\u00ebs","description":"","publisher":{"@id":"https:\/\/permbledhja.com\/#organization"},"potentialAction":[{"@type":"SearchAction","target":{"@type":"EntryPoint","urlTemplate":"https:\/\/permbledhja.com\/?s={search_term_string}"},"query-input":"required name=search_term_string"}],"inLanguage":"sq"},{"@type":"Organization","@id":"https:\/\/permbledhja.com\/#organization","name":"MK Media & Pr","url":"https:\/\/permbledhja.com\/","logo":{"@type":"ImageObject","inLanguage":"sq","@id":"https:\/\/permbledhja.com\/#\/schema\/logo\/image\/","url":"https:\/\/permbledhja.com\/wp-content\/uploads\/2021\/12\/07-Press-Logo.jpg","contentUrl":"https:\/\/permbledhja.com\/wp-content\/uploads\/2021\/12\/07-Press-Logo.jpg","width":512,"height":512,"caption":"MK Media & Pr"},"image":{"@id":"https:\/\/permbledhja.com\/#\/schema\/logo\/image\/"},"sameAs":["https:\/\/www.facebook.com\/press07\/"]},{"@type":"Person","@id":"https:\/\/permbledhja.com\/#\/schema\/person\/0d064377258d3221e50693947b9eb4fe","name":"P\u00ebrmbledhja","image":{"@type":"ImageObject","inLanguage":"sq","@id":"https:\/\/permbledhja.com\/#\/schema\/person\/image\/","url":"https:\/\/permbledhja.com\/wp-content\/uploads\/2026\/01\/452004717_1040944174702970_8932037511805513407_n-96x96.jpg","contentUrl":"https:\/\/permbledhja.com\/wp-content\/uploads\/2026\/01\/452004717_1040944174702970_8932037511805513407_n-96x96.jpg","caption":"P\u00ebrmbledhja"},"sameAs":["https:\/\/www.facebook.com\/kafexhiu.muharrem\/","https:\/\/www.instagram.com\/muharrem_kafexhiu\/"],"url":"https:\/\/permbledhja.com\/sq\/author\/admin\/"}]}},"_links":{"self":[{"href":"https:\/\/permbledhja.com\/sq\/wp-json\/wp\/v2\/posts\/32422"}],"collection":[{"href":"https:\/\/permbledhja.com\/sq\/wp-json\/wp\/v2\/posts"}],"about":[{"href":"https:\/\/permbledhja.com\/sq\/wp-json\/wp\/v2\/types\/post"}],"author":[{"embeddable":true,"href":"https:\/\/permbledhja.com\/sq\/wp-json\/wp\/v2\/users\/1"}],"replies":[{"embeddable":true,"href":"https:\/\/permbledhja.com\/sq\/wp-json\/wp\/v2\/comments?post=32422"}],"version-history":[{"count":2,"href":"https:\/\/permbledhja.com\/sq\/wp-json\/wp\/v2\/posts\/32422\/revisions"}],"predecessor-version":[{"id":32425,"href":"https:\/\/permbledhja.com\/sq\/wp-json\/wp\/v2\/posts\/32422\/revisions\/32425"}],"wp:featuredmedia":[{"embeddable":true,"href":"https:\/\/permbledhja.com\/sq\/wp-json\/wp\/v2\/media\/32424"}],"wp:attachment":[{"href":"https:\/\/permbledhja.com\/sq\/wp-json\/wp\/v2\/media?parent=32422"}],"wp:term":[{"taxonomy":"category","embeddable":true,"href":"https:\/\/permbledhja.com\/sq\/wp-json\/wp\/v2\/categories?post=32422"},{"taxonomy":"post_tag","embeddable":true,"href":"https:\/\/permbledhja.com\/sq\/wp-json\/wp\/v2\/tags?post=32422"}],"curies":[{"name":"wp","href":"https:\/\/api.w.org\/{rel}","templated":true}]}}