{"id":32404,"date":"2023-10-21T17:21:28","date_gmt":"2023-10-21T17:21:28","guid":{"rendered":"https:\/\/permbledhja.com\/?p=32404"},"modified":"2023-10-21T17:21:28","modified_gmt":"2023-10-21T17:21:28","slug":"nexhmije-pagarusha-u-kthye-ne-bronz-kastrati-i-malisheves-ajo-na-beri-te-gjitheve-bashke","status":"publish","type":"post","link":"https:\/\/permbledhja.com\/sq\/nexhmije-pagarusha-u-kthye-ne-bronz-kastrati-i-malisheves-ajo-na-beri-te-gjitheve-bashke\/","title":{"rendered":"Nexhmije Pagarusha u kthye n\u00eb bronz, Kastrati i Malishev\u00ebs: Ajo na b\u00ebri t\u00eb gjith\u00ebve bashk\u00eb"},"content":{"rendered":"<h3>Sot n\u00eb Pagarush\u00eb t\u00eb Malishev\u00ebs, u p\u00ebrurua busti i Bilbilit t\u00eb Kosov\u00ebs, mbret\u00ebresh\u00ebs s\u00eb k\u00ebng\u00ebs shqipe, apo primadon\u00ebs s\u00eb melosit popullor shqiptar, Nexhmije Pagarush\u00ebs.<\/h3>\n<p>Kryetari i Komun\u00ebs s\u00eb Malishev\u00ebs, Ekrem Kastrati, ka folur p\u00ebr mbret\u00ebresh\u00ebn e k\u00ebng\u00ebs shqipe, Nexhmije Pagarusha, p\u00ebr vlerat e saj artistike dhe komb\u00ebtare, p\u00ebr dashurin\u00eb e saj ndaj vendlindjes dhe mbi t\u00eb gjitha p\u00ebr vlerat e z\u00ebrit t\u00eb saj, q\u00eb vendlindjes i dha p\u00ebrmasa nd\u00ebrkomb\u00ebtare.<\/p>\n<p><em>\u201cYlli i muzik\u00ebs shqiptare, Nexhmije Pagarusha edhe sa ishte gjall\u00eb ka mbledhur e ka bashkuar njer\u00ebz t\u00eb mir\u00eb q\u00eb kan\u00eb dashur muzik\u00ebn, kultur\u00ebn dhe atdheun n\u00eb p\u00ebrgjith\u00ebsi, mir\u00ebpo edhe kur ajo nuk \u00ebsht\u00eb m\u00eb mesin ton\u00eb ajo na ka b\u00ebr\u00eb bashk\u00eb t\u00eb gjith\u00ebve. Shpirti i saj prej nj\u00eb bilbili t\u00eb k\u00ebng\u00ebs ishte aq i fort\u00eb saq\u00eb i dha fuqi t\u00eb madhe ides\u00eb p\u00ebr ngritjen e bustit t\u00eb saj n\u00eb Pagarush\u00eb. <\/em><\/p>\n<p><em>Ide kjo, ku me njer\u00ebzit e par\u00eb me t\u00eb cil\u00ebt kemi diskutuar e jemi dakorduar n\u00eb zyr\u00ebn time ka qen\u00eb miku im i mir\u00eb, ambasadori Minxhozi, t\u00eb cilit i jemi shum\u00eb mir\u00ebnjoh\u00ebs p\u00ebr gjith\u00eb p\u00ebrkrahjen n\u00eb k\u00ebt\u00eb proces\u2026 Iniciator p\u00ebr nd\u00ebrtimin e k\u00ebtij busti, ishte ambasadori shqiptar, Qemal Minxhozi, nd\u00ebrsa donator kryesor ishte m\u00ebrgimtari Enver Kryeziu, p\u00ebr t\u00eb vazhduar me p\u00ebrkrahjen e pakursyer t\u00eb m\u00ebrgat\u00ebs son\u00eb, t\u00eb komun\u00ebs dhe n\u00eb fund p\u00ebr t\u2019u punuar ky bust nga duart e skulptorit Agon Qosa\u201d<\/em>, tha Kastrati.<\/p>\n<p>Ai foli edhe p\u00ebr jehon\u00ebn dhe vlerat e k\u00ebng\u00ebve t\u00eb k\u00ebnduara nga \u201cBilbili i Kosov\u00ebs\u201d, Nexhmije Pagarusha, vlera t\u00eb cilat b\u00ebn\u00eb muzika shqipe dhe z\u00ebri i saj, t\u00eb marrin p\u00ebrmasa bot\u00ebrore.<\/p>\n<p>Edhe ambasadori Minxhozi, n\u00eb fjal\u00ebn e tij, foli p\u00ebr takimet q\u00eb kishte me \u201cMbret\u00ebresh\u00ebn e muzik\u00ebs shqiptare\u201d, Nexhmije Pagarusha, p\u00ebr dashurin\u00eb q\u00eb ajo kishte p\u00ebr vendlindjen.<\/p>\n<p><em>&#8220;Prej koh\u00ebsh p\u00ebrpara se t\u00eb nd\u00ebrronte jet\u00eb, n\u00eb takimet e her\u00eb pas hershme melodike q\u00eb kam pasur me Nexhmijen, nj\u00eb nd\u00ebr temat ishte Pagarusha. Nuk mund ta imagjinoni q\u00eb n\u00eb harkun kohor t\u00eb 9 vjet\u00ebve q\u00eb un\u00eb jam n\u00eb Kosov\u00eb, q\u00eb t\u00eb kem gjetur njeri t\u00eb flas\u00eb me aq dashuri, me aq zem\u00ebr, p\u00ebr vendlindjen e vet\u00eb sesa Nexhmije Pagarusha. <\/em><\/p>\n<p><em>M\u00eb pati ftuar disa her\u00eb p\u00ebr t\u00eb vizituar Pagarush\u00ebn, q\u00eb fatkeq\u00ebsisht un\u00eb e vizitova pasi Nexhmija nuk ishte n\u00eb jet\u00eb dhe thoshte t\u00eb shkojm\u00eb dhe ta vizitojm\u00eb bashk\u00eb dhe fliste p\u00ebr njer\u00ebzit q\u00eb jetojn\u00eb atje. Dhe sot me nj\u00eb dashuri t\u00eb jasht\u00eb zakonshme, un\u00eb e b\u00ebra k\u00ebt\u00eb dhe prap\u00eb e vizitova Pagarush\u00ebn sot me Nexhmijen\u2026Ne sot, e vizituan Pagarush\u00ebn, s\u00eb bashku me Nexhmijen, tashm\u00eb n\u00eb bronz. Nexhmija \u00ebsht\u00eb ikona e muzik\u00ebs shqiptare, q\u00eb artin shqiptar e b\u00ebri t\u2019i njohur n\u00eb gjith\u00eb bot\u00ebn\u201d<\/em>, ka th\u00ebn\u00eb Minxhozi.<\/p>\n<p>Ndryshe, n\u00eb k\u00ebt\u00eb ceremoni t\u00eb organizuar n\u00ebn p\u00ebrkujdesjen e kryetarit Kastrati dhe n\u00eb bashk\u00ebpunim me komunitetin e fshatit Pagarush\u00eb, mor\u00ebn pjes\u00eb edhe ambasadori i Shqip\u00ebris\u00eb n\u00eb Kosov\u00eb, Qemal Minxhozi, personalitete t\u00eb kultur\u00ebs e artit, deputet\u00eb t\u00eb Kuvendit t\u00eb Kosov\u00ebs dhe qytetar\u00eb t\u00eb shumt\u00eb, t\u00eb cil\u00ebt paraprakisht kan\u00eb b\u00ebr\u00eb nderime te varri i saj dhe m\u00eb pas e kan\u00eb p\u00ebruruar bustin, p\u00ebr t\u00eb vazhduar me nj\u00eb koncert n\u00eb Malishev\u00eb, me artist\u00eb t\u00eb njohur t\u00eb sken\u00ebs s\u00eb muzik\u00ebs shqiptare.\/KosovaPress<\/p>\n","protected":false},"excerpt":{"rendered":"<p>Sot n\u00eb Pagarush\u00eb t\u00eb Malishev\u00ebs, u p\u00ebrurua busti i Bilbilit t\u00eb Kosov\u00ebs, mbret\u00ebresh\u00ebs s\u00eb k\u00ebng\u00ebs shqipe, apo primadon\u00ebs s\u00eb melosit popullor shqiptar, Nexhmije Pagarush\u00ebs. Kryetari i Komun\u00ebs s\u00eb Malishev\u00ebs, Ekrem Kastrati, ka folur p\u00ebr mbret\u00ebresh\u00ebn e k\u00ebng\u00ebs shqipe, Nexhmije Pagarusha, p\u00ebr vlerat e saj artistike dhe komb\u00ebtare, p\u00ebr dashurin\u00eb e saj ndaj vendlindjes dhe mbi [&hellip;]<\/p>\n","protected":false},"author":1,"featured_media":32405,"comment_status":"closed","ping_status":"closed","sticky":false,"template":"","format":"standard","meta":{"_monsterinsights_skip_tracking":false,"_monsterinsights_sitenote_active":false,"_monsterinsights_sitenote_note":"","_monsterinsights_sitenote_category":0,"_uf_show_specific_survey":0,"_uf_disable_surveys":false,"footnotes":""},"categories":[23,15],"tags":[2566],"yoast_head":"<!-- This site is optimized with the Yoast SEO plugin v21.5 - https:\/\/yoast.com\/wordpress\/plugins\/seo\/ -->\n<title>Nexhmije Pagarusha u kthye n\u00eb bronz, Kastrati i Malishev\u00ebs: Ajo na b\u00ebri t\u00eb gjith\u00ebve bashk\u00eb<\/title>\n<meta name=\"robots\" content=\"index, follow, max-snippet:-1, max-image-preview:large, max-video-preview:-1\" \/>\n<link rel=\"canonical\" href=\"https:\/\/permbledhja.com\/sq\/nexhmije-pagarusha-u-kthye-ne-bronz-kastrati-i-malisheves-ajo-na-beri-te-gjitheve-bashke\/\" \/>\n<meta property=\"og:locale\" content=\"sq_AL\" \/>\n<meta property=\"og:type\" content=\"article\" \/>\n<meta property=\"og:title\" content=\"Nexhmije Pagarusha u kthye n\u00eb bronz, Kastrati i Malishev\u00ebs: Ajo na b\u00ebri t\u00eb gjith\u00ebve bashk\u00eb\" \/>\n<meta property=\"og:description\" content=\"Sot n\u00eb Pagarush\u00eb t\u00eb Malishev\u00ebs, u p\u00ebrurua busti i Bilbilit t\u00eb Kosov\u00ebs, mbret\u00ebresh\u00ebs s\u00eb k\u00ebng\u00ebs shqipe, apo primadon\u00ebs s\u00eb melosit popullor shqiptar, Nexhmije Pagarush\u00ebs. Kryetari i Komun\u00ebs s\u00eb Malishev\u00ebs, Ekrem Kastrati, ka folur p\u00ebr mbret\u00ebresh\u00ebn e k\u00ebng\u00ebs shqipe, Nexhmije Pagarusha, p\u00ebr vlerat e saj artistike dhe komb\u00ebtare, p\u00ebr dashurin\u00eb e saj ndaj vendlindjes dhe mbi [&hellip;]\" \/>\n<meta property=\"og:url\" content=\"https:\/\/permbledhja.com\/sq\/nexhmije-pagarusha-u-kthye-ne-bronz-kastrati-i-malisheves-ajo-na-beri-te-gjitheve-bashke\/\" \/>\n<meta property=\"og:site_name\" content=\"Ve\u00e7 artikuj p\u00ebrmbledh\u00ebs\" \/>\n<meta property=\"article:publisher\" content=\"https:\/\/www.facebook.com\/press07\/\" \/>\n<meta property=\"article:author\" content=\"https:\/\/www.facebook.com\/kafexhiu.muharrem\/\" \/>\n<meta property=\"article:published_time\" content=\"2023-10-21T17:21:28+00:00\" \/>\n<meta property=\"og:image\" content=\"https:\/\/permbledhja.com\/wp-content\/uploads\/2023\/10\/96121697905520.jpg\" \/>\n\t<meta property=\"og:image:width\" content=\"600\" \/>\n\t<meta property=\"og:image:height\" content=\"400\" \/>\n\t<meta property=\"og:image:type\" content=\"image\/jpeg\" \/>\n<meta name=\"author\" content=\"P\u00ebrmbledhja\" \/>\n<meta name=\"twitter:card\" content=\"summary_large_image\" \/>\n<meta name=\"twitter:label1\" content=\"Written by\" \/>\n\t<meta name=\"twitter:data1\" content=\"P\u00ebrmbledhja\" \/>\n\t<meta name=\"twitter:label2\" content=\"Est. reading time\" \/>\n\t<meta name=\"twitter:data2\" content=\"3 minuta\" \/>\n<script type=\"application\/ld+json\" class=\"yoast-schema-graph\">{\"@context\":\"https:\/\/schema.org\",\"@graph\":[{\"@type\":\"Article\",\"@id\":\"https:\/\/permbledhja.com\/nexhmije-pagarusha-u-kthye-ne-bronz-kastrati-i-malisheves-ajo-na-beri-te-gjitheve-bashke\/#article\",\"isPartOf\":{\"@id\":\"https:\/\/permbledhja.com\/nexhmije-pagarusha-u-kthye-ne-bronz-kastrati-i-malisheves-ajo-na-beri-te-gjitheve-bashke\/\"},\"author\":{\"name\":\"P\u00ebrmbledhja\",\"@id\":\"https:\/\/permbledhja.com\/#\/schema\/person\/0d064377258d3221e50693947b9eb4fe\"},\"headline\":\"Nexhmije Pagarusha u kthye n\u00eb bronz, Kastrati i Malishev\u00ebs: Ajo na b\u00ebri t\u00eb gjith\u00ebve bashk\u00eb\",\"datePublished\":\"2023-10-21T17:21:28+00:00\",\"dateModified\":\"2023-10-21T17:21:28+00:00\",\"mainEntityOfPage\":{\"@id\":\"https:\/\/permbledhja.com\/nexhmije-pagarusha-u-kthye-ne-bronz-kastrati-i-malisheves-ajo-na-beri-te-gjitheve-bashke\/\"},\"wordCount\":629,\"publisher\":{\"@id\":\"https:\/\/permbledhja.com\/#organization\"},\"keywords\":[\"Ekrem Kastrati\"],\"articleSection\":[\"Komb\u00ebtare\",\"Lajme\"],\"inLanguage\":\"sq\"},{\"@type\":\"WebPage\",\"@id\":\"https:\/\/permbledhja.com\/nexhmije-pagarusha-u-kthye-ne-bronz-kastrati-i-malisheves-ajo-na-beri-te-gjitheve-bashke\/\",\"url\":\"https:\/\/permbledhja.com\/nexhmije-pagarusha-u-kthye-ne-bronz-kastrati-i-malisheves-ajo-na-beri-te-gjitheve-bashke\/\",\"name\":\"Nexhmije Pagarusha u kthye n\u00eb bronz, Kastrati i Malishev\u00ebs: Ajo na b\u00ebri t\u00eb gjith\u00ebve bashk\u00eb\",\"isPartOf\":{\"@id\":\"https:\/\/permbledhja.com\/#website\"},\"datePublished\":\"2023-10-21T17:21:28+00:00\",\"dateModified\":\"2023-10-21T17:21:28+00:00\",\"breadcrumb\":{\"@id\":\"https:\/\/permbledhja.com\/nexhmije-pagarusha-u-kthye-ne-bronz-kastrati-i-malisheves-ajo-na-beri-te-gjitheve-bashke\/#breadcrumb\"},\"inLanguage\":\"sq\",\"potentialAction\":[{\"@type\":\"ReadAction\",\"target\":[\"https:\/\/permbledhja.com\/nexhmije-pagarusha-u-kthye-ne-bronz-kastrati-i-malisheves-ajo-na-beri-te-gjitheve-bashke\/\"]}]},{\"@type\":\"BreadcrumbList\",\"@id\":\"https:\/\/permbledhja.com\/nexhmije-pagarusha-u-kthye-ne-bronz-kastrati-i-malisheves-ajo-na-beri-te-gjitheve-bashke\/#breadcrumb\",\"itemListElement\":[{\"@type\":\"ListItem\",\"position\":1,\"name\":\"Ballina\",\"item\":\"https:\/\/permbledhja.com\/sq\/\"},{\"@type\":\"ListItem\",\"position\":2,\"name\":\"Nexhmije Pagarusha u kthye n\u00eb bronz, Kastrati i Malishev\u00ebs: Ajo na b\u00ebri t\u00eb gjith\u00ebve bashk\u00eb\"}]},{\"@type\":\"WebSite\",\"@id\":\"https:\/\/permbledhja.com\/#website\",\"url\":\"https:\/\/permbledhja.com\/\",\"name\":\"Ve\u00e7 artikuj p\u00ebrmbledh\u00ebs\",\"description\":\"\",\"publisher\":{\"@id\":\"https:\/\/permbledhja.com\/#organization\"},\"potentialAction\":[{\"@type\":\"SearchAction\",\"target\":{\"@type\":\"EntryPoint\",\"urlTemplate\":\"https:\/\/permbledhja.com\/?s={search_term_string}\"},\"query-input\":\"required name=search_term_string\"}],\"inLanguage\":\"sq\"},{\"@type\":\"Organization\",\"@id\":\"https:\/\/permbledhja.com\/#organization\",\"name\":\"MK Media & Pr\",\"url\":\"https:\/\/permbledhja.com\/\",\"logo\":{\"@type\":\"ImageObject\",\"inLanguage\":\"sq\",\"@id\":\"https:\/\/permbledhja.com\/#\/schema\/logo\/image\/\",\"url\":\"https:\/\/permbledhja.com\/wp-content\/uploads\/2021\/12\/07-Press-Logo.jpg\",\"contentUrl\":\"https:\/\/permbledhja.com\/wp-content\/uploads\/2021\/12\/07-Press-Logo.jpg\",\"width\":512,\"height\":512,\"caption\":\"MK Media & Pr\"},\"image\":{\"@id\":\"https:\/\/permbledhja.com\/#\/schema\/logo\/image\/\"},\"sameAs\":[\"https:\/\/www.facebook.com\/press07\/\"]},{\"@type\":\"Person\",\"@id\":\"https:\/\/permbledhja.com\/#\/schema\/person\/0d064377258d3221e50693947b9eb4fe\",\"name\":\"P\u00ebrmbledhja\",\"image\":{\"@type\":\"ImageObject\",\"inLanguage\":\"sq\",\"@id\":\"https:\/\/permbledhja.com\/#\/schema\/person\/image\/\",\"url\":\"https:\/\/permbledhja.com\/wp-content\/uploads\/2026\/01\/452004717_1040944174702970_8932037511805513407_n-96x96.jpg\",\"contentUrl\":\"https:\/\/permbledhja.com\/wp-content\/uploads\/2026\/01\/452004717_1040944174702970_8932037511805513407_n-96x96.jpg\",\"caption\":\"P\u00ebrmbledhja\"},\"sameAs\":[\"https:\/\/www.facebook.com\/kafexhiu.muharrem\/\",\"https:\/\/www.instagram.com\/muharrem_kafexhiu\/\"],\"url\":\"https:\/\/permbledhja.com\/sq\/author\/admin\/\"}]}<\/script>\n<!-- \/ Yoast SEO plugin. -->","yoast_head_json":{"title":"Nexhmije Pagarusha u kthye n\u00eb bronz, Kastrati i Malishev\u00ebs: Ajo na b\u00ebri t\u00eb gjith\u00ebve bashk\u00eb","robots":{"index":"index","follow":"follow","max-snippet":"max-snippet:-1","max-image-preview":"max-image-preview:large","max-video-preview":"max-video-preview:-1"},"canonical":"https:\/\/permbledhja.com\/sq\/nexhmije-pagarusha-u-kthye-ne-bronz-kastrati-i-malisheves-ajo-na-beri-te-gjitheve-bashke\/","og_locale":"sq_AL","og_type":"article","og_title":"Nexhmije Pagarusha u kthye n\u00eb bronz, Kastrati i Malishev\u00ebs: Ajo na b\u00ebri t\u00eb gjith\u00ebve bashk\u00eb","og_description":"Sot n\u00eb Pagarush\u00eb t\u00eb Malishev\u00ebs, u p\u00ebrurua busti i Bilbilit t\u00eb Kosov\u00ebs, mbret\u00ebresh\u00ebs s\u00eb k\u00ebng\u00ebs shqipe, apo primadon\u00ebs s\u00eb melosit popullor shqiptar, Nexhmije Pagarush\u00ebs. Kryetari i Komun\u00ebs s\u00eb Malishev\u00ebs, Ekrem Kastrati, ka folur p\u00ebr mbret\u00ebresh\u00ebn e k\u00ebng\u00ebs shqipe, Nexhmije Pagarusha, p\u00ebr vlerat e saj artistike dhe komb\u00ebtare, p\u00ebr dashurin\u00eb e saj ndaj vendlindjes dhe mbi [&hellip;]","og_url":"https:\/\/permbledhja.com\/sq\/nexhmije-pagarusha-u-kthye-ne-bronz-kastrati-i-malisheves-ajo-na-beri-te-gjitheve-bashke\/","og_site_name":"Ve\u00e7 artikuj p\u00ebrmbledh\u00ebs","article_publisher":"https:\/\/www.facebook.com\/press07\/","article_author":"https:\/\/www.facebook.com\/kafexhiu.muharrem\/","article_published_time":"2023-10-21T17:21:28+00:00","og_image":[{"width":600,"height":400,"url":"https:\/\/permbledhja.com\/wp-content\/uploads\/2023\/10\/96121697905520.jpg","type":"image\/jpeg"}],"author":"P\u00ebrmbledhja","twitter_card":"summary_large_image","twitter_misc":{"Written by":"P\u00ebrmbledhja","Est. reading time":"3 minuta"},"schema":{"@context":"https:\/\/schema.org","@graph":[{"@type":"Article","@id":"https:\/\/permbledhja.com\/nexhmije-pagarusha-u-kthye-ne-bronz-kastrati-i-malisheves-ajo-na-beri-te-gjitheve-bashke\/#article","isPartOf":{"@id":"https:\/\/permbledhja.com\/nexhmije-pagarusha-u-kthye-ne-bronz-kastrati-i-malisheves-ajo-na-beri-te-gjitheve-bashke\/"},"author":{"name":"P\u00ebrmbledhja","@id":"https:\/\/permbledhja.com\/#\/schema\/person\/0d064377258d3221e50693947b9eb4fe"},"headline":"Nexhmije Pagarusha u kthye n\u00eb bronz, Kastrati i Malishev\u00ebs: Ajo na b\u00ebri t\u00eb gjith\u00ebve bashk\u00eb","datePublished":"2023-10-21T17:21:28+00:00","dateModified":"2023-10-21T17:21:28+00:00","mainEntityOfPage":{"@id":"https:\/\/permbledhja.com\/nexhmije-pagarusha-u-kthye-ne-bronz-kastrati-i-malisheves-ajo-na-beri-te-gjitheve-bashke\/"},"wordCount":629,"publisher":{"@id":"https:\/\/permbledhja.com\/#organization"},"keywords":["Ekrem Kastrati"],"articleSection":["Komb\u00ebtare","Lajme"],"inLanguage":"sq"},{"@type":"WebPage","@id":"https:\/\/permbledhja.com\/nexhmije-pagarusha-u-kthye-ne-bronz-kastrati-i-malisheves-ajo-na-beri-te-gjitheve-bashke\/","url":"https:\/\/permbledhja.com\/nexhmije-pagarusha-u-kthye-ne-bronz-kastrati-i-malisheves-ajo-na-beri-te-gjitheve-bashke\/","name":"Nexhmije Pagarusha u kthye n\u00eb bronz, Kastrati i Malishev\u00ebs: Ajo na b\u00ebri t\u00eb gjith\u00ebve bashk\u00eb","isPartOf":{"@id":"https:\/\/permbledhja.com\/#website"},"datePublished":"2023-10-21T17:21:28+00:00","dateModified":"2023-10-21T17:21:28+00:00","breadcrumb":{"@id":"https:\/\/permbledhja.com\/nexhmije-pagarusha-u-kthye-ne-bronz-kastrati-i-malisheves-ajo-na-beri-te-gjitheve-bashke\/#breadcrumb"},"inLanguage":"sq","potentialAction":[{"@type":"ReadAction","target":["https:\/\/permbledhja.com\/nexhmije-pagarusha-u-kthye-ne-bronz-kastrati-i-malisheves-ajo-na-beri-te-gjitheve-bashke\/"]}]},{"@type":"BreadcrumbList","@id":"https:\/\/permbledhja.com\/nexhmije-pagarusha-u-kthye-ne-bronz-kastrati-i-malisheves-ajo-na-beri-te-gjitheve-bashke\/#breadcrumb","itemListElement":[{"@type":"ListItem","position":1,"name":"Ballina","item":"https:\/\/permbledhja.com\/sq\/"},{"@type":"ListItem","position":2,"name":"Nexhmije Pagarusha u kthye n\u00eb bronz, Kastrati i Malishev\u00ebs: Ajo na b\u00ebri t\u00eb gjith\u00ebve bashk\u00eb"}]},{"@type":"WebSite","@id":"https:\/\/permbledhja.com\/#website","url":"https:\/\/permbledhja.com\/","name":"Ve\u00e7 artikuj p\u00ebrmbledh\u00ebs","description":"","publisher":{"@id":"https:\/\/permbledhja.com\/#organization"},"potentialAction":[{"@type":"SearchAction","target":{"@type":"EntryPoint","urlTemplate":"https:\/\/permbledhja.com\/?s={search_term_string}"},"query-input":"required name=search_term_string"}],"inLanguage":"sq"},{"@type":"Organization","@id":"https:\/\/permbledhja.com\/#organization","name":"MK Media & Pr","url":"https:\/\/permbledhja.com\/","logo":{"@type":"ImageObject","inLanguage":"sq","@id":"https:\/\/permbledhja.com\/#\/schema\/logo\/image\/","url":"https:\/\/permbledhja.com\/wp-content\/uploads\/2021\/12\/07-Press-Logo.jpg","contentUrl":"https:\/\/permbledhja.com\/wp-content\/uploads\/2021\/12\/07-Press-Logo.jpg","width":512,"height":512,"caption":"MK Media & Pr"},"image":{"@id":"https:\/\/permbledhja.com\/#\/schema\/logo\/image\/"},"sameAs":["https:\/\/www.facebook.com\/press07\/"]},{"@type":"Person","@id":"https:\/\/permbledhja.com\/#\/schema\/person\/0d064377258d3221e50693947b9eb4fe","name":"P\u00ebrmbledhja","image":{"@type":"ImageObject","inLanguage":"sq","@id":"https:\/\/permbledhja.com\/#\/schema\/person\/image\/","url":"https:\/\/permbledhja.com\/wp-content\/uploads\/2026\/01\/452004717_1040944174702970_8932037511805513407_n-96x96.jpg","contentUrl":"https:\/\/permbledhja.com\/wp-content\/uploads\/2026\/01\/452004717_1040944174702970_8932037511805513407_n-96x96.jpg","caption":"P\u00ebrmbledhja"},"sameAs":["https:\/\/www.facebook.com\/kafexhiu.muharrem\/","https:\/\/www.instagram.com\/muharrem_kafexhiu\/"],"url":"https:\/\/permbledhja.com\/sq\/author\/admin\/"}]}},"_links":{"self":[{"href":"https:\/\/permbledhja.com\/sq\/wp-json\/wp\/v2\/posts\/32404"}],"collection":[{"href":"https:\/\/permbledhja.com\/sq\/wp-json\/wp\/v2\/posts"}],"about":[{"href":"https:\/\/permbledhja.com\/sq\/wp-json\/wp\/v2\/types\/post"}],"author":[{"embeddable":true,"href":"https:\/\/permbledhja.com\/sq\/wp-json\/wp\/v2\/users\/1"}],"replies":[{"embeddable":true,"href":"https:\/\/permbledhja.com\/sq\/wp-json\/wp\/v2\/comments?post=32404"}],"version-history":[{"count":1,"href":"https:\/\/permbledhja.com\/sq\/wp-json\/wp\/v2\/posts\/32404\/revisions"}],"predecessor-version":[{"id":32406,"href":"https:\/\/permbledhja.com\/sq\/wp-json\/wp\/v2\/posts\/32404\/revisions\/32406"}],"wp:featuredmedia":[{"embeddable":true,"href":"https:\/\/permbledhja.com\/sq\/wp-json\/wp\/v2\/media\/32405"}],"wp:attachment":[{"href":"https:\/\/permbledhja.com\/sq\/wp-json\/wp\/v2\/media?parent=32404"}],"wp:term":[{"taxonomy":"category","embeddable":true,"href":"https:\/\/permbledhja.com\/sq\/wp-json\/wp\/v2\/categories?post=32404"},{"taxonomy":"post_tag","embeddable":true,"href":"https:\/\/permbledhja.com\/sq\/wp-json\/wp\/v2\/tags?post=32404"}],"curies":[{"name":"wp","href":"https:\/\/api.w.org\/{rel}","templated":true}]}}