{"id":32378,"date":"2023-10-21T14:21:31","date_gmt":"2023-10-21T14:21:31","guid":{"rendered":"https:\/\/permbledhja.com\/?p=32378"},"modified":"2023-10-21T14:21:31","modified_gmt":"2023-10-21T14:21:31","slug":"gjenden-mbetjet-mortore-te-kater-viktimave-nga-lufta-e-fundit-ne-bishtazhin-te-gjakoves","status":"publish","type":"post","link":"https:\/\/permbledhja.com\/sq\/gjenden-mbetjet-mortore-te-kater-viktimave-nga-lufta-e-fundit-ne-bishtazhin-te-gjakoves\/","title":{"rendered":"Gjenden mbetjet mortore t\u00eb kat\u00ebr viktimave nga lufta e fundit n\u00eb Bishtazhin t\u00eb Gjakov\u00ebs"},"content":{"rendered":"<h3>Deri m\u00eb tani jan\u00eb gjetur eshtra kockore t\u00eb rreth kat\u00ebr viktimave, q\u00eb i p\u00ebrkasin periudh\u00ebs s\u00eb luft\u00ebs.<\/h3>\n<p>K\u00ebshtu b\u00ebri t\u00eb ditur udh\u00ebheq\u00ebsi i Nj\u00ebsis\u00eb s\u00eb Komisionit Qeveritar p\u00ebr Persona t\u00eb Zhdukur, Kushtrim Gara, derisa tregon se g\u00ebrmimet n\u00eb k\u00ebt\u00eb lokacion ende nuk kan\u00eb p\u00ebrfunduar.<\/p>\n<p>Gara n\u00eb nj\u00eb intervist\u00eb p\u00ebr Kosova Press tha se lokacionin \u00ebsht\u00eb p\u00ebrcaktuar me ndihm\u00ebn e satelit\u00ebve dhe me p\u00ebrkrahjen nga Komiteti Nd\u00ebrkomb\u00ebtar i Kryqit t\u00eb Kuq.<\/p>\n<p>Ai shtoi se g\u00ebrmimet kan\u00eb filluar m\u00eb dat\u00ebn 14 shtator dhe po vazhdojn\u00eb ende.<\/p>\n<p>\u201cG\u00ebrmimet q\u00eb jan\u00eb duke u realizuar q\u00eb nga data 14 shtator, diku m\u00eb dat\u00eb 4 tetor \u00ebsht\u00eb hasur n\u00eb mbetje mortore ose n\u00eb pjes\u00eb kockore. Pra, \u00ebsht\u00eb konfirmuar ekzistimi i k\u00ebsaj varreze masive. Esenciale ka qen\u00eb p\u00ebr t\u00eb p\u00ebrcaktuar sakt\u00eb lokacionin e dyshuar kan\u00eb qen\u00eb pamjet apo imazhet satelitore, t\u00eb cil\u00ebt i kemi siguruar me p\u00ebrkrahjen e Komitetit Nd\u00ebrkomb\u00ebtar t\u00eb Kryqit t\u00eb Kuq nga arkivat nd\u00ebrkomb\u00ebtare.<\/p>\n<p>P\u00ebr momentin \u00ebsht\u00eb her\u00ebt t\u00eb p\u00ebrcaktohet numri i personave si individ ose viktimave t\u00eb zhvarrosura deri m\u00eb tani. Megjithat\u00eb, sipas t\u00eb dh\u00ebnave nga ana e doktor\u00ebve ose antropolog\u00ebve tan\u00eb mjekoligjor, numri i individ\u00ebve do t\u00eb jet\u00eb t\u00eb pakt\u00ebn kat\u00ebr deri m\u00eb tani. Meq\u00eb edhe n\u00eb dit\u00ebt n\u00eb vijim do t\u00eb vazhdojn\u00eb g\u00ebrmimet dhe vler\u00ebsimet n\u00eb k\u00ebt\u00eb lokacion\u201d, potencoi Gara.<\/p>\n<p>Nd\u00ebrsa, z\u00ebvend\u00ebsdrejtori i Institutit t\u00eb Mjek\u00ebsis\u00eb Ligjore, Ditor Haliti tha se n\u00eb k\u00ebt\u00eb lokacion jan\u00eb gjetur vet\u00ebm pjes\u00eb kockore, q\u00eb nuk i p\u00ebrkasin trupave t\u00eb plot\u00eb, derisa shtoi se \u00e7\u00ebshtja e identifikimit t\u00eb tyre do t\u00eb merr muaj p\u00ebr t\u2019u kryer procedurat jasht\u00eb vendit.<\/p>\n<p>\u201cT\u00eb gjitha mbetjet kockore jan\u00eb duke u t\u00ebrhequr dhe duke u d\u00ebrguar n\u00eb Institutin p\u00ebr Mjek\u00ebsi Ligjore, ku m\u00eb von\u00eb do t\u00eb ekzaminohen. P\u00ebr momentin kemi gjetje vet\u00ebm t\u00eb pjes\u00ebve kockore, por q\u00eb nuk i p\u00ebrkasin trupave t\u00eb plot\u00eb. Sidoqoft\u00eb, ekzaminimi i plot\u00eb i k\u00ebtyre mbetjeve kockore do t\u00eb b\u00ebhet vet\u00ebm sa t\u00eb p\u00ebrfundoj lokacioni n\u00eb Bishtazhin, pasi t\u00eb p\u00ebrmbyllet lokacioni, do ta kemi nj\u00eb pasqyr\u00eb t\u00eb qart\u00eb se me sa individ\u00eb kemi t\u00eb b\u00ebjm\u00eb n\u00eb k\u00ebt\u00eb lokacion. Pasi t\u00eb ekzaminohen mbetjet skeletore n\u00eb Institutin p\u00ebr Mjek\u00ebsi ligjore do t\u00eb merren edhe mostrat kockore q\u00eb do t\u00eb d\u00ebrgohen p\u00ebr analiz\u00eb gjenetike, ku pastaj kjo analiz\u00eb pritet t\u00eb zgjas\u00eb disa muaj, dhe n\u00eb fund priten rezultatet q\u00eb lidhen me identifikimin e k\u00ebtyre mbejteve mortore\u201d, theksoi Haliti.<\/p>\n<p>G\u00ebrmimin n\u00eb Bishtazhin t\u00eb Gjakov\u00ebs, Gara e quan projekt madhor dhe sfidues, derisa shtoi se jan\u00eb rikthyer n\u00eb k\u00ebt\u00eb lokacion pas 24 vitesh.<\/p>\n<p>\u201cPadyshim, ky lokacion, pra lokacioni n\u00eb Bishtazhin ose g\u00ebrmimi q\u00eb tani po b\u00ebhet, mbetet nj\u00eb projektet m\u00eb madhore gjat\u00eb k\u00ebtyre dy vjet\u00ebve t\u00eb fundit p\u00ebr shkak t\u00eb specifikave t\u00eb lokacionit, meq\u00eb jemi shum\u00eb af\u00ebr lumit \u201cErenik\u201d, dhe g\u00ebrmimi n\u00eb k\u00ebt\u00eb lokacion mbetet mjaft sfidues. Duke e pasur parasysh edhe afektin e munges\u00ebs s\u00eb t\u00eb dh\u00ebnave se \u00e7far\u00eb ka ndodhur sakt\u00ebsisht n\u00eb vitin 1999 p\u00ebrve\u00e7 t\u00eb dh\u00ebnave q\u00eb i potencova. P\u00ebrve\u00e7 vitit 1999, gjat\u00eb k\u00ebtyre 24 vjet\u00ebsh pas lufte, jemi rikthyer. G\u00ebrmimet kan\u00eb filluar diku n\u00eb mes t\u00eb muajit shtator, p\u00ebrkat\u00ebsisht m\u00eb dat\u00ebn 14 shtator, dhe jan\u00eb m\u00eb shum\u00eb se 22 dit\u00eb pun\u00eb intensive q\u00eb realizohen apo kryhen nga ana e ekspert\u00ebve mjeko-ligjor\u00eb t\u00eb Republik\u00ebs s\u00eb Kosov\u00ebs, t\u00eb Institutit t\u00eb Mjek\u00ebsis\u00eb Ligjore, gjithmon\u00eb edhe me angazhimin edhe t\u00eb hetuesve apo policis\u00eb p\u00ebr hetimin e krimeve t\u00eb luft\u00ebs\u201d, tha Gara.<\/p>\n<p>Gara tha se pasi t\u00eb p\u00ebrfundojn\u00eb g\u00ebrmimet n\u00eb k\u00ebt\u00eb lokacion do t\u00eb ri-adresohet k\u00ebrkesa p\u00ebr pal\u00ebn serbe, p\u00ebr mund\u00ebsin\u00eb e rikthimit n\u00eb lokacionet e varrezave masive t\u00eb trajtuara n\u00eb territorin e Serbis\u00eb. Ai shtoi se pas identifikimit do t\u00eb p\u00ebrcaktohet numri i sakt\u00eb i viktimave t\u00eb zhvarrosura dhe identiteti i tyre, p\u00ebr \u00e7ka do t\u00eb njoftohen edhe familjar\u00ebt.<\/p>\n<p>\u201cPasi t\u00eb p\u00ebrfundojn\u00eb g\u00ebrmimet n\u00eb k\u00ebt\u00eb lokacion, pa shmangsh\u00ebm do t\u00eb ri-adresohet pastaj edhe k\u00ebrkesa p\u00ebr pal\u00ebn serbe, p\u00ebr mund\u00ebsin\u00eb e rikthimit n\u00eb lokacionet e varrezave masive t\u00eb trajtuara tanim\u00eb n\u00eb territorin e Serbis\u00eb. Meq\u00eb shum\u00eb nga k\u00ebto lokacione, p\u00ebrkund\u00ebr trajtimit t\u00eb deritanish\u00ebm, p\u00ebr ne mbesin si raste t\u00eb pap\u00ebrfunduara.<\/p>\n<p>Besoj q\u00eb edhe mbetjet mortore, eshtrat q\u00eb jan\u00eb duke u zhvarrosur, n\u00eb procedur\u00eb t\u00eb m\u00ebtutjeshme n\u00eb kuptimin e ekzaminimit mjeko-ligjor, pastaj edhe p\u00ebrfshirjen e identifikimit p\u00ebrmes analizave t\u00eb ADN-s\u00eb p\u00ebrmes mb\u00ebshtetjes s\u00eb Komisionit Nd\u00ebrkomb\u00ebtar p\u00ebr Persona t\u00eb Zhdukur. Pas identifikimit do t\u00eb p\u00ebrcaktohet numri i sakt\u00eb i viktimave t\u00eb zhvarrosura, identiteti i tyre dhe pastaj do t\u00eb njoftohen familjet p\u00ebr personat e identifikuar\u201d, tha Gara.<\/p>\n<p>Nd\u00ebr t\u00eb tjera, Gara tha se ky lokacion \u00ebsht\u00eb p\u00ebrdorur gjat\u00eb luft\u00ebs s\u00eb fundit n\u00eb Kosov\u00eb nga forcat serbe p\u00ebr groposjen e viktimave t\u00eb tri masakrave nga komuna e Gjakov\u00ebs dhe fshatrat p\u00ebrreth. Ai shton se pas groposjes, n\u00eb vitin e fundit t\u00eb luft\u00ebs forcat serbe prap\u00eb i kan\u00eb t\u00ebrhequr kufomat n\u00eb drejtim ta panjohur.<\/p>\n<p>Sipas tij, rasti i Bishtazhinit nd\u00ebrlidhet me tri varrezat e para t\u00eb hapura gjat\u00eb vitit 2001-2002 n\u00eb territorin e Serbis\u00eb, q\u00eb n\u00eb baz\u00eb t\u00eb dh\u00ebnave ekipet mjeko-ligjore nd\u00ebrkomb\u00ebtare kan\u00eb vizituar lokacionin n\u00eb dit\u00ebt e para t\u00eb pasluft\u00ebs, gjat\u00eb muajit korrik-gusht 1999. Derisa tregon se gjetjet i kan\u00eb sjell\u00eb n\u00eb Gjakov\u00eb p\u00ebr t\u2019i varrosur, dhe prej asaj kohe nuk ka pasur ndonj\u00eb l\u00ebvizje sa i p\u00ebrket g\u00ebrmimeve.<\/p>\n","protected":false},"excerpt":{"rendered":"<p>Deri m\u00eb tani jan\u00eb gjetur eshtra kockore t\u00eb rreth kat\u00ebr viktimave, q\u00eb i p\u00ebrkasin periudh\u00ebs s\u00eb luft\u00ebs. K\u00ebshtu b\u00ebri t\u00eb ditur udh\u00ebheq\u00ebsi i Nj\u00ebsis\u00eb s\u00eb Komisionit Qeveritar p\u00ebr Persona t\u00eb Zhdukur, Kushtrim Gara, derisa tregon se g\u00ebrmimet n\u00eb k\u00ebt\u00eb lokacion ende nuk kan\u00eb p\u00ebrfunduar. Gara n\u00eb nj\u00eb intervist\u00eb p\u00ebr Kosova Press tha se lokacionin \u00ebsht\u00eb [&hellip;]<\/p>\n","protected":false},"author":1,"featured_media":32379,"comment_status":"closed","ping_status":"closed","sticky":false,"template":"","format":"standard","meta":{"_monsterinsights_skip_tracking":false,"_monsterinsights_sitenote_active":false,"_monsterinsights_sitenote_note":"","_monsterinsights_sitenote_category":0,"_uf_show_specific_survey":0,"_uf_disable_surveys":false,"footnotes":""},"categories":[16,23,15],"tags":[714],"yoast_head":"<!-- This site is optimized with the Yoast SEO plugin v21.5 - https:\/\/yoast.com\/wordpress\/plugins\/seo\/ -->\n<title>Gjenden mbetjet mortore t\u00eb kat\u00ebr viktimave nga lufta e fundit n\u00eb Bishtazhin t\u00eb Gjakov\u00ebs<\/title>\n<meta name=\"robots\" content=\"index, follow, max-snippet:-1, max-image-preview:large, max-video-preview:-1\" \/>\n<link rel=\"canonical\" href=\"https:\/\/permbledhja.com\/sq\/gjenden-mbetjet-mortore-te-kater-viktimave-nga-lufta-e-fundit-ne-bishtazhin-te-gjakoves\/\" \/>\n<meta property=\"og:locale\" content=\"sq_AL\" \/>\n<meta property=\"og:type\" content=\"article\" \/>\n<meta property=\"og:title\" content=\"Gjenden mbetjet mortore t\u00eb kat\u00ebr viktimave nga lufta e fundit n\u00eb Bishtazhin t\u00eb Gjakov\u00ebs\" \/>\n<meta property=\"og:description\" content=\"Deri m\u00eb tani jan\u00eb gjetur eshtra kockore t\u00eb rreth kat\u00ebr viktimave, q\u00eb i p\u00ebrkasin periudh\u00ebs s\u00eb luft\u00ebs. K\u00ebshtu b\u00ebri t\u00eb ditur udh\u00ebheq\u00ebsi i Nj\u00ebsis\u00eb s\u00eb Komisionit Qeveritar p\u00ebr Persona t\u00eb Zhdukur, Kushtrim Gara, derisa tregon se g\u00ebrmimet n\u00eb k\u00ebt\u00eb lokacion ende nuk kan\u00eb p\u00ebrfunduar. Gara n\u00eb nj\u00eb intervist\u00eb p\u00ebr Kosova Press tha se lokacionin \u00ebsht\u00eb [&hellip;]\" \/>\n<meta property=\"og:url\" content=\"https:\/\/permbledhja.com\/sq\/gjenden-mbetjet-mortore-te-kater-viktimave-nga-lufta-e-fundit-ne-bishtazhin-te-gjakoves\/\" \/>\n<meta property=\"og:site_name\" content=\"Ve\u00e7 artikuj p\u00ebrmbledh\u00ebs\" \/>\n<meta property=\"article:publisher\" content=\"https:\/\/www.facebook.com\/press07\/\" \/>\n<meta property=\"article:author\" content=\"https:\/\/www.facebook.com\/kafexhiu.muharrem\/\" \/>\n<meta property=\"article:published_time\" content=\"2023-10-21T14:21:31+00:00\" \/>\n<meta property=\"og:image\" content=\"https:\/\/permbledhja.com\/wp-content\/uploads\/2023\/10\/5C688D64-3E57-40B0-8BE4-C070C5794DDB.png\" \/>\n\t<meta property=\"og:image:width\" content=\"600\" \/>\n\t<meta property=\"og:image:height\" content=\"360\" \/>\n\t<meta property=\"og:image:type\" content=\"image\/png\" \/>\n<meta name=\"author\" content=\"P\u00ebrmbledhja\" \/>\n<meta name=\"twitter:card\" content=\"summary_large_image\" \/>\n<meta name=\"twitter:label1\" content=\"Written by\" \/>\n\t<meta name=\"twitter:data1\" content=\"P\u00ebrmbledhja\" \/>\n\t<meta name=\"twitter:label2\" content=\"Est. reading time\" \/>\n\t<meta name=\"twitter:data2\" content=\"5 minuta\" \/>\n<script type=\"application\/ld+json\" class=\"yoast-schema-graph\">{\"@context\":\"https:\/\/schema.org\",\"@graph\":[{\"@type\":\"Article\",\"@id\":\"https:\/\/permbledhja.com\/gjenden-mbetjet-mortore-te-kater-viktimave-nga-lufta-e-fundit-ne-bishtazhin-te-gjakoves\/#article\",\"isPartOf\":{\"@id\":\"https:\/\/permbledhja.com\/gjenden-mbetjet-mortore-te-kater-viktimave-nga-lufta-e-fundit-ne-bishtazhin-te-gjakoves\/\"},\"author\":{\"name\":\"P\u00ebrmbledhja\",\"@id\":\"https:\/\/permbledhja.com\/#\/schema\/person\/0d064377258d3221e50693947b9eb4fe\"},\"headline\":\"Gjenden mbetjet mortore t\u00eb kat\u00ebr viktimave nga lufta e fundit n\u00eb Bishtazhin t\u00eb Gjakov\u00ebs\",\"datePublished\":\"2023-10-21T14:21:31+00:00\",\"dateModified\":\"2023-10-21T14:21:31+00:00\",\"mainEntityOfPage\":{\"@id\":\"https:\/\/permbledhja.com\/gjenden-mbetjet-mortore-te-kater-viktimave-nga-lufta-e-fundit-ne-bishtazhin-te-gjakoves\/\"},\"wordCount\":997,\"publisher\":{\"@id\":\"https:\/\/permbledhja.com\/#organization\"},\"keywords\":[\"BIshtazhin\"],\"articleSection\":[\"Gjakov\u00eb\",\"Komb\u00ebtare\",\"Lajme\"],\"inLanguage\":\"sq\"},{\"@type\":\"WebPage\",\"@id\":\"https:\/\/permbledhja.com\/gjenden-mbetjet-mortore-te-kater-viktimave-nga-lufta-e-fundit-ne-bishtazhin-te-gjakoves\/\",\"url\":\"https:\/\/permbledhja.com\/gjenden-mbetjet-mortore-te-kater-viktimave-nga-lufta-e-fundit-ne-bishtazhin-te-gjakoves\/\",\"name\":\"Gjenden mbetjet mortore t\u00eb kat\u00ebr viktimave nga lufta e fundit n\u00eb Bishtazhin t\u00eb Gjakov\u00ebs\",\"isPartOf\":{\"@id\":\"https:\/\/permbledhja.com\/#website\"},\"datePublished\":\"2023-10-21T14:21:31+00:00\",\"dateModified\":\"2023-10-21T14:21:31+00:00\",\"breadcrumb\":{\"@id\":\"https:\/\/permbledhja.com\/gjenden-mbetjet-mortore-te-kater-viktimave-nga-lufta-e-fundit-ne-bishtazhin-te-gjakoves\/#breadcrumb\"},\"inLanguage\":\"sq\",\"potentialAction\":[{\"@type\":\"ReadAction\",\"target\":[\"https:\/\/permbledhja.com\/gjenden-mbetjet-mortore-te-kater-viktimave-nga-lufta-e-fundit-ne-bishtazhin-te-gjakoves\/\"]}]},{\"@type\":\"BreadcrumbList\",\"@id\":\"https:\/\/permbledhja.com\/gjenden-mbetjet-mortore-te-kater-viktimave-nga-lufta-e-fundit-ne-bishtazhin-te-gjakoves\/#breadcrumb\",\"itemListElement\":[{\"@type\":\"ListItem\",\"position\":1,\"name\":\"Ballina\",\"item\":\"https:\/\/permbledhja.com\/sq\/\"},{\"@type\":\"ListItem\",\"position\":2,\"name\":\"Gjenden mbetjet mortore t\u00eb kat\u00ebr viktimave nga lufta e fundit n\u00eb Bishtazhin t\u00eb Gjakov\u00ebs\"}]},{\"@type\":\"WebSite\",\"@id\":\"https:\/\/permbledhja.com\/#website\",\"url\":\"https:\/\/permbledhja.com\/\",\"name\":\"Ve\u00e7 artikuj p\u00ebrmbledh\u00ebs\",\"description\":\"\",\"publisher\":{\"@id\":\"https:\/\/permbledhja.com\/#organization\"},\"potentialAction\":[{\"@type\":\"SearchAction\",\"target\":{\"@type\":\"EntryPoint\",\"urlTemplate\":\"https:\/\/permbledhja.com\/?s={search_term_string}\"},\"query-input\":\"required name=search_term_string\"}],\"inLanguage\":\"sq\"},{\"@type\":\"Organization\",\"@id\":\"https:\/\/permbledhja.com\/#organization\",\"name\":\"MK Media & Pr\",\"url\":\"https:\/\/permbledhja.com\/\",\"logo\":{\"@type\":\"ImageObject\",\"inLanguage\":\"sq\",\"@id\":\"https:\/\/permbledhja.com\/#\/schema\/logo\/image\/\",\"url\":\"https:\/\/permbledhja.com\/wp-content\/uploads\/2021\/12\/07-Press-Logo.jpg\",\"contentUrl\":\"https:\/\/permbledhja.com\/wp-content\/uploads\/2021\/12\/07-Press-Logo.jpg\",\"width\":512,\"height\":512,\"caption\":\"MK Media & Pr\"},\"image\":{\"@id\":\"https:\/\/permbledhja.com\/#\/schema\/logo\/image\/\"},\"sameAs\":[\"https:\/\/www.facebook.com\/press07\/\"]},{\"@type\":\"Person\",\"@id\":\"https:\/\/permbledhja.com\/#\/schema\/person\/0d064377258d3221e50693947b9eb4fe\",\"name\":\"P\u00ebrmbledhja\",\"image\":{\"@type\":\"ImageObject\",\"inLanguage\":\"sq\",\"@id\":\"https:\/\/permbledhja.com\/#\/schema\/person\/image\/\",\"url\":\"https:\/\/permbledhja.com\/wp-content\/uploads\/2026\/01\/452004717_1040944174702970_8932037511805513407_n-96x96.jpg\",\"contentUrl\":\"https:\/\/permbledhja.com\/wp-content\/uploads\/2026\/01\/452004717_1040944174702970_8932037511805513407_n-96x96.jpg\",\"caption\":\"P\u00ebrmbledhja\"},\"sameAs\":[\"https:\/\/www.facebook.com\/kafexhiu.muharrem\/\",\"https:\/\/www.instagram.com\/muharrem_kafexhiu\/\"],\"url\":\"https:\/\/permbledhja.com\/sq\/author\/admin\/\"}]}<\/script>\n<!-- \/ Yoast SEO plugin. -->","yoast_head_json":{"title":"Gjenden mbetjet mortore t\u00eb kat\u00ebr viktimave nga lufta e fundit n\u00eb Bishtazhin t\u00eb Gjakov\u00ebs","robots":{"index":"index","follow":"follow","max-snippet":"max-snippet:-1","max-image-preview":"max-image-preview:large","max-video-preview":"max-video-preview:-1"},"canonical":"https:\/\/permbledhja.com\/sq\/gjenden-mbetjet-mortore-te-kater-viktimave-nga-lufta-e-fundit-ne-bishtazhin-te-gjakoves\/","og_locale":"sq_AL","og_type":"article","og_title":"Gjenden mbetjet mortore t\u00eb kat\u00ebr viktimave nga lufta e fundit n\u00eb Bishtazhin t\u00eb Gjakov\u00ebs","og_description":"Deri m\u00eb tani jan\u00eb gjetur eshtra kockore t\u00eb rreth kat\u00ebr viktimave, q\u00eb i p\u00ebrkasin periudh\u00ebs s\u00eb luft\u00ebs. K\u00ebshtu b\u00ebri t\u00eb ditur udh\u00ebheq\u00ebsi i Nj\u00ebsis\u00eb s\u00eb Komisionit Qeveritar p\u00ebr Persona t\u00eb Zhdukur, Kushtrim Gara, derisa tregon se g\u00ebrmimet n\u00eb k\u00ebt\u00eb lokacion ende nuk kan\u00eb p\u00ebrfunduar. Gara n\u00eb nj\u00eb intervist\u00eb p\u00ebr Kosova Press tha se lokacionin \u00ebsht\u00eb [&hellip;]","og_url":"https:\/\/permbledhja.com\/sq\/gjenden-mbetjet-mortore-te-kater-viktimave-nga-lufta-e-fundit-ne-bishtazhin-te-gjakoves\/","og_site_name":"Ve\u00e7 artikuj p\u00ebrmbledh\u00ebs","article_publisher":"https:\/\/www.facebook.com\/press07\/","article_author":"https:\/\/www.facebook.com\/kafexhiu.muharrem\/","article_published_time":"2023-10-21T14:21:31+00:00","og_image":[{"width":600,"height":360,"url":"https:\/\/permbledhja.com\/wp-content\/uploads\/2023\/10\/5C688D64-3E57-40B0-8BE4-C070C5794DDB.png","type":"image\/png"}],"author":"P\u00ebrmbledhja","twitter_card":"summary_large_image","twitter_misc":{"Written by":"P\u00ebrmbledhja","Est. reading time":"5 minuta"},"schema":{"@context":"https:\/\/schema.org","@graph":[{"@type":"Article","@id":"https:\/\/permbledhja.com\/gjenden-mbetjet-mortore-te-kater-viktimave-nga-lufta-e-fundit-ne-bishtazhin-te-gjakoves\/#article","isPartOf":{"@id":"https:\/\/permbledhja.com\/gjenden-mbetjet-mortore-te-kater-viktimave-nga-lufta-e-fundit-ne-bishtazhin-te-gjakoves\/"},"author":{"name":"P\u00ebrmbledhja","@id":"https:\/\/permbledhja.com\/#\/schema\/person\/0d064377258d3221e50693947b9eb4fe"},"headline":"Gjenden mbetjet mortore t\u00eb kat\u00ebr viktimave nga lufta e fundit n\u00eb Bishtazhin t\u00eb Gjakov\u00ebs","datePublished":"2023-10-21T14:21:31+00:00","dateModified":"2023-10-21T14:21:31+00:00","mainEntityOfPage":{"@id":"https:\/\/permbledhja.com\/gjenden-mbetjet-mortore-te-kater-viktimave-nga-lufta-e-fundit-ne-bishtazhin-te-gjakoves\/"},"wordCount":997,"publisher":{"@id":"https:\/\/permbledhja.com\/#organization"},"keywords":["BIshtazhin"],"articleSection":["Gjakov\u00eb","Komb\u00ebtare","Lajme"],"inLanguage":"sq"},{"@type":"WebPage","@id":"https:\/\/permbledhja.com\/gjenden-mbetjet-mortore-te-kater-viktimave-nga-lufta-e-fundit-ne-bishtazhin-te-gjakoves\/","url":"https:\/\/permbledhja.com\/gjenden-mbetjet-mortore-te-kater-viktimave-nga-lufta-e-fundit-ne-bishtazhin-te-gjakoves\/","name":"Gjenden mbetjet mortore t\u00eb kat\u00ebr viktimave nga lufta e fundit n\u00eb Bishtazhin t\u00eb Gjakov\u00ebs","isPartOf":{"@id":"https:\/\/permbledhja.com\/#website"},"datePublished":"2023-10-21T14:21:31+00:00","dateModified":"2023-10-21T14:21:31+00:00","breadcrumb":{"@id":"https:\/\/permbledhja.com\/gjenden-mbetjet-mortore-te-kater-viktimave-nga-lufta-e-fundit-ne-bishtazhin-te-gjakoves\/#breadcrumb"},"inLanguage":"sq","potentialAction":[{"@type":"ReadAction","target":["https:\/\/permbledhja.com\/gjenden-mbetjet-mortore-te-kater-viktimave-nga-lufta-e-fundit-ne-bishtazhin-te-gjakoves\/"]}]},{"@type":"BreadcrumbList","@id":"https:\/\/permbledhja.com\/gjenden-mbetjet-mortore-te-kater-viktimave-nga-lufta-e-fundit-ne-bishtazhin-te-gjakoves\/#breadcrumb","itemListElement":[{"@type":"ListItem","position":1,"name":"Ballina","item":"https:\/\/permbledhja.com\/sq\/"},{"@type":"ListItem","position":2,"name":"Gjenden mbetjet mortore t\u00eb kat\u00ebr viktimave nga lufta e fundit n\u00eb Bishtazhin t\u00eb Gjakov\u00ebs"}]},{"@type":"WebSite","@id":"https:\/\/permbledhja.com\/#website","url":"https:\/\/permbledhja.com\/","name":"Ve\u00e7 artikuj p\u00ebrmbledh\u00ebs","description":"","publisher":{"@id":"https:\/\/permbledhja.com\/#organization"},"potentialAction":[{"@type":"SearchAction","target":{"@type":"EntryPoint","urlTemplate":"https:\/\/permbledhja.com\/?s={search_term_string}"},"query-input":"required name=search_term_string"}],"inLanguage":"sq"},{"@type":"Organization","@id":"https:\/\/permbledhja.com\/#organization","name":"MK Media & Pr","url":"https:\/\/permbledhja.com\/","logo":{"@type":"ImageObject","inLanguage":"sq","@id":"https:\/\/permbledhja.com\/#\/schema\/logo\/image\/","url":"https:\/\/permbledhja.com\/wp-content\/uploads\/2021\/12\/07-Press-Logo.jpg","contentUrl":"https:\/\/permbledhja.com\/wp-content\/uploads\/2021\/12\/07-Press-Logo.jpg","width":512,"height":512,"caption":"MK Media & Pr"},"image":{"@id":"https:\/\/permbledhja.com\/#\/schema\/logo\/image\/"},"sameAs":["https:\/\/www.facebook.com\/press07\/"]},{"@type":"Person","@id":"https:\/\/permbledhja.com\/#\/schema\/person\/0d064377258d3221e50693947b9eb4fe","name":"P\u00ebrmbledhja","image":{"@type":"ImageObject","inLanguage":"sq","@id":"https:\/\/permbledhja.com\/#\/schema\/person\/image\/","url":"https:\/\/permbledhja.com\/wp-content\/uploads\/2026\/01\/452004717_1040944174702970_8932037511805513407_n-96x96.jpg","contentUrl":"https:\/\/permbledhja.com\/wp-content\/uploads\/2026\/01\/452004717_1040944174702970_8932037511805513407_n-96x96.jpg","caption":"P\u00ebrmbledhja"},"sameAs":["https:\/\/www.facebook.com\/kafexhiu.muharrem\/","https:\/\/www.instagram.com\/muharrem_kafexhiu\/"],"url":"https:\/\/permbledhja.com\/sq\/author\/admin\/"}]}},"_links":{"self":[{"href":"https:\/\/permbledhja.com\/sq\/wp-json\/wp\/v2\/posts\/32378"}],"collection":[{"href":"https:\/\/permbledhja.com\/sq\/wp-json\/wp\/v2\/posts"}],"about":[{"href":"https:\/\/permbledhja.com\/sq\/wp-json\/wp\/v2\/types\/post"}],"author":[{"embeddable":true,"href":"https:\/\/permbledhja.com\/sq\/wp-json\/wp\/v2\/users\/1"}],"replies":[{"embeddable":true,"href":"https:\/\/permbledhja.com\/sq\/wp-json\/wp\/v2\/comments?post=32378"}],"version-history":[{"count":1,"href":"https:\/\/permbledhja.com\/sq\/wp-json\/wp\/v2\/posts\/32378\/revisions"}],"predecessor-version":[{"id":32380,"href":"https:\/\/permbledhja.com\/sq\/wp-json\/wp\/v2\/posts\/32378\/revisions\/32380"}],"wp:featuredmedia":[{"embeddable":true,"href":"https:\/\/permbledhja.com\/sq\/wp-json\/wp\/v2\/media\/32379"}],"wp:attachment":[{"href":"https:\/\/permbledhja.com\/sq\/wp-json\/wp\/v2\/media?parent=32378"}],"wp:term":[{"taxonomy":"category","embeddable":true,"href":"https:\/\/permbledhja.com\/sq\/wp-json\/wp\/v2\/categories?post=32378"},{"taxonomy":"post_tag","embeddable":true,"href":"https:\/\/permbledhja.com\/sq\/wp-json\/wp\/v2\/tags?post=32378"}],"curies":[{"name":"wp","href":"https:\/\/api.w.org\/{rel}","templated":true}]}}