{"id":32291,"date":"2023-10-21T07:30:56","date_gmt":"2023-10-21T07:30:56","guid":{"rendered":"https:\/\/permbledhja.com\/?p=32291"},"modified":"2023-10-21T07:30:56","modified_gmt":"2023-10-21T07:30:56","slug":"deklarata-e-macron-per-vizat-ke-liberalizimi-hyn-ne-fuqi-me-1-janar-2024-nje-shtet-nuk-mund-te-vendos-pezullimin","status":"publish","type":"post","link":"https:\/\/permbledhja.com\/sq\/deklarata-e-macron-per-vizat-ke-liberalizimi-hyn-ne-fuqi-me-1-janar-2024-nje-shtet-nuk-mund-te-vendos-pezullimin\/","title":{"rendered":"Deklarata e Macron p\u00ebr vizat, KE: Liberalizimi hyn n\u00eb fuqi m\u00eb 1 janar 2024, nj\u00eb shtet nuk mund t\u00eb vendos pezullimin"},"content":{"rendered":"<h3>Komisioni Europian nuk ka pranuar t\u00eb b\u00ebj\u00eb komente mbi deklarat\u00ebn e b\u00ebr\u00eb nga Presidenti i Franc\u00ebs, Emmanuel Macron, gjat\u00eb vizit\u00ebs s\u00eb tij n\u00eb Tiran\u00eb, por ka theksuar se liberalizimi i vizave p\u00ebr Kosov\u00ebn do t\u00eb hyj\u00eb n\u00eb fuqi n\u00eb fillim t\u00eb vitit q\u00eb vjen.<\/h3>\n<p>\u201cLiberalizimi i vizave p\u00ebr qytetar\u00ebt e Kosov\u00ebs do t\u00eb hyj\u00eb n\u00eb fuqi m\u00eb 1 janar t\u00eb vitit 2024 dhe do t\u2019i lejoj\u00eb ata q\u00eb t\u00eb udh\u00ebtojn\u00eb brenda hap\u00ebsir\u00ebs s\u00eb Bashkimit Europian p\u00ebr 90 dit\u00eb.\u201d<\/p>\n<p>K\u00ebshtu \u00ebsht\u00eb p\u00ebrgjigjur z\u00ebdh\u00ebn\u00ebsja e Komisionit Europian p\u00ebr Pun\u00ebt e Brendshme, Anitta Hiper, pasi \u00ebsht\u00eb pyetur n\u00ebse Franca ka propozuar pezullimin e liberalizimit t\u00eb vizave t\u00eb Kosov\u00ebs.<\/p>\n<p>P\u00ebrpos k\u00ebsaj, n\u00eb p\u00ebrgjigjen e tij, Komisioni Europian sqaron se nj\u00eb shtet i vet\u00ebm nuk mund t\u00eb vendos\u00eb q\u00eb t\u00eb pezullojn\u00eb nj\u00eb regjim t\u00eb l\u00ebvizjes pa viza pasi ky i fundit \u00ebsht\u00eb vendosur.<\/p>\n<p>Vendime t\u00eb tilla, si\u00e7 sqaron KE, mund t\u00eb merren vet\u00ebm n\u00eb nivel t\u00eb BE-s\u00eb, duke u bazuar n\u00eb rregullat e unionit p\u00ebr dh\u00ebnien apo pezullimin e regjimeve pa viza.<\/p>\n<p>\u201cNe jemi n\u00eb kontakt me t\u00eb gjitha shtetet an\u00ebtare t\u00eb Bashkimit Euopian dhe nuk b\u00ebjm\u00eb komente mbi komentet. N\u00eb prill 2023, Parlamenti Europian dhe K\u00ebshilli adoptuan rregulloren 2023\/850 t\u00eb (BE), duke u hequr mbajt\u00ebsve t\u00eb Pasaport\u00ebs s\u00eb Kosov\u00ebs, regjimin e vizave. Liberalizimi i vizave p\u00ebr shtetasit e Kosov\u00ebs do t\u00eb hyj\u00eb n\u00eb fuqi n\u00eb 1 janar t\u00eb vitit 2024. Do t\u2019 u lejoj\u00eb qytetar\u00ebve t\u00eb Kosov\u00ebs q\u00eb t\u00eb udh\u00ebtojn\u00eb n\u00eb hap\u00ebsir\u00ebn e Bashkimit Europian pa viza p\u00ebr 90 dit\u00eb n\u00eb \u00e7do periudh\u00eb kohore prej 18 dit\u00ebsh.<\/p>\n<p>Komisioni ka vler\u00ebsuar q\u00eb nga korriku 2018 se Kosova i p\u00ebrmbush t\u00eb gjitha standardet e Udh\u00ebrr\u00ebfyesit p\u00ebr Liberalizimin e Vizave. Kosova ka punuar vazhdimisht p\u00ebr t\u00eb p\u00ebrmbushur standardet. Shtete t\u00eb ve\u00e7anta an\u00ebtare nuk mund t\u00eb vendosin t\u00eb pezullojn\u00eb nj\u00eb regjim pa viza. Rregullat n\u00eb lidhje me dh\u00ebnien, pezullimin ose p\u00ebrfundimin e p\u00ebrjashtimeve t\u00eb vizave jan\u00eb plot\u00ebsisht t\u00eb harmonizuara n\u00eb nivel t\u00eb BE-s\u00eb dhe k\u00ebrkojn\u00eb vendime n\u00eb nivel t\u00eb BE-s\u00eb, ka deklaruar p\u00ebr A2CNN Anitta Hiper, z\u00ebdh\u00ebn\u00ebsja e Komisionit Europian p\u00ebr Pun\u00ebt e Brendshme.<\/p>\n<p>Presidenti i Franc\u00ebs, Emmanuel Macron, tha n\u00eb Tiran\u00eb m\u00eb 17 tetor se Franca b\u00ebri nj\u00eb \u201cgjest besimi sa i p\u00ebrket \u00e7\u00ebshtjes s\u00eb vizave p\u00ebr Kosov\u00ebn\u201d.<\/p>\n<p>\u201cDua ta them nj\u00eb gj\u00eb me shum\u00eb qart\u00ebsi. Ne kemi b\u00ebr\u00eb nj\u00eb gjest besimi p\u00ebr \u00e7\u00ebshtjen e vizave. Sa i p\u00ebrket Franc\u00ebs, ato [vizat] jan\u00eb hequr sepse ne respektojm\u00eb fjal\u00ebn e dh\u00ebn\u00eb. E sot, fjala nuk po mbahet. Pres nj\u00eb angazhim real nga k\u00ebto dy autoritete [Kosova dhe Serbia] q\u00eb t\u00eb ecin p\u00ebrpara n\u00eb jav\u00ebt e ardhshme. Ky \u00ebsht\u00eb vet\u00eb kushti p\u00ebr paqe n\u00eb gjith\u00eb rajonin\u201d, deklaroi Macron.<\/p>\n<p>Agjencia franceze e lajmeve, AFP, lidhur me deklarat\u00ebn e Macronit n\u00eb Tiran\u00eb p\u00ebr vizat, tha se me k\u00ebt\u00eb \u201cai e ka k\u00ebrc\u00ebnuar Kosov\u00ebn me zhb\u00ebrjen e vendimit t\u00eb vizave\u201d.<\/p>\n<p>Zbatimi i vendimit p\u00ebr liberalizimin e vizave p\u00ebr Kosov\u00ebn pritet t\u00eb hyj\u00eb n\u00eb fuqi m\u00eb 1 janar 2024.<\/p>\n<p>Macron foli p\u00ebr vizat n\u00eb Tiran\u00eb duke e nd\u00ebrlidhur situat\u00ebn politike mes Kosov\u00ebs dhe Serbis\u00eb.<\/p>\n<p>Presidenti francez tha se ka ndjekur rritjen e tensioneve mes Kosov\u00ebs dhe Serbis\u00eb dhe k\u00ebrkoi q\u00eb t\u00eb dyja pal\u00ebt t\u00eb nd\u00ebrmarrin hapa p\u00ebr t\u00eb shtensionuar situat\u00ebn. Ai tha se \u00ebsht\u00eb \u201cp\u00ebrgjegj\u00ebsi e [presidentit t\u00eb Serbis\u00eb, Aleksandar] Vu\u00e7iqit t\u2019i d\u00ebnoj\u00eb prerazi sulmet e 24 shtatorit, sepse kontribuon n\u00eb kthimin e qet\u00ebsis\u00eb n\u00eb kufi\u201d. Presidenti francez iu referua sulmeve t\u00eb 24 shtatorit ndaj policis\u00eb s\u00eb Kosov\u00ebs nga nj\u00eb grup i serb\u00ebve t\u00eb armatosur.<\/p>\n<p>\u201cN\u00eb etapat e ardhshme ajo q\u00eb presim nga autoritetet, nga t\u00eb dyja pal\u00ebt \u00ebsht\u00eb e thjesht\u00eb: Riorganizimi i zgjedhjeve n\u00eb komunat e banuara me shumic\u00eb serbe, pjes\u00ebmarrjen e serb\u00ebve n\u00eb zgjedhje e institucione, krijimi i asociacionit t\u00eb komunave serbe nga autoritetet kosovare. Pres q\u00eb Vu\u00e7iqi t\u00eb jet\u00eb i p\u00ebrgjegjsh\u00ebm dhe t\u00eb nj\u00ebjt\u00ebn gj\u00eb pres edhe nga presidentja dhe kryeministri i Kosov\u00ebs\u201d, tha Macron.<\/p>\n","protected":false},"excerpt":{"rendered":"<p>Komisioni Europian nuk ka pranuar t\u00eb b\u00ebj\u00eb komente mbi deklarat\u00ebn e b\u00ebr\u00eb nga Presidenti i Franc\u00ebs, Emmanuel Macron, gjat\u00eb vizit\u00ebs s\u00eb tij n\u00eb Tiran\u00eb, por ka theksuar se liberalizimi i vizave p\u00ebr Kosov\u00ebn do t\u00eb hyj\u00eb n\u00eb fuqi n\u00eb fillim t\u00eb vitit q\u00eb vjen. \u201cLiberalizimi i vizave p\u00ebr qytetar\u00ebt e Kosov\u00ebs do t\u00eb hyj\u00eb n\u00eb [&hellip;]<\/p>\n","protected":false},"author":1,"featured_media":10089,"comment_status":"closed","ping_status":"closed","sticky":false,"template":"","format":"standard","meta":{"_monsterinsights_skip_tracking":false,"_monsterinsights_sitenote_active":false,"_monsterinsights_sitenote_note":"","_monsterinsights_sitenote_category":0,"_uf_show_specific_survey":0,"_uf_disable_surveys":false,"footnotes":""},"categories":[23,15],"tags":[2559],"yoast_head":"<!-- This site is optimized with the Yoast SEO plugin v21.5 - https:\/\/yoast.com\/wordpress\/plugins\/seo\/ -->\n<title>Deklarata e Macron p\u00ebr vizat, KE: Liberalizimi hyn n\u00eb fuqi m\u00eb 1 janar 2024, nj\u00eb shtet nuk mund t\u00eb vendos pezullimin<\/title>\n<meta name=\"robots\" content=\"index, follow, max-snippet:-1, max-image-preview:large, max-video-preview:-1\" \/>\n<link rel=\"canonical\" href=\"https:\/\/permbledhja.com\/sq\/deklarata-e-macron-per-vizat-ke-liberalizimi-hyn-ne-fuqi-me-1-janar-2024-nje-shtet-nuk-mund-te-vendos-pezullimin\/\" \/>\n<meta property=\"og:locale\" content=\"sq_AL\" \/>\n<meta property=\"og:type\" content=\"article\" \/>\n<meta property=\"og:title\" content=\"Deklarata e Macron p\u00ebr vizat, KE: Liberalizimi hyn n\u00eb fuqi m\u00eb 1 janar 2024, nj\u00eb shtet nuk mund t\u00eb vendos pezullimin\" \/>\n<meta property=\"og:description\" content=\"Komisioni Europian nuk ka pranuar t\u00eb b\u00ebj\u00eb komente mbi deklarat\u00ebn e b\u00ebr\u00eb nga Presidenti i Franc\u00ebs, Emmanuel Macron, gjat\u00eb vizit\u00ebs s\u00eb tij n\u00eb Tiran\u00eb, por ka theksuar se liberalizimi i vizave p\u00ebr Kosov\u00ebn do t\u00eb hyj\u00eb n\u00eb fuqi n\u00eb fillim t\u00eb vitit q\u00eb vjen. \u201cLiberalizimi i vizave p\u00ebr qytetar\u00ebt e Kosov\u00ebs do t\u00eb hyj\u00eb n\u00eb [&hellip;]\" \/>\n<meta property=\"og:url\" content=\"https:\/\/permbledhja.com\/sq\/deklarata-e-macron-per-vizat-ke-liberalizimi-hyn-ne-fuqi-me-1-janar-2024-nje-shtet-nuk-mund-te-vendos-pezullimin\/\" \/>\n<meta property=\"og:site_name\" content=\"Ve\u00e7 artikuj p\u00ebrmbledh\u00ebs\" \/>\n<meta property=\"article:publisher\" content=\"https:\/\/www.facebook.com\/press07\/\" \/>\n<meta property=\"article:author\" content=\"https:\/\/www.facebook.com\/kafexhiu.muharrem\/\" \/>\n<meta property=\"article:published_time\" content=\"2023-10-21T07:30:56+00:00\" \/>\n<meta property=\"og:image\" content=\"https:\/\/permbledhja.com\/wp-content\/uploads\/2022\/11\/vizat-kosova-liberalizimi-720x405-1.webp\" \/>\n\t<meta property=\"og:image:width\" content=\"720\" \/>\n\t<meta property=\"og:image:height\" content=\"405\" \/>\n\t<meta property=\"og:image:type\" content=\"image\/webp\" \/>\n<meta name=\"author\" content=\"P\u00ebrmbledhja\" \/>\n<meta name=\"twitter:card\" content=\"summary_large_image\" \/>\n<meta name=\"twitter:label1\" content=\"Written by\" \/>\n\t<meta name=\"twitter:data1\" content=\"P\u00ebrmbledhja\" \/>\n\t<meta name=\"twitter:label2\" content=\"Est. reading time\" \/>\n\t<meta name=\"twitter:data2\" content=\"4 minuta\" \/>\n<script type=\"application\/ld+json\" class=\"yoast-schema-graph\">{\"@context\":\"https:\/\/schema.org\",\"@graph\":[{\"@type\":\"Article\",\"@id\":\"https:\/\/permbledhja.com\/sq\/deklarata-e-macron-per-vizat-ke-liberalizimi-hyn-ne-fuqi-me-1-janar-2024-nje-shtet-nuk-mund-te-vendos-pezullimin\/#article\",\"isPartOf\":{\"@id\":\"https:\/\/permbledhja.com\/sq\/deklarata-e-macron-per-vizat-ke-liberalizimi-hyn-ne-fuqi-me-1-janar-2024-nje-shtet-nuk-mund-te-vendos-pezullimin\/\"},\"author\":{\"name\":\"P\u00ebrmbledhja\",\"@id\":\"https:\/\/permbledhja.com\/#\/schema\/person\/0d064377258d3221e50693947b9eb4fe\"},\"headline\":\"Deklarata e Macron p\u00ebr vizat, KE: Liberalizimi hyn n\u00eb fuqi m\u00eb 1 janar 2024, nj\u00eb shtet nuk mund t\u00eb vendos pezullimin\",\"datePublished\":\"2023-10-21T07:30:56+00:00\",\"dateModified\":\"2023-10-21T07:30:56+00:00\",\"mainEntityOfPage\":{\"@id\":\"https:\/\/permbledhja.com\/sq\/deklarata-e-macron-per-vizat-ke-liberalizimi-hyn-ne-fuqi-me-1-janar-2024-nje-shtet-nuk-mund-te-vendos-pezullimin\/\"},\"wordCount\":751,\"publisher\":{\"@id\":\"https:\/\/permbledhja.com\/#organization\"},\"keywords\":[\"KE\"],\"articleSection\":[\"Komb\u00ebtare\",\"Lajme\"],\"inLanguage\":\"sq\"},{\"@type\":\"WebPage\",\"@id\":\"https:\/\/permbledhja.com\/sq\/deklarata-e-macron-per-vizat-ke-liberalizimi-hyn-ne-fuqi-me-1-janar-2024-nje-shtet-nuk-mund-te-vendos-pezullimin\/\",\"url\":\"https:\/\/permbledhja.com\/sq\/deklarata-e-macron-per-vizat-ke-liberalizimi-hyn-ne-fuqi-me-1-janar-2024-nje-shtet-nuk-mund-te-vendos-pezullimin\/\",\"name\":\"Deklarata e Macron p\u00ebr vizat, KE: Liberalizimi hyn n\u00eb fuqi m\u00eb 1 janar 2024, nj\u00eb shtet nuk mund t\u00eb vendos pezullimin\",\"isPartOf\":{\"@id\":\"https:\/\/permbledhja.com\/#website\"},\"datePublished\":\"2023-10-21T07:30:56+00:00\",\"dateModified\":\"2023-10-21T07:30:56+00:00\",\"breadcrumb\":{\"@id\":\"https:\/\/permbledhja.com\/sq\/deklarata-e-macron-per-vizat-ke-liberalizimi-hyn-ne-fuqi-me-1-janar-2024-nje-shtet-nuk-mund-te-vendos-pezullimin\/#breadcrumb\"},\"inLanguage\":\"sq\",\"potentialAction\":[{\"@type\":\"ReadAction\",\"target\":[\"https:\/\/permbledhja.com\/sq\/deklarata-e-macron-per-vizat-ke-liberalizimi-hyn-ne-fuqi-me-1-janar-2024-nje-shtet-nuk-mund-te-vendos-pezullimin\/\"]}]},{\"@type\":\"BreadcrumbList\",\"@id\":\"https:\/\/permbledhja.com\/sq\/deklarata-e-macron-per-vizat-ke-liberalizimi-hyn-ne-fuqi-me-1-janar-2024-nje-shtet-nuk-mund-te-vendos-pezullimin\/#breadcrumb\",\"itemListElement\":[{\"@type\":\"ListItem\",\"position\":1,\"name\":\"Ballina\",\"item\":\"https:\/\/permbledhja.com\/sq\/\"},{\"@type\":\"ListItem\",\"position\":2,\"name\":\"Deklarata e Macron p\u00ebr vizat, KE: Liberalizimi hyn n\u00eb fuqi m\u00eb 1 janar 2024, nj\u00eb shtet nuk mund t\u00eb vendos pezullimin\"}]},{\"@type\":\"WebSite\",\"@id\":\"https:\/\/permbledhja.com\/#website\",\"url\":\"https:\/\/permbledhja.com\/\",\"name\":\"Ve\u00e7 artikuj p\u00ebrmbledh\u00ebs\",\"description\":\"\",\"publisher\":{\"@id\":\"https:\/\/permbledhja.com\/#organization\"},\"potentialAction\":[{\"@type\":\"SearchAction\",\"target\":{\"@type\":\"EntryPoint\",\"urlTemplate\":\"https:\/\/permbledhja.com\/?s={search_term_string}\"},\"query-input\":\"required name=search_term_string\"}],\"inLanguage\":\"sq\"},{\"@type\":\"Organization\",\"@id\":\"https:\/\/permbledhja.com\/#organization\",\"name\":\"MK Media & Pr\",\"url\":\"https:\/\/permbledhja.com\/\",\"logo\":{\"@type\":\"ImageObject\",\"inLanguage\":\"sq\",\"@id\":\"https:\/\/permbledhja.com\/#\/schema\/logo\/image\/\",\"url\":\"https:\/\/permbledhja.com\/wp-content\/uploads\/2021\/12\/07-Press-Logo.jpg\",\"contentUrl\":\"https:\/\/permbledhja.com\/wp-content\/uploads\/2021\/12\/07-Press-Logo.jpg\",\"width\":512,\"height\":512,\"caption\":\"MK Media & Pr\"},\"image\":{\"@id\":\"https:\/\/permbledhja.com\/#\/schema\/logo\/image\/\"},\"sameAs\":[\"https:\/\/www.facebook.com\/press07\/\"]},{\"@type\":\"Person\",\"@id\":\"https:\/\/permbledhja.com\/#\/schema\/person\/0d064377258d3221e50693947b9eb4fe\",\"name\":\"P\u00ebrmbledhja\",\"image\":{\"@type\":\"ImageObject\",\"inLanguage\":\"sq\",\"@id\":\"https:\/\/permbledhja.com\/#\/schema\/person\/image\/\",\"url\":\"https:\/\/permbledhja.com\/wp-content\/uploads\/2026\/01\/452004717_1040944174702970_8932037511805513407_n-96x96.jpg\",\"contentUrl\":\"https:\/\/permbledhja.com\/wp-content\/uploads\/2026\/01\/452004717_1040944174702970_8932037511805513407_n-96x96.jpg\",\"caption\":\"P\u00ebrmbledhja\"},\"sameAs\":[\"https:\/\/www.facebook.com\/kafexhiu.muharrem\/\",\"https:\/\/www.instagram.com\/muharrem_kafexhiu\/\"],\"url\":\"https:\/\/permbledhja.com\/sq\/author\/admin\/\"}]}<\/script>\n<!-- \/ Yoast SEO plugin. -->","yoast_head_json":{"title":"Deklarata e Macron p\u00ebr vizat, KE: Liberalizimi hyn n\u00eb fuqi m\u00eb 1 janar 2024, nj\u00eb shtet nuk mund t\u00eb vendos pezullimin","robots":{"index":"index","follow":"follow","max-snippet":"max-snippet:-1","max-image-preview":"max-image-preview:large","max-video-preview":"max-video-preview:-1"},"canonical":"https:\/\/permbledhja.com\/sq\/deklarata-e-macron-per-vizat-ke-liberalizimi-hyn-ne-fuqi-me-1-janar-2024-nje-shtet-nuk-mund-te-vendos-pezullimin\/","og_locale":"sq_AL","og_type":"article","og_title":"Deklarata e Macron p\u00ebr vizat, KE: Liberalizimi hyn n\u00eb fuqi m\u00eb 1 janar 2024, nj\u00eb shtet nuk mund t\u00eb vendos pezullimin","og_description":"Komisioni Europian nuk ka pranuar t\u00eb b\u00ebj\u00eb komente mbi deklarat\u00ebn e b\u00ebr\u00eb nga Presidenti i Franc\u00ebs, Emmanuel Macron, gjat\u00eb vizit\u00ebs s\u00eb tij n\u00eb Tiran\u00eb, por ka theksuar se liberalizimi i vizave p\u00ebr Kosov\u00ebn do t\u00eb hyj\u00eb n\u00eb fuqi n\u00eb fillim t\u00eb vitit q\u00eb vjen. \u201cLiberalizimi i vizave p\u00ebr qytetar\u00ebt e Kosov\u00ebs do t\u00eb hyj\u00eb n\u00eb [&hellip;]","og_url":"https:\/\/permbledhja.com\/sq\/deklarata-e-macron-per-vizat-ke-liberalizimi-hyn-ne-fuqi-me-1-janar-2024-nje-shtet-nuk-mund-te-vendos-pezullimin\/","og_site_name":"Ve\u00e7 artikuj p\u00ebrmbledh\u00ebs","article_publisher":"https:\/\/www.facebook.com\/press07\/","article_author":"https:\/\/www.facebook.com\/kafexhiu.muharrem\/","article_published_time":"2023-10-21T07:30:56+00:00","og_image":[{"width":720,"height":405,"url":"https:\/\/permbledhja.com\/wp-content\/uploads\/2022\/11\/vizat-kosova-liberalizimi-720x405-1.webp","type":"image\/webp"}],"author":"P\u00ebrmbledhja","twitter_card":"summary_large_image","twitter_misc":{"Written by":"P\u00ebrmbledhja","Est. reading time":"4 minuta"},"schema":{"@context":"https:\/\/schema.org","@graph":[{"@type":"Article","@id":"https:\/\/permbledhja.com\/sq\/deklarata-e-macron-per-vizat-ke-liberalizimi-hyn-ne-fuqi-me-1-janar-2024-nje-shtet-nuk-mund-te-vendos-pezullimin\/#article","isPartOf":{"@id":"https:\/\/permbledhja.com\/sq\/deklarata-e-macron-per-vizat-ke-liberalizimi-hyn-ne-fuqi-me-1-janar-2024-nje-shtet-nuk-mund-te-vendos-pezullimin\/"},"author":{"name":"P\u00ebrmbledhja","@id":"https:\/\/permbledhja.com\/#\/schema\/person\/0d064377258d3221e50693947b9eb4fe"},"headline":"Deklarata e Macron p\u00ebr vizat, KE: Liberalizimi hyn n\u00eb fuqi m\u00eb 1 janar 2024, nj\u00eb shtet nuk mund t\u00eb vendos pezullimin","datePublished":"2023-10-21T07:30:56+00:00","dateModified":"2023-10-21T07:30:56+00:00","mainEntityOfPage":{"@id":"https:\/\/permbledhja.com\/sq\/deklarata-e-macron-per-vizat-ke-liberalizimi-hyn-ne-fuqi-me-1-janar-2024-nje-shtet-nuk-mund-te-vendos-pezullimin\/"},"wordCount":751,"publisher":{"@id":"https:\/\/permbledhja.com\/#organization"},"keywords":["KE"],"articleSection":["Komb\u00ebtare","Lajme"],"inLanguage":"sq"},{"@type":"WebPage","@id":"https:\/\/permbledhja.com\/sq\/deklarata-e-macron-per-vizat-ke-liberalizimi-hyn-ne-fuqi-me-1-janar-2024-nje-shtet-nuk-mund-te-vendos-pezullimin\/","url":"https:\/\/permbledhja.com\/sq\/deklarata-e-macron-per-vizat-ke-liberalizimi-hyn-ne-fuqi-me-1-janar-2024-nje-shtet-nuk-mund-te-vendos-pezullimin\/","name":"Deklarata e Macron p\u00ebr vizat, KE: Liberalizimi hyn n\u00eb fuqi m\u00eb 1 janar 2024, nj\u00eb shtet nuk mund t\u00eb vendos pezullimin","isPartOf":{"@id":"https:\/\/permbledhja.com\/#website"},"datePublished":"2023-10-21T07:30:56+00:00","dateModified":"2023-10-21T07:30:56+00:00","breadcrumb":{"@id":"https:\/\/permbledhja.com\/sq\/deklarata-e-macron-per-vizat-ke-liberalizimi-hyn-ne-fuqi-me-1-janar-2024-nje-shtet-nuk-mund-te-vendos-pezullimin\/#breadcrumb"},"inLanguage":"sq","potentialAction":[{"@type":"ReadAction","target":["https:\/\/permbledhja.com\/sq\/deklarata-e-macron-per-vizat-ke-liberalizimi-hyn-ne-fuqi-me-1-janar-2024-nje-shtet-nuk-mund-te-vendos-pezullimin\/"]}]},{"@type":"BreadcrumbList","@id":"https:\/\/permbledhja.com\/sq\/deklarata-e-macron-per-vizat-ke-liberalizimi-hyn-ne-fuqi-me-1-janar-2024-nje-shtet-nuk-mund-te-vendos-pezullimin\/#breadcrumb","itemListElement":[{"@type":"ListItem","position":1,"name":"Ballina","item":"https:\/\/permbledhja.com\/sq\/"},{"@type":"ListItem","position":2,"name":"Deklarata e Macron p\u00ebr vizat, KE: Liberalizimi hyn n\u00eb fuqi m\u00eb 1 janar 2024, nj\u00eb shtet nuk mund t\u00eb vendos pezullimin"}]},{"@type":"WebSite","@id":"https:\/\/permbledhja.com\/#website","url":"https:\/\/permbledhja.com\/","name":"Ve\u00e7 artikuj p\u00ebrmbledh\u00ebs","description":"","publisher":{"@id":"https:\/\/permbledhja.com\/#organization"},"potentialAction":[{"@type":"SearchAction","target":{"@type":"EntryPoint","urlTemplate":"https:\/\/permbledhja.com\/?s={search_term_string}"},"query-input":"required name=search_term_string"}],"inLanguage":"sq"},{"@type":"Organization","@id":"https:\/\/permbledhja.com\/#organization","name":"MK Media & Pr","url":"https:\/\/permbledhja.com\/","logo":{"@type":"ImageObject","inLanguage":"sq","@id":"https:\/\/permbledhja.com\/#\/schema\/logo\/image\/","url":"https:\/\/permbledhja.com\/wp-content\/uploads\/2021\/12\/07-Press-Logo.jpg","contentUrl":"https:\/\/permbledhja.com\/wp-content\/uploads\/2021\/12\/07-Press-Logo.jpg","width":512,"height":512,"caption":"MK Media & Pr"},"image":{"@id":"https:\/\/permbledhja.com\/#\/schema\/logo\/image\/"},"sameAs":["https:\/\/www.facebook.com\/press07\/"]},{"@type":"Person","@id":"https:\/\/permbledhja.com\/#\/schema\/person\/0d064377258d3221e50693947b9eb4fe","name":"P\u00ebrmbledhja","image":{"@type":"ImageObject","inLanguage":"sq","@id":"https:\/\/permbledhja.com\/#\/schema\/person\/image\/","url":"https:\/\/permbledhja.com\/wp-content\/uploads\/2026\/01\/452004717_1040944174702970_8932037511805513407_n-96x96.jpg","contentUrl":"https:\/\/permbledhja.com\/wp-content\/uploads\/2026\/01\/452004717_1040944174702970_8932037511805513407_n-96x96.jpg","caption":"P\u00ebrmbledhja"},"sameAs":["https:\/\/www.facebook.com\/kafexhiu.muharrem\/","https:\/\/www.instagram.com\/muharrem_kafexhiu\/"],"url":"https:\/\/permbledhja.com\/sq\/author\/admin\/"}]}},"_links":{"self":[{"href":"https:\/\/permbledhja.com\/sq\/wp-json\/wp\/v2\/posts\/32291"}],"collection":[{"href":"https:\/\/permbledhja.com\/sq\/wp-json\/wp\/v2\/posts"}],"about":[{"href":"https:\/\/permbledhja.com\/sq\/wp-json\/wp\/v2\/types\/post"}],"author":[{"embeddable":true,"href":"https:\/\/permbledhja.com\/sq\/wp-json\/wp\/v2\/users\/1"}],"replies":[{"embeddable":true,"href":"https:\/\/permbledhja.com\/sq\/wp-json\/wp\/v2\/comments?post=32291"}],"version-history":[{"count":1,"href":"https:\/\/permbledhja.com\/sq\/wp-json\/wp\/v2\/posts\/32291\/revisions"}],"predecessor-version":[{"id":32292,"href":"https:\/\/permbledhja.com\/sq\/wp-json\/wp\/v2\/posts\/32291\/revisions\/32292"}],"wp:featuredmedia":[{"embeddable":true,"href":"https:\/\/permbledhja.com\/sq\/wp-json\/wp\/v2\/media\/10089"}],"wp:attachment":[{"href":"https:\/\/permbledhja.com\/sq\/wp-json\/wp\/v2\/media?parent=32291"}],"wp:term":[{"taxonomy":"category","embeddable":true,"href":"https:\/\/permbledhja.com\/sq\/wp-json\/wp\/v2\/categories?post=32291"},{"taxonomy":"post_tag","embeddable":true,"href":"https:\/\/permbledhja.com\/sq\/wp-json\/wp\/v2\/tags?post=32291"}],"curies":[{"name":"wp","href":"https:\/\/api.w.org\/{rel}","templated":true}]}}